{"id":24546,"date":"2020-10-12T07:22:50","date_gmt":"2020-10-12T10:22:50","guid":{"rendered":"http:\/\/lahoradelcampo.com.uy\/site\/?p=24546"},"modified":"2020-10-12T07:22:56","modified_gmt":"2020-10-12T10:22:56","slug":"san-rafael-remata-hoy-en-la-asociacion-agropecuaria-de-salto","status":"publish","type":"post","link":"https:\/\/lahoradelcampo.com.uy\/site\/san-rafael-remata-hoy-en-la-asociacion-agropecuaria-de-salto\/","title":{"rendered":"San Rafael remata hoy en la Asociaci\u00f3n Agropecuaria de Salto"},"content":{"rendered":"\n<figure class=\"wp-block-image\"><img data-recalc-dims=\"1\" loading=\"lazy\" decoding=\"async\" width=\"810\" height=\"405\" data-attachment-id=\"24548\" data-permalink=\"https:\/\/lahoradelcampo.com.uy\/site\/san-rafael-remata-hoy-en-la-asociacion-agropecuaria-de-salto\/sanrafael111\/\" data-orig-file=\"https:\/\/i0.wp.com\/lahoradelcampo.com.uy\/site\/wp-content\/uploads\/2020\/10\/sanrafael111.jpg?fit=880%2C440&amp;ssl=1\" data-orig-size=\"880,440\" data-comments-opened=\"1\" data-image-meta=\"{&quot;aperture&quot;:&quot;0&quot;,&quot;credit&quot;:&quot;&quot;,&quot;camera&quot;:&quot;&quot;,&quot;caption&quot;:&quot;&quot;,&quot;created_timestamp&quot;:&quot;0&quot;,&quot;copyright&quot;:&quot;&quot;,&quot;focal_length&quot;:&quot;0&quot;,&quot;iso&quot;:&quot;0&quot;,&quot;shutter_speed&quot;:&quot;0&quot;,&quot;title&quot;:&quot;&quot;,&quot;orientation&quot;:&quot;1&quot;}\" data-image-title=\"sanrafael111\" data-image-description=\"\" data-image-caption=\"\" data-large-file=\"https:\/\/i0.wp.com\/lahoradelcampo.com.uy\/site\/wp-content\/uploads\/2020\/10\/sanrafael111.jpg?fit=810%2C405&amp;ssl=1\" src=\"https:\/\/i0.wp.com\/lahoradelcampo.com.uy\/site\/wp-content\/uploads\/2020\/10\/sanrafael111.jpg?resize=810%2C405\" alt=\"\" class=\"wp-image-24548\" srcset=\"https:\/\/i0.wp.com\/lahoradelcampo.com.uy\/site\/wp-content\/uploads\/2020\/10\/sanrafael111.jpg?w=880&amp;ssl=1 880w, https:\/\/i0.wp.com\/lahoradelcampo.com.uy\/site\/wp-content\/uploads\/2020\/10\/sanrafael111.jpg?resize=300%2C150&amp;ssl=1 300w, https:\/\/i0.wp.com\/lahoradelcampo.com.uy\/site\/wp-content\/uploads\/2020\/10\/sanrafael111.jpg?resize=768%2C384&amp;ssl=1 768w, https:\/\/i0.wp.com\/lahoradelcampo.com.uy\/site\/wp-content\/uploads\/2020\/10\/sanrafael111.jpg?resize=820%2C410&amp;ssl=1 820w\" sizes=\"auto, (max-width: 810px) 100vw, 810px\" \/><\/figure>\n\n\n\n<p>Luego de la excelente participaci\u00f3n en las pistas de la Expo Prado, tanto a nivel de las calificaciones como en las ventas, la caba\u00f1a San Rafael vuelve hoy lunes 12 de octubre, a las 17 horas, a la p\u00ecsta de la Asociaci\u00f3n Agropecuaria de Salto, para un nuevo remate anual, con reconocida oferta de toros Polled Hereford y Aberdeen Angus. <br><\/p>\n\n\n\n<p>A pesar de la pandemia, la caba\u00f1a decidi\u00f3 apoyar y respaldar a la Asociaci\u00f3n Rural del Uruguay con su  participaci\u00f3n en la Expo Prado, dec\u00eda Omar Burutaran en el marco de la muestra y vaya que este a\u00f1o fue de relieve para la caba\u00f1a salte\u00f1a. <br><\/p>\n\n\n\n<p>En las calificaciones \u00ablogramos la Campeona Junior y el Reservado de Campe\u00f3n Toro Menor que fue el precio m\u00e1s alto de la Expo Prado\u00bb dijo Burutaran, qui\u00e9n agreg\u00f3 que en la Expo Salto, alcanzaron la \u00abCampeona Suprema en la raza Polled Hereford, muy destacada actuaci\u00f3n de un ternero Polled Hereford que lleg\u00f3 a ser campe\u00f3n en su categor\u00eda. <br><\/p>\n\n\n\n<p>Mat\u00edas Burutaran indic\u00f3 que la oferta para este nuevo remate estar\u00e1 compuesta por 45 toros. \u00abentran 30 Aberdeen Angus, de los cuales hay 12 toros Colorados de 2 a\u00f1os que son todos embriones importados de EEUU, la misma gen\u00e9tica que vieron las vacas en la pista tanto ac\u00e1 como en el Prado. Todos los toros son de pedigree, con datos de Epd, haciendo 2 a\u00f1os. En cuanto a los Hereford hay 15 toros, donde hay tres toros de 3 a\u00f1os  y el resto todo una torada de 2 a\u00f1os, tambi\u00e9n de pedigree\u00bb. <br><\/p>\n\n\n\n<p>Como es tradicional el remate ofrecer\u00e1 tambi\u00e9n un importante volumen de vientres, \u00aben Angus vamos a tener 60 vaquillonas, prontas para entorar de Guillermo Rovira, un vaquillonaje muy bueno de muchos a\u00f1os de selecci\u00f3n, despu\u00e9s vienen 7 vaquillonas a parir en oto\u00f1o y completan la oferta 40 terneras entre angus definidas y caretas. En cuanto a las Hereford habr\u00e1 40 terneras, 10 vaquillonas para la primavera\u00bb. <br><\/p>\n\n\n\n<p>Las ventas estar\u00e1n a cargo de Zambrano &amp; C\u00eda, con el martillo de Gerardo Zambrano. \u00c1lvaro Arrieta, representante de la firma consignatario en Salto, dijo que las condiciones son con 180 d\u00edas libres y flete gratis para los toros. Adem\u00e1s record\u00f3 que est\u00e1 abierta la pre-oferta, en la p\u00e1gina web del escritorio con un importante descuento en los gastos del remate. <\/p>\n\n\n\n<p style=\"text-align:right\"><strong>Salto, 12 de octubre de 2020<\/strong><\/p>\n","protected":false},"excerpt":{"rendered":"<p>Luego de la excelente participaci\u00f3n en las pistas de la Expo Prado, tanto a nivel de las calificaciones como en las ventas, la caba\u00f1a San Rafael vuelve hoy lunes 12 [&hellip;]<\/p>\n","protected":false},"author":5,"featured_media":24548,"comment_status":"open","ping_status":"open","sticky":false,"template":"","format":"standard","meta":{"_price":"","_stock":"","_tribe_ticket_header":"","_tribe_default_ticket_provider":"","_tribe_ticket_capacity":"0","_ticket_start_date":"","_ticket_end_date":"","_tribe_ticket_show_description":"","_tribe_ticket_show_not_going":false,"_tribe_ticket_use_global_stock":"","_tribe_ticket_global_stock_level":"","_global_stock_mode":"","_global_stock_cap":"","_tribe_rsvp_for_event":"","_tribe_ticket_going_count":"","_tribe_ticket_not_going_count":"","_tribe_tickets_list":"[]","_tribe_ticket_has_attendee_info_fields":false,"h5ap_radio_sources":[],"_jetpack_newsletter_access":"","_jetpack_dont_email_post_to_subs":false,"_jetpack_newsletter_tier_id":0,"_jetpack_memberships_contains_paywalled_content":false,"_jetpack_memberships_contains_paid_content":false,"footnotes":""},"categories":[21,5],"tags":[],"class_list":["post-24546","post","type-post","status-publish","format-standard","has-post-thumbnail","hentry","category-actualidad","category-ganaderia"],"jetpack_featured_media_url":"https:\/\/i0.wp.com\/lahoradelcampo.com.uy\/site\/wp-content\/uploads\/2020\/10\/sanrafael111.jpg?fit=880%2C440&ssl=1","jetpack_sharing_enabled":true,"jetpack_shortlink":"https:\/\/wp.me\/p99IaT-6nU","jetpack-related-posts":[{"id":23450,"url":"https:\/\/lahoradelcampo.com.uy\/site\/poll-dorset-san-rafael-gano-en-po-y-cabana-salto-en-el-pedigree\/","url_meta":{"origin":24546,"position":0},"title":"Poll Dorset: San Rafael gan\u00f3 en PO  y Caba\u00f1a Salto en el Pedigree","author":"La Hora del Campo","date":"13 septiembre, 2020","format":false,"excerpt":"El viernes comenzaron las calificaciones de las razas ovinas en el marco de la Expo Prado 2020. En esta oportunidad el primer turno de calificaci\u00f3n fue en las razas carniceras, donde participaron las caba\u00f1as salte\u00f1as, San Rafael y Caba\u00f1a Salto alcanzando Grandes Campeonatos. El productor sanducero, Eduardo Filliiol fue el\u2026","rel":"","context":"En \u00abActualidad\u00bb","block_context":{"text":"Actualidad","link":"https:\/\/lahoradelcampo.com.uy\/site\/category\/actualidad\/"},"img":{"alt_text":"","src":"https:\/\/i0.wp.com\/lahoradelcampo.com.uy\/site\/wp-content\/uploads\/2020\/09\/SanRafaelPollDorset.jpg?fit=880%2C440&ssl=1&resize=350%2C200","width":350,"height":200,"srcset":"https:\/\/i0.wp.com\/lahoradelcampo.com.uy\/site\/wp-content\/uploads\/2020\/09\/SanRafaelPollDorset.jpg?fit=880%2C440&ssl=1&resize=350%2C200 1x, https:\/\/i0.wp.com\/lahoradelcampo.com.uy\/site\/wp-content\/uploads\/2020\/09\/SanRafaelPollDorset.jpg?fit=880%2C440&ssl=1&resize=525%2C300 1.5x, https:\/\/i0.wp.com\/lahoradelcampo.com.uy\/site\/wp-content\/uploads\/2020\/09\/SanRafaelPollDorset.jpg?fit=880%2C440&ssl=1&resize=700%2C400 2x"},"classes":[]},{"id":46225,"url":"https:\/\/lahoradelcampo.com.uy\/site\/san-rafael-y-vasco-pampeano-rematan-hoy-en-la-agropecuaria\/","url_meta":{"origin":24546,"position":1},"title":"San Rafael y Vasco Pampeano rematan hoy en la Agropecuaria","author":"La Hora del Campo","date":"10 octubre, 2022","format":false,"excerpt":"Las Caba\u00f1as San Rafael y Vasco Pampeano realizan hoy lunes 10 de octubre, un nuevo remate anual, bajo el martillo del escritorio Zambrano & C\u00eda. A la tradicional oferta de Angus y Polled Hereford, este a\u00f1o se suma una oferta de toros Brangus de la caba\u00f1a invitada Korap\u00ed. Omar Burutaran,\u2026","rel":"","context":"En \u00abActualidad\u00bb","block_context":{"text":"Actualidad","link":"https:\/\/lahoradelcampo.com.uy\/site\/category\/actualidad\/"},"img":{"alt_text":"","src":"https:\/\/i0.wp.com\/lahoradelcampo.com.uy\/site\/wp-content\/uploads\/2022\/10\/sanrafaelprevia.jpg?fit=880%2C440&ssl=1&resize=350%2C200","width":350,"height":200,"srcset":"https:\/\/i0.wp.com\/lahoradelcampo.com.uy\/site\/wp-content\/uploads\/2022\/10\/sanrafaelprevia.jpg?fit=880%2C440&ssl=1&resize=350%2C200 1x, https:\/\/i0.wp.com\/lahoradelcampo.com.uy\/site\/wp-content\/uploads\/2022\/10\/sanrafaelprevia.jpg?fit=880%2C440&ssl=1&resize=525%2C300 1.5x, https:\/\/i0.wp.com\/lahoradelcampo.com.uy\/site\/wp-content\/uploads\/2022\/10\/sanrafaelprevia.jpg?fit=880%2C440&ssl=1&resize=700%2C400 2x"},"classes":[]},{"id":2315,"url":"https:\/\/lahoradelcampo.com.uy\/site\/la-loma-de-juan-fco-nacimento-gano-en-merilin\/","url_meta":{"origin":24546,"position":2},"title":"La Loma de Juan Fco. Nacimento gan\u00f3 en Meril\u00edn","author":"La Hora del Campo","date":"7 octubre, 2017","format":false,"excerpt":"El criador artiguense Walter Rodr\u00edguez (Peter), amante de la raza Meril\u00edn, fue quien junto a su hijo realiz\u00f3 la calificaci\u00f3n de los diferentes ejemplares de la raza. El Gran Campe\u00f3n Macho PI y el Gran Campe\u00f3n PO pertenecen a la caba\u00f1a La Loma de Juan Francisco Nascimento. El productor dijo\u2026","rel":"","context":"En \u00abActualidad\u00bb","block_context":{"text":"Actualidad","link":"https:\/\/lahoradelcampo.com.uy\/site\/category\/actualidad\/"},"img":{"alt_text":"","src":"https:\/\/i0.wp.com\/lahoradelcampo.com.uy\/site\/wp-content\/uploads\/2017\/10\/Merilin.jpg?fit=880%2C440&ssl=1&resize=350%2C200","width":350,"height":200,"srcset":"https:\/\/i0.wp.com\/lahoradelcampo.com.uy\/site\/wp-content\/uploads\/2017\/10\/Merilin.jpg?fit=880%2C440&ssl=1&resize=350%2C200 1x, https:\/\/i0.wp.com\/lahoradelcampo.com.uy\/site\/wp-content\/uploads\/2017\/10\/Merilin.jpg?fit=880%2C440&ssl=1&resize=525%2C300 1.5x, https:\/\/i0.wp.com\/lahoradelcampo.com.uy\/site\/wp-content\/uploads\/2017\/10\/Merilin.jpg?fit=880%2C440&ssl=1&resize=700%2C400 2x"},"classes":[]},{"id":5077,"url":"https:\/\/lahoradelcampo.com.uy\/site\/entore-las-lluvias-llegaron-en-un-momento-justo\/","url_meta":{"origin":24546,"position":3},"title":"Entore: \u00abLas lluvias llegaron en un momento justo\u00bb","author":"La Hora del Campo","date":"22 diciembre, 2017","format":false,"excerpt":"La ausencia de las precipitaciones hab\u00eda comenzado a preocupar a los productores, tanto por el nivel de las pasturas como tambi\u00e9n en la evoluci\u00f3n de los celos pensando en una buena estaci\u00f3n de entore y una mayor producci\u00f3n de terneros a nivel de los ganados de cr\u00eda. Mat\u00edas Burutaran, integrante\u2026","rel":"","context":"En \u00abActualidad\u00bb","block_context":{"text":"Actualidad","link":"https:\/\/lahoradelcampo.com.uy\/site\/category\/actualidad\/"},"img":{"alt_text":"","src":"https:\/\/i0.wp.com\/lahoradelcampo.com.uy\/site\/wp-content\/uploads\/2017\/12\/Matias.jpg?fit=880%2C440&ssl=1&resize=350%2C200","width":350,"height":200,"srcset":"https:\/\/i0.wp.com\/lahoradelcampo.com.uy\/site\/wp-content\/uploads\/2017\/12\/Matias.jpg?fit=880%2C440&ssl=1&resize=350%2C200 1x, https:\/\/i0.wp.com\/lahoradelcampo.com.uy\/site\/wp-content\/uploads\/2017\/12\/Matias.jpg?fit=880%2C440&ssl=1&resize=525%2C300 1.5x, https:\/\/i0.wp.com\/lahoradelcampo.com.uy\/site\/wp-content\/uploads\/2017\/12\/Matias.jpg?fit=880%2C440&ssl=1&resize=700%2C400 2x"},"classes":[]},{"id":15077,"url":"https:\/\/lahoradelcampo.com.uy\/site\/festejo-y-ventas-totales-en-el-remate-de-san-rafael\/","url_meta":{"origin":24546,"position":4},"title":"Festejo y ventas totales en el remate de San Rafael","author":"La Hora del Campo","date":"15 octubre, 2019","format":false,"excerpt":"La caba\u00f1a San Rafael de Burutaran y Vasco Pampeano, comercializaron ayer sus reproductores en el predio de la Asociaci\u00f3n Agropecuaria de Salto, en una tarde noche fr\u00eda, luego del cambio de clima y las precipitaciones. En la pista una oferta muy bien presentada y previo a las ventas un repaso\u2026","rel":"","context":"En \u00abActualidad\u00bb","block_context":{"text":"Actualidad","link":"https:\/\/lahoradelcampo.com.uy\/site\/category\/actualidad\/"},"img":{"alt_text":"","src":"https:\/\/i0.wp.com\/lahoradelcampo.com.uy\/site\/wp-content\/uploads\/2019\/10\/San-Rafael.jpg?fit=880%2C440&ssl=1&resize=350%2C200","width":350,"height":200,"srcset":"https:\/\/i0.wp.com\/lahoradelcampo.com.uy\/site\/wp-content\/uploads\/2019\/10\/San-Rafael.jpg?fit=880%2C440&ssl=1&resize=350%2C200 1x, https:\/\/i0.wp.com\/lahoradelcampo.com.uy\/site\/wp-content\/uploads\/2019\/10\/San-Rafael.jpg?fit=880%2C440&ssl=1&resize=525%2C300 1.5x, https:\/\/i0.wp.com\/lahoradelcampo.com.uy\/site\/wp-content\/uploads\/2019\/10\/San-Rafael.jpg?fit=880%2C440&ssl=1&resize=700%2C400 2x"},"classes":[]},{"id":56793,"url":"https:\/\/lahoradelcampo.com.uy\/site\/san-rafael-gano-en-el-poll-dorset-2\/","url_meta":{"origin":24546,"position":5},"title":"San Rafael gan\u00f3 en el Poll Dorset","author":"La Hora del Campo","date":"13 septiembre, 2025","format":false,"excerpt":"La raza Poll Dorset exhibi\u00f3 en el Prado 2025 un alto nivel de calidad carnicera, con gran paridad en todas las categor\u00edas y ejemplares presentados de forma destacada por los criadores. La jura estuvo a cargo del ingeniero agr\u00f3nomo Jos\u00e9 Rivero y del doctor Federico Blanco, t\u00e9cnico del Secretariado Uruguayo\u2026","rel":"","context":"En \u00abActualidad\u00bb","block_context":{"text":"Actualidad","link":"https:\/\/lahoradelcampo.com.uy\/site\/category\/actualidad\/"},"img":{"alt_text":"","src":"https:\/\/i0.wp.com\/lahoradelcampo.com.uy\/site\/wp-content\/uploads\/2025\/09\/2025-prado-polldorset.jpg?fit=880%2C440&ssl=1&resize=350%2C200","width":350,"height":200,"srcset":"https:\/\/i0.wp.com\/lahoradelcampo.com.uy\/site\/wp-content\/uploads\/2025\/09\/2025-prado-polldorset.jpg?fit=880%2C440&ssl=1&resize=350%2C200 1x, https:\/\/i0.wp.com\/lahoradelcampo.com.uy\/site\/wp-content\/uploads\/2025\/09\/2025-prado-polldorset.jpg?fit=880%2C440&ssl=1&resize=525%2C300 1.5x, https:\/\/i0.wp.com\/lahoradelcampo.com.uy\/site\/wp-content\/uploads\/2025\/09\/2025-prado-polldorset.jpg?fit=880%2C440&ssl=1&resize=700%2C400 2x"},"classes":[]}],"jetpack_likes_enabled":true,"_links":{"self":[{"href":"https:\/\/lahoradelcampo.com.uy\/site\/wp-json\/wp\/v2\/posts\/24546","targetHints":{"allow":["GET"]}}],"collection":[{"href":"https:\/\/lahoradelcampo.com.uy\/site\/wp-json\/wp\/v2\/posts"}],"about":[{"href":"https:\/\/lahoradelcampo.com.uy\/site\/wp-json\/wp\/v2\/types\/post"}],"author":[{"embeddable":true,"href":"https:\/\/lahoradelcampo.com.uy\/site\/wp-json\/wp\/v2\/users\/5"}],"replies":[{"embeddable":true,"href":"https:\/\/lahoradelcampo.com.uy\/site\/wp-json\/wp\/v2\/comments?post=24546"}],"version-history":[{"count":1,"href":"https:\/\/lahoradelcampo.com.uy\/site\/wp-json\/wp\/v2\/posts\/24546\/revisions"}],"predecessor-version":[{"id":24550,"href":"https:\/\/lahoradelcampo.com.uy\/site\/wp-json\/wp\/v2\/posts\/24546\/revisions\/24550"}],"wp:featuredmedia":[{"embeddable":true,"href":"https:\/\/lahoradelcampo.com.uy\/site\/wp-json\/wp\/v2\/media\/24548"}],"wp:attachment":[{"href":"https:\/\/lahoradelcampo.com.uy\/site\/wp-json\/wp\/v2\/media?parent=24546"}],"wp:term":[{"taxonomy":"category","embeddable":true,"href":"https:\/\/lahoradelcampo.com.uy\/site\/wp-json\/wp\/v2\/categories?post=24546"},{"taxonomy":"post_tag","embeddable":true,"href":"https:\/\/lahoradelcampo.com.uy\/site\/wp-json\/wp\/v2\/tags?post=24546"}],"curies":[{"name":"wp","href":"https:\/\/api.w.org\/{rel}","templated":true}]}}