{"id":24536,"date":"2020-10-12T07:15:19","date_gmt":"2020-10-12T10:15:19","guid":{"rendered":"http:\/\/lahoradelcampo.com.uy\/site\/?p=24536"},"modified":"2020-10-12T07:15:25","modified_gmt":"2020-10-12T10:15:25","slug":"la-zafra-de-toros-continua-con-buenos-valores-y-buena-demanda","status":"publish","type":"post","link":"https:\/\/lahoradelcampo.com.uy\/site\/la-zafra-de-toros-continua-con-buenos-valores-y-buena-demanda\/","title":{"rendered":"La zafra de toros contin\u00faa con buenos valores y buena demanda"},"content":{"rendered":"\n<figure class=\"wp-block-image\"><img data-recalc-dims=\"1\" loading=\"lazy\" decoding=\"async\" width=\"810\" height=\"405\" data-attachment-id=\"24538\" data-permalink=\"https:\/\/lahoradelcampo.com.uy\/site\/la-zafra-de-toros-continua-con-buenos-valores-y-buena-demanda\/zafratoros\/\" data-orig-file=\"https:\/\/i0.wp.com\/lahoradelcampo.com.uy\/site\/wp-content\/uploads\/2020\/10\/zafratoros.jpg?fit=880%2C440&amp;ssl=1\" data-orig-size=\"880,440\" data-comments-opened=\"1\" data-image-meta=\"{&quot;aperture&quot;:&quot;0&quot;,&quot;credit&quot;:&quot;&quot;,&quot;camera&quot;:&quot;&quot;,&quot;caption&quot;:&quot;&quot;,&quot;created_timestamp&quot;:&quot;0&quot;,&quot;copyright&quot;:&quot;&quot;,&quot;focal_length&quot;:&quot;0&quot;,&quot;iso&quot;:&quot;0&quot;,&quot;shutter_speed&quot;:&quot;0&quot;,&quot;title&quot;:&quot;&quot;,&quot;orientation&quot;:&quot;1&quot;}\" data-image-title=\"zafratoros\" data-image-description=\"\" data-image-caption=\"\" data-large-file=\"https:\/\/i0.wp.com\/lahoradelcampo.com.uy\/site\/wp-content\/uploads\/2020\/10\/zafratoros.jpg?fit=810%2C405&amp;ssl=1\" src=\"https:\/\/i0.wp.com\/lahoradelcampo.com.uy\/site\/wp-content\/uploads\/2020\/10\/zafratoros.jpg?resize=810%2C405\" alt=\"\" class=\"wp-image-24538\" srcset=\"https:\/\/i0.wp.com\/lahoradelcampo.com.uy\/site\/wp-content\/uploads\/2020\/10\/zafratoros.jpg?w=880&amp;ssl=1 880w, https:\/\/i0.wp.com\/lahoradelcampo.com.uy\/site\/wp-content\/uploads\/2020\/10\/zafratoros.jpg?resize=300%2C150&amp;ssl=1 300w, https:\/\/i0.wp.com\/lahoradelcampo.com.uy\/site\/wp-content\/uploads\/2020\/10\/zafratoros.jpg?resize=768%2C384&amp;ssl=1 768w, https:\/\/i0.wp.com\/lahoradelcampo.com.uy\/site\/wp-content\/uploads\/2020\/10\/zafratoros.jpg?resize=820%2C410&amp;ssl=1 820w\" sizes=\"auto, (max-width: 810px) 100vw, 810px\" \/><\/figure>\n\n\n\n<p>La zafra de reproductores viene caminando a buen ritmo, con alto nivel de demanda y valores que cotizan, promedialmente por debajo de la zafra pasada en la mayor\u00eda de las ventas, algo casi l\u00f3gico de explicar debido a la suba del d\u00f3lar y la baja del valor del novillo gordo. <br><\/p>\n\n\n\n<p>Pero el productor uruguayo sabe que no puede parar de producir y que la gen\u00e9tica se paga sola a la hora de vender la producci\u00f3n tanto a nivel de las pantallas como en los remates ferias y negocios particulares, donde los ganados bien definidos tienen un plus a la hora que la demanda tome posici\u00f3n de compra, y quiz\u00e1s esa sea un poco la explicaci\u00f3n de porque los toros de pedigree tienen mayor demanda y mejores valores.<br><\/p>\n\n\n\n<p>Como dicen los j\u00f3venes de ahora \u00ablos tres millones de terneros, ya fu\u00e9\u00bb nos dec\u00eda un t\u00e9cnico, off the record, hace pocos d\u00edas atr\u00e1s. A eso se le suma los comentarios de las autoridades del MGAP, de integrantes de INAC, de la industria, consignatarios y productores, que se han puesto como meta alcanzar los tres millones y medio de terneros. \u00abTener m\u00e1s terneros, m\u00e1s producci\u00f3n, es la mejor manera de defenderse ante una baja de precios y los altos costos que tenemos\u00bb dijo un productor en el marco de la Expo Salto al ser consultado por La Hora del Campo. <br><\/p>\n\n\n\n<p>Por lo que dicen los n\u00fameros al realizar el balance de la zafra hasta el momento, queda claro que la pandemia est\u00e1 lejos de afectar el funcionamiento de la ganader\u00eda, que la b\u00fasqueda es seguir aumentando la producci\u00f3n porteras adentro.<br><\/p>\n\n\n\n<p>Hasta el momento, en los diferentes remates que se han venido registrando en la zafra, se comercializaron 2.025 toros a un promedio de US$ 3.376, siendo este valor casi un 10% menor al del a\u00f1o pasado en este mismo per\u00edodo. La raza Aberdeen Angus sigue siendo la de mayor oferta y colocaci\u00f3n. <br><\/p>\n\n\n\n<p>En el caso del Angus se vendieron 1.135 toros a un promedio de US$ 3.296, siendo casi el 57% del total de toros comercializados. El promedio m\u00e1s alto hasta el momento se di\u00f3 en Fraile Muerto, en el remate de la caba\u00f1a \u00abLos Macachines\u00bb de Sociedad Ganadera El Yunque, donde 110 toros alcanzaron los US$ 4.198 de promedio. <br><\/p>\n\n\n\n<p>El remate del s\u00e1bado en Artigas, de Caba\u00f1a Macedo, tambi\u00e9n marc\u00f3 un punto alto en la zafra de la raza, con 49 toros pedigree en US$ 4.061 y luego Frigor\u00edfico Modelo, que seguramente volver\u00e1 a ser la caba\u00f1a con m\u00e1s reproductores de pedigree comercializados en esta zafra, vendi\u00f3 51 toros en el local Don Tito en Tacuaremb\u00f3 a US$ 3.815. <br><\/p>\n\n\n\n<p>En el caso del Hereford, a\u00fan resta por pasar varios de los remates de importantes caba\u00f1as en el pa\u00eds. Hasta el momento contabilizamos 572 toros, que no alcanza al 30% de la oferta, con un valor promedio de US$ 3.410.<br><\/p>\n\n\n\n<p>Como era de esperarse, la caba\u00f1a duraznense, Las Anitas de la famlia Alfonso, marc\u00f3 la puntera de la raza con 87 toros vendidos en el local Santa Bernardina con un promedio de US$ 4.231. El remate de la Sociedad de Criadores de Hereford del Uruguay, junto al Escritorio Dutra es el segundo remate, desde el punto de vista de los promedios, con 26 toros a US$ 4.038, y luego vienen los \u00abcerca\u00bb de Zerbino, con un promedio de US$ 3.623 para los 60 toros de San Jos\u00e9 del Yaguar\u00eda. <br><\/p>\n\n\n\n<p>En la raza Brangus fueron 166 toros vendidos hasta el momento con la venta de Berach\u00ed, a cargo de Vald\u00e9z &amp; C\u00eda, alcanzando el mayor promedio de venta. El promedio general de la raza es de US$ 3.250, con 12 toros de Berach\u00ed en US$ 3.950, luego viene Caba\u00f1a Macedo con US$ 3.629 por 15 toros y El Coraje de Bove Itzaina con US$ 3.605 de promedio. <br><\/p>\n\n\n\n<p>Los 102 toros de la raza Braford se vendieron a US$ 2.978 de promedio, con Berach\u00ed, tambi\u00e9n en la puntera de la raza, con 22 toros a US$ US$ 3.161, luego viene La Victoria y Los Paredones en Melo con 42 toros a US$ 3.006 y luego la caba\u00f1a La Perdiz de Cassarino, con 34 toros a US$ 2.858.<br><\/p>\n\n\n\n<p>Por \u00faltimo, un cl\u00e1sico que se mantiene en el tiempo, con un destaque especial, e la venta tradicional de la caba\u00f1a Viejo Pancho de Sever\u00ed, en la raza Limousin. Que suma US$ 2.166 por los 19 toros comercializados. <br><\/p>\n\n\n\n<p>La zafra a\u00fan tiene un largo camino por recorrer. La oferta de toros est\u00e1 presente a lo largo y ancho de todo el pa\u00eds, y quedan varios remates de la puntera de la zafra.<\/p>\n\n\n\n<p style=\"text-align:right\"><strong>Salto, 12 de octubre de 2020<\/strong><\/p>\n","protected":false},"excerpt":{"rendered":"<p>La zafra de reproductores viene caminando a buen ritmo, con alto nivel de demanda y valores que cotizan, promedialmente por debajo de la zafra pasada en la mayor\u00eda de las [&hellip;]<\/p>\n","protected":false},"author":5,"featured_media":24538,"comment_status":"open","ping_status":"open","sticky":false,"template":"","format":"standard","meta":{"_price":"","_stock":"","_tribe_ticket_header":"","_tribe_default_ticket_provider":"","_tribe_ticket_capacity":"0","_ticket_start_date":"","_ticket_end_date":"","_tribe_ticket_show_description":"","_tribe_ticket_show_not_going":false,"_tribe_ticket_use_global_stock":"","_tribe_ticket_global_stock_level":"","_global_stock_mode":"","_global_stock_cap":"","_tribe_rsvp_for_event":"","_tribe_ticket_going_count":"","_tribe_ticket_not_going_count":"","_tribe_tickets_list":"[]","_tribe_ticket_has_attendee_info_fields":false,"h5ap_radio_sources":[],"_jetpack_newsletter_access":"","_jetpack_dont_email_post_to_subs":false,"_jetpack_newsletter_tier_id":0,"_jetpack_memberships_contains_paywalled_content":false,"_jetpack_memberships_contains_paid_content":false,"footnotes":""},"categories":[21,5],"tags":[],"class_list":["post-24536","post","type-post","status-publish","format-standard","has-post-thumbnail","hentry","category-actualidad","category-ganaderia"],"jetpack_featured_media_url":"https:\/\/i0.wp.com\/lahoradelcampo.com.uy\/site\/wp-content\/uploads\/2020\/10\/zafratoros.jpg?fit=880%2C440&ssl=1","jetpack_sharing_enabled":true,"jetpack_shortlink":"https:\/\/wp.me\/p99IaT-6nK","jetpack-related-posts":[{"id":55047,"url":"https:\/\/lahoradelcampo.com.uy\/site\/la-zafra-esta-llegando-a-su-fin-con-mas-demanda-por-toros\/","url_meta":{"origin":24536,"position":0},"title":"La zafra esta llegando a su fin con m\u00e1s demanda por toros","author":"La Hora del Campo","date":"6 noviembre, 2024","format":false,"excerpt":"Al finalizar la zafra la demanda por toros parece incrementarse, con remates exitosos y ventas totales en la mayor\u00eda de las subastas. La primavera se afirma, los valores de la hacienda acompa\u00f1an, tanto para el gordo como en el caso de la reposici\u00f3n, y eso ha ayudado a que una\u2026","rel":"","context":"En \u00abActualidad\u00bb","block_context":{"text":"Actualidad","link":"https:\/\/lahoradelcampo.com.uy\/site\/category\/actualidad\/"},"img":{"alt_text":"","src":"https:\/\/i0.wp.com\/lahoradelcampo.com.uy\/site\/wp-content\/uploads\/2024\/11\/torosnacional.jpg?fit=880%2C440&ssl=1&resize=350%2C200","width":350,"height":200,"srcset":"https:\/\/i0.wp.com\/lahoradelcampo.com.uy\/site\/wp-content\/uploads\/2024\/11\/torosnacional.jpg?fit=880%2C440&ssl=1&resize=350%2C200 1x, https:\/\/i0.wp.com\/lahoradelcampo.com.uy\/site\/wp-content\/uploads\/2024\/11\/torosnacional.jpg?fit=880%2C440&ssl=1&resize=525%2C300 1.5x, https:\/\/i0.wp.com\/lahoradelcampo.com.uy\/site\/wp-content\/uploads\/2024\/11\/torosnacional.jpg?fit=880%2C440&ssl=1&resize=700%2C400 2x"},"classes":[]},{"id":2909,"url":"https:\/\/lahoradelcampo.com.uy\/site\/la-zafra-esta-enmarcada-en-la-realidad-economica-del-sector\/","url_meta":{"origin":24536,"position":1},"title":"La zafra esta enmarcada en la realidad econ\u00f3mica del sector","author":"La Hora del Campo","date":"18 octubre, 2017","format":false,"excerpt":"El presidente de la Sociedad de Criadores de Hereford del Uruguay, Cr. Javier Aznarez, dijo que la zafra \"se est\u00e1 dando de acuerdo a las expectativas de los productores, hay una clara necesidad de toros\". Sin embargo reconoci\u00f3 que la misma \"est\u00e1 enmarcada en lo que es una realidad econ\u00f3mica\u2026","rel":"","context":"En \u00abActualidad\u00bb","block_context":{"text":"Actualidad","link":"https:\/\/lahoradelcampo.com.uy\/site\/category\/actualidad\/"},"img":{"alt_text":"","src":"https:\/\/i0.wp.com\/lahoradelcampo.com.uy\/site\/wp-content\/uploads\/2017\/10\/Javier-Aznarez.jpg?fit=880%2C440&ssl=1&resize=350%2C200","width":350,"height":200,"srcset":"https:\/\/i0.wp.com\/lahoradelcampo.com.uy\/site\/wp-content\/uploads\/2017\/10\/Javier-Aznarez.jpg?fit=880%2C440&ssl=1&resize=350%2C200 1x, https:\/\/i0.wp.com\/lahoradelcampo.com.uy\/site\/wp-content\/uploads\/2017\/10\/Javier-Aznarez.jpg?fit=880%2C440&ssl=1&resize=525%2C300 1.5x, https:\/\/i0.wp.com\/lahoradelcampo.com.uy\/site\/wp-content\/uploads\/2017\/10\/Javier-Aznarez.jpg?fit=880%2C440&ssl=1&resize=700%2C400 2x"},"classes":[]},{"id":55056,"url":"https:\/\/lahoradelcampo.com.uy\/site\/hereford-muy-alta-colocacion-y-muy-buenos-valores\/","url_meta":{"origin":24536,"position":2},"title":"Hereford: \u00abmuy alta colocaci\u00f3n y muy buenos valores\u00bb","author":"La Hora del Campo","date":"6 noviembre, 2024","format":false,"excerpt":"De acuerdo con los datos registrados por La Hora del Campo, se comercializaron 1.433 toros Hereford, en sus dos variedades (mocha y astada), lo que marca una baja del 1,2% respecto al volumen del a\u00f1o pasado en igual per\u00edodo. El promedio se ubica en US$ 3.355, un 3,9% por encima\u2026","rel":"","context":"En \u00abActualidad\u00bb","block_context":{"text":"Actualidad","link":"https:\/\/lahoradelcampo.com.uy\/site\/category\/actualidad\/"},"img":{"alt_text":"","src":"https:\/\/i0.wp.com\/lahoradelcampo.com.uy\/site\/wp-content\/uploads\/2019\/10\/expo-hereford.jpg?fit=880%2C440&ssl=1&resize=350%2C200","width":350,"height":200,"srcset":"https:\/\/i0.wp.com\/lahoradelcampo.com.uy\/site\/wp-content\/uploads\/2019\/10\/expo-hereford.jpg?fit=880%2C440&ssl=1&resize=350%2C200 1x, https:\/\/i0.wp.com\/lahoradelcampo.com.uy\/site\/wp-content\/uploads\/2019\/10\/expo-hereford.jpg?fit=880%2C440&ssl=1&resize=525%2C300 1.5x, https:\/\/i0.wp.com\/lahoradelcampo.com.uy\/site\/wp-content\/uploads\/2019\/10\/expo-hereford.jpg?fit=880%2C440&ssl=1&resize=700%2C400 2x"},"classes":[]},{"id":34685,"url":"https:\/\/lahoradelcampo.com.uy\/site\/kiyu-arranco-la-zafra-con-us-3-700-de-promedio\/","url_meta":{"origin":24536,"position":3},"title":"Kiy\u00fa arranc\u00f3 la zafra con  US$ 3.700 de promedio","author":"La Hora del Campo","date":"27 septiembre, 2021","format":false,"excerpt":"La Sociedad de Criadores de Hereford del Uruguay, dio comenz\u00f3 a las ventas de la zafra de reproductores, con su tradicional remate de la Prueba de Eficiencia de la Central de Pruebas de Kiy\u00fa en el departamento de San Jos\u00e9, en 45 edici\u00f3n. Baj\u00f3 el martillo del Escritorio Dutra pasaron\u2026","rel":"","context":"En \u00abActualidad\u00bb","block_context":{"text":"Actualidad","link":"https:\/\/lahoradelcampo.com.uy\/site\/category\/actualidad\/"},"img":{"alt_text":"","src":"https:\/\/i0.wp.com\/lahoradelcampo.com.uy\/site\/wp-content\/uploads\/2021\/09\/zafra-kiyu.jpg?fit=880%2C440&ssl=1&resize=350%2C200","width":350,"height":200,"srcset":"https:\/\/i0.wp.com\/lahoradelcampo.com.uy\/site\/wp-content\/uploads\/2021\/09\/zafra-kiyu.jpg?fit=880%2C440&ssl=1&resize=350%2C200 1x, https:\/\/i0.wp.com\/lahoradelcampo.com.uy\/site\/wp-content\/uploads\/2021\/09\/zafra-kiyu.jpg?fit=880%2C440&ssl=1&resize=525%2C300 1.5x, https:\/\/i0.wp.com\/lahoradelcampo.com.uy\/site\/wp-content\/uploads\/2021\/09\/zafra-kiyu.jpg?fit=880%2C440&ssl=1&resize=700%2C400 2x"},"classes":[]},{"id":35355,"url":"https:\/\/lahoradelcampo.com.uy\/site\/san-rafael-vendio-sus-toros-un-285-mejor-que-en-2020\/","url_meta":{"origin":24536,"position":4},"title":"San Rafael vendi\u00f3 sus toros un 28,5% mejor que en 2020","author":"La Hora del Campo","date":"12 octubre, 2021","format":false,"excerpt":"La zafra de reproductores como todos los a\u00f1os, tiene sus puntos m\u00e1s altos y los no tanto, sin embargo todos se quedan con los precios de punta, sin embargo en la generalidad de la zafra los promedios vienen por encima del 2020, y en esto algunas caba\u00f1as se destacan, con\u2026","rel":"","context":"En \u00abActualidad\u00bb","block_context":{"text":"Actualidad","link":"https:\/\/lahoradelcampo.com.uy\/site\/category\/actualidad\/"},"img":{"alt_text":"","src":"https:\/\/i0.wp.com\/lahoradelcampo.com.uy\/site\/wp-content\/uploads\/2021\/10\/zafra-sanrafael.jpg?fit=880%2C440&ssl=1&resize=350%2C200","width":350,"height":200,"srcset":"https:\/\/i0.wp.com\/lahoradelcampo.com.uy\/site\/wp-content\/uploads\/2021\/10\/zafra-sanrafael.jpg?fit=880%2C440&ssl=1&resize=350%2C200 1x, https:\/\/i0.wp.com\/lahoradelcampo.com.uy\/site\/wp-content\/uploads\/2021\/10\/zafra-sanrafael.jpg?fit=880%2C440&ssl=1&resize=525%2C300 1.5x, https:\/\/i0.wp.com\/lahoradelcampo.com.uy\/site\/wp-content\/uploads\/2021\/10\/zafra-sanrafael.jpg?fit=880%2C440&ssl=1&resize=700%2C400 2x"},"classes":[]},{"id":45823,"url":"https:\/\/lahoradelcampo.com.uy\/site\/cuanto-valdran-los-toros-esta-zafra-los-cabaneros-responden\/","url_meta":{"origin":24536,"position":5},"title":"\u00bfCu\u00e1nto valdr\u00e1n los toros esta zafra?  Los caba\u00f1eros responden","author":"La Hora del Campo","date":"26 septiembre, 2022","format":false,"excerpt":"Ya han comenzado a desarrollarse algunos remates de reproductores a nivel pa\u00eds, marcando en los primeros casos, subas de precios frente a la zafra anterior en el eje de un 30%, caso lo ocurrido en las ventas de la Sociedad de Criadores de Hereford en Kiy\u00fa y el remate de\u2026","rel":"","context":"En \u00abActualidad\u00bb","block_context":{"text":"Actualidad","link":"https:\/\/lahoradelcampo.com.uy\/site\/category\/actualidad\/"},"img":{"alt_text":"","src":"https:\/\/i0.wp.com\/lahoradelcampo.com.uy\/site\/wp-content\/uploads\/2020\/10\/zafratoros.jpg?fit=880%2C440&ssl=1&resize=350%2C200","width":350,"height":200,"srcset":"https:\/\/i0.wp.com\/lahoradelcampo.com.uy\/site\/wp-content\/uploads\/2020\/10\/zafratoros.jpg?fit=880%2C440&ssl=1&resize=350%2C200 1x, https:\/\/i0.wp.com\/lahoradelcampo.com.uy\/site\/wp-content\/uploads\/2020\/10\/zafratoros.jpg?fit=880%2C440&ssl=1&resize=525%2C300 1.5x, https:\/\/i0.wp.com\/lahoradelcampo.com.uy\/site\/wp-content\/uploads\/2020\/10\/zafratoros.jpg?fit=880%2C440&ssl=1&resize=700%2C400 2x"},"classes":[]}],"jetpack_likes_enabled":true,"_links":{"self":[{"href":"https:\/\/lahoradelcampo.com.uy\/site\/wp-json\/wp\/v2\/posts\/24536","targetHints":{"allow":["GET"]}}],"collection":[{"href":"https:\/\/lahoradelcampo.com.uy\/site\/wp-json\/wp\/v2\/posts"}],"about":[{"href":"https:\/\/lahoradelcampo.com.uy\/site\/wp-json\/wp\/v2\/types\/post"}],"author":[{"embeddable":true,"href":"https:\/\/lahoradelcampo.com.uy\/site\/wp-json\/wp\/v2\/users\/5"}],"replies":[{"embeddable":true,"href":"https:\/\/lahoradelcampo.com.uy\/site\/wp-json\/wp\/v2\/comments?post=24536"}],"version-history":[{"count":1,"href":"https:\/\/lahoradelcampo.com.uy\/site\/wp-json\/wp\/v2\/posts\/24536\/revisions"}],"predecessor-version":[{"id":24540,"href":"https:\/\/lahoradelcampo.com.uy\/site\/wp-json\/wp\/v2\/posts\/24536\/revisions\/24540"}],"wp:featuredmedia":[{"embeddable":true,"href":"https:\/\/lahoradelcampo.com.uy\/site\/wp-json\/wp\/v2\/media\/24538"}],"wp:attachment":[{"href":"https:\/\/lahoradelcampo.com.uy\/site\/wp-json\/wp\/v2\/media?parent=24536"}],"wp:term":[{"taxonomy":"category","embeddable":true,"href":"https:\/\/lahoradelcampo.com.uy\/site\/wp-json\/wp\/v2\/categories?post=24536"},{"taxonomy":"post_tag","embeddable":true,"href":"https:\/\/lahoradelcampo.com.uy\/site\/wp-json\/wp\/v2\/tags?post=24536"}],"curies":[{"name":"wp","href":"https:\/\/api.w.org\/{rel}","templated":true}]}}