{"id":24530,"date":"2020-10-12T07:06:51","date_gmt":"2020-10-12T10:06:51","guid":{"rendered":"http:\/\/lahoradelcampo.com.uy\/site\/?p=24530"},"modified":"2020-10-12T07:06:55","modified_gmt":"2020-10-12T10:06:55","slug":"correa-san-roman-rematan-el-viernes-los-toros-de-la-magdalena","status":"publish","type":"post","link":"https:\/\/lahoradelcampo.com.uy\/site\/correa-san-roman-rematan-el-viernes-los-toros-de-la-magdalena\/","title":{"rendered":"Correa &#038; San Rom\u00e1n rematan el viernes los toros de La Magdalena"},"content":{"rendered":"\n<figure class=\"wp-block-image\"><img data-recalc-dims=\"1\" loading=\"lazy\" decoding=\"async\" width=\"810\" height=\"405\" data-attachment-id=\"24532\" data-permalink=\"https:\/\/lahoradelcampo.com.uy\/site\/correa-san-roman-rematan-el-viernes-los-toros-de-la-magdalena\/conferenciamagdalena\/\" data-orig-file=\"https:\/\/i0.wp.com\/lahoradelcampo.com.uy\/site\/wp-content\/uploads\/2020\/10\/conferenciamagdalena.jpg?fit=880%2C440&amp;ssl=1\" data-orig-size=\"880,440\" data-comments-opened=\"1\" data-image-meta=\"{&quot;aperture&quot;:&quot;0&quot;,&quot;credit&quot;:&quot;&quot;,&quot;camera&quot;:&quot;&quot;,&quot;caption&quot;:&quot;&quot;,&quot;created_timestamp&quot;:&quot;0&quot;,&quot;copyright&quot;:&quot;&quot;,&quot;focal_length&quot;:&quot;0&quot;,&quot;iso&quot;:&quot;0&quot;,&quot;shutter_speed&quot;:&quot;0&quot;,&quot;title&quot;:&quot;&quot;,&quot;orientation&quot;:&quot;1&quot;}\" data-image-title=\"conferenciamagdalena\" data-image-description=\"\" data-image-caption=\"\" data-large-file=\"https:\/\/i0.wp.com\/lahoradelcampo.com.uy\/site\/wp-content\/uploads\/2020\/10\/conferenciamagdalena.jpg?fit=810%2C405&amp;ssl=1\" src=\"https:\/\/i0.wp.com\/lahoradelcampo.com.uy\/site\/wp-content\/uploads\/2020\/10\/conferenciamagdalena.jpg?resize=810%2C405\" alt=\"\" class=\"wp-image-24532\" srcset=\"https:\/\/i0.wp.com\/lahoradelcampo.com.uy\/site\/wp-content\/uploads\/2020\/10\/conferenciamagdalena.jpg?w=880&amp;ssl=1 880w, https:\/\/i0.wp.com\/lahoradelcampo.com.uy\/site\/wp-content\/uploads\/2020\/10\/conferenciamagdalena.jpg?resize=300%2C150&amp;ssl=1 300w, https:\/\/i0.wp.com\/lahoradelcampo.com.uy\/site\/wp-content\/uploads\/2020\/10\/conferenciamagdalena.jpg?resize=768%2C384&amp;ssl=1 768w, https:\/\/i0.wp.com\/lahoradelcampo.com.uy\/site\/wp-content\/uploads\/2020\/10\/conferenciamagdalena.jpg?resize=820%2C410&amp;ssl=1 820w\" sizes=\"auto, (max-width: 810px) 100vw, 810px\" \/><\/figure>\n\n\n\n<p>El viernes se realiza en el local de la Asociaci\u00f3n Fomento Rural de Valent\u00edn, un nuevo remate anual de la caba\u00f1a La Magdalena de Los Tordos, con las ventas a cargo de los escritorios Roberto Bertsch y Correa &amp; San Roman. En total la oferta ser\u00e1 de 154 toros y 270 vientres, de las razas Hereford (mochos y astados), Aberdeen Angus, Braford y Brangus. <br><\/p>\n\n\n\n<p>El martillero Mart\u00edn San Rom\u00e1n, dijo que debido a este a\u00f1o tan particular por la pandemia, el remate tendr\u00e1 todos los recaudos correspondientes y desde ya se exhorta a los clientes y amigos a respetar las medidas sanitarias, uso de tapaboca, alcohol en gel, etc. Como es tradicional la oferta estar\u00e1 a las 11 horas en los corrales, para que los productores puedan mirar detenidamente los reproductores y seleccionar sus animales. <br><\/p>\n\n\n\n<p>Ver\u00f3nica Lorenzelli, representante de banco Ita\u00fa, dijo que las condiciones de venta ser\u00e1n de 150 d\u00edas libres, se tiene un 3% de descuento por las pre-ofertas y los pagos al contado tendr\u00e1 el valor de pista y flete gratis para todas las categor\u00edas. San Rom\u00e1n record\u00f3 que la caba\u00f1a retorna con los toros al predio y los env\u00eda cuando el productor lo solicite. <br><\/p>\n\n\n\n<p>Roberto Bertsch destac\u00f3 la calidad de la oferta que se estar\u00e1 presentando en la pista, \u00abyo creo que es uno de los mejores a\u00f1os en la presentaci\u00f3n\u00bb adem\u00e1s agreg\u00f3 que por 10 toros o m\u00e1s la caba\u00f1a brindar\u00e1 este a\u00f1o un descuento adicional. <br><\/p>\n\n\n\n<p>Diego Otegui dijo que la oferta ser\u00e1 de 154 toros y 270 vientres, entrando el vaquillonaje para servicio ahora de primavera y vacas paridas y que est\u00e1n pariendo.<br><\/p>\n\n\n\n<p>En las p\u00e1ginas web de los escritorios, Correa &amp; San Rom\u00e1n y Roberto Bertsch, ya se encuentra disponible las preofertas, que tendr\u00e1n un beneficio econ\u00f3mico para los compradores. Carlos Mart\u00edn Correa dijo que el productor puede realizar directamente sus pre-ofertas en la web, o de lo contrario comunicarse con el escritorio en Salto y se agiliza la operativa. <br><\/p>\n\n\n\n<p>Este a\u00f1o, la caba\u00f1a ofrecer\u00e1 un descuento de 10% a partir de los diez toros o m\u00e1s, por lo que el productor tendr\u00e1 en el toro once un 1% m\u00e1s, en el doce 1% m\u00e1s y as\u00ed sucesivamente, lo que tambi\u00e9n se suma al 3% de la pre-oferta y el valor de pista para quienes paguen a contado.  <\/p>\n\n\n\n<p style=\"text-align:right\"><strong>Salto, 12 de octubre de 2020<\/strong><\/p>\n","protected":false},"excerpt":{"rendered":"<p>El viernes se realiza en el local de la Asociaci\u00f3n Fomento Rural de Valent\u00edn, un nuevo remate anual de la caba\u00f1a La Magdalena de Los Tordos, con las ventas a [&hellip;]<\/p>\n","protected":false},"author":5,"featured_media":24532,"comment_status":"open","ping_status":"open","sticky":false,"template":"","format":"standard","meta":{"_price":"","_stock":"","_tribe_ticket_header":"","_tribe_default_ticket_provider":"","_tribe_ticket_capacity":"0","_ticket_start_date":"","_ticket_end_date":"","_tribe_ticket_show_description":"","_tribe_ticket_show_not_going":false,"_tribe_ticket_use_global_stock":"","_tribe_ticket_global_stock_level":"","_global_stock_mode":"","_global_stock_cap":"","_tribe_rsvp_for_event":"","_tribe_ticket_going_count":"","_tribe_ticket_not_going_count":"","_tribe_tickets_list":"[]","_tribe_ticket_has_attendee_info_fields":false,"h5ap_radio_sources":[],"_jetpack_newsletter_access":"","_jetpack_dont_email_post_to_subs":false,"_jetpack_newsletter_tier_id":0,"_jetpack_memberships_contains_paywalled_content":false,"_jetpack_memberships_contains_paid_content":false,"footnotes":""},"categories":[21,5],"tags":[],"class_list":["post-24530","post","type-post","status-publish","format-standard","has-post-thumbnail","hentry","category-actualidad","category-ganaderia"],"jetpack_featured_media_url":"https:\/\/i0.wp.com\/lahoradelcampo.com.uy\/site\/wp-content\/uploads\/2020\/10\/conferenciamagdalena.jpg?fit=880%2C440&ssl=1","jetpack_sharing_enabled":true,"jetpack_shortlink":"https:\/\/wp.me\/p99IaT-6nE","jetpack-related-posts":[{"id":35411,"url":"https:\/\/lahoradelcampo.com.uy\/site\/el-viernes-se-remata-la-torada-de-la-magdalena-de-los-tordos\/","url_meta":{"origin":24530,"position":0},"title":"El viernes se remata la torada de  \u00abLa Magdalena\u00bb de Los Tordos","author":"La Hora del Campo","date":"13 octubre, 2021","format":false,"excerpt":"Este a\u00f1o el remate anual de la caba\u00f1a \"La Magdalena\" de Los Tordos S en C, llega a su d\u00e9cimo novena edici\u00f3n, en el local Valent\u00edn junto a las firmas Roberto Bertsch Negocios Rurales y Correa & San Rom\u00e1n. En la oportunidad la oferta ser\u00e1 de 150 toros y 250\u2026","rel":"","context":"En \u00abActualidad\u00bb","block_context":{"text":"Actualidad","link":"https:\/\/lahoradelcampo.com.uy\/site\/category\/actualidad\/"},"img":{"alt_text":"","src":"https:\/\/i0.wp.com\/lahoradelcampo.com.uy\/site\/wp-content\/uploads\/2021\/10\/lamagdalena-conferencia.jpg?fit=880%2C440&ssl=1&resize=350%2C200","width":350,"height":200,"srcset":"https:\/\/i0.wp.com\/lahoradelcampo.com.uy\/site\/wp-content\/uploads\/2021\/10\/lamagdalena-conferencia.jpg?fit=880%2C440&ssl=1&resize=350%2C200 1x, https:\/\/i0.wp.com\/lahoradelcampo.com.uy\/site\/wp-content\/uploads\/2021\/10\/lamagdalena-conferencia.jpg?fit=880%2C440&ssl=1&resize=525%2C300 1.5x, https:\/\/i0.wp.com\/lahoradelcampo.com.uy\/site\/wp-content\/uploads\/2021\/10\/lamagdalena-conferencia.jpg?fit=880%2C440&ssl=1&resize=700%2C400 2x"},"classes":[]},{"id":15514,"url":"https:\/\/lahoradelcampo.com.uy\/site\/correa-san-roman-colocaron-70-toros-en-una-hora-y-media-en-artigas\/","url_meta":{"origin":24530,"position":1},"title":"Correa &#038; San Rom\u00e1n colocaron 70 toros en una hora y media en Artigas","author":"La Hora del Campo","date":"1 noviembre, 2019","format":false,"excerpt":"En la jornada de ayer en el local Chiflero de la Asociaci\u00f3n Agropecuaria de Artigas, se realiz\u00f3 el primer remate conjunto de caba\u00f1a \"San Carlos\" de la familia Larrosa con sus Red Brangus y \"La Magdalena\" de Los Tordos S. en C., con sus Aberdeen Angus y Red Brangus. En\u2026","rel":"","context":"En \u00abActualidad\u00bb","block_context":{"text":"Actualidad","link":"https:\/\/lahoradelcampo.com.uy\/site\/category\/actualidad\/"},"img":{"alt_text":"","src":"https:\/\/i0.wp.com\/lahoradelcampo.com.uy\/site\/wp-content\/uploads\/2019\/11\/sancarlos.jpg?fit=880%2C440&ssl=1&resize=350%2C200","width":350,"height":200,"srcset":"https:\/\/i0.wp.com\/lahoradelcampo.com.uy\/site\/wp-content\/uploads\/2019\/11\/sancarlos.jpg?fit=880%2C440&ssl=1&resize=350%2C200 1x, https:\/\/i0.wp.com\/lahoradelcampo.com.uy\/site\/wp-content\/uploads\/2019\/11\/sancarlos.jpg?fit=880%2C440&ssl=1&resize=525%2C300 1.5x, https:\/\/i0.wp.com\/lahoradelcampo.com.uy\/site\/wp-content\/uploads\/2019\/11\/sancarlos.jpg?fit=880%2C440&ssl=1&resize=700%2C400 2x"},"classes":[]},{"id":54848,"url":"https:\/\/lahoradelcampo.com.uy\/site\/la-magdalena-remata-hoy-en-valentin-135-toros-y-170-vientres\/","url_meta":{"origin":24530,"position":2},"title":"La Magdalena remata hoy en Valent\u00edn: 135 toros y 170 vientres","author":"La Hora del Campo","date":"11 octubre, 2024","format":false,"excerpt":"Con una oferta de 135 toros de las razas Hereford y Polled Hereford, Aberdeen Angus, Brangus y Braford, y 170 vientres, se realiza este viernes el 21\u00b0 remate anual de La Magdalena de Los Tordos S.A. en el local de la Asociaci\u00f3n Fomento Rural de Valent\u00edn, en Salto, con los\u2026","rel":"","context":"En \u00abActualidad\u00bb","block_context":{"text":"Actualidad","link":"https:\/\/lahoradelcampo.com.uy\/site\/category\/actualidad\/"},"img":{"alt_text":"","src":"https:\/\/i0.wp.com\/lahoradelcampo.com.uy\/site\/wp-content\/uploads\/2024\/10\/lamagdalena-previaremate.jpg?fit=880%2C440&ssl=1&resize=350%2C200","width":350,"height":200,"srcset":"https:\/\/i0.wp.com\/lahoradelcampo.com.uy\/site\/wp-content\/uploads\/2024\/10\/lamagdalena-previaremate.jpg?fit=880%2C440&ssl=1&resize=350%2C200 1x, https:\/\/i0.wp.com\/lahoradelcampo.com.uy\/site\/wp-content\/uploads\/2024\/10\/lamagdalena-previaremate.jpg?fit=880%2C440&ssl=1&resize=525%2C300 1.5x, https:\/\/i0.wp.com\/lahoradelcampo.com.uy\/site\/wp-content\/uploads\/2024\/10\/lamagdalena-previaremate.jpg?fit=880%2C440&ssl=1&resize=700%2C400 2x"},"classes":[]},{"id":25084,"url":"https:\/\/lahoradelcampo.com.uy\/site\/en-una-hora-se-vendieron-los-toros-de-la-magdalena-y-san-carlos-en-artigas\/","url_meta":{"origin":24530,"position":3},"title":"En una hora se vendieron  los toros de La Magdalena  y San Carlos en Artigas","author":"La Hora del Campo","date":"28 octubre, 2020","format":false,"excerpt":"En el local Chiflero de la Asociaci\u00f3n Agropecuaria de Artigas, los escritorios Roberto Bertsch y Correa & San Rom\u00e1n estuvieron a cargo de la venta anual de las caba\u00f1as San Carlos de la familia Larrosa y La Magdalena de los Tordos S en C. Coloc\u00e1ndose el 100% de la oferta\u2026","rel":"","context":"En \u00abActualidad\u00bb","block_context":{"text":"Actualidad","link":"https:\/\/lahoradelcampo.com.uy\/site\/category\/actualidad\/"},"img":{"alt_text":"","src":"https:\/\/i0.wp.com\/lahoradelcampo.com.uy\/site\/wp-content\/uploads\/2020\/10\/Rematesancarlos.jpg?fit=880%2C440&ssl=1&resize=350%2C200","width":350,"height":200,"srcset":"https:\/\/i0.wp.com\/lahoradelcampo.com.uy\/site\/wp-content\/uploads\/2020\/10\/Rematesancarlos.jpg?fit=880%2C440&ssl=1&resize=350%2C200 1x, https:\/\/i0.wp.com\/lahoradelcampo.com.uy\/site\/wp-content\/uploads\/2020\/10\/Rematesancarlos.jpg?fit=880%2C440&ssl=1&resize=525%2C300 1.5x, https:\/\/i0.wp.com\/lahoradelcampo.com.uy\/site\/wp-content\/uploads\/2020\/10\/Rematesancarlos.jpg?fit=880%2C440&ssl=1&resize=700%2C400 2x"},"classes":[]},{"id":15037,"url":"https:\/\/lahoradelcampo.com.uy\/site\/us-4-043-fue-el-promedio-para-los-134-toros-de-la-magdalena\/","url_meta":{"origin":24530,"position":4},"title":"US$ 4.043 fue el promedio para  los 134 toros de La Magdalena","author":"La Hora del Campo","date":"14 octubre, 2019","format":false,"excerpt":"En una tarde m\u00e1s de verano que de primavera, con un calor agobiante, pero con una demanda concentrada en adquirir la oferta de La Magdalena de Los Tordos, la caba\u00f1a coloc\u00f3 el 100% de la oferta tanto en los toros como en las hembras, con las ventas a cargo de\u2026","rel":"","context":"En \u00abActualidad\u00bb","block_context":{"text":"Actualidad","link":"https:\/\/lahoradelcampo.com.uy\/site\/category\/actualidad\/"},"img":{"alt_text":"","src":"https:\/\/i0.wp.com\/lahoradelcampo.com.uy\/site\/wp-content\/uploads\/2019\/10\/Lamagdalena.jpg?fit=880%2C440&ssl=1&resize=350%2C200","width":350,"height":200,"srcset":"https:\/\/i0.wp.com\/lahoradelcampo.com.uy\/site\/wp-content\/uploads\/2019\/10\/Lamagdalena.jpg?fit=880%2C440&ssl=1&resize=350%2C200 1x, https:\/\/i0.wp.com\/lahoradelcampo.com.uy\/site\/wp-content\/uploads\/2019\/10\/Lamagdalena.jpg?fit=880%2C440&ssl=1&resize=525%2C300 1.5x, https:\/\/i0.wp.com\/lahoradelcampo.com.uy\/site\/wp-content\/uploads\/2019\/10\/Lamagdalena.jpg?fit=880%2C440&ssl=1&resize=700%2C400 2x"},"classes":[]},{"id":54869,"url":"https:\/\/lahoradelcampo.com.uy\/site\/la-magdalena-vendio-124-toros-aus-3-749-de-promedio-en-valentin\/","url_meta":{"origin":24530,"position":5},"title":"La Magdalena vendi\u00f3 124 toros aUS$ 3.749 de promedio en Valent\u00edn","author":"La Hora del Campo","date":"12 octubre, 2024","format":false,"excerpt":"En la tarde de ayer, la caba\u00f1a \"La Magdalena\" de Los Tordos SA, realiz\u00f3 su remate anual con los escritorios Roberto Bertsch y Correa & San Rom\u00e1n, en el local de la Asociaci\u00f3n Fomento Rural de Valent\u00edn, en Salto. En tres horas se liquid\u00f3 el 100% de la oferta en\u2026","rel":"","context":"En \u00abActualidad\u00bb","block_context":{"text":"Actualidad","link":"https:\/\/lahoradelcampo.com.uy\/site\/category\/actualidad\/"},"img":{"alt_text":"","src":"https:\/\/i0.wp.com\/lahoradelcampo.com.uy\/site\/wp-content\/uploads\/2024\/10\/Lamagdalena-remate24.jpg?fit=880%2C440&ssl=1&resize=350%2C200","width":350,"height":200,"srcset":"https:\/\/i0.wp.com\/lahoradelcampo.com.uy\/site\/wp-content\/uploads\/2024\/10\/Lamagdalena-remate24.jpg?fit=880%2C440&ssl=1&resize=350%2C200 1x, https:\/\/i0.wp.com\/lahoradelcampo.com.uy\/site\/wp-content\/uploads\/2024\/10\/Lamagdalena-remate24.jpg?fit=880%2C440&ssl=1&resize=525%2C300 1.5x, https:\/\/i0.wp.com\/lahoradelcampo.com.uy\/site\/wp-content\/uploads\/2024\/10\/Lamagdalena-remate24.jpg?fit=880%2C440&ssl=1&resize=700%2C400 2x"},"classes":[]}],"jetpack_likes_enabled":true,"_links":{"self":[{"href":"https:\/\/lahoradelcampo.com.uy\/site\/wp-json\/wp\/v2\/posts\/24530","targetHints":{"allow":["GET"]}}],"collection":[{"href":"https:\/\/lahoradelcampo.com.uy\/site\/wp-json\/wp\/v2\/posts"}],"about":[{"href":"https:\/\/lahoradelcampo.com.uy\/site\/wp-json\/wp\/v2\/types\/post"}],"author":[{"embeddable":true,"href":"https:\/\/lahoradelcampo.com.uy\/site\/wp-json\/wp\/v2\/users\/5"}],"replies":[{"embeddable":true,"href":"https:\/\/lahoradelcampo.com.uy\/site\/wp-json\/wp\/v2\/comments?post=24530"}],"version-history":[{"count":1,"href":"https:\/\/lahoradelcampo.com.uy\/site\/wp-json\/wp\/v2\/posts\/24530\/revisions"}],"predecessor-version":[{"id":24534,"href":"https:\/\/lahoradelcampo.com.uy\/site\/wp-json\/wp\/v2\/posts\/24530\/revisions\/24534"}],"wp:featuredmedia":[{"embeddable":true,"href":"https:\/\/lahoradelcampo.com.uy\/site\/wp-json\/wp\/v2\/media\/24532"}],"wp:attachment":[{"href":"https:\/\/lahoradelcampo.com.uy\/site\/wp-json\/wp\/v2\/media?parent=24530"}],"wp:term":[{"taxonomy":"category","embeddable":true,"href":"https:\/\/lahoradelcampo.com.uy\/site\/wp-json\/wp\/v2\/categories?post=24530"},{"taxonomy":"post_tag","embeddable":true,"href":"https:\/\/lahoradelcampo.com.uy\/site\/wp-json\/wp\/v2\/tags?post=24530"}],"curies":[{"name":"wp","href":"https:\/\/api.w.org\/{rel}","templated":true}]}}