{"id":24520,"date":"2020-10-10T14:21:05","date_gmt":"2020-10-10T17:21:05","guid":{"rendered":"http:\/\/lahoradelcampo.com.uy\/site\/?p=24520"},"modified":"2020-10-10T14:21:10","modified_gmt":"2020-10-10T17:21:10","slug":"continua-la-concrecion-de-buenos-negocios-en-la-zafra-de-reproductores","status":"publish","type":"post","link":"https:\/\/lahoradelcampo.com.uy\/site\/continua-la-concrecion-de-buenos-negocios-en-la-zafra-de-reproductores\/","title":{"rendered":"Contin\u00faa la concreci\u00f3n de buenos negocios en la zafra de reproductores"},"content":{"rendered":"\n<figure class=\"wp-block-image\"><img data-recalc-dims=\"1\" loading=\"lazy\" decoding=\"async\" width=\"810\" height=\"405\" data-attachment-id=\"24522\" data-permalink=\"https:\/\/lahoradelcampo.com.uy\/site\/continua-la-concrecion-de-buenos-negocios-en-la-zafra-de-reproductores\/torosarchivo\/\" data-orig-file=\"https:\/\/i0.wp.com\/lahoradelcampo.com.uy\/site\/wp-content\/uploads\/2020\/10\/Torosarchivo.jpg?fit=880%2C440&amp;ssl=1\" data-orig-size=\"880,440\" data-comments-opened=\"1\" data-image-meta=\"{&quot;aperture&quot;:&quot;0&quot;,&quot;credit&quot;:&quot;&quot;,&quot;camera&quot;:&quot;&quot;,&quot;caption&quot;:&quot;&quot;,&quot;created_timestamp&quot;:&quot;0&quot;,&quot;copyright&quot;:&quot;&quot;,&quot;focal_length&quot;:&quot;0&quot;,&quot;iso&quot;:&quot;0&quot;,&quot;shutter_speed&quot;:&quot;0&quot;,&quot;title&quot;:&quot;&quot;,&quot;orientation&quot;:&quot;1&quot;}\" data-image-title=\"Torosarchivo\" data-image-description=\"\" data-image-caption=\"\" data-large-file=\"https:\/\/i0.wp.com\/lahoradelcampo.com.uy\/site\/wp-content\/uploads\/2020\/10\/Torosarchivo.jpg?fit=810%2C405&amp;ssl=1\" src=\"https:\/\/i0.wp.com\/lahoradelcampo.com.uy\/site\/wp-content\/uploads\/2020\/10\/Torosarchivo.jpg?resize=810%2C405\" alt=\"\" class=\"wp-image-24522\" srcset=\"https:\/\/i0.wp.com\/lahoradelcampo.com.uy\/site\/wp-content\/uploads\/2020\/10\/Torosarchivo.jpg?w=880&amp;ssl=1 880w, https:\/\/i0.wp.com\/lahoradelcampo.com.uy\/site\/wp-content\/uploads\/2020\/10\/Torosarchivo.jpg?resize=300%2C150&amp;ssl=1 300w, https:\/\/i0.wp.com\/lahoradelcampo.com.uy\/site\/wp-content\/uploads\/2020\/10\/Torosarchivo.jpg?resize=768%2C384&amp;ssl=1 768w, https:\/\/i0.wp.com\/lahoradelcampo.com.uy\/site\/wp-content\/uploads\/2020\/10\/Torosarchivo.jpg?resize=820%2C410&amp;ssl=1 820w\" sizes=\"auto, (max-width: 810px) 100vw, 810px\" \/><\/figure>\n\n\n\n<p>Actualizamos la informaci\u00f3n con los remates que se realizaron en las \u00faltimas jornadas de ventas.<\/p>\n\n\n\n<p><strong>El Hereford de Isla Larga<\/strong><\/p>\n\n\n\n<p>El Hereford de Raquel Arrarte en la propia caba\u00f1a coloc\u00f3 45 toros a US$ 3.073 de promedio, con seis toros colocados fuera de pista. El m\u00e1ximo fue de US$ 4.320 y el m\u00ednimo de US$ 2.640. Adem\u00e1s, 75 vaquillonas se colocaron entre US$ US$ 780 y US$ 540 con un promedio de US$ 615,79.<br><\/p>\n\n\n\n<p><strong>Santa Luc\u00eda de Effinger<\/strong><br><\/p>\n\n\n\n<p>Un \u00e9xito fue el 8\u00b0 remate anual de \u201cSanta Luc\u00eda\u201d, de Effinger en el local Campanero, en Lavalleja. Los 26 toros Hereford hicieron un promedio US$ 3.173. 12 Angus con un promedio de US$ 2.800; los 4 Braford hicieron promedio de US$ 2.800. En total fueron 42 toros a US$ 3.021. Los vientres Angus hicieron US$ 580 de promedio, y los Hereford US$ 655.<br><\/p>\n\n\n\n<p><strong>Vald\u00e9z coloc\u00f3 el 100% en  Bereach\u00ed<\/strong><br><\/p>\n\n\n\n<p>La totalidad de toros ofertados y vendidos hizo promedio en US$ 3.426. Los Brangus: 4.560, 2.640 y 3.949 y los Braford: 4.500, 2.400 y 3.164. Tambi\u00e9n los vientres a un promedio de US$ 731: vaquillonas Brangus de plantel: 924, 600 y 747 y las Braford: 780, 660 y 712. Adem\u00e1s: vaquillonas 3\/8 Braford: 804, 660 y 765, vaquillonas cruzas Braford y Brangus: 756, 552 y 648.<br><\/p>\n\n\n\n<p><strong>4\u00ba remate de San Gerardo<\/strong><br><\/p>\n\n\n\n<p>En el 4\u00b0 remate anual de San Gerardo de la familia  Garc\u00eda Pintos, pero el primero en la Asociaci\u00f3n Rural de Reboledo, se vendi\u00f3 el 100% de la oferta a un promedio de US$ 2.860. En total, San Gerardo coloc\u00f3 nueve Polled Hereford a US$ 2.900 y 22 Angus a US$ 2.840.<br><\/p>\n\n\n\n<p><strong>Limousin de Viejo Pancho de Sever\u00ed<\/strong><br><\/p>\n\n\n\n<p>El 27 remate anual de El Viejo Pancho de Sever\u00ed, con Zambrano &amp; C\u00efa coloc\u00f3 los 30 toros a un promedio de US$ 2.184. En el detalle 19 Limousin a  US$ 2.166 y 11 Limangus a  2.213. Y los 67 vientres Limangus se vendieron a un valor medio de US$ 690.<br><\/p>\n\n\n\n<p><strong>Loma Azul y El Gualicho<\/strong><\/p>\n\n\n\n<p>En dos horas, la caba\u00f1a Loma Azul, de Federico Rubio coloc\u00f3 el 100% la torada en el local de la Asociaci\u00f3n Rural de Florida. Polled Hereford: 47 toros a un promedio de US$ 3.128 y 188 vaquillonas a US$ 891. Limousin: 4 toros en US$ 2.400 cada uno. Adem\u00e1s se subastaron los Angus de caba\u00f1a \u201cEl Gualicho\u201d de Pe\u00f1agaricano. Los 21 toros hicieron un valor promedio de US$ 3.017.<br><\/p>\n\n\n\n<p><strong>Angus del Paran\u00e1 en Durazno<\/strong><br><\/p>\n\n\n\n<p>En la propia caba\u00f1a, se realiz\u00f3 el remate anual de los Red Angus de \u201cDel Paran\u00e1\u201d. Se coloc\u00f3 el 100% de la oferta -38 toros- a precio promedio de US$ 2.670. Las hembras, que fueron 37, se vendieron a un valor medio de US$ 1.140.<br><\/p>\n\n\n\n<p><strong>El Angus de Los Tilos<\/strong><br><\/p>\n\n\n\n<p>Los Tilos de Ingrid Ahlig, con el martillo de Zambrano, vendi\u00f3 56 toros Angus a un promedio de US$ 3.186. Los 91 vientres ofertados se vendieron a US$ 571.<br><\/p>\n\n\n\n<p><strong>El Maturrango en Local Don Tito<\/strong><br><\/p>\n\n\n\n<p>El escritorio Valdez &amp; C\u00eda coloc\u00f3 el 100% de los Angus de la caba\u00f1a El Maturrango. Los 56 toros hicieron 3.244 de promedio. El pedigree hizo US$ 3.320, el SA US$ 3.168. Los vientres alcanzaron en promedio: vacas SA US$ 894; vientres SA (Herr\u00eda S.G.) US$ 804.<\/p>\n\n\n\n<p style=\"text-align:right\"><strong>Salto, 10 de octubre de 2020<\/strong><\/p>\n","protected":false},"excerpt":{"rendered":"<p>Actualizamos la informaci\u00f3n con los remates que se realizaron en las \u00faltimas jornadas de ventas. El Hereford de Isla Larga El Hereford de Raquel Arrarte en la propia caba\u00f1a coloc\u00f3 [&hellip;]<\/p>\n","protected":false},"author":5,"featured_media":24522,"comment_status":"open","ping_status":"open","sticky":false,"template":"","format":"standard","meta":{"_price":"","_stock":"","_tribe_ticket_header":"","_tribe_default_ticket_provider":"","_tribe_ticket_capacity":"0","_ticket_start_date":"","_ticket_end_date":"","_tribe_ticket_show_description":"","_tribe_ticket_show_not_going":false,"_tribe_ticket_use_global_stock":"","_tribe_ticket_global_stock_level":"","_global_stock_mode":"","_global_stock_cap":"","_tribe_rsvp_for_event":"","_tribe_ticket_going_count":"","_tribe_ticket_not_going_count":"","_tribe_tickets_list":"[]","_tribe_ticket_has_attendee_info_fields":false,"h5ap_radio_sources":[],"_jetpack_newsletter_access":"","_jetpack_dont_email_post_to_subs":false,"_jetpack_newsletter_tier_id":0,"_jetpack_memberships_contains_paywalled_content":false,"_jetpack_memberships_contains_paid_content":false,"footnotes":""},"categories":[21,5],"tags":[],"class_list":["post-24520","post","type-post","status-publish","format-standard","has-post-thumbnail","hentry","category-actualidad","category-ganaderia"],"jetpack_featured_media_url":"https:\/\/i0.wp.com\/lahoradelcampo.com.uy\/site\/wp-content\/uploads\/2020\/10\/Torosarchivo.jpg?fit=880%2C440&ssl=1","jetpack_sharing_enabled":true,"jetpack_shortlink":"https:\/\/wp.me\/p99IaT-6nu","jetpack-related-posts":[{"id":2597,"url":"https:\/\/lahoradelcampo.com.uy\/site\/santa-clotilde-coloco-los-toros-para-el-norte\/","url_meta":{"origin":24520,"position":0},"title":"Santa Clotilde coloc\u00f3 los \u00abToros para el Norte\u00bb","author":"La Hora del Campo","date":"12 octubre, 2017","format":false,"excerpt":"En poco m\u00e1s de dos horas, la firma Valdez y C\u00eda. concret\u00f3 ayer la cl\u00e1sica venta de los \u201cToros para el Norte\u201d de \u201cSanta Clotilde\u201d de la familia Bove Barriola. En el local \u201cDon Tito\u201d, se vendi\u00f3 la totalidad de la torada a un promedio general de U$S 3.011. En\u2026","rel":"","context":"En \u00abGanader\u00eda\u00bb","block_context":{"text":"Ganader\u00eda","link":"https:\/\/lahoradelcampo.com.uy\/site\/category\/ganaderia\/"},"img":{"alt_text":"","src":"https:\/\/i0.wp.com\/lahoradelcampo.com.uy\/site\/wp-content\/uploads\/2017\/10\/Valdez-Santa-Clotilde.jpg?fit=880%2C440&ssl=1&resize=350%2C200","width":350,"height":200,"srcset":"https:\/\/i0.wp.com\/lahoradelcampo.com.uy\/site\/wp-content\/uploads\/2017\/10\/Valdez-Santa-Clotilde.jpg?fit=880%2C440&ssl=1&resize=350%2C200 1x, https:\/\/i0.wp.com\/lahoradelcampo.com.uy\/site\/wp-content\/uploads\/2017\/10\/Valdez-Santa-Clotilde.jpg?fit=880%2C440&ssl=1&resize=525%2C300 1.5x, https:\/\/i0.wp.com\/lahoradelcampo.com.uy\/site\/wp-content\/uploads\/2017\/10\/Valdez-Santa-Clotilde.jpg?fit=880%2C440&ssl=1&resize=700%2C400 2x"},"classes":[]},{"id":14747,"url":"https:\/\/lahoradelcampo.com.uy\/site\/ventas-agiles-y-valores-de-los-toros-en-alza\/","url_meta":{"origin":24520,"position":1},"title":"Ventas \u00e1giles y valores de los toros en alza","author":"La Hora del Campo","date":"3 octubre, 2019","format":false,"excerpt":"En un renovado local Parada Fari\u00f1a, la firma Otto Fern\u00e1ndez, conjuntamente con Zambrano & C\u00eda llevaron adelante las ventas de OBT Premium Black, con un alto nivel de colocaci\u00f3n. En primer lugar se comercializaron los vientres entre US$ 2.640 y 1.200, con promedio de US$ 1.366. En tanto que se\u2026","rel":"","context":"En \u00abActualidad\u00bb","block_context":{"text":"Actualidad","link":"https:\/\/lahoradelcampo.com.uy\/site\/category\/actualidad\/"},"img":{"alt_text":"","src":"https:\/\/i0.wp.com\/lahoradelcampo.com.uy\/site\/wp-content\/uploads\/2019\/10\/Obt.jpg?fit=880%2C440&ssl=1&resize=350%2C200","width":350,"height":200,"srcset":"https:\/\/i0.wp.com\/lahoradelcampo.com.uy\/site\/wp-content\/uploads\/2019\/10\/Obt.jpg?fit=880%2C440&ssl=1&resize=350%2C200 1x, https:\/\/i0.wp.com\/lahoradelcampo.com.uy\/site\/wp-content\/uploads\/2019\/10\/Obt.jpg?fit=880%2C440&ssl=1&resize=525%2C300 1.5x, https:\/\/i0.wp.com\/lahoradelcampo.com.uy\/site\/wp-content\/uploads\/2019\/10\/Obt.jpg?fit=880%2C440&ssl=1&resize=700%2C400 2x"},"classes":[]},{"id":54747,"url":"https:\/\/lahoradelcampo.com.uy\/site\/los-novilleros-se-vendieron-en-la-rural-del-prado\/","url_meta":{"origin":24520,"position":2},"title":"\u201cLos Novilleros\u201d se vendieron en la rural del Prado","author":"La Hora del Campo","date":"29 septiembre, 2024","format":false,"excerpt":"Las caba\u00f1as \"Las Anitas\", \"Carablanca\", \"La Colorada\" y \"Santa In\u00e9s\" celebraron este s\u00e1bado su 28\u00ba remate \u201cLos Novilleros\u201d en la pista central de la Rural del Prado, logrando vender 58 reproductores, en la pista, a un promedio de US$ 3.219. El precio m\u00e1ximo de la subasta fue un Polled Hereford\u2026","rel":"","context":"En \u00abActualidad\u00bb","block_context":{"text":"Actualidad","link":"https:\/\/lahoradelcampo.com.uy\/site\/category\/actualidad\/"},"img":{"alt_text":"","src":"https:\/\/i0.wp.com\/lahoradelcampo.com.uy\/site\/wp-content\/uploads\/2024\/09\/LosNovilleros-2024.jpg?fit=880%2C440&ssl=1&resize=350%2C200","width":350,"height":200,"srcset":"https:\/\/i0.wp.com\/lahoradelcampo.com.uy\/site\/wp-content\/uploads\/2024\/09\/LosNovilleros-2024.jpg?fit=880%2C440&ssl=1&resize=350%2C200 1x, https:\/\/i0.wp.com\/lahoradelcampo.com.uy\/site\/wp-content\/uploads\/2024\/09\/LosNovilleros-2024.jpg?fit=880%2C440&ssl=1&resize=525%2C300 1.5x, https:\/\/i0.wp.com\/lahoradelcampo.com.uy\/site\/wp-content\/uploads\/2024\/09\/LosNovilleros-2024.jpg?fit=880%2C440&ssl=1&resize=700%2C400 2x"},"classes":[]},{"id":34709,"url":"https:\/\/lahoradelcampo.com.uy\/site\/los-novilleros-cotizaron-a-us-4-158-de-promedio\/","url_meta":{"origin":24520,"position":3},"title":"Los Novilleros cotizaron a  US$ 4.158  de promedio","author":"La Hora del Campo","date":"27 septiembre, 2021","format":false,"excerpt":"El domingo 26, el escritorio Dutra remat\u00f3 en la Rural del Prado, el tradicional remate de los domingos en el inicio de la zafra, Los Novilleros. Como siempre se ofreci\u00f3 toros Hereford, Polled Hereford, Angus y Red Angus con ejemplares de Las Anitas de Alfonso, Cara Blanca y La Colorada\u2026","rel":"","context":"En \u00abActualidad\u00bb","block_context":{"text":"Actualidad","link":"https:\/\/lahoradelcampo.com.uy\/site\/category\/actualidad\/"},"img":{"alt_text":"","src":"https:\/\/i0.wp.com\/lahoradelcampo.com.uy\/site\/wp-content\/uploads\/2021\/09\/Zafra-novilleros.jpg?fit=880%2C440&ssl=1&resize=350%2C200","width":350,"height":200,"srcset":"https:\/\/i0.wp.com\/lahoradelcampo.com.uy\/site\/wp-content\/uploads\/2021\/09\/Zafra-novilleros.jpg?fit=880%2C440&ssl=1&resize=350%2C200 1x, https:\/\/i0.wp.com\/lahoradelcampo.com.uy\/site\/wp-content\/uploads\/2021\/09\/Zafra-novilleros.jpg?fit=880%2C440&ssl=1&resize=525%2C300 1.5x, https:\/\/i0.wp.com\/lahoradelcampo.com.uy\/site\/wp-content\/uploads\/2021\/09\/Zafra-novilleros.jpg?fit=880%2C440&ssl=1&resize=700%2C400 2x"},"classes":[]},{"id":57082,"url":"https:\/\/lahoradelcampo.com.uy\/site\/en-salto-se-vendieron-445-toros-a-un-promedio-de-us-4-407\/","url_meta":{"origin":24520,"position":4},"title":"En Salto se vendieron 445 toros a un promedio de US$ 4.407","author":"La Hora del Campo","date":"18 noviembre, 2025","format":false,"excerpt":"La zafra de reproductores en Salto cerr\u00f3 octubre con resultados altamente positivos, confirmando un incremento tanto en precios como en volumen frente al a\u00f1o anterior. En total, se comercializaron 445 toros -30 m\u00e1s que en 2024- por una facturaci\u00f3n total de US$ 1.961.110, lo que representa un aumento del 33%\u2026","rel":"","context":"En \u00abActualidad\u00bb","block_context":{"text":"Actualidad","link":"https:\/\/lahoradelcampo.com.uy\/site\/category\/actualidad\/"},"img":{"alt_text":"","src":"https:\/\/i0.wp.com\/lahoradelcampo.com.uy\/site\/wp-content\/uploads\/2025\/11\/Toros-Hereford-scaled.jpg?fit=1200%2C904&ssl=1&resize=350%2C200","width":350,"height":200,"srcset":"https:\/\/i0.wp.com\/lahoradelcampo.com.uy\/site\/wp-content\/uploads\/2025\/11\/Toros-Hereford-scaled.jpg?fit=1200%2C904&ssl=1&resize=350%2C200 1x, https:\/\/i0.wp.com\/lahoradelcampo.com.uy\/site\/wp-content\/uploads\/2025\/11\/Toros-Hereford-scaled.jpg?fit=1200%2C904&ssl=1&resize=525%2C300 1.5x, https:\/\/i0.wp.com\/lahoradelcampo.com.uy\/site\/wp-content\/uploads\/2025\/11\/Toros-Hereford-scaled.jpg?fit=1200%2C904&ssl=1&resize=700%2C400 2x, https:\/\/i0.wp.com\/lahoradelcampo.com.uy\/site\/wp-content\/uploads\/2025\/11\/Toros-Hereford-scaled.jpg?fit=1200%2C904&ssl=1&resize=1050%2C600 3x"},"classes":[]},{"id":56960,"url":"https:\/\/lahoradelcampo.com.uy\/site\/los-novilleros-hicieron-us-3-849\/","url_meta":{"origin":24520,"position":5},"title":"Los novilleros hicieron US$ 3.849","author":"La Hora del Campo","date":"28 septiembre, 2025","format":false,"excerpt":"Con el martillo de Alejandro Dutra, se vendieron \"Los Novilleros\" en la Rural del Prado, con un total de 65 toros comercializados en la pista de ventas. El promedio alcanzado fue de US$ 3.849, con un m\u00e1ximo de US$ 8.400 para un Polled Hereford de Caba\u00f1a Santa In\u00e9s, adquirido por\u2026","rel":"","context":"En \u00abActualidad\u00bb","block_context":{"text":"Actualidad","link":"https:\/\/lahoradelcampo.com.uy\/site\/category\/actualidad\/"},"img":{"alt_text":"","src":"https:\/\/i0.wp.com\/lahoradelcampo.com.uy\/site\/wp-content\/uploads\/2025\/09\/Los-Novilleros-25.jpg?fit=880%2C440&ssl=1&resize=350%2C200","width":350,"height":200,"srcset":"https:\/\/i0.wp.com\/lahoradelcampo.com.uy\/site\/wp-content\/uploads\/2025\/09\/Los-Novilleros-25.jpg?fit=880%2C440&ssl=1&resize=350%2C200 1x, https:\/\/i0.wp.com\/lahoradelcampo.com.uy\/site\/wp-content\/uploads\/2025\/09\/Los-Novilleros-25.jpg?fit=880%2C440&ssl=1&resize=525%2C300 1.5x, https:\/\/i0.wp.com\/lahoradelcampo.com.uy\/site\/wp-content\/uploads\/2025\/09\/Los-Novilleros-25.jpg?fit=880%2C440&ssl=1&resize=700%2C400 2x"},"classes":[]}],"jetpack_likes_enabled":true,"_links":{"self":[{"href":"https:\/\/lahoradelcampo.com.uy\/site\/wp-json\/wp\/v2\/posts\/24520","targetHints":{"allow":["GET"]}}],"collection":[{"href":"https:\/\/lahoradelcampo.com.uy\/site\/wp-json\/wp\/v2\/posts"}],"about":[{"href":"https:\/\/lahoradelcampo.com.uy\/site\/wp-json\/wp\/v2\/types\/post"}],"author":[{"embeddable":true,"href":"https:\/\/lahoradelcampo.com.uy\/site\/wp-json\/wp\/v2\/users\/5"}],"replies":[{"embeddable":true,"href":"https:\/\/lahoradelcampo.com.uy\/site\/wp-json\/wp\/v2\/comments?post=24520"}],"version-history":[{"count":1,"href":"https:\/\/lahoradelcampo.com.uy\/site\/wp-json\/wp\/v2\/posts\/24520\/revisions"}],"predecessor-version":[{"id":24524,"href":"https:\/\/lahoradelcampo.com.uy\/site\/wp-json\/wp\/v2\/posts\/24520\/revisions\/24524"}],"wp:featuredmedia":[{"embeddable":true,"href":"https:\/\/lahoradelcampo.com.uy\/site\/wp-json\/wp\/v2\/media\/24522"}],"wp:attachment":[{"href":"https:\/\/lahoradelcampo.com.uy\/site\/wp-json\/wp\/v2\/media?parent=24520"}],"wp:term":[{"taxonomy":"category","embeddable":true,"href":"https:\/\/lahoradelcampo.com.uy\/site\/wp-json\/wp\/v2\/categories?post=24520"},{"taxonomy":"post_tag","embeddable":true,"href":"https:\/\/lahoradelcampo.com.uy\/site\/wp-json\/wp\/v2\/tags?post=24520"}],"curies":[{"name":"wp","href":"https:\/\/api.w.org\/{rel}","templated":true}]}}