{"id":24512,"date":"2020-10-10T14:12:18","date_gmt":"2020-10-10T17:12:18","guid":{"rendered":"http:\/\/lahoradelcampo.com.uy\/site\/?p=24512"},"modified":"2020-10-10T14:12:23","modified_gmt":"2020-10-10T17:12:23","slug":"importante-ingreso-de-cebollas-saltenas-al-mercado-granjero","status":"publish","type":"post","link":"https:\/\/lahoradelcampo.com.uy\/site\/importante-ingreso-de-cebollas-saltenas-al-mercado-granjero\/","title":{"rendered":"Importante ingreso de cebollas salte\u00f1as al mercado granjero"},"content":{"rendered":"\n<figure class=\"wp-block-image\"><img data-recalc-dims=\"1\" loading=\"lazy\" decoding=\"async\" width=\"810\" height=\"405\" data-attachment-id=\"24516\" data-permalink=\"https:\/\/lahoradelcampo.com.uy\/site\/importante-ingreso-de-cebollas-saltenas-al-mercado-granjero\/cebollaweb\/\" data-orig-file=\"https:\/\/i0.wp.com\/lahoradelcampo.com.uy\/site\/wp-content\/uploads\/2020\/10\/Cebollaweb.jpg?fit=880%2C440&amp;ssl=1\" data-orig-size=\"880,440\" data-comments-opened=\"1\" data-image-meta=\"{&quot;aperture&quot;:&quot;0&quot;,&quot;credit&quot;:&quot;&quot;,&quot;camera&quot;:&quot;&quot;,&quot;caption&quot;:&quot;&quot;,&quot;created_timestamp&quot;:&quot;0&quot;,&quot;copyright&quot;:&quot;&quot;,&quot;focal_length&quot;:&quot;0&quot;,&quot;iso&quot;:&quot;0&quot;,&quot;shutter_speed&quot;:&quot;0&quot;,&quot;title&quot;:&quot;&quot;,&quot;orientation&quot;:&quot;1&quot;}\" data-image-title=\"Cebollaweb\" data-image-description=\"\" data-image-caption=\"\" data-large-file=\"https:\/\/i0.wp.com\/lahoradelcampo.com.uy\/site\/wp-content\/uploads\/2020\/10\/Cebollaweb.jpg?fit=810%2C405&amp;ssl=1\" src=\"https:\/\/i0.wp.com\/lahoradelcampo.com.uy\/site\/wp-content\/uploads\/2020\/10\/Cebollaweb.jpg?resize=810%2C405\" alt=\"\" class=\"wp-image-24516\" srcset=\"https:\/\/i0.wp.com\/lahoradelcampo.com.uy\/site\/wp-content\/uploads\/2020\/10\/Cebollaweb.jpg?w=880&amp;ssl=1 880w, https:\/\/i0.wp.com\/lahoradelcampo.com.uy\/site\/wp-content\/uploads\/2020\/10\/Cebollaweb.jpg?resize=300%2C150&amp;ssl=1 300w, https:\/\/i0.wp.com\/lahoradelcampo.com.uy\/site\/wp-content\/uploads\/2020\/10\/Cebollaweb.jpg?resize=768%2C384&amp;ssl=1 768w, https:\/\/i0.wp.com\/lahoradelcampo.com.uy\/site\/wp-content\/uploads\/2020\/10\/Cebollaweb.jpg?resize=820%2C410&amp;ssl=1 820w\" sizes=\"auto, (max-width: 810px) 100vw, 810px\" \/><\/figure>\n\n\n\n<p>Operativa \u00e1gil esta semana de buen clima en el mercado hort\u00edcola salte\u00f1o. Como es tradicional con la presencia de compradores habituales de Salto y ciudades al Norte del R\u00edo Negro.<br><\/p>\n\n\n\n<p>En la novedades de esta semana se remarca el ingreso de buena oferta de cebolla salte\u00f1a de calidad a las superficies mayoristas, comenzando a disminuir la importada.<br><\/p>\n\n\n\n<p>Buena venta en rubro papa, con variada oferta respecto a calidad y precios de productos nacionales e importados. Ingresa papa blanca importada de Brasil.<br><\/p>\n\n\n\n<p>Ingresan bananas de diferentes or\u00edgenes (Ecuador, Bolivia, Paraguay), con precios que  var\u00edan de acuerdo a la calidad, con tendencia a la baja dado el aumento en la oferta.<br><\/p>\n\n\n\n<p>Pera importada argentina con venta \u00e1gil. Tambi\u00e9n ingresa uva al mercado. Buena demanda de manzanas de calidad de diferentes variedades y precios.<br><\/p>\n\n\n\n<p>Operativa<br><\/p>\n\n\n\n<p>En lo que respecta a operativa del mercado, el zapallito cotiza al alza con productos de calidad, en tanto que el morr\u00f3n verde de buena calidad esta presente en grandes cantidades. a contrapartida de lo que ocurre con le morr\u00f3n rojo que presenta escasez y precios al alza. Ambas variantes est\u00e1n siendo muy buscadas por los compradores.<br><\/p>\n\n\n\n<p>Buena oferta y demanda de tomate con precios similares a semanas anteriores. Las berenjenas de calidad cotizan a la baja y registran pocas ventas.<br><\/p>\n\n\n\n<p>Abundante oferta de zanahoria de buena calidad, con precios a la baja. Hay oferta de boniato zanahoria y colorado, con alta demanda de boniato zanahoria. <br><\/p>\n\n\n\n<p>Abundante oferta de cultivos de hoja que mantienen buena calidad: br\u00f3coli, remolacha, perejil, acelga, espinaca, ajo puerro.<br><\/p>\n\n\n\n<p>Alta demanda de citrus tanto para naranjas valencia y mandarina, como para limones. Venta \u00e1gil de frutilla, rubro que mantiene precios.<\/p>\n\n\n\n<div class=\"wp-block-image\"><figure class=\"aligncenter\"><img data-recalc-dims=\"1\" loading=\"lazy\" decoding=\"async\" width=\"567\" height=\"1024\" data-attachment-id=\"24514\" data-permalink=\"https:\/\/lahoradelcampo.com.uy\/site\/importante-ingreso-de-cebollas-saltenas-al-mercado-granjero\/presentacion-de-powerpoint-7\/\" data-orig-file=\"https:\/\/i0.wp.com\/lahoradelcampo.com.uy\/site\/wp-content\/uploads\/2020\/10\/Informe-hort%C3%ADcola.jpg?fit=1754%2C3170&amp;ssl=1\" data-orig-size=\"1754,3170\" data-comments-opened=\"1\" data-image-meta=\"{&quot;aperture&quot;:&quot;0&quot;,&quot;credit&quot;:&quot;Emii&quot;,&quot;camera&quot;:&quot;&quot;,&quot;caption&quot;:&quot;&quot;,&quot;created_timestamp&quot;:&quot;0&quot;,&quot;copyright&quot;:&quot;&quot;,&quot;focal_length&quot;:&quot;0&quot;,&quot;iso&quot;:&quot;0&quot;,&quot;shutter_speed&quot;:&quot;0&quot;,&quot;title&quot;:&quot;Presentaci\\u00f3n de PowerPoint&quot;,&quot;orientation&quot;:&quot;1&quot;}\" data-image-title=\"Presentaci\u00f3n de PowerPoint\" data-image-description=\"\" data-image-caption=\"\" data-large-file=\"https:\/\/i0.wp.com\/lahoradelcampo.com.uy\/site\/wp-content\/uploads\/2020\/10\/Informe-hort%C3%ADcola.jpg?fit=567%2C1024&amp;ssl=1\" src=\"https:\/\/i0.wp.com\/lahoradelcampo.com.uy\/site\/wp-content\/uploads\/2020\/10\/Informe-hort%C3%ADcola.jpg?resize=567%2C1024\" alt=\"\" class=\"wp-image-24514\" srcset=\"https:\/\/i0.wp.com\/lahoradelcampo.com.uy\/site\/wp-content\/uploads\/2020\/10\/Informe-hort%C3%ADcola.jpg?resize=567%2C1024&amp;ssl=1 567w, https:\/\/i0.wp.com\/lahoradelcampo.com.uy\/site\/wp-content\/uploads\/2020\/10\/Informe-hort%C3%ADcola.jpg?resize=166%2C300&amp;ssl=1 166w, https:\/\/i0.wp.com\/lahoradelcampo.com.uy\/site\/wp-content\/uploads\/2020\/10\/Informe-hort%C3%ADcola.jpg?resize=768%2C1388&amp;ssl=1 768w, https:\/\/i0.wp.com\/lahoradelcampo.com.uy\/site\/wp-content\/uploads\/2020\/10\/Informe-hort%C3%ADcola.jpg?w=1754&amp;ssl=1 1754w, https:\/\/i0.wp.com\/lahoradelcampo.com.uy\/site\/wp-content\/uploads\/2020\/10\/Informe-hort%C3%ADcola.jpg?w=1620 1620w\" sizes=\"auto, (max-width: 567px) 100vw, 567px\" \/><\/figure><\/div>\n\n\n\n<p style=\"text-align:right\"><strong>Salto, 10 de octubre de 2020<\/strong><\/p>\n","protected":false},"excerpt":{"rendered":"<p>Operativa \u00e1gil esta semana de buen clima en el mercado hort\u00edcola salte\u00f1o. Como es tradicional con la presencia de compradores habituales de Salto y ciudades al Norte del R\u00edo Negro. [&hellip;]<\/p>\n","protected":false},"author":5,"featured_media":24516,"comment_status":"open","ping_status":"open","sticky":false,"template":"","format":"standard","meta":{"_price":"","_stock":"","_tribe_ticket_header":"","_tribe_default_ticket_provider":"","_tribe_ticket_capacity":"0","_ticket_start_date":"","_ticket_end_date":"","_tribe_ticket_show_description":"","_tribe_ticket_show_not_going":false,"_tribe_ticket_use_global_stock":"","_tribe_ticket_global_stock_level":"","_global_stock_mode":"","_global_stock_cap":"","_tribe_rsvp_for_event":"","_tribe_ticket_going_count":"","_tribe_ticket_not_going_count":"","_tribe_tickets_list":"[]","_tribe_ticket_has_attendee_info_fields":false,"h5ap_radio_sources":[],"_jetpack_newsletter_access":"","_jetpack_dont_email_post_to_subs":false,"_jetpack_newsletter_tier_id":0,"_jetpack_memberships_contains_paywalled_content":false,"_jetpack_memberships_contains_paid_content":false,"footnotes":""},"categories":[21,9],"tags":[],"class_list":["post-24512","post","type-post","status-publish","format-standard","has-post-thumbnail","hentry","category-actualidad","category-granja"],"jetpack_featured_media_url":"https:\/\/i0.wp.com\/lahoradelcampo.com.uy\/site\/wp-content\/uploads\/2020\/10\/Cebollaweb.jpg?fit=880%2C440&ssl=1","jetpack_sharing_enabled":true,"jetpack_shortlink":"https:\/\/wp.me\/p99IaT-6nm","jetpack-related-posts":[{"id":44901,"url":"https:\/\/lahoradelcampo.com.uy\/site\/alta-oferta-de-papa-de-buena-calidad-y-precios-a-la-baja\/","url_meta":{"origin":24512,"position":0},"title":"Alta oferta de papa de buena calidad y precios a la baja","author":"La Hora del Campo","date":"22 agosto, 2022","format":false,"excerpt":"La oferta de papa en la Unidad Agroalimentaria Metropolitana (UAM), tanto blanca como rosada, es abundante en la actualidad, de acuerdo a los principales operadores referentes, que son encuestados todas las semanas. En la \u00faltima semana ingresaron a la unidad comercial un total de 1.294 toneladas, que representan el 19,4%\u2026","rel":"","context":"En \u00abActualidad\u00bb","block_context":{"text":"Actualidad","link":"https:\/\/lahoradelcampo.com.uy\/site\/category\/actualidad\/"},"img":{"alt_text":"","src":"https:\/\/i0.wp.com\/lahoradelcampo.com.uy\/site\/wp-content\/uploads\/2018\/04\/Papa.jpg?fit=880%2C440&ssl=1&resize=350%2C200","width":350,"height":200,"srcset":"https:\/\/i0.wp.com\/lahoradelcampo.com.uy\/site\/wp-content\/uploads\/2018\/04\/Papa.jpg?fit=880%2C440&ssl=1&resize=350%2C200 1x, https:\/\/i0.wp.com\/lahoradelcampo.com.uy\/site\/wp-content\/uploads\/2018\/04\/Papa.jpg?fit=880%2C440&ssl=1&resize=525%2C300 1.5x, https:\/\/i0.wp.com\/lahoradelcampo.com.uy\/site\/wp-content\/uploads\/2018\/04\/Papa.jpg?fit=880%2C440&ssl=1&resize=700%2C400 2x"},"classes":[]},{"id":20838,"url":"https:\/\/lahoradelcampo.com.uy\/site\/operativa-agil-con-abundante-oferta-en-el-mercado-granjero-salteno\/","url_meta":{"origin":24512,"position":1},"title":"Operativa \u00e1gil con abundante oferta en el mercado granjero salte\u00f1o","author":"La Hora del Campo","date":"12 junio, 2020","format":false,"excerpt":"La semana registr\u00f3 una operativa \u00e1gil y con un abundante nivel de oferta en los diversos puestos ubicados en los dos galpones de ventas. La calidad en todos los rubros hort\u00edcolas es buena, a diferencia de algunos productos frutales procedentes del sur del pa\u00eds, caso la pera, que si bien\u2026","rel":"","context":"En \u00abActualidad\u00bb","block_context":{"text":"Actualidad","link":"https:\/\/lahoradelcampo.com.uy\/site\/category\/actualidad\/"},"img":{"alt_text":"","src":"https:\/\/i0.wp.com\/lahoradelcampo.com.uy\/site\/wp-content\/uploads\/2020\/06\/pera.jpg?fit=880%2C440&ssl=1&resize=350%2C200","width":350,"height":200,"srcset":"https:\/\/i0.wp.com\/lahoradelcampo.com.uy\/site\/wp-content\/uploads\/2020\/06\/pera.jpg?fit=880%2C440&ssl=1&resize=350%2C200 1x, https:\/\/i0.wp.com\/lahoradelcampo.com.uy\/site\/wp-content\/uploads\/2020\/06\/pera.jpg?fit=880%2C440&ssl=1&resize=525%2C300 1.5x, https:\/\/i0.wp.com\/lahoradelcampo.com.uy\/site\/wp-content\/uploads\/2020\/06\/pera.jpg?fit=880%2C440&ssl=1&resize=700%2C400 2x"},"classes":[]},{"id":23444,"url":"https:\/\/lahoradelcampo.com.uy\/site\/operativa-normal-en-el-mercado-granjero-con-clientes-del-norte-del-pais\/","url_meta":{"origin":24512,"position":2},"title":"Operativa normal en el mercado granjero con clientes del norte del pa\u00eds","author":"La Hora del Campo","date":"13 septiembre, 2020","format":false,"excerpt":"La operativa fue normal en el mercado mayorista granjero de Salto en esta semana de buen clima, con presencia de abundante mercader\u00eda. Los compradores son los habituales de Salto y ciudades al Norte del R\u00edo Negro. Contin\u00faa increment\u00e1ndose semana a semana el ingreso de cebolla salte\u00f1a a bajo precio, debido\u2026","rel":"","context":"En \u00abActualidad\u00bb","block_context":{"text":"Actualidad","link":"https:\/\/lahoradelcampo.com.uy\/site\/category\/actualidad\/"},"img":{"alt_text":"","src":"https:\/\/i0.wp.com\/lahoradelcampo.com.uy\/site\/wp-content\/uploads\/2017\/09\/Mandarina.jpg?fit=880%2C440&ssl=1&resize=350%2C200","width":350,"height":200,"srcset":"https:\/\/i0.wp.com\/lahoradelcampo.com.uy\/site\/wp-content\/uploads\/2017\/09\/Mandarina.jpg?fit=880%2C440&ssl=1&resize=350%2C200 1x, https:\/\/i0.wp.com\/lahoradelcampo.com.uy\/site\/wp-content\/uploads\/2017\/09\/Mandarina.jpg?fit=880%2C440&ssl=1&resize=525%2C300 1.5x, https:\/\/i0.wp.com\/lahoradelcampo.com.uy\/site\/wp-content\/uploads\/2017\/09\/Mandarina.jpg?fit=880%2C440&ssl=1&resize=700%2C400 2x"},"classes":[]},{"id":22498,"url":"https:\/\/lahoradelcampo.com.uy\/site\/la-operativa-en-el-mercado-granjero-salteno-disminuyo-sobre-el-fin-de-semana\/","url_meta":{"origin":24512,"position":3},"title":"La operativa en el mercado granjero salte\u00f1o disminuy\u00f3 sobre el fin de semana","author":"La Hora del Campo","date":"10 agosto, 2020","format":false,"excerpt":"Semana de comienzo \u00e1gil, considerando el comienzo de mes, ayudado por las c\u00e1lidas temperaturas. Operativa m\u00e1s lenta sobre este fin de semana. Los compradores son los habituales, provenientes de localidades al norte del R\u00edo Negro como Paysand\u00fa, Bella Uni\u00f3n, Artigas, Rivera y Tacuaremb\u00f3. La importante cantidad de productos cosechados para\u2026","rel":"","context":"En \u00abActualidad\u00bb","block_context":{"text":"Actualidad","link":"https:\/\/lahoradelcampo.com.uy\/site\/category\/actualidad\/"},"img":{"alt_text":"","src":"https:\/\/i0.wp.com\/lahoradelcampo.com.uy\/site\/wp-content\/uploads\/2020\/08\/zapallitosweb.jpg?fit=880%2C440&ssl=1&resize=350%2C200","width":350,"height":200,"srcset":"https:\/\/i0.wp.com\/lahoradelcampo.com.uy\/site\/wp-content\/uploads\/2020\/08\/zapallitosweb.jpg?fit=880%2C440&ssl=1&resize=350%2C200 1x, https:\/\/i0.wp.com\/lahoradelcampo.com.uy\/site\/wp-content\/uploads\/2020\/08\/zapallitosweb.jpg?fit=880%2C440&ssl=1&resize=525%2C300 1.5x, https:\/\/i0.wp.com\/lahoradelcampo.com.uy\/site\/wp-content\/uploads\/2020\/08\/zapallitosweb.jpg?fit=880%2C440&ssl=1&resize=700%2C400 2x"},"classes":[]},{"id":20630,"url":"https:\/\/lahoradelcampo.com.uy\/site\/oferta-de-calidad-y-precios-tienden-a-la-baja-en-el-mercado-granjero-salteno\/","url_meta":{"origin":24512,"position":4},"title":"Oferta de calidad y precios tienden a la baja en el mercado granjero salte\u00f1o","author":"La Hora del Campo","date":"5 junio, 2020","format":false,"excerpt":"\u201cActualmente el p\u00fablico tiene oferta de mercader\u00eda de muy buena calidad y con precios que en casi todos los rubros tienden a la baja\u201d seg\u00fan inform\u00f3 Avanza Salto Hort\u00edcola en su bolet\u00edn semanal de precios del mercado granjero salte\u00f1o. La semana registr\u00f3 un buen nivel de ventas y con una\u2026","rel":"","context":"En \u00abActualidad\u00bb","block_context":{"text":"Actualidad","link":"https:\/\/lahoradelcampo.com.uy\/site\/category\/actualidad\/"},"img":{"alt_text":"","src":"https:\/\/i0.wp.com\/lahoradelcampo.com.uy\/site\/wp-content\/uploads\/2020\/06\/morronrojoweb.jpg?fit=880%2C440&ssl=1&resize=350%2C200","width":350,"height":200,"srcset":"https:\/\/i0.wp.com\/lahoradelcampo.com.uy\/site\/wp-content\/uploads\/2020\/06\/morronrojoweb.jpg?fit=880%2C440&ssl=1&resize=350%2C200 1x, https:\/\/i0.wp.com\/lahoradelcampo.com.uy\/site\/wp-content\/uploads\/2020\/06\/morronrojoweb.jpg?fit=880%2C440&ssl=1&resize=525%2C300 1.5x, https:\/\/i0.wp.com\/lahoradelcampo.com.uy\/site\/wp-content\/uploads\/2020\/06\/morronrojoweb.jpg?fit=880%2C440&ssl=1&resize=700%2C400 2x"},"classes":[]},{"id":25396,"url":"https:\/\/lahoradelcampo.com.uy\/site\/en-un-mercado-a-la-baja-los-precios-de-la-papa-registran-subas\/","url_meta":{"origin":24512,"position":5},"title":"En un mercado a la baja, los precios de la papa registran subas","author":"La Hora del Campo","date":"9 noviembre, 2020","format":false,"excerpt":"La semana de buen clima en esta zona del litoral norte del pa\u00eds gener\u00f3 una buena presencia de compradores en el mercado granjero salte\u00f1o, tanto del departamento como los clientes que tradicionalmente provienen del norte del R\u00edo Negro. Los negocios durante esta semana se agilizaron en las primeras horas de\u2026","rel":"","context":"En \u00abActualidad\u00bb","block_context":{"text":"Actualidad","link":"https:\/\/lahoradelcampo.com.uy\/site\/category\/actualidad\/"},"img":{"alt_text":"","src":"https:\/\/i0.wp.com\/lahoradelcampo.com.uy\/site\/wp-content\/uploads\/2018\/04\/Papa.jpg?fit=880%2C440&ssl=1&resize=350%2C200","width":350,"height":200,"srcset":"https:\/\/i0.wp.com\/lahoradelcampo.com.uy\/site\/wp-content\/uploads\/2018\/04\/Papa.jpg?fit=880%2C440&ssl=1&resize=350%2C200 1x, https:\/\/i0.wp.com\/lahoradelcampo.com.uy\/site\/wp-content\/uploads\/2018\/04\/Papa.jpg?fit=880%2C440&ssl=1&resize=525%2C300 1.5x, https:\/\/i0.wp.com\/lahoradelcampo.com.uy\/site\/wp-content\/uploads\/2018\/04\/Papa.jpg?fit=880%2C440&ssl=1&resize=700%2C400 2x"},"classes":[]}],"jetpack_likes_enabled":true,"_links":{"self":[{"href":"https:\/\/lahoradelcampo.com.uy\/site\/wp-json\/wp\/v2\/posts\/24512","targetHints":{"allow":["GET"]}}],"collection":[{"href":"https:\/\/lahoradelcampo.com.uy\/site\/wp-json\/wp\/v2\/posts"}],"about":[{"href":"https:\/\/lahoradelcampo.com.uy\/site\/wp-json\/wp\/v2\/types\/post"}],"author":[{"embeddable":true,"href":"https:\/\/lahoradelcampo.com.uy\/site\/wp-json\/wp\/v2\/users\/5"}],"replies":[{"embeddable":true,"href":"https:\/\/lahoradelcampo.com.uy\/site\/wp-json\/wp\/v2\/comments?post=24512"}],"version-history":[{"count":1,"href":"https:\/\/lahoradelcampo.com.uy\/site\/wp-json\/wp\/v2\/posts\/24512\/revisions"}],"predecessor-version":[{"id":24518,"href":"https:\/\/lahoradelcampo.com.uy\/site\/wp-json\/wp\/v2\/posts\/24512\/revisions\/24518"}],"wp:featuredmedia":[{"embeddable":true,"href":"https:\/\/lahoradelcampo.com.uy\/site\/wp-json\/wp\/v2\/media\/24516"}],"wp:attachment":[{"href":"https:\/\/lahoradelcampo.com.uy\/site\/wp-json\/wp\/v2\/media?parent=24512"}],"wp:term":[{"taxonomy":"category","embeddable":true,"href":"https:\/\/lahoradelcampo.com.uy\/site\/wp-json\/wp\/v2\/categories?post=24512"},{"taxonomy":"post_tag","embeddable":true,"href":"https:\/\/lahoradelcampo.com.uy\/site\/wp-json\/wp\/v2\/tags?post=24512"}],"curies":[{"name":"wp","href":"https:\/\/api.w.org\/{rel}","templated":true}]}}