{"id":24488,"date":"2020-10-09T07:57:15","date_gmt":"2020-10-09T10:57:15","guid":{"rendered":"http:\/\/lahoradelcampo.com.uy\/site\/?p=24488"},"modified":"2020-10-09T07:57:26","modified_gmt":"2020-10-09T10:57:26","slug":"pese-a-la-caida-de-la-faena-hay-senales-de-reaccion-en-el-sector-carnico","status":"publish","type":"post","link":"https:\/\/lahoradelcampo.com.uy\/site\/pese-a-la-caida-de-la-faena-hay-senales-de-reaccion-en-el-sector-carnico\/","title":{"rendered":"Pese a la ca\u00edda de la faena, hay se\u00f1ales de reacci\u00f3n en el sector c\u00e1rnico"},"content":{"rendered":"\n<figure class=\"wp-block-image\"><img data-recalc-dims=\"1\" loading=\"lazy\" decoding=\"async\" width=\"810\" height=\"405\" data-attachment-id=\"18794\" data-permalink=\"https:\/\/lahoradelcampo.com.uy\/site\/rusia-comenzo-a-exportar-carne-angus-a-china\/carneanguschina\/\" data-orig-file=\"https:\/\/i0.wp.com\/lahoradelcampo.com.uy\/site\/wp-content\/uploads\/2020\/04\/Carneanguschina.jpg?fit=880%2C440&amp;ssl=1\" data-orig-size=\"880,440\" data-comments-opened=\"1\" data-image-meta=\"{&quot;aperture&quot;:&quot;0&quot;,&quot;credit&quot;:&quot;&quot;,&quot;camera&quot;:&quot;&quot;,&quot;caption&quot;:&quot;&quot;,&quot;created_timestamp&quot;:&quot;0&quot;,&quot;copyright&quot;:&quot;&quot;,&quot;focal_length&quot;:&quot;0&quot;,&quot;iso&quot;:&quot;0&quot;,&quot;shutter_speed&quot;:&quot;0&quot;,&quot;title&quot;:&quot;&quot;,&quot;orientation&quot;:&quot;1&quot;}\" data-image-title=\"Carneanguschina\" data-image-description=\"\" data-image-caption=\"\" data-large-file=\"https:\/\/i0.wp.com\/lahoradelcampo.com.uy\/site\/wp-content\/uploads\/2020\/04\/Carneanguschina.jpg?fit=810%2C405&amp;ssl=1\" src=\"https:\/\/i0.wp.com\/lahoradelcampo.com.uy\/site\/wp-content\/uploads\/2020\/04\/Carneanguschina.jpg?resize=810%2C405\" alt=\"\" class=\"wp-image-18794\" srcset=\"https:\/\/i0.wp.com\/lahoradelcampo.com.uy\/site\/wp-content\/uploads\/2020\/04\/Carneanguschina.jpg?w=880&amp;ssl=1 880w, https:\/\/i0.wp.com\/lahoradelcampo.com.uy\/site\/wp-content\/uploads\/2020\/04\/Carneanguschina.jpg?resize=300%2C150&amp;ssl=1 300w, https:\/\/i0.wp.com\/lahoradelcampo.com.uy\/site\/wp-content\/uploads\/2020\/04\/Carneanguschina.jpg?resize=768%2C384&amp;ssl=1 768w, https:\/\/i0.wp.com\/lahoradelcampo.com.uy\/site\/wp-content\/uploads\/2020\/04\/Carneanguschina.jpg?resize=820%2C410&amp;ssl=1 820w\" sizes=\"auto, (max-width: 810px) 100vw, 810px\" \/><\/figure>\n\n\n\n<p>El reporte al cierre de setiembre 2020, de INAC, analiza las principales cifras de los 9 meses transcurridos del a\u00f1o, en los principales indicadores.<br> El total de la faena de bovinos disminuy\u00f3 un 17,6% respecto al mismo per\u00edodo del 2019, con unas 299 mil cabezas menos, aunque si miramos solamente el tercer trimestre, se observa una ca\u00edda m\u00e1s leve respecto a los anteriores.<br><\/p>\n\n\n\n<p>En Exportaciones,  hubo un crecimiento del mercado del NAFTA y menos ventas a China.<br><\/p>\n\n\n\n<p>Se registr\u00f3 una disminuci\u00f3n del 16.7% en el ingreso por concepto de exportaci\u00f3n de todas las carnes.  Esta contracci\u00f3n se da en todos los rubros, con resultados por debajo en todos los meses, pero siendo abril y setiembre los de mayor diferencia.<br><\/p>\n\n\n\n<p>China, pese a una disminuci\u00f3n del 36% en su importaci\u00f3n, contin\u00faa siendo el principal mercado para Uruguay con el 44%, seguido de NAFTA con 24% y la Uni\u00f3n Europea con 17%.<br><\/p>\n\n\n\n<p>En materia de consumo de carnes en el mercado interno, se registr\u00f3 una disminuci\u00f3n con un aumento de la importaci\u00f3n.<br><\/p>\n\n\n\n<p>En los 9 meses del a\u00f1o el consumo de carnes mostr\u00f3 una ca\u00edda de 4,8% respecto al mismo per\u00edodo del a\u00f1o anterior.  Se observa una disminuci\u00f3n en todas, con excepci\u00f3n de la aviar que gener\u00f3 un incremento del 12.6%.<br><\/p>\n\n\n\n<p>En tanto, la importaci\u00f3n, en el mismo per\u00edodo, ha aumentado un 8,8%, siendo la carne aviar la de mayor variaci\u00f3n con un 262%.<\/p>\n\n\n\n<p style=\"text-align:right\"><strong>Salto, 9 de setiembre de 2020<\/strong><\/p>\n","protected":false},"excerpt":{"rendered":"<p>El reporte al cierre de setiembre 2020, de INAC, analiza las principales cifras de los 9 meses transcurridos del a\u00f1o, en los principales indicadores. El total de la faena de [&hellip;]<\/p>\n","protected":false},"author":5,"featured_media":18794,"comment_status":"open","ping_status":"open","sticky":false,"template":"","format":"standard","meta":{"_price":"","_stock":"","_tribe_ticket_header":"","_tribe_default_ticket_provider":"","_tribe_ticket_capacity":"0","_ticket_start_date":"","_ticket_end_date":"","_tribe_ticket_show_description":"","_tribe_ticket_show_not_going":false,"_tribe_ticket_use_global_stock":"","_tribe_ticket_global_stock_level":"","_global_stock_mode":"","_global_stock_cap":"","_tribe_rsvp_for_event":"","_tribe_ticket_going_count":"","_tribe_ticket_not_going_count":"","_tribe_tickets_list":"[]","_tribe_ticket_has_attendee_info_fields":false,"h5ap_radio_sources":[],"_jetpack_newsletter_access":"","_jetpack_dont_email_post_to_subs":false,"_jetpack_newsletter_tier_id":0,"_jetpack_memberships_contains_paywalled_content":false,"_jetpack_memberships_contains_paid_content":false,"footnotes":""},"categories":[21,5],"tags":[],"class_list":["post-24488","post","type-post","status-publish","format-standard","has-post-thumbnail","hentry","category-actualidad","category-ganaderia"],"jetpack_featured_media_url":"https:\/\/i0.wp.com\/lahoradelcampo.com.uy\/site\/wp-content\/uploads\/2020\/04\/Carneanguschina.jpg?fit=880%2C440&ssl=1","jetpack_sharing_enabled":true,"jetpack_shortlink":"https:\/\/wp.me\/p99IaT-6mY","jetpack-related-posts":[{"id":19068,"url":"https:\/\/lahoradelcampo.com.uy\/site\/la-faena-vacuna-cayo-un-255-en-el-primer-trimestre-de-2020\/","url_meta":{"origin":24488,"position":0},"title":"La faena vacuna cay\u00f3 un 25,5%  en el primer trimestre de 2020","author":"La Hora del Campo","date":"22 abril, 2020","format":false,"excerpt":"El Instituto Nacional de Carnes (INAC) present\u00f3 en la jornada de ayer un informe sobre el comportamiento del sector c\u00e1rnico durante los tres primeros meses de 2020 en nuestro pa\u00eds, donde se visualiza un fuerte descenso de la faena vacuna, en tanto que la ovina tambi\u00e9n desciende pero en menor\u2026","rel":"","context":"En \u00abActualidad\u00bb","block_context":{"text":"Actualidad","link":"https:\/\/lahoradelcampo.com.uy\/site\/category\/actualidad\/"},"img":{"alt_text":"","src":"https:\/\/i0.wp.com\/lahoradelcampo.com.uy\/site\/wp-content\/uploads\/2020\/04\/Faena-2.jpg?fit=880%2C440&ssl=1&resize=350%2C200","width":350,"height":200,"srcset":"https:\/\/i0.wp.com\/lahoradelcampo.com.uy\/site\/wp-content\/uploads\/2020\/04\/Faena-2.jpg?fit=880%2C440&ssl=1&resize=350%2C200 1x, https:\/\/i0.wp.com\/lahoradelcampo.com.uy\/site\/wp-content\/uploads\/2020\/04\/Faena-2.jpg?fit=880%2C440&ssl=1&resize=525%2C300 1.5x, https:\/\/i0.wp.com\/lahoradelcampo.com.uy\/site\/wp-content\/uploads\/2020\/04\/Faena-2.jpg?fit=880%2C440&ssl=1&resize=700%2C400 2x"},"classes":[]},{"id":54650,"url":"https:\/\/lahoradelcampo.com.uy\/site\/indicadores-del-equino-caen-en-los-primeros-ochos-meses-del-2024\/","url_meta":{"origin":24488,"position":1},"title":"Indicadores del equino caen en los primeros ochos meses del 2024","author":"La Hora del Campo","date":"24 septiembre, 2024","format":false,"excerpt":"El sector equino en Uruguay registra un descenso en pr\u00e1cticamente todos los indicadores, salvo el en valor promedio del equino en pie, durante los ocho meses del a\u00f1o, seg\u00fan los datos actualizados por el Instituto Nacional de Carnes (INAC). La faena de equinos ha tenido una ca\u00edda 26,2% en comparaci\u00f3n\u2026","rel":"","context":"En \u00abActualidad\u00bb","block_context":{"text":"Actualidad","link":"https:\/\/lahoradelcampo.com.uy\/site\/category\/actualidad\/"},"img":{"alt_text":"","src":"https:\/\/i0.wp.com\/lahoradelcampo.com.uy\/site\/wp-content\/uploads\/2024\/09\/carne-equina-tonelada.jpg?fit=880%2C440&ssl=1&resize=350%2C200","width":350,"height":200,"srcset":"https:\/\/i0.wp.com\/lahoradelcampo.com.uy\/site\/wp-content\/uploads\/2024\/09\/carne-equina-tonelada.jpg?fit=880%2C440&ssl=1&resize=350%2C200 1x, https:\/\/i0.wp.com\/lahoradelcampo.com.uy\/site\/wp-content\/uploads\/2024\/09\/carne-equina-tonelada.jpg?fit=880%2C440&ssl=1&resize=525%2C300 1.5x, https:\/\/i0.wp.com\/lahoradelcampo.com.uy\/site\/wp-content\/uploads\/2024\/09\/carne-equina-tonelada.jpg?fit=880%2C440&ssl=1&resize=700%2C400 2x"},"classes":[]},{"id":54042,"url":"https:\/\/lahoradelcampo.com.uy\/site\/la-faena-ovina-cayo-27-en-el-ejercicio-23-24\/","url_meta":{"origin":24488,"position":2},"title":"La faena ovina cay\u00f3 27% en el ejercicio 23-24","author":"La Hora del Campo","date":"24 julio, 2024","format":false,"excerpt":"Al cierre del ejercicio agr\u00edcola-ganadero 2023-24, cerrado el pasado mes de junio, la faena ovina cay\u00f3 un 27% respecto al a\u00f1o anterior y 19% ante el 21-22, seg\u00fan los datos del Instituto Nacional de Carnes (INAC). Durante el \u00faltimo ejercicio la faena ascendi\u00f3 a 1.101.599 cabezas, con descensos consecutivos en\u2026","rel":"","context":"En \u00abActualidad\u00bb","block_context":{"text":"Actualidad","link":"https:\/\/lahoradelcampo.com.uy\/site\/category\/actualidad\/"},"img":{"alt_text":"","src":"https:\/\/i0.wp.com\/lahoradelcampo.com.uy\/site\/wp-content\/uploads\/2024\/07\/faena-ovina.jpg?fit=880%2C440&ssl=1&resize=350%2C200","width":350,"height":200,"srcset":"https:\/\/i0.wp.com\/lahoradelcampo.com.uy\/site\/wp-content\/uploads\/2024\/07\/faena-ovina.jpg?fit=880%2C440&ssl=1&resize=350%2C200 1x, https:\/\/i0.wp.com\/lahoradelcampo.com.uy\/site\/wp-content\/uploads\/2024\/07\/faena-ovina.jpg?fit=880%2C440&ssl=1&resize=525%2C300 1.5x, https:\/\/i0.wp.com\/lahoradelcampo.com.uy\/site\/wp-content\/uploads\/2024\/07\/faena-ovina.jpg?fit=880%2C440&ssl=1&resize=700%2C400 2x"},"classes":[]},{"id":47421,"url":"https:\/\/lahoradelcampo.com.uy\/site\/exportaciones-de-carnes-crecen-un-10-en-2022-informo-inac\/","url_meta":{"origin":24488,"position":3},"title":"Exportaciones de carnes crecen un 10% en 2022, inform\u00f3 INAC","author":"La Hora del Campo","date":"2 diciembre, 2022","format":false,"excerpt":"El Instituto Nacional de Carnes present\u00f3 ayer, 1 de diciembre, el cierre estad\u00edstico del a\u00f1o que se estima tendr\u00e1 un volumen aproximado de 520 mil toneladas pc; evaluando como un buen a\u00f1o en su totalidad, a pesar de la baja de valores en el \u00faltimo semestre. En conferencia de prensa,\u2026","rel":"","context":"En \u00abActualidad\u00bb","block_context":{"text":"Actualidad","link":"https:\/\/lahoradelcampo.com.uy\/site\/category\/actualidad\/"},"img":{"alt_text":"","src":"https:\/\/i0.wp.com\/lahoradelcampo.com.uy\/site\/wp-content\/uploads\/2022\/12\/INAC-cierrea%C3%B1o.jpg?fit=880%2C440&ssl=1&resize=350%2C200","width":350,"height":200,"srcset":"https:\/\/i0.wp.com\/lahoradelcampo.com.uy\/site\/wp-content\/uploads\/2022\/12\/INAC-cierrea%C3%B1o.jpg?fit=880%2C440&ssl=1&resize=350%2C200 1x, https:\/\/i0.wp.com\/lahoradelcampo.com.uy\/site\/wp-content\/uploads\/2022\/12\/INAC-cierrea%C3%B1o.jpg?fit=880%2C440&ssl=1&resize=525%2C300 1.5x, https:\/\/i0.wp.com\/lahoradelcampo.com.uy\/site\/wp-content\/uploads\/2022\/12\/INAC-cierrea%C3%B1o.jpg?fit=880%2C440&ssl=1&resize=700%2C400 2x"},"classes":[]},{"id":11203,"url":"https:\/\/lahoradelcampo.com.uy\/site\/la-faena-vacuna-continua-firme-y-se-posiciona-un-2-sobre-2018\/","url_meta":{"origin":24488,"position":4},"title":"La faena vacuna contin\u00faa firme y se posiciona un 2% sobre 2018","author":"La Hora del Campo","date":"28 mayo, 2019","format":false,"excerpt":"En la \u00faltima semana la faena vacuna se posicion\u00f3 en las 49.291 cabezas, un 4% por debajo de la semana anterior, sin embargo al comparar la actividad industrial con la misma semana del a\u00f1o pasado vemos un incremento del 6%. En este contexto el 51,2% de la faena correspondi\u00f3 a\u2026","rel":"","context":"En \u00abActualidad\u00bb","block_context":{"text":"Actualidad","link":"https:\/\/lahoradelcampo.com.uy\/site\/category\/actualidad\/"},"img":{"alt_text":"","src":"https:\/\/i0.wp.com\/lahoradelcampo.com.uy\/site\/wp-content\/uploads\/2019\/05\/Faena-1.jpg?fit=880%2C440&ssl=1&resize=350%2C200","width":350,"height":200,"srcset":"https:\/\/i0.wp.com\/lahoradelcampo.com.uy\/site\/wp-content\/uploads\/2019\/05\/Faena-1.jpg?fit=880%2C440&ssl=1&resize=350%2C200 1x, https:\/\/i0.wp.com\/lahoradelcampo.com.uy\/site\/wp-content\/uploads\/2019\/05\/Faena-1.jpg?fit=880%2C440&ssl=1&resize=525%2C300 1.5x, https:\/\/i0.wp.com\/lahoradelcampo.com.uy\/site\/wp-content\/uploads\/2019\/05\/Faena-1.jpg?fit=880%2C440&ssl=1&resize=700%2C400 2x"},"classes":[]},{"id":43151,"url":"https:\/\/lahoradelcampo.com.uy\/site\/tonelada-de-carne-equina-sube-un-19-en-2022\/","url_meta":{"origin":24488,"position":5},"title":"Tonelada de carne equina sube un 19% en 2022","author":"La Hora del Campo","date":"24 junio, 2022","format":false,"excerpt":"En los primeros cinco meses del 2022, la faena equina registr\u00f3 un descenso del 11% seg\u00fan los datos actualizados por el Instituto Nacional de Carnes (INAC), lo cual ha marcado tambi\u00e9n una ca\u00edda del 7% en el volumen exportado, sin embargo la suba de un 19% en el valor de\u2026","rel":"","context":"En \u00abActualidad\u00bb","block_context":{"text":"Actualidad","link":"https:\/\/lahoradelcampo.com.uy\/site\/category\/actualidad\/"},"img":{"alt_text":"","src":"https:\/\/i0.wp.com\/lahoradelcampo.com.uy\/site\/wp-content\/uploads\/2022\/01\/Equinos-general.jpg?fit=880%2C440&ssl=1&resize=350%2C200","width":350,"height":200,"srcset":"https:\/\/i0.wp.com\/lahoradelcampo.com.uy\/site\/wp-content\/uploads\/2022\/01\/Equinos-general.jpg?fit=880%2C440&ssl=1&resize=350%2C200 1x, https:\/\/i0.wp.com\/lahoradelcampo.com.uy\/site\/wp-content\/uploads\/2022\/01\/Equinos-general.jpg?fit=880%2C440&ssl=1&resize=525%2C300 1.5x, https:\/\/i0.wp.com\/lahoradelcampo.com.uy\/site\/wp-content\/uploads\/2022\/01\/Equinos-general.jpg?fit=880%2C440&ssl=1&resize=700%2C400 2x"},"classes":[]}],"jetpack_likes_enabled":true,"_links":{"self":[{"href":"https:\/\/lahoradelcampo.com.uy\/site\/wp-json\/wp\/v2\/posts\/24488","targetHints":{"allow":["GET"]}}],"collection":[{"href":"https:\/\/lahoradelcampo.com.uy\/site\/wp-json\/wp\/v2\/posts"}],"about":[{"href":"https:\/\/lahoradelcampo.com.uy\/site\/wp-json\/wp\/v2\/types\/post"}],"author":[{"embeddable":true,"href":"https:\/\/lahoradelcampo.com.uy\/site\/wp-json\/wp\/v2\/users\/5"}],"replies":[{"embeddable":true,"href":"https:\/\/lahoradelcampo.com.uy\/site\/wp-json\/wp\/v2\/comments?post=24488"}],"version-history":[{"count":1,"href":"https:\/\/lahoradelcampo.com.uy\/site\/wp-json\/wp\/v2\/posts\/24488\/revisions"}],"predecessor-version":[{"id":24490,"href":"https:\/\/lahoradelcampo.com.uy\/site\/wp-json\/wp\/v2\/posts\/24488\/revisions\/24490"}],"wp:featuredmedia":[{"embeddable":true,"href":"https:\/\/lahoradelcampo.com.uy\/site\/wp-json\/wp\/v2\/media\/18794"}],"wp:attachment":[{"href":"https:\/\/lahoradelcampo.com.uy\/site\/wp-json\/wp\/v2\/media?parent=24488"}],"wp:term":[{"taxonomy":"category","embeddable":true,"href":"https:\/\/lahoradelcampo.com.uy\/site\/wp-json\/wp\/v2\/categories?post=24488"},{"taxonomy":"post_tag","embeddable":true,"href":"https:\/\/lahoradelcampo.com.uy\/site\/wp-json\/wp\/v2\/tags?post=24488"}],"curies":[{"name":"wp","href":"https:\/\/api.w.org\/{rel}","templated":true}]}}