{"id":24484,"date":"2020-10-09T07:49:17","date_gmt":"2020-10-09T10:49:17","guid":{"rendered":"http:\/\/lahoradelcampo.com.uy\/site\/?p=24484"},"modified":"2020-10-09T07:49:22","modified_gmt":"2020-10-09T10:49:22","slug":"wool-connect-mensaje-positivo-y-deberes-a-futuro","status":"publish","type":"post","link":"https:\/\/lahoradelcampo.com.uy\/site\/wool-connect-mensaje-positivo-y-deberes-a-futuro\/","title":{"rendered":"Wool Connect: Mensaje positivo y deberes a futuro"},"content":{"rendered":"\n<figure class=\"wp-block-image\"><img data-recalc-dims=\"1\" loading=\"lazy\" decoding=\"async\" width=\"810\" height=\"405\" data-attachment-id=\"6581\" data-permalink=\"https:\/\/lahoradelcampo.com.uy\/site\/lanzamiento-de-la-zafra-ovina-se-realizara-en-artigas-este-ano\/ovinos-7\/\" data-orig-file=\"https:\/\/i0.wp.com\/lahoradelcampo.com.uy\/site\/wp-content\/uploads\/2018\/04\/Ovinos.jpg?fit=880%2C440&amp;ssl=1\" data-orig-size=\"880,440\" data-comments-opened=\"1\" data-image-meta=\"{&quot;aperture&quot;:&quot;0&quot;,&quot;credit&quot;:&quot;&quot;,&quot;camera&quot;:&quot;&quot;,&quot;caption&quot;:&quot;&quot;,&quot;created_timestamp&quot;:&quot;0&quot;,&quot;copyright&quot;:&quot;&quot;,&quot;focal_length&quot;:&quot;0&quot;,&quot;iso&quot;:&quot;0&quot;,&quot;shutter_speed&quot;:&quot;0&quot;,&quot;title&quot;:&quot;&quot;,&quot;orientation&quot;:&quot;1&quot;}\" data-image-title=\"Ovinos\" data-image-description=\"\" data-image-caption=\"\" data-large-file=\"https:\/\/i0.wp.com\/lahoradelcampo.com.uy\/site\/wp-content\/uploads\/2018\/04\/Ovinos.jpg?fit=810%2C405&amp;ssl=1\" src=\"https:\/\/i0.wp.com\/lahoradelcampo.com.uy\/site\/wp-content\/uploads\/2018\/04\/Ovinos.jpg?resize=810%2C405\" alt=\"\" class=\"wp-image-6581\" srcset=\"https:\/\/i0.wp.com\/lahoradelcampo.com.uy\/site\/wp-content\/uploads\/2018\/04\/Ovinos.jpg?w=880&amp;ssl=1 880w, https:\/\/i0.wp.com\/lahoradelcampo.com.uy\/site\/wp-content\/uploads\/2018\/04\/Ovinos.jpg?resize=300%2C150&amp;ssl=1 300w, https:\/\/i0.wp.com\/lahoradelcampo.com.uy\/site\/wp-content\/uploads\/2018\/04\/Ovinos.jpg?resize=768%2C384&amp;ssl=1 768w, https:\/\/i0.wp.com\/lahoradelcampo.com.uy\/site\/wp-content\/uploads\/2018\/04\/Ovinos.jpg?resize=820%2C410&amp;ssl=1 820w\" sizes=\"auto, (max-width: 810px) 100vw, 810px\" \/><\/figure>\n\n\n\n<p>Esta semana se concret\u00f3 la conferencia Wool Connect de Schneider Group, que fue auspiciada por el Secretariado Uruguayo de la Lana (SUL), en la misma se dej\u00f3 un mensaje positivo respecto a la utilizaci\u00f3n de las lanas en la producci\u00f3n de prendas a futuro por parte de las principales firmas minoristas en Europa.<br><\/p>\n\n\n\n<p>Si bien todas firmas plantearon su compromiso de incrementar la utilizaci\u00f3n de la fibra, tambi\u00e9n plantearon la necesidad de certificar los procesos productivos, trazar el camino de la lana hasta el consumidor final. <br><\/p>\n\n\n\n<p>Heinz Zeller, principal de sustentabilidad de la empresa Hugo Boss, dijo que la lana debe trabajar en disminuir el impacto de la huella de carbono en la producci\u00f3n, as\u00ed como tambi\u00e9n la certificaci\u00f3n de los procesos y la no utilizaci\u00f3n de la t\u00e9cnica de mulesing. <\/p>\n\n\n\n<p>Esto \u00faltimo form\u00f3 parte de las diferentes presentaciones subsiguientes, Ichiro Kitao de la firma Muji destac\u00f3 que la firma ha incrementado sus compras de lana en Australia en la \u00faltima temporada y que prev\u00e9 seguir aumentando su adquisici\u00f3n de lana, pero tambi\u00e9n marc\u00f3 que la fibra utilizada es 100% sin mulesing, por lo que demand\u00f3 continuar en la senda de disminuir la utilizaci\u00f3n de esta t\u00e9cnica. <br><\/p>\n\n\n\n<p>Debora Tricarico y Katrina Ole-Mioyoi, del grupo Kering, presentaron un plan de trabajo donde se remarca al sustentabilidad de los productos y el impacto en el medioambiente de la producci\u00f3n de las materias primas. En este caso se remarc\u00f3 la necesidad de cumplir con los diferentes protocolos de certificaci\u00f3n, tanto a nivel de la producci\u00f3n como de los procesos industriales. <br><\/p>\n\n\n\n<p>El representante de la empresa Zara dijo que el compromiso es incrementar el uso de lanas certificadas, por lo que demand\u00f3 la necesidad de incrementar el n\u00famero de productores con la certificaci\u00f3n R-W-S. Al mismo tiempo dijo que espera conocer nuevas certificaciones que respeten el protocolo de sustentabilidad para poder cumplir con los objetivos de utilizar el 50% de lana sustentable certificada en sus productos.<\/p>\n\n\n\n<p style=\"text-align:right\"><strong>Salto, 9 de octubre de 2020<\/strong><\/p>\n","protected":false},"excerpt":{"rendered":"<p>Esta semana se concret\u00f3 la conferencia Wool Connect de Schneider Group, que fue auspiciada por el Secretariado Uruguayo de la Lana (SUL), en la misma se dej\u00f3 un mensaje positivo [&hellip;]<\/p>\n","protected":false},"author":5,"featured_media":6581,"comment_status":"open","ping_status":"open","sticky":false,"template":"","format":"standard","meta":{"_price":"","_stock":"","_tribe_ticket_header":"","_tribe_default_ticket_provider":"","_tribe_ticket_capacity":"0","_ticket_start_date":"","_ticket_end_date":"","_tribe_ticket_show_description":"","_tribe_ticket_show_not_going":false,"_tribe_ticket_use_global_stock":"","_tribe_ticket_global_stock_level":"","_global_stock_mode":"","_global_stock_cap":"","_tribe_rsvp_for_event":"","_tribe_ticket_going_count":"","_tribe_ticket_not_going_count":"","_tribe_tickets_list":"[]","_tribe_ticket_has_attendee_info_fields":false,"h5ap_radio_sources":[],"_jetpack_newsletter_access":"","_jetpack_dont_email_post_to_subs":false,"_jetpack_newsletter_tier_id":0,"_jetpack_memberships_contains_paywalled_content":false,"_jetpack_memberships_contains_paid_content":false,"footnotes":""},"categories":[21,5],"tags":[],"class_list":["post-24484","post","type-post","status-publish","format-standard","has-post-thumbnail","hentry","category-actualidad","category-ganaderia"],"jetpack_featured_media_url":"https:\/\/i0.wp.com\/lahoradelcampo.com.uy\/site\/wp-content\/uploads\/2018\/04\/Ovinos.jpg?fit=880%2C440&ssl=1","jetpack_sharing_enabled":true,"jetpack_shortlink":"https:\/\/wp.me\/p99IaT-6mU","jetpack-related-posts":[{"id":24148,"url":"https:\/\/lahoradelcampo.com.uy\/site\/wool-connect-una-conferencia-de-tres-dias-para-conocer-el-futuro-de-la-lana\/","url_meta":{"origin":24484,"position":0},"title":"\u00abWool Connect\u00bb una conferencia de tres d\u00edas para conocer el futuro de la lana","author":"La Hora del Campo","date":"30 septiembre, 2020","format":false,"excerpt":"Durante tres d\u00edas, los productores laneros, los diferentes actores de la cadena y el p\u00fablico interesado podr\u00e1n acceder e intercambiar conocimientos y soluciones que aseguren un futuro sostenible para el sector lanero. Wool Connect consistir\u00e1 en sesiones de dos horas cada d\u00eda con expositores provenientes de diferentes empresas y organizaciones\u2026","rel":"","context":"En \u00abActualidad\u00bb","block_context":{"text":"Actualidad","link":"https:\/\/lahoradelcampo.com.uy\/site\/category\/actualidad\/"},"img":{"alt_text":"","src":"https:\/\/i0.wp.com\/lahoradelcampo.com.uy\/site\/wp-content\/uploads\/2020\/09\/woolconect.jpg?fit=880%2C440&ssl=1&resize=350%2C200","width":350,"height":200,"srcset":"https:\/\/i0.wp.com\/lahoradelcampo.com.uy\/site\/wp-content\/uploads\/2020\/09\/woolconect.jpg?fit=880%2C440&ssl=1&resize=350%2C200 1x, https:\/\/i0.wp.com\/lahoradelcampo.com.uy\/site\/wp-content\/uploads\/2020\/09\/woolconect.jpg?fit=880%2C440&ssl=1&resize=525%2C300 1.5x, https:\/\/i0.wp.com\/lahoradelcampo.com.uy\/site\/wp-content\/uploads\/2020\/09\/woolconect.jpg?fit=880%2C440&ssl=1&resize=700%2C400 2x"},"classes":[]},{"id":54706,"url":"https:\/\/lahoradelcampo.com.uy\/site\/woolmark-apunta-a-los-beneficios-medioambientales-de-la-lana\/","url_meta":{"origin":24484,"position":1},"title":"Woolmark apunta a los beneficios medioambientales de la lana","author":"La Hora del Campo","date":"27 septiembre, 2024","format":false,"excerpt":"Woolmark ha publicado recientemente, el segundo cap\u00edtulo de su campa\u00f1a global centrada en el medio ambiente Wear Wool, Waste Not. El a\u00f1o pasado, la campa\u00f1a se centr\u00f3 en un video en el cual varias personas son cubiertas de petr\u00f3leo, mientras que quienes visten de lana aparecen en un ambiente rural,\u2026","rel":"","context":"En \u00abActualidad\u00bb","block_context":{"text":"Actualidad","link":"https:\/\/lahoradelcampo.com.uy\/site\/category\/actualidad\/"},"img":{"alt_text":"","src":"https:\/\/i0.wp.com\/lahoradelcampo.com.uy\/site\/wp-content\/uploads\/2024\/09\/woolmark-campana.jpg?fit=880%2C440&ssl=1&resize=350%2C200","width":350,"height":200,"srcset":"https:\/\/i0.wp.com\/lahoradelcampo.com.uy\/site\/wp-content\/uploads\/2024\/09\/woolmark-campana.jpg?fit=880%2C440&ssl=1&resize=350%2C200 1x, https:\/\/i0.wp.com\/lahoradelcampo.com.uy\/site\/wp-content\/uploads\/2024\/09\/woolmark-campana.jpg?fit=880%2C440&ssl=1&resize=525%2C300 1.5x, https:\/\/i0.wp.com\/lahoradelcampo.com.uy\/site\/wp-content\/uploads\/2024\/09\/woolmark-campana.jpg?fit=880%2C440&ssl=1&resize=700%2C400 2x"},"classes":[]},{"id":47953,"url":"https:\/\/lahoradelcampo.com.uy\/site\/australia-implementa-sistema-de-trazabilidad-digital-para-su-lana\/","url_meta":{"origin":24484,"position":2},"title":"Australia implementa sistema de trazabilidad digital para su lana","author":"La Hora del Campo","date":"6 enero, 2023","format":false,"excerpt":"Progresivamente Australia avanzar\u00e1 a la trazabilidad total de su lana para julio de 2023, en un proceso que ha comenzado este pasado 1 de diciembre de 2022. Seg\u00fan inform\u00f3 la Australian Wool Exchange (AWEX), esta tecnolog\u00eda permitir\u00e1 trazar el camino de la fibra desde el productor hasta el minorista. \u201ce-Bale\u201d\u2026","rel":"","context":"En \u00abActualidad\u00bb","block_context":{"text":"Actualidad","link":"https:\/\/lahoradelcampo.com.uy\/site\/category\/actualidad\/"},"img":{"alt_text":"","src":"https:\/\/i0.wp.com\/lahoradelcampo.com.uy\/site\/wp-content\/uploads\/2023\/01\/AWEX-EBale.jpg?fit=880%2C440&ssl=1&resize=350%2C200","width":350,"height":200,"srcset":"https:\/\/i0.wp.com\/lahoradelcampo.com.uy\/site\/wp-content\/uploads\/2023\/01\/AWEX-EBale.jpg?fit=880%2C440&ssl=1&resize=350%2C200 1x, https:\/\/i0.wp.com\/lahoradelcampo.com.uy\/site\/wp-content\/uploads\/2023\/01\/AWEX-EBale.jpg?fit=880%2C440&ssl=1&resize=525%2C300 1.5x, https:\/\/i0.wp.com\/lahoradelcampo.com.uy\/site\/wp-content\/uploads\/2023\/01\/AWEX-EBale.jpg?fit=880%2C440&ssl=1&resize=700%2C400 2x"},"classes":[]},{"id":16908,"url":"https:\/\/lahoradelcampo.com.uy\/site\/australia-se-prepara-para-enfrentar-danos-en-sus-lanas-por-los-incendios\/","url_meta":{"origin":24484,"position":3},"title":"Australia se prepara para enfrentar da\u00f1os en sus lanas por los incendios","author":"La Hora del Campo","date":"17 enero, 2020","format":false,"excerpt":"Los incendios que se registran en Australia est\u00e1n afectando la producci\u00f3n ovina, por lo que la lana tambi\u00e9n se ve afectada. De acuerdo a la empresa Mecardo y The Weekly Times en la zona afectada existen 8,6 millones de ovejas, que representan el 12% de la majada australiana. Ambas fuentes\u2026","rel":"","context":"En \u00abActualidad\u00bb","block_context":{"text":"Actualidad","link":"https:\/\/lahoradelcampo.com.uy\/site\/category\/actualidad\/"},"img":{"alt_text":"","src":"https:\/\/i0.wp.com\/lahoradelcampo.com.uy\/site\/wp-content\/uploads\/2020\/01\/Incendios.jpg?fit=880%2C440&ssl=1&resize=350%2C200","width":350,"height":200,"srcset":"https:\/\/i0.wp.com\/lahoradelcampo.com.uy\/site\/wp-content\/uploads\/2020\/01\/Incendios.jpg?fit=880%2C440&ssl=1&resize=350%2C200 1x, https:\/\/i0.wp.com\/lahoradelcampo.com.uy\/site\/wp-content\/uploads\/2020\/01\/Incendios.jpg?fit=880%2C440&ssl=1&resize=525%2C300 1.5x, https:\/\/i0.wp.com\/lahoradelcampo.com.uy\/site\/wp-content\/uploads\/2020\/01\/Incendios.jpg?fit=880%2C440&ssl=1&resize=700%2C400 2x"},"classes":[]},{"id":18798,"url":"https:\/\/lahoradelcampo.com.uy\/site\/standard-wool-anuncio-el-cierre-de-su-planta-en-chile\/","url_meta":{"origin":24484,"position":4},"title":"Standard Wool anunci\u00f3 el  cierre de su planta en Chile","author":"La Hora del Campo","date":"13 abril, 2020","format":false,"excerpt":"En Chile los comienzos de la producci\u00f3n ovina en la zona de Magallanes se vio impulsada por Lanera Austral, en 1965, y posteriormente se instal\u00f3 en la zona de R\u00edo Seco, la empresa Standard Wool, que permiti\u00f3 realizar el proceso de lavado, secado y peinado de los distintos tipos de\u2026","rel":"","context":"En \u00abInternacionales\u00bb","block_context":{"text":"Internacionales","link":"https:\/\/lahoradelcampo.com.uy\/site\/category\/columnistas\/"},"img":{"alt_text":"","src":"https:\/\/i0.wp.com\/lahoradelcampo.com.uy\/site\/wp-content\/uploads\/2020\/04\/standardwool.jpg?fit=880%2C440&ssl=1&resize=350%2C200","width":350,"height":200,"srcset":"https:\/\/i0.wp.com\/lahoradelcampo.com.uy\/site\/wp-content\/uploads\/2020\/04\/standardwool.jpg?fit=880%2C440&ssl=1&resize=350%2C200 1x, https:\/\/i0.wp.com\/lahoradelcampo.com.uy\/site\/wp-content\/uploads\/2020\/04\/standardwool.jpg?fit=880%2C440&ssl=1&resize=525%2C300 1.5x, https:\/\/i0.wp.com\/lahoradelcampo.com.uy\/site\/wp-content\/uploads\/2020\/04\/standardwool.jpg?fit=880%2C440&ssl=1&resize=700%2C400 2x"},"classes":[]},{"id":22596,"url":"https:\/\/lahoradelcampo.com.uy\/site\/awi-comenzo-a-trabajar-en-la-trazabilidad-de-la-lana-para-responder-la-demanda-del-consumidor\/","url_meta":{"origin":24484,"position":5},"title":"AWI comenz\u00f3 a trabajar en la trazabilidad de la lana para responder la demanda del consumidor","author":"La Hora del Campo","date":"12 agosto, 2020","format":false,"excerpt":"Australian Wool Innovation present\u00f3 su Plan Operativo 2020\/2021, dentro del mismo se plantean varios temas que a futuro ser\u00e1n de relevancia para el sector productivo australiano, entre ellos la trazabilidad de la lana para lograr responder ante las demandas del consumidor final. De acuerdo al documento, el objetivo es proporcionar\u2026","rel":"","context":"En \u00abActualidad\u00bb","block_context":{"text":"Actualidad","link":"https:\/\/lahoradelcampo.com.uy\/site\/category\/actualidad\/"},"img":{"alt_text":"","src":"https:\/\/i0.wp.com\/lahoradelcampo.com.uy\/site\/wp-content\/uploads\/2017\/08\/lanas.jpg?fit=784%2C450&ssl=1&resize=350%2C200","width":350,"height":200,"srcset":"https:\/\/i0.wp.com\/lahoradelcampo.com.uy\/site\/wp-content\/uploads\/2017\/08\/lanas.jpg?fit=784%2C450&ssl=1&resize=350%2C200 1x, https:\/\/i0.wp.com\/lahoradelcampo.com.uy\/site\/wp-content\/uploads\/2017\/08\/lanas.jpg?fit=784%2C450&ssl=1&resize=525%2C300 1.5x, https:\/\/i0.wp.com\/lahoradelcampo.com.uy\/site\/wp-content\/uploads\/2017\/08\/lanas.jpg?fit=784%2C450&ssl=1&resize=700%2C400 2x"},"classes":[]}],"jetpack_likes_enabled":true,"_links":{"self":[{"href":"https:\/\/lahoradelcampo.com.uy\/site\/wp-json\/wp\/v2\/posts\/24484","targetHints":{"allow":["GET"]}}],"collection":[{"href":"https:\/\/lahoradelcampo.com.uy\/site\/wp-json\/wp\/v2\/posts"}],"about":[{"href":"https:\/\/lahoradelcampo.com.uy\/site\/wp-json\/wp\/v2\/types\/post"}],"author":[{"embeddable":true,"href":"https:\/\/lahoradelcampo.com.uy\/site\/wp-json\/wp\/v2\/users\/5"}],"replies":[{"embeddable":true,"href":"https:\/\/lahoradelcampo.com.uy\/site\/wp-json\/wp\/v2\/comments?post=24484"}],"version-history":[{"count":1,"href":"https:\/\/lahoradelcampo.com.uy\/site\/wp-json\/wp\/v2\/posts\/24484\/revisions"}],"predecessor-version":[{"id":24486,"href":"https:\/\/lahoradelcampo.com.uy\/site\/wp-json\/wp\/v2\/posts\/24484\/revisions\/24486"}],"wp:featuredmedia":[{"embeddable":true,"href":"https:\/\/lahoradelcampo.com.uy\/site\/wp-json\/wp\/v2\/media\/6581"}],"wp:attachment":[{"href":"https:\/\/lahoradelcampo.com.uy\/site\/wp-json\/wp\/v2\/media?parent=24484"}],"wp:term":[{"taxonomy":"category","embeddable":true,"href":"https:\/\/lahoradelcampo.com.uy\/site\/wp-json\/wp\/v2\/categories?post=24484"},{"taxonomy":"post_tag","embeddable":true,"href":"https:\/\/lahoradelcampo.com.uy\/site\/wp-json\/wp\/v2\/tags?post=24484"}],"curies":[{"name":"wp","href":"https:\/\/api.w.org\/{rel}","templated":true}]}}