{"id":24474,"date":"2020-10-09T07:37:45","date_gmt":"2020-10-09T10:37:45","guid":{"rendered":"http:\/\/lahoradelcampo.com.uy\/site\/?p=24474"},"modified":"2020-10-09T07:37:51","modified_gmt":"2020-10-09T10:37:51","slug":"el-mercado-lanero-uruguayo-sin-negocios-y-cada-vez-mas-consultas","status":"publish","type":"post","link":"https:\/\/lahoradelcampo.com.uy\/site\/el-mercado-lanero-uruguayo-sin-negocios-y-cada-vez-mas-consultas\/","title":{"rendered":"El mercado lanero uruguayo sin negocios y cada vez m\u00e1s consultas"},"content":{"rendered":"\n<figure class=\"wp-block-image\"><img data-recalc-dims=\"1\" loading=\"lazy\" decoding=\"async\" width=\"810\" height=\"405\" data-attachment-id=\"3619\" data-permalink=\"https:\/\/lahoradelcampo.com.uy\/site\/se-vendio-cerca-de-100-000-kilos-de-lanas-por-debajo-de-las-215-micras\/lanas-8\/\" data-orig-file=\"https:\/\/i0.wp.com\/lahoradelcampo.com.uy\/site\/wp-content\/uploads\/2017\/11\/Lanas-1.jpg?fit=880%2C440&amp;ssl=1\" data-orig-size=\"880,440\" data-comments-opened=\"1\" data-image-meta=\"{&quot;aperture&quot;:&quot;0&quot;,&quot;credit&quot;:&quot;Vicente-Manuel-Tort&quot;,&quot;camera&quot;:&quot;&quot;,&quot;caption&quot;:&quot;&quot;,&quot;created_timestamp&quot;:&quot;0&quot;,&quot;copyright&quot;:&quot;Presidencia de la Republica - Sec.Com.Inst.&quot;,&quot;focal_length&quot;:&quot;0&quot;,&quot;iso&quot;:&quot;0&quot;,&quot;shutter_speed&quot;:&quot;0&quot;,&quot;title&quot;:&quot;&quot;,&quot;orientation&quot;:&quot;1&quot;}\" data-image-title=\"Lanas\" data-image-description=\"\" data-image-caption=\"\" data-large-file=\"https:\/\/i0.wp.com\/lahoradelcampo.com.uy\/site\/wp-content\/uploads\/2017\/11\/Lanas-1.jpg?fit=810%2C405&amp;ssl=1\" src=\"https:\/\/i0.wp.com\/lahoradelcampo.com.uy\/site\/wp-content\/uploads\/2017\/11\/Lanas-1.jpg?resize=810%2C405\" alt=\"\" class=\"wp-image-3619\" srcset=\"https:\/\/i0.wp.com\/lahoradelcampo.com.uy\/site\/wp-content\/uploads\/2017\/11\/Lanas-1.jpg?w=880&amp;ssl=1 880w, https:\/\/i0.wp.com\/lahoradelcampo.com.uy\/site\/wp-content\/uploads\/2017\/11\/Lanas-1.jpg?resize=300%2C150&amp;ssl=1 300w, https:\/\/i0.wp.com\/lahoradelcampo.com.uy\/site\/wp-content\/uploads\/2017\/11\/Lanas-1.jpg?resize=768%2C384&amp;ssl=1 768w, https:\/\/i0.wp.com\/lahoradelcampo.com.uy\/site\/wp-content\/uploads\/2017\/11\/Lanas-1.jpg?resize=820%2C410&amp;ssl=1 820w\" sizes=\"auto, (max-width: 810px) 100vw, 810px\" \/><\/figure>\n\n\n\n<p>El pasado fin de semana con la realizaci\u00f3n del concurso de vellones merino en el marco de la Expo Salto, se congregaron all\u00ed varios operadores de la cadena lanera, tanto industriales como la exportaci\u00f3n en sucio. Lo que gener\u00f3 varias reuniones entre productores, consignatarios y los integrantes de la demanda. Lo que qued\u00f3 claro es la necesidad de tener \u00abpaciencia\u00bb y esperar a que el sector se reactive con negocios desde el exterior que actualmente est\u00e1 sin operativa. <br><\/p>\n\n\n\n<p>En varios casos se explic\u00f3 que la efervescencia que se gener\u00f3 a nivel de nuestro pa\u00eds en las semanas anteriores con la suba del mercado lanero australiano, no se reflej\u00f3 en la demanda desde el exterior. <br><\/p>\n\n\n\n<p>Un integrante de la industria lanera dijo que es muy probable que la reactivaci\u00f3n del mercado se extienda a la segunda mitad de la zafra, teniendo en cuenta el volumen de lana que se est\u00e1 distribuyendo en este momento debido a la realizaci\u00f3n de las esquilas en las principales zonas productivas, mientras que la demanda a nivel de las empresas minoristas contin\u00faa lento debido a la pandemia del covid-19. Lo principal destacado por todos los eslabones presentes en dicho encuentro es la necesidad de realizar una buena cosecha de la lana y presentar la fibra lo mejor posible.<br><\/p>\n\n\n\n<p>Todos concordaron en que esta situaci\u00f3n supera todas las experiencias en crisis anteriores, por lo que no habr\u00eda una concordancia respecto a las mismas para marcar referencias de precios. La demanda no est\u00e1 presente desde el exterior y eso es lo que genera mayor preocupaci\u00f3n en todos los eslabones. <br><\/p>\n\n\n\n<p style=\"text-align:right\"><strong>Salto, 9 de octubre de 2020<\/strong><\/p>\n","protected":false},"excerpt":{"rendered":"<p>El pasado fin de semana con la realizaci\u00f3n del concurso de vellones merino en el marco de la Expo Salto, se congregaron all\u00ed varios operadores de la cadena lanera, tanto [&hellip;]<\/p>\n","protected":false},"author":5,"featured_media":3619,"comment_status":"open","ping_status":"open","sticky":false,"template":"","format":"standard","meta":{"_price":"","_stock":"","_tribe_ticket_header":"","_tribe_default_ticket_provider":"","_tribe_ticket_capacity":"0","_ticket_start_date":"","_ticket_end_date":"","_tribe_ticket_show_description":"","_tribe_ticket_show_not_going":false,"_tribe_ticket_use_global_stock":"","_tribe_ticket_global_stock_level":"","_global_stock_mode":"","_global_stock_cap":"","_tribe_rsvp_for_event":"","_tribe_ticket_going_count":"","_tribe_ticket_not_going_count":"","_tribe_tickets_list":"[]","_tribe_ticket_has_attendee_info_fields":false,"h5ap_radio_sources":[],"_jetpack_newsletter_access":"","_jetpack_dont_email_post_to_subs":false,"_jetpack_newsletter_tier_id":0,"_jetpack_memberships_contains_paywalled_content":false,"_jetpack_memberships_contains_paid_content":false,"footnotes":""},"categories":[21,5],"tags":[],"class_list":["post-24474","post","type-post","status-publish","format-standard","has-post-thumbnail","hentry","category-actualidad","category-ganaderia"],"jetpack_featured_media_url":"https:\/\/i0.wp.com\/lahoradelcampo.com.uy\/site\/wp-content\/uploads\/2017\/11\/Lanas-1.jpg?fit=880%2C440&ssl=1","jetpack_sharing_enabled":true,"jetpack_shortlink":"https:\/\/wp.me\/p99IaT-6mK","jetpack-related-posts":[{"id":18180,"url":"https:\/\/lahoradelcampo.com.uy\/site\/el-mercado-lanero-interno-a-la-espera-de-novedades-desde-el-exterior\/","url_meta":{"origin":24474,"position":0},"title":"El mercado lanero interno a la espera de novedades desde el exterior","author":"La Hora del Campo","date":"20 marzo, 2020","format":false,"excerpt":"En el di\u00e1logo con dos empresas topistas nacionales y varios intermediarios, se dej\u00f3 a ver un mercado paralizado, con una demanda internacional lejos de la concreci\u00f3n de negocios y nuevos valores que se puedan trasladar al mercado interno. En principio los dos representantes de las empresas topistas, fueron claros en\u2026","rel":"","context":"En \u00abActualidad\u00bb","block_context":{"text":"Actualidad","link":"https:\/\/lahoradelcampo.com.uy\/site\/category\/actualidad\/"},"img":{"alt_text":"","src":"https:\/\/i0.wp.com\/lahoradelcampo.com.uy\/site\/wp-content\/uploads\/2020\/03\/Lana-uruguay.jpg?fit=880%2C440&ssl=1&resize=350%2C200","width":350,"height":200,"srcset":"https:\/\/i0.wp.com\/lahoradelcampo.com.uy\/site\/wp-content\/uploads\/2020\/03\/Lana-uruguay.jpg?fit=880%2C440&ssl=1&resize=350%2C200 1x, https:\/\/i0.wp.com\/lahoradelcampo.com.uy\/site\/wp-content\/uploads\/2020\/03\/Lana-uruguay.jpg?fit=880%2C440&ssl=1&resize=525%2C300 1.5x, https:\/\/i0.wp.com\/lahoradelcampo.com.uy\/site\/wp-content\/uploads\/2020\/03\/Lana-uruguay.jpg?fit=880%2C440&ssl=1&resize=700%2C400 2x"},"classes":[]},{"id":18160,"url":"https:\/\/lahoradelcampo.com.uy\/site\/paralizado-el-mercado-lanero-interno-a-la-espera-de-novedades-desde-el-exterior%ef%bb%bf\/","url_meta":{"origin":24474,"position":1},"title":"Paralizado. El mercado lanero interno a la espera de novedades desde el exterior\ufeff","author":"La Hora del Campo","date":"19 marzo, 2020","format":false,"excerpt":"PEn el di\u00e1logo con dos empresas topistas nacionales y varios intermediarios, se dej\u00f3 a ver un mercado paralizado, con una demanda internacional lejos de la concreci\u00f3n de negocios y nuevos valores que se puedan trasladar al mercado interno. En principio los dos representantes de las empresas topistas, fueron claros en\u2026","rel":"","context":"En \u00abActualidad\u00bb","block_context":{"text":"Actualidad","link":"https:\/\/lahoradelcampo.com.uy\/site\/category\/actualidad\/"},"img":{"alt_text":"","src":"https:\/\/i0.wp.com\/lahoradelcampo.com.uy\/site\/wp-content\/uploads\/2017\/09\/Banner-lana.jpg?fit=730%2C330&ssl=1&resize=350%2C200","width":350,"height":200,"srcset":"https:\/\/i0.wp.com\/lahoradelcampo.com.uy\/site\/wp-content\/uploads\/2017\/09\/Banner-lana.jpg?fit=730%2C330&ssl=1&resize=350%2C200 1x, https:\/\/i0.wp.com\/lahoradelcampo.com.uy\/site\/wp-content\/uploads\/2017\/09\/Banner-lana.jpg?fit=730%2C330&ssl=1&resize=525%2C300 1.5x, https:\/\/i0.wp.com\/lahoradelcampo.com.uy\/site\/wp-content\/uploads\/2017\/09\/Banner-lana.jpg?fit=730%2C330&ssl=1&resize=700%2C400 2x"},"classes":[]},{"id":22890,"url":"https:\/\/lahoradelcampo.com.uy\/site\/operativa-lanera-en-uruguay-continua-sin-negocios\/","url_meta":{"origin":24474,"position":2},"title":"Operativa lanera en Uruguay contin\u00faa sin negocios","author":"La Hora del Campo","date":"24 agosto, 2020","format":false,"excerpt":"Aunque parezca repetitivo, el mercado lanero a nivel interno contin\u00faa sin concretar operaciones. Las industrias y la exportaci\u00f3n en sucio contin\u00faan a la espera de la demanda desde el exterior para concretar la compra de los lotes necesarios para cumplir con sus compromisos. Las esquilas contin\u00faan avanzando y se confirma\u2026","rel":"","context":"En \u00abActualidad\u00bb","block_context":{"text":"Actualidad","link":"https:\/\/lahoradelcampo.com.uy\/site\/category\/actualidad\/"},"img":{"alt_text":"","src":"https:\/\/i0.wp.com\/lahoradelcampo.com.uy\/site\/wp-content\/uploads\/2017\/08\/lanas.jpg?fit=784%2C450&ssl=1&resize=350%2C200","width":350,"height":200,"srcset":"https:\/\/i0.wp.com\/lahoradelcampo.com.uy\/site\/wp-content\/uploads\/2017\/08\/lanas.jpg?fit=784%2C450&ssl=1&resize=350%2C200 1x, https:\/\/i0.wp.com\/lahoradelcampo.com.uy\/site\/wp-content\/uploads\/2017\/08\/lanas.jpg?fit=784%2C450&ssl=1&resize=525%2C300 1.5x, https:\/\/i0.wp.com\/lahoradelcampo.com.uy\/site\/wp-content\/uploads\/2017\/08\/lanas.jpg?fit=784%2C450&ssl=1&resize=700%2C400 2x"},"classes":[]},{"id":10841,"url":"https:\/\/lahoradelcampo.com.uy\/site\/el-cierre-de-la-zafra-lanera-se-acerca-con-un-20-sin-vender\/","url_meta":{"origin":24474,"position":3},"title":"El cierre de la zafra lanera se acerca con un 20% sin vender","author":"La Hora del Campo","date":"17 mayo, 2019","format":false,"excerpt":"El mercado lanero uruguayo, al igual que a nivel internacional, se acerca al cierre de la zafra lanera 2018\/19 con expectativas en los productores de mejorar los precios y una demanda cautelosa que observa las ca\u00eddas consecutivas que va teniendo el mercado internacional. En esta situaci\u00f3n la distancia entre lo\u2026","rel":"","context":"En \u00abActualidad\u00bb","block_context":{"text":"Actualidad","link":"https:\/\/lahoradelcampo.com.uy\/site\/category\/actualidad\/"},"img":{"alt_text":"","src":"https:\/\/i0.wp.com\/lahoradelcampo.com.uy\/site\/wp-content\/uploads\/2019\/05\/lanas-interno.jpg?fit=880%2C440&ssl=1&resize=350%2C200","width":350,"height":200,"srcset":"https:\/\/i0.wp.com\/lahoradelcampo.com.uy\/site\/wp-content\/uploads\/2019\/05\/lanas-interno.jpg?fit=880%2C440&ssl=1&resize=350%2C200 1x, https:\/\/i0.wp.com\/lahoradelcampo.com.uy\/site\/wp-content\/uploads\/2019\/05\/lanas-interno.jpg?fit=880%2C440&ssl=1&resize=525%2C300 1.5x, https:\/\/i0.wp.com\/lahoradelcampo.com.uy\/site\/wp-content\/uploads\/2019\/05\/lanas-interno.jpg?fit=880%2C440&ssl=1&resize=700%2C400 2x"},"classes":[]},{"id":18464,"url":"https:\/\/lahoradelcampo.com.uy\/site\/mercado-lanero-paralizado-y-con-plantas-sin-actividad\/","url_meta":{"origin":24474,"position":4},"title":"Mercado lanero paralizado y con plantas sin actividad","author":"La Hora del Campo","date":"27 marzo, 2020","format":false,"excerpt":"La ca\u00edda acumulada en las \u00faltimas semanas a nivel internacional, a pesar de la suba de esta semana, sumada a la problem\u00e1tica del Covid-19 en nuestro pa\u00eds, ha llevado a un mercado lanero interno pr\u00e1cticamente paralizado en su totalidad. Si bien existen algunas consultas por parte de los productores a\u2026","rel":"","context":"En \u00abActualidad\u00bb","block_context":{"text":"Actualidad","link":"https:\/\/lahoradelcampo.com.uy\/site\/category\/actualidad\/"},"img":{"alt_text":"","src":"https:\/\/i0.wp.com\/lahoradelcampo.com.uy\/site\/wp-content\/uploads\/2017\/10\/Lanas-2.jpg?fit=880%2C440&ssl=1&resize=350%2C200","width":350,"height":200,"srcset":"https:\/\/i0.wp.com\/lahoradelcampo.com.uy\/site\/wp-content\/uploads\/2017\/10\/Lanas-2.jpg?fit=880%2C440&ssl=1&resize=350%2C200 1x, https:\/\/i0.wp.com\/lahoradelcampo.com.uy\/site\/wp-content\/uploads\/2017\/10\/Lanas-2.jpg?fit=880%2C440&ssl=1&resize=525%2C300 1.5x, https:\/\/i0.wp.com\/lahoradelcampo.com.uy\/site\/wp-content\/uploads\/2017\/10\/Lanas-2.jpg?fit=880%2C440&ssl=1&resize=700%2C400 2x"},"classes":[]},{"id":19168,"url":"https:\/\/lahoradelcampo.com.uy\/site\/mercado-lanero-uruguayo-sigue-sin-operativa\/","url_meta":{"origin":24474,"position":5},"title":"Mercado lanero uruguayo  sigue sin operativa","author":"La Hora del Campo","date":"24 abril, 2020","format":false,"excerpt":"Luego del di\u00e1logo con varios operadores del mercado, podemos decir que se incrementa la consulta por parte de los productores, en la b\u00fasqueda de concretar la venta y hacerse de recursos econ\u00f3micos que permitan cubrir algunas necesidades financieras, pero no es la generalidad del mercado. A todo esto, la demanda\u2026","rel":"","context":"En \u00abActualidad\u00bb","block_context":{"text":"Actualidad","link":"https:\/\/lahoradelcampo.com.uy\/site\/category\/actualidad\/"},"img":{"alt_text":"","src":"https:\/\/i0.wp.com\/lahoradelcampo.com.uy\/site\/wp-content\/uploads\/2018\/03\/lanar-web.jpg?fit=880%2C440&ssl=1&resize=350%2C200","width":350,"height":200,"srcset":"https:\/\/i0.wp.com\/lahoradelcampo.com.uy\/site\/wp-content\/uploads\/2018\/03\/lanar-web.jpg?fit=880%2C440&ssl=1&resize=350%2C200 1x, https:\/\/i0.wp.com\/lahoradelcampo.com.uy\/site\/wp-content\/uploads\/2018\/03\/lanar-web.jpg?fit=880%2C440&ssl=1&resize=525%2C300 1.5x, https:\/\/i0.wp.com\/lahoradelcampo.com.uy\/site\/wp-content\/uploads\/2018\/03\/lanar-web.jpg?fit=880%2C440&ssl=1&resize=700%2C400 2x"},"classes":[]}],"jetpack_likes_enabled":true,"_links":{"self":[{"href":"https:\/\/lahoradelcampo.com.uy\/site\/wp-json\/wp\/v2\/posts\/24474","targetHints":{"allow":["GET"]}}],"collection":[{"href":"https:\/\/lahoradelcampo.com.uy\/site\/wp-json\/wp\/v2\/posts"}],"about":[{"href":"https:\/\/lahoradelcampo.com.uy\/site\/wp-json\/wp\/v2\/types\/post"}],"author":[{"embeddable":true,"href":"https:\/\/lahoradelcampo.com.uy\/site\/wp-json\/wp\/v2\/users\/5"}],"replies":[{"embeddable":true,"href":"https:\/\/lahoradelcampo.com.uy\/site\/wp-json\/wp\/v2\/comments?post=24474"}],"version-history":[{"count":1,"href":"https:\/\/lahoradelcampo.com.uy\/site\/wp-json\/wp\/v2\/posts\/24474\/revisions"}],"predecessor-version":[{"id":24476,"href":"https:\/\/lahoradelcampo.com.uy\/site\/wp-json\/wp\/v2\/posts\/24474\/revisions\/24476"}],"wp:featuredmedia":[{"embeddable":true,"href":"https:\/\/lahoradelcampo.com.uy\/site\/wp-json\/wp\/v2\/media\/3619"}],"wp:attachment":[{"href":"https:\/\/lahoradelcampo.com.uy\/site\/wp-json\/wp\/v2\/media?parent=24474"}],"wp:term":[{"taxonomy":"category","embeddable":true,"href":"https:\/\/lahoradelcampo.com.uy\/site\/wp-json\/wp\/v2\/categories?post=24474"},{"taxonomy":"post_tag","embeddable":true,"href":"https:\/\/lahoradelcampo.com.uy\/site\/wp-json\/wp\/v2\/tags?post=24474"}],"curies":[{"name":"wp","href":"https:\/\/api.w.org\/{rel}","templated":true}]}}