{"id":24470,"date":"2020-10-09T07:33:44","date_gmt":"2020-10-09T10:33:44","guid":{"rendered":"http:\/\/lahoradelcampo.com.uy\/site\/?p=24470"},"modified":"2020-10-09T07:33:50","modified_gmt":"2020-10-09T10:33:50","slug":"canasta-inteligente-destaca-los-arandanos-la-naranja-y-el-limon","status":"publish","type":"post","link":"https:\/\/lahoradelcampo.com.uy\/site\/canasta-inteligente-destaca-los-arandanos-la-naranja-y-el-limon\/","title":{"rendered":"Canasta inteligente destaca los Ar\u00e1ndanos, la naranja y el lim\u00f3n"},"content":{"rendered":"\n<figure class=\"wp-block-image\"><img data-recalc-dims=\"1\" loading=\"lazy\" decoding=\"async\" width=\"810\" height=\"405\" data-attachment-id=\"15708\" data-permalink=\"https:\/\/lahoradelcampo.com.uy\/site\/primer-embarque-de-arandanos-de-gamorel-llego-a-china\/arandanos\/\" data-orig-file=\"https:\/\/i0.wp.com\/lahoradelcampo.com.uy\/site\/wp-content\/uploads\/2019\/11\/arandanos.jpg?fit=880%2C440&amp;ssl=1\" data-orig-size=\"880,440\" data-comments-opened=\"1\" data-image-meta=\"{&quot;aperture&quot;:&quot;0&quot;,&quot;credit&quot;:&quot;&quot;,&quot;camera&quot;:&quot;&quot;,&quot;caption&quot;:&quot;&quot;,&quot;created_timestamp&quot;:&quot;0&quot;,&quot;copyright&quot;:&quot;&quot;,&quot;focal_length&quot;:&quot;0&quot;,&quot;iso&quot;:&quot;0&quot;,&quot;shutter_speed&quot;:&quot;0&quot;,&quot;title&quot;:&quot;&quot;,&quot;orientation&quot;:&quot;1&quot;}\" data-image-title=\"arandanos\" data-image-description=\"\" data-image-caption=\"\" data-large-file=\"https:\/\/i0.wp.com\/lahoradelcampo.com.uy\/site\/wp-content\/uploads\/2019\/11\/arandanos.jpg?fit=810%2C405&amp;ssl=1\" src=\"https:\/\/i0.wp.com\/lahoradelcampo.com.uy\/site\/wp-content\/uploads\/2019\/11\/arandanos.jpg?resize=810%2C405\" alt=\"\" class=\"wp-image-15708\" srcset=\"https:\/\/i0.wp.com\/lahoradelcampo.com.uy\/site\/wp-content\/uploads\/2019\/11\/arandanos.jpg?w=880&amp;ssl=1 880w, https:\/\/i0.wp.com\/lahoradelcampo.com.uy\/site\/wp-content\/uploads\/2019\/11\/arandanos.jpg?resize=300%2C150&amp;ssl=1 300w, https:\/\/i0.wp.com\/lahoradelcampo.com.uy\/site\/wp-content\/uploads\/2019\/11\/arandanos.jpg?resize=768%2C384&amp;ssl=1 768w, https:\/\/i0.wp.com\/lahoradelcampo.com.uy\/site\/wp-content\/uploads\/2019\/11\/arandanos.jpg?resize=820%2C410&amp;ssl=1 820w\" sizes=\"auto, (max-width: 810px) 100vw, 810px\" \/><\/figure>\n\n\n\n<p>En el caso del ar\u00e1ndano, la Canasta Inteligente del Mercado modelo destaca que esta peque\u00f1a fruta de la familia de las Ericaceae contiene un alto contenido de antioxidantes, lo que la  hace muy interesante entre los alimentos saludables. Pertenece al grupo de los frutos rojos junto con la frutilla, la frambuesa y la mora.  <\/p>\n\n\n\n<p>Luego de la cosecha, esta fruta contin\u00faa madurando. Si la partida presenta sabor \u00e1cido se puede dejar unos d\u00edas para consumirla en su punto \u00f3ptimo de madurez.  <\/p>\n\n\n\n<p>A la hora de elegir en el punto de venta, verificar que no presente da\u00f1os, heridas o lesiones. La fruta debe estar turgente, sin arrugas que indiquen deshidrataci\u00f3n. Rechazar las partidas que presentan frutas deformes o con colores verdosos o azul oscuro opaco. Para la conservaci\u00f3n en el hogar, en heladera en recipiente cerrado. Puede conservarse frescos por varias semanas y congelado por varios meses.<br><\/p>\n\n\n\n<p>Naranja<br><\/p>\n\n\n\n<p>En Uruguay, este producto se cultiva principalmente en el litoral norte. Se distinguen dos grandes grupos varietales, la Navel y la Valencia. Estas \u00faltimas tienen forma redonda algo achatada, de tama\u00f1o medio a grande y sin ombligo. Algunas variedades de este grupo presentan muchas semillas, pero aportan muy buena cantidad de jugo. <\/p>\n\n\n\n<p>El consumo de naranjas previene el c\u00e1ncer, las afecciones cardiovasculares y las infecciones. Son ricas en vitamina C, tambi\u00e9n contienen calcio, magnesio, f\u00f3sforo y potasio. Al momento de la compra se deben elegir aquellos frutos que presenten moderada firmeza, sin  manchas, golpes ni podredumbres. <br><\/p>\n\n\n\n<p>Lim\u00f3n<br><\/p>\n\n\n\n<p>El lim\u00f3n es originario del sudeste asi\u00e1tico y del sur de China. Las principales zonas de producci\u00f3n en Uruguay se encuentran en el litoral y en el sur del pa\u00eds, existiendo oferta de producto nacional a lo largo de todo el a\u00f1o. Su consumo previene el riesgo de padecer tumores de es\u00f3fago y aporta buenas cantidades de Vitamina C, B y \u00e1cido f\u00f3lico. <\/p>\n\n\n\n<p style=\"text-align:right\"><strong>Salto, 9 de octubre de 2020<\/strong><\/p>\n","protected":false},"excerpt":{"rendered":"<p>En el caso del ar\u00e1ndano, la Canasta Inteligente del Mercado modelo destaca que esta peque\u00f1a fruta de la familia de las Ericaceae contiene un alto contenido de antioxidantes, lo que [&hellip;]<\/p>\n","protected":false},"author":5,"featured_media":15708,"comment_status":"open","ping_status":"open","sticky":false,"template":"","format":"standard","meta":{"_price":"","_stock":"","_tribe_ticket_header":"","_tribe_default_ticket_provider":"","_tribe_ticket_capacity":"0","_ticket_start_date":"","_ticket_end_date":"","_tribe_ticket_show_description":"","_tribe_ticket_show_not_going":false,"_tribe_ticket_use_global_stock":"","_tribe_ticket_global_stock_level":"","_global_stock_mode":"","_global_stock_cap":"","_tribe_rsvp_for_event":"","_tribe_ticket_going_count":"","_tribe_ticket_not_going_count":"","_tribe_tickets_list":"[]","_tribe_ticket_has_attendee_info_fields":false,"h5ap_radio_sources":[],"_jetpack_newsletter_access":"","_jetpack_dont_email_post_to_subs":false,"_jetpack_newsletter_tier_id":0,"_jetpack_memberships_contains_paywalled_content":false,"_jetpack_memberships_contains_paid_content":false,"footnotes":""},"categories":[21,9],"tags":[],"class_list":["post-24470","post","type-post","status-publish","format-standard","has-post-thumbnail","hentry","category-actualidad","category-granja"],"jetpack_featured_media_url":"https:\/\/i0.wp.com\/lahoradelcampo.com.uy\/site\/wp-content\/uploads\/2019\/11\/arandanos.jpg?fit=880%2C440&ssl=1","jetpack_sharing_enabled":true,"jetpack_shortlink":"https:\/\/wp.me\/p99IaT-6mG","jetpack-related-posts":[{"id":16060,"url":"https:\/\/lahoradelcampo.com.uy\/site\/frutas-y-verduras-de-la-canasta-inteligente-hasta-el-2-de-diciembre\/","url_meta":{"origin":24470,"position":0},"title":"Frutas y verduras de la canasta inteligente hasta el 2 de diciembre","author":"La Hora del Campo","date":"27 noviembre, 2019","format":false,"excerpt":"La nueva selecci\u00f3n de frutas y verduras que est\u00e1n en su mejor momento en calidad, sabor y al mejor precio son: ar\u00e1ndanos, manzana, tomate, arvejas, zanahoria, naranja, lechuga, remolacha y cebolla de verdeo. La nueva canasta inteligente se extiende del 19 de noviembre al 2 de diciembre. NARANJA En Uruguay,\u2026","rel":"","context":"En \u00abActualidad\u00bb","block_context":{"text":"Actualidad","link":"https:\/\/lahoradelcampo.com.uy\/site\/category\/actualidad\/"},"img":{"alt_text":"","src":"https:\/\/i0.wp.com\/lahoradelcampo.com.uy\/site\/wp-content\/uploads\/2019\/06\/Canasta.jpg?fit=880%2C440&ssl=1&resize=350%2C200","width":350,"height":200,"srcset":"https:\/\/i0.wp.com\/lahoradelcampo.com.uy\/site\/wp-content\/uploads\/2019\/06\/Canasta.jpg?fit=880%2C440&ssl=1&resize=350%2C200 1x, https:\/\/i0.wp.com\/lahoradelcampo.com.uy\/site\/wp-content\/uploads\/2019\/06\/Canasta.jpg?fit=880%2C440&ssl=1&resize=525%2C300 1.5x, https:\/\/i0.wp.com\/lahoradelcampo.com.uy\/site\/wp-content\/uploads\/2019\/06\/Canasta.jpg?fit=880%2C440&ssl=1&resize=700%2C400 2x"},"classes":[]},{"id":46841,"url":"https:\/\/lahoradelcampo.com.uy\/site\/oferta-de-frutillas-continua-siendo-abundante-en-la-uam\/","url_meta":{"origin":24470,"position":1},"title":"Oferta de frutillas contin\u00faa siendo abundante en la UAM","author":"La Hora del Campo","date":"7 noviembre, 2022","format":false,"excerpt":"Con importantes ingresos de partidas, tanto del sur como del litoral norte del pa\u00eds, crece la oferta de frutillas en la Unidad Agroalimentaria Metropolitana (UAM), m\u00e1s all\u00e1 de la gran disponibilidad de la fruta en el mercado, la calidad de la misma ha generado que se registren importantes subas en\u2026","rel":"","context":"En \u00abActualidad\u00bb","block_context":{"text":"Actualidad","link":"https:\/\/lahoradelcampo.com.uy\/site\/category\/actualidad\/"},"img":{"alt_text":"","src":"https:\/\/i0.wp.com\/lahoradelcampo.com.uy\/site\/wp-content\/uploads\/2021\/11\/Frutillas.jpg?fit=880%2C440&ssl=1&resize=350%2C200","width":350,"height":200,"srcset":"https:\/\/i0.wp.com\/lahoradelcampo.com.uy\/site\/wp-content\/uploads\/2021\/11\/Frutillas.jpg?fit=880%2C440&ssl=1&resize=350%2C200 1x, https:\/\/i0.wp.com\/lahoradelcampo.com.uy\/site\/wp-content\/uploads\/2021\/11\/Frutillas.jpg?fit=880%2C440&ssl=1&resize=525%2C300 1.5x, https:\/\/i0.wp.com\/lahoradelcampo.com.uy\/site\/wp-content\/uploads\/2021\/11\/Frutillas.jpg?fit=880%2C440&ssl=1&resize=700%2C400 2x"},"classes":[]},{"id":54068,"url":"https:\/\/lahoradelcampo.com.uy\/site\/oferta-de-citricos-continua-siendo-abundante-pero-las-heladas-afectaron-la-produccion\/","url_meta":{"origin":24470,"position":2},"title":"Oferta de c\u00edtricos contin\u00faa siendo abundante pero las heladas afectaron la producci\u00f3n","author":"La Hora del Campo","date":"27 julio, 2024","format":false,"excerpt":"Las frutas c\u00edtricas encabezan la lista de consumo inteligente de la Unidad Agroalimentaria Metropolitana (UAM) debido a que son frutas de estaci\u00f3n y adem\u00e1s presentan un valor accesible, para que los consumidores puedan consumirlas. Pero esta situaci\u00f3n puede cambiar en el corto plazo, debido a que la secuencia de heladas\u2026","rel":"","context":"En \u00abActualidad\u00bb","block_context":{"text":"Actualidad","link":"https:\/\/lahoradelcampo.com.uy\/site\/category\/actualidad\/"},"img":{"alt_text":"","src":"https:\/\/i0.wp.com\/lahoradelcampo.com.uy\/site\/wp-content\/uploads\/2024\/07\/UAM-naranjas.jpg?fit=880%2C440&ssl=1&resize=350%2C200","width":350,"height":200,"srcset":"https:\/\/i0.wp.com\/lahoradelcampo.com.uy\/site\/wp-content\/uploads\/2024\/07\/UAM-naranjas.jpg?fit=880%2C440&ssl=1&resize=350%2C200 1x, https:\/\/i0.wp.com\/lahoradelcampo.com.uy\/site\/wp-content\/uploads\/2024\/07\/UAM-naranjas.jpg?fit=880%2C440&ssl=1&resize=525%2C300 1.5x, https:\/\/i0.wp.com\/lahoradelcampo.com.uy\/site\/wp-content\/uploads\/2024\/07\/UAM-naranjas.jpg?fit=880%2C440&ssl=1&resize=700%2C400 2x"},"classes":[]},{"id":29732,"url":"https:\/\/lahoradelcampo.com.uy\/site\/uruguay-tiene-condiciones-para-apuntar-a-exportar-manzanas-pink-lady\/","url_meta":{"origin":24470,"position":3},"title":"Uruguay tiene condiciones para apuntar a exportar manzanas Pink Lady","author":"La Hora del Campo","date":"6 mayo, 2021","format":false,"excerpt":"La variedad Pink Lady es una manzana que se lograr adquirir en el pa\u00eds desde mayo y hasta finales de a\u00f1o. Es una fruta de color casi rosado, jugosa, crujiente y con equilibrio especial de acidez y dulzura, seg\u00fan la define el director del Programa de Investigaci\u00f3n en Fruticultura del\u2026","rel":"","context":"En \u00abActualidad\u00bb","block_context":{"text":"Actualidad","link":"https:\/\/lahoradelcampo.com.uy\/site\/category\/actualidad\/"},"img":{"alt_text":"","src":"https:\/\/i0.wp.com\/lahoradelcampo.com.uy\/site\/wp-content\/uploads\/2021\/05\/manzanapinklady.jpg?fit=880%2C440&ssl=1&resize=350%2C200","width":350,"height":200,"srcset":"https:\/\/i0.wp.com\/lahoradelcampo.com.uy\/site\/wp-content\/uploads\/2021\/05\/manzanapinklady.jpg?fit=880%2C440&ssl=1&resize=350%2C200 1x, https:\/\/i0.wp.com\/lahoradelcampo.com.uy\/site\/wp-content\/uploads\/2021\/05\/manzanapinklady.jpg?fit=880%2C440&ssl=1&resize=525%2C300 1.5x, https:\/\/i0.wp.com\/lahoradelcampo.com.uy\/site\/wp-content\/uploads\/2021\/05\/manzanapinklady.jpg?fit=880%2C440&ssl=1&resize=700%2C400 2x"},"classes":[]},{"id":56920,"url":"https:\/\/lahoradelcampo.com.uy\/site\/colonizacion-actualizo-sus-rentas-con-suba-del-105\/","url_meta":{"origin":24470,"position":4},"title":"Colonizaci\u00f3n actualiz\u00f3 sus rentas con suba del 10,5%","author":"La Hora del Campo","date":"28 septiembre, 2025","format":false,"excerpt":"El Instituto Nacional de Colonizaci\u00f3n (INC) inform\u00f3 la actualizaci\u00f3n de los valores de las rentas semestrales para el vencimiento octubre-noviembre 2025, implicando un aumento del 10,5% en la renta m\u00ednima en comparaci\u00f3n con abril-mayo. De esta forma, la renta m\u00ednima se elev\u00f3 de $25.917 a $28.647 por hect\u00e1rea IC100. El\u2026","rel":"","context":"En \u00abActualidad\u00bb","block_context":{"text":"Actualidad","link":"https:\/\/lahoradelcampo.com.uy\/site\/category\/actualidad\/"},"img":{"alt_text":"","src":"https:\/\/i0.wp.com\/lahoradelcampo.com.uy\/site\/wp-content\/uploads\/2025\/09\/Colonizacion-2.jpg?fit=880%2C440&ssl=1&resize=350%2C200","width":350,"height":200,"srcset":"https:\/\/i0.wp.com\/lahoradelcampo.com.uy\/site\/wp-content\/uploads\/2025\/09\/Colonizacion-2.jpg?fit=880%2C440&ssl=1&resize=350%2C200 1x, https:\/\/i0.wp.com\/lahoradelcampo.com.uy\/site\/wp-content\/uploads\/2025\/09\/Colonizacion-2.jpg?fit=880%2C440&ssl=1&resize=525%2C300 1.5x, https:\/\/i0.wp.com\/lahoradelcampo.com.uy\/site\/wp-content\/uploads\/2025\/09\/Colonizacion-2.jpg?fit=880%2C440&ssl=1&resize=700%2C400 2x"},"classes":[]},{"id":37019,"url":"https:\/\/lahoradelcampo.com.uy\/site\/espana-lanza-campana-para-reducir-el-consumo-de-manzana-importada\/","url_meta":{"origin":24470,"position":5},"title":"Espa\u00f1a lanza campa\u00f1a para reducir el consumo de manzana importada","author":"La Hora del Campo","date":"30 noviembre, 2021","format":false,"excerpt":"Seg\u00fan el trabajo realizado por la Asociaci\u00f3n de Empresas de la Fruta de Catalu\u00f1a (Afrucat) en Espa\u00f1a se importan 200.000 toneladas de manzanas al a\u00f1o, lo que representa el 40% del consumo. A pesar que esta fruta proviene de socios del bloque econ\u00f3mico como Francia, Italia, Portugal y Polonia, la\u2026","rel":"","context":"En \u00abActualidad\u00bb","block_context":{"text":"Actualidad","link":"https:\/\/lahoradelcampo.com.uy\/site\/category\/actualidad\/"},"img":{"alt_text":"","src":"https:\/\/i0.wp.com\/lahoradelcampo.com.uy\/site\/wp-content\/uploads\/2021\/11\/manzanaespa%C3%B1a.jpg?fit=880%2C440&ssl=1&resize=350%2C200","width":350,"height":200,"srcset":"https:\/\/i0.wp.com\/lahoradelcampo.com.uy\/site\/wp-content\/uploads\/2021\/11\/manzanaespa%C3%B1a.jpg?fit=880%2C440&ssl=1&resize=350%2C200 1x, https:\/\/i0.wp.com\/lahoradelcampo.com.uy\/site\/wp-content\/uploads\/2021\/11\/manzanaespa%C3%B1a.jpg?fit=880%2C440&ssl=1&resize=525%2C300 1.5x, https:\/\/i0.wp.com\/lahoradelcampo.com.uy\/site\/wp-content\/uploads\/2021\/11\/manzanaespa%C3%B1a.jpg?fit=880%2C440&ssl=1&resize=700%2C400 2x"},"classes":[]}],"jetpack_likes_enabled":true,"_links":{"self":[{"href":"https:\/\/lahoradelcampo.com.uy\/site\/wp-json\/wp\/v2\/posts\/24470","targetHints":{"allow":["GET"]}}],"collection":[{"href":"https:\/\/lahoradelcampo.com.uy\/site\/wp-json\/wp\/v2\/posts"}],"about":[{"href":"https:\/\/lahoradelcampo.com.uy\/site\/wp-json\/wp\/v2\/types\/post"}],"author":[{"embeddable":true,"href":"https:\/\/lahoradelcampo.com.uy\/site\/wp-json\/wp\/v2\/users\/5"}],"replies":[{"embeddable":true,"href":"https:\/\/lahoradelcampo.com.uy\/site\/wp-json\/wp\/v2\/comments?post=24470"}],"version-history":[{"count":1,"href":"https:\/\/lahoradelcampo.com.uy\/site\/wp-json\/wp\/v2\/posts\/24470\/revisions"}],"predecessor-version":[{"id":24472,"href":"https:\/\/lahoradelcampo.com.uy\/site\/wp-json\/wp\/v2\/posts\/24470\/revisions\/24472"}],"wp:featuredmedia":[{"embeddable":true,"href":"https:\/\/lahoradelcampo.com.uy\/site\/wp-json\/wp\/v2\/media\/15708"}],"wp:attachment":[{"href":"https:\/\/lahoradelcampo.com.uy\/site\/wp-json\/wp\/v2\/media?parent=24470"}],"wp:term":[{"taxonomy":"category","embeddable":true,"href":"https:\/\/lahoradelcampo.com.uy\/site\/wp-json\/wp\/v2\/categories?post=24470"},{"taxonomy":"post_tag","embeddable":true,"href":"https:\/\/lahoradelcampo.com.uy\/site\/wp-json\/wp\/v2\/tags?post=24470"}],"curies":[{"name":"wp","href":"https:\/\/api.w.org\/{rel}","templated":true}]}}