{"id":24464,"date":"2020-10-09T07:18:28","date_gmt":"2020-10-09T10:18:28","guid":{"rendered":"http:\/\/lahoradelcampo.com.uy\/site\/?p=24464"},"modified":"2020-10-09T07:18:33","modified_gmt":"2020-10-09T10:18:33","slug":"la-torada-pedigree-de-bayucua-supero-los-us-5-000-en-la-agropecuaria-de-salto","status":"publish","type":"post","link":"https:\/\/lahoradelcampo.com.uy\/site\/la-torada-pedigree-de-bayucua-supero-los-us-5-000-en-la-agropecuaria-de-salto\/","title":{"rendered":"La torada pedigree de Bayucu\u00e1 super\u00f3 los US$ 5.000 en la Agropecuaria de Salto"},"content":{"rendered":"\n<figure class=\"wp-block-image\"><img data-recalc-dims=\"1\" loading=\"lazy\" decoding=\"async\" width=\"810\" height=\"405\" data-attachment-id=\"24466\" data-permalink=\"https:\/\/lahoradelcampo.com.uy\/site\/la-torada-pedigree-de-bayucua-supero-los-us-5-000-en-la-agropecuaria-de-salto\/bayucuaok\/\" data-orig-file=\"https:\/\/i0.wp.com\/lahoradelcampo.com.uy\/site\/wp-content\/uploads\/2020\/10\/bayucuaok.jpg?fit=880%2C440&amp;ssl=1\" data-orig-size=\"880,440\" data-comments-opened=\"1\" data-image-meta=\"{&quot;aperture&quot;:&quot;0&quot;,&quot;credit&quot;:&quot;&quot;,&quot;camera&quot;:&quot;&quot;,&quot;caption&quot;:&quot;&quot;,&quot;created_timestamp&quot;:&quot;0&quot;,&quot;copyright&quot;:&quot;&quot;,&quot;focal_length&quot;:&quot;0&quot;,&quot;iso&quot;:&quot;0&quot;,&quot;shutter_speed&quot;:&quot;0&quot;,&quot;title&quot;:&quot;&quot;,&quot;orientation&quot;:&quot;1&quot;}\" data-image-title=\"bayucuaok\" data-image-description=\"\" data-image-caption=\"\" data-large-file=\"https:\/\/i0.wp.com\/lahoradelcampo.com.uy\/site\/wp-content\/uploads\/2020\/10\/bayucuaok.jpg?fit=810%2C405&amp;ssl=1\" src=\"https:\/\/i0.wp.com\/lahoradelcampo.com.uy\/site\/wp-content\/uploads\/2020\/10\/bayucuaok.jpg?resize=810%2C405\" alt=\"\" class=\"wp-image-24466\" srcset=\"https:\/\/i0.wp.com\/lahoradelcampo.com.uy\/site\/wp-content\/uploads\/2020\/10\/bayucuaok.jpg?w=880&amp;ssl=1 880w, https:\/\/i0.wp.com\/lahoradelcampo.com.uy\/site\/wp-content\/uploads\/2020\/10\/bayucuaok.jpg?resize=300%2C150&amp;ssl=1 300w, https:\/\/i0.wp.com\/lahoradelcampo.com.uy\/site\/wp-content\/uploads\/2020\/10\/bayucuaok.jpg?resize=768%2C384&amp;ssl=1 768w, https:\/\/i0.wp.com\/lahoradelcampo.com.uy\/site\/wp-content\/uploads\/2020\/10\/bayucuaok.jpg?resize=820%2C410&amp;ssl=1 820w\" sizes=\"auto, (max-width: 810px) 100vw, 810px\" \/><\/figure>\n\n\n\n<p>La caba\u00f1a de caba\u00f1as como tradicionalmente se conoce a Bayucu\u00e1, una caba\u00f1a centenaria y generadora de un importante n\u00famero de planteles angus en todo el pa\u00eds, realiz\u00f3 su remate anual colocando el 100% de la oferta en la pista, con m\u00e1s del 50% preofertado. Si los toros planteleros fueron de destaque, con m\u00e1s de US$ 10.000 de promedio, los vientres mostraron el potencial del futuro de la raza superando los US$ 8.500. <br><\/p>\n\n\n\n<p>El comienzo de las ventas fue propicio para un doble festejo, por un lado un nuevo aniversario de Gerardo Zambrano y por el otro los 25 a\u00f1os de remates en forma conjunta con los escritorios Zambrano &amp; C\u00eda. y Correa &amp; San Roman. Y en la pista, para la caba\u00f1a, la satisfacci\u00f3n de los productos logrados con a\u00f1os de selecci\u00f3n, donde las seis planteleras alcanzaron los US$ 8.560 de promedio, con un m\u00e1ximo de US$ 9.600 por el 50% de una ternera (que eleva el precio total del animal a US$ 19.200) y un piso de US$ 2.400. <br><\/p>\n\n\n\n<p>Las terneras de campo hicieron US$ 2.640 de promedio y las 14 vacas pre\u00f1adas de pedigree a parir en oto\u00f1o promediaron US$ 1.705. 71. En el caso de las 22 hembras PI, donde ingresan las planteleras, se comercializaron a un promedio de US$ 3.660. Por su parte las 9 vacas pre\u00f1adas PC promediaron US$ 1.507 y las 54 vacas pre\u00f1adas SA, de un solo martillazo, se colocaron en US$ 1.020. <br><\/p>\n\n\n\n<p>Y al llegar los toros en la pista, las preofertas que se ten\u00edan en la p\u00e1gina de la caba\u00f1a, previo a las ventas, quedaron por debajo de la mitad del valor que en definitiva se termin\u00f3 comercializando en la pista. Mandinga y Eladio, los dos primeros toros planteleros, ten\u00edan una preoferta de US$ 460 la cuota y se colocaron en US$ 1000 y US$ 1.020 la cuota, es decir a US$ 12.240 y US$ 12.000 respectivamente. A estos se le suman Artemio y Orfeo que se vendieron en US$ 8.400 cada uno, por lo que el promedio se situ\u00f3 en los US$ 10.260. <br><\/p>\n\n\n\n<p>Los toros pedigree de 2 a\u00f1os hicieron US$ 6.690 y los de 3 a\u00f1os en US$ 3.795. En total los 29 toros PI se pagaron US$ 5.085 de promedio. Por su parte los Puros Controlados estuvieron entre US$ 5.400 y US$ 2.400, con un promedio de US$ 3.226 y los SA fueron de US$ 3.120 a US$ 2.400, promediando US$ 2.650. <br><\/p>\n\n\n\n<p>Al cierre de las ventas el martillero Gerardo Zambrano dijo que \u00abBayucu\u00e1 es un remate de caba\u00f1as para caba\u00f1as y hoy se ha visto en los valores de los toros padres y los vientres planteleros, que tuvieron mucha agilidad y con venta total de la oferta en la pista\u00bb.  Por su parte Carlos Mart\u00edn Correa dijo que \u00abel remate tuvo un tr\u00e1mite realmente muy \u00e1gil, la preoferta facilit\u00f3 las cosas. Los 116 a\u00f1os de la caba\u00f1a se reflejaron en la pista y con mucha vigencia, que no es poco. Se obtuvieron valores relevantes\u00bb. <br><\/p>\n\n\n\n<p>Carlos Guinovart, por parte de la caba\u00f1a, dijo que fue \u00abun remate muy variado, coomo un sube y baja, excelente en la parte de los planteleros con mucha demanda y muchos piques, y un mercado m\u00e1s beneficioso para los compradores en la \u00faltima mitad. Pero estamos muy conformes, los promedios son interesantes, tanto de hembras como en los machos y tenemos la satisfacci\u00f3n que la mayor parte de la puntera de los toros se fue para caba\u00f1eros, al igual que en las hembras, que de alguna manera renueva la confianza de los clientes en la gen\u00e9tica de Bayucu\u00e1\u00bb. <\/p>\n\n\n\n<p style=\"text-align:right\"><strong>Salto, 09 de octubre de 2020<\/strong><\/p>\n","protected":false},"excerpt":{"rendered":"<p>La caba\u00f1a de caba\u00f1as como tradicionalmente se conoce a Bayucu\u00e1, una caba\u00f1a centenaria y generadora de un importante n\u00famero de planteles angus en todo el pa\u00eds, realiz\u00f3 su remate anual [&hellip;]<\/p>\n","protected":false},"author":5,"featured_media":24466,"comment_status":"open","ping_status":"open","sticky":false,"template":"","format":"standard","meta":{"_price":"","_stock":"","_tribe_ticket_header":"","_tribe_default_ticket_provider":"","_tribe_ticket_capacity":"0","_ticket_start_date":"","_ticket_end_date":"","_tribe_ticket_show_description":"","_tribe_ticket_show_not_going":false,"_tribe_ticket_use_global_stock":"","_tribe_ticket_global_stock_level":"","_global_stock_mode":"","_global_stock_cap":"","_tribe_rsvp_for_event":"","_tribe_ticket_going_count":"","_tribe_ticket_not_going_count":"","_tribe_tickets_list":"[]","_tribe_ticket_has_attendee_info_fields":false,"h5ap_radio_sources":[],"_jetpack_newsletter_access":"","_jetpack_dont_email_post_to_subs":false,"_jetpack_newsletter_tier_id":0,"_jetpack_memberships_contains_paywalled_content":false,"_jetpack_memberships_contains_paid_content":false,"footnotes":""},"categories":[21,5],"tags":[],"class_list":["post-24464","post","type-post","status-publish","format-standard","has-post-thumbnail","hentry","category-actualidad","category-ganaderia"],"jetpack_featured_media_url":"https:\/\/i0.wp.com\/lahoradelcampo.com.uy\/site\/wp-content\/uploads\/2020\/10\/bayucuaok.jpg?fit=880%2C440&ssl=1","jetpack_sharing_enabled":true,"jetpack_shortlink":"https:\/\/wp.me\/p99IaT-6mA","jetpack-related-posts":[{"id":2557,"url":"https:\/\/lahoradelcampo.com.uy\/site\/bayucua-coloco-el-100-de-la-oferta-de-toros-en-us-3-282\/","url_meta":{"origin":24464,"position":0},"title":"Bayucu\u00e1 coloc\u00f3 el 100% de la oferta de toros en U$S 3.282","author":"La Hora del Campo","date":"12 octubre, 2017","format":false,"excerpt":"En un remate \u00e1gil y din\u00e1mico en todo momento, la caba\u00f1a salte\u00f1a Bayucu\u00e1 comercializ\u00f3 el 100% de la oferta, tanto en machos como en hembras, en el predio de la Asociaci\u00f3n Agropecuaria de Salto. Los 68 toros comercializados alcanzaron un promedio de U$S 3.282, en tanto que las 96 hembras\u2026","rel":"","context":"En \u00abActualidad\u00bb","block_context":{"text":"Actualidad","link":"https:\/\/lahoradelcampo.com.uy\/site\/category\/actualidad\/"},"img":{"alt_text":"","src":"https:\/\/i0.wp.com\/lahoradelcampo.com.uy\/site\/wp-content\/uploads\/2017\/10\/Bayucua.jpg?fit=880%2C440&ssl=1&resize=350%2C200","width":350,"height":200,"srcset":"https:\/\/i0.wp.com\/lahoradelcampo.com.uy\/site\/wp-content\/uploads\/2017\/10\/Bayucua.jpg?fit=880%2C440&ssl=1&resize=350%2C200 1x, https:\/\/i0.wp.com\/lahoradelcampo.com.uy\/site\/wp-content\/uploads\/2017\/10\/Bayucua.jpg?fit=880%2C440&ssl=1&resize=525%2C300 1.5x, https:\/\/i0.wp.com\/lahoradelcampo.com.uy\/site\/wp-content\/uploads\/2017\/10\/Bayucua.jpg?fit=880%2C440&ssl=1&resize=700%2C400 2x"},"classes":[]},{"id":35203,"url":"https:\/\/lahoradelcampo.com.uy\/site\/bayucua-vendio-sus-toros-en-us-4-945-de-promedio\/","url_meta":{"origin":24464,"position":1},"title":"Bayucu\u00e1 vendi\u00f3 sus toros en US$ 4.945 de promedio","author":"La Hora del Campo","date":"7 octubre, 2021","format":false,"excerpt":"En un remate \u00e1gil y din\u00e1mico, la caba\u00f1a salte\u00f1a Bayucu\u00e1 coloc\u00f3 su oferta de vientres y toros en el local de la Asociaci\u00f3n Agropecuaria de Salto, con los martillos de Correa & San Rom\u00e1n y Zambrano & C\u00eda. Como es tradicional se comenz\u00f3 con los vientres, donde las planteleras alcanzaron\u2026","rel":"","context":"En \u00abActualidad\u00bb","block_context":{"text":"Actualidad","link":"https:\/\/lahoradelcampo.com.uy\/site\/category\/actualidad\/"},"img":{"alt_text":"","src":"https:\/\/i0.wp.com\/lahoradelcampo.com.uy\/site\/wp-content\/uploads\/2021\/10\/Zafra-Bayucua.jpg?fit=880%2C440&ssl=1&resize=350%2C200","width":350,"height":200,"srcset":"https:\/\/i0.wp.com\/lahoradelcampo.com.uy\/site\/wp-content\/uploads\/2021\/10\/Zafra-Bayucua.jpg?fit=880%2C440&ssl=1&resize=350%2C200 1x, https:\/\/i0.wp.com\/lahoradelcampo.com.uy\/site\/wp-content\/uploads\/2021\/10\/Zafra-Bayucua.jpg?fit=880%2C440&ssl=1&resize=525%2C300 1.5x, https:\/\/i0.wp.com\/lahoradelcampo.com.uy\/site\/wp-content\/uploads\/2021\/10\/Zafra-Bayucua.jpg?fit=880%2C440&ssl=1&resize=700%2C400 2x"},"classes":[]},{"id":35071,"url":"https:\/\/lahoradelcampo.com.uy\/site\/correa-san-roman-remata-manana-el-angus-de-bayucua\/","url_meta":{"origin":24464,"position":2},"title":"Correa &#038; San Rom\u00e1n remata ma\u00f1ana el angus de Bayucu\u00e1","author":"La Hora del Campo","date":"5 octubre, 2021","format":false,"excerpt":"Ya es una tradici\u00f3n que el primer remate de la zafra en el departamento, el de la caba\u00f1a Bayucu\u00e1, se realice el primer mi\u00e9rcoles luego de la Exposici\u00f3n en el predio de la Asociaci\u00f3n Agropecuaria de Salto, y es as\u00ed que en el d\u00eda de ma\u00f1ana el escritorio Correa &\u2026","rel":"","context":"En \u00abActualidad\u00bb","block_context":{"text":"Actualidad","link":"https:\/\/lahoradelcampo.com.uy\/site\/category\/actualidad\/"},"img":{"alt_text":"","src":"https:\/\/i0.wp.com\/lahoradelcampo.com.uy\/site\/wp-content\/uploads\/2021\/10\/Bayucua-conferencia.jpg?fit=880%2C440&ssl=1&resize=350%2C200","width":350,"height":200,"srcset":"https:\/\/i0.wp.com\/lahoradelcampo.com.uy\/site\/wp-content\/uploads\/2021\/10\/Bayucua-conferencia.jpg?fit=880%2C440&ssl=1&resize=350%2C200 1x, https:\/\/i0.wp.com\/lahoradelcampo.com.uy\/site\/wp-content\/uploads\/2021\/10\/Bayucua-conferencia.jpg?fit=880%2C440&ssl=1&resize=525%2C300 1.5x, https:\/\/i0.wp.com\/lahoradelcampo.com.uy\/site\/wp-content\/uploads\/2021\/10\/Bayucua-conferencia.jpg?fit=880%2C440&ssl=1&resize=700%2C400 2x"},"classes":[]},{"id":57033,"url":"https:\/\/lahoradelcampo.com.uy\/site\/venta-total-y-us-7-376-por-los-angus-de-pedigree-de-bayucua\/","url_meta":{"origin":24464,"position":3},"title":"Venta total y US$ 7.376 por los angus de pedigree de Bayucu\u00e1","author":"La Hora del Campo","date":"9 octubre, 2025","format":false,"excerpt":"El tradicional remate anual de Caba\u00f1a Bayucu\u00e1, perteneciente a la familia Mattos, volvi\u00f3 a ratificar su prestigio dentro de la ganader\u00eda uruguaya, alcanzando precios de punta tanto en los toros como en los vientres, adem\u00e1s de una gran dispersi\u00f3n de gen\u00e9tica a nivel nacional. En total, los 70 toros comercializados\u2026","rel":"","context":"En \u00abActualidad\u00bb","block_context":{"text":"Actualidad","link":"https:\/\/lahoradelcampo.com.uy\/site\/category\/actualidad\/"},"img":{"alt_text":"","src":"https:\/\/i0.wp.com\/lahoradelcampo.com.uy\/site\/wp-content\/uploads\/2025\/10\/Bayucua-remato.jpg?fit=880%2C440&ssl=1&resize=350%2C200","width":350,"height":200,"srcset":"https:\/\/i0.wp.com\/lahoradelcampo.com.uy\/site\/wp-content\/uploads\/2025\/10\/Bayucua-remato.jpg?fit=880%2C440&ssl=1&resize=350%2C200 1x, https:\/\/i0.wp.com\/lahoradelcampo.com.uy\/site\/wp-content\/uploads\/2025\/10\/Bayucua-remato.jpg?fit=880%2C440&ssl=1&resize=525%2C300 1.5x, https:\/\/i0.wp.com\/lahoradelcampo.com.uy\/site\/wp-content\/uploads\/2025\/10\/Bayucua-remato.jpg?fit=880%2C440&ssl=1&resize=700%2C400 2x"},"classes":[]},{"id":14995,"url":"https:\/\/lahoradelcampo.com.uy\/site\/rematazo-us-5-034-de-promedio-por-la-torada-de-bayucua\/","url_meta":{"origin":24464,"position":4},"title":"Rematazo: US$ 5.034 de promedio por la torada de Bayucu\u00e1","author":"La Hora del Campo","date":"14 octubre, 2019","format":false,"excerpt":"Un rematazo por donde se lo mire, \u00e1gil, con piques de distintos puntos del pa\u00eds, con una oferta excepcional en todas las categor\u00edas. Las ventas estuvieron a cargo de los escritorios Zambrano & C\u00eda, y Correa & San Roman. El comienzo con los vientres y con el martillo de Mart\u00edn\u2026","rel":"","context":"En \u00abActualidad\u00bb","block_context":{"text":"Actualidad","link":"https:\/\/lahoradelcampo.com.uy\/site\/category\/actualidad\/"},"img":{"alt_text":"","src":"https:\/\/i0.wp.com\/lahoradelcampo.com.uy\/site\/wp-content\/uploads\/2019\/10\/Bayucua.jpg?fit=880%2C440&ssl=1&resize=350%2C200","width":350,"height":200,"srcset":"https:\/\/i0.wp.com\/lahoradelcampo.com.uy\/site\/wp-content\/uploads\/2019\/10\/Bayucua.jpg?fit=880%2C440&ssl=1&resize=350%2C200 1x, https:\/\/i0.wp.com\/lahoradelcampo.com.uy\/site\/wp-content\/uploads\/2019\/10\/Bayucua.jpg?fit=880%2C440&ssl=1&resize=525%2C300 1.5x, https:\/\/i0.wp.com\/lahoradelcampo.com.uy\/site\/wp-content\/uploads\/2019\/10\/Bayucua.jpg?fit=880%2C440&ssl=1&resize=700%2C400 2x"},"classes":[]},{"id":24406,"url":"https:\/\/lahoradelcampo.com.uy\/site\/correa-san-roman-rematan-manana-los-angus-de-bayucua\/","url_meta":{"origin":24464,"position":5},"title":"Correa &#038; San Rom\u00e1n rematan  ma\u00f1ana los angus de Bayucu\u00e1","author":"La Hora del Campo","date":"6 octubre, 2020","format":false,"excerpt":"El primer mi\u00e9rcoles luego de la exposici\u00f3n de Salto se realiza, como es tradicional, el remate de la caba\u00f1a Bayucu\u00e1, una de las ventas m\u00e1s destacadas del Aberdeen Angus en el pa\u00eds, por su historia y ascendencia gen\u00e9tica en los rodeos de todo el pa\u00eds. En la oportunidad se ofrecer\u00e1n\u2026","rel":"","context":"En \u00abActualidad\u00bb","block_context":{"text":"Actualidad","link":"https:\/\/lahoradelcampo.com.uy\/site\/category\/actualidad\/"},"img":{"alt_text":"","src":"https:\/\/i0.wp.com\/lahoradelcampo.com.uy\/site\/wp-content\/uploads\/2020\/10\/Bayucua.jpg?fit=880%2C440&ssl=1&resize=350%2C200","width":350,"height":200,"srcset":"https:\/\/i0.wp.com\/lahoradelcampo.com.uy\/site\/wp-content\/uploads\/2020\/10\/Bayucua.jpg?fit=880%2C440&ssl=1&resize=350%2C200 1x, https:\/\/i0.wp.com\/lahoradelcampo.com.uy\/site\/wp-content\/uploads\/2020\/10\/Bayucua.jpg?fit=880%2C440&ssl=1&resize=525%2C300 1.5x, https:\/\/i0.wp.com\/lahoradelcampo.com.uy\/site\/wp-content\/uploads\/2020\/10\/Bayucua.jpg?fit=880%2C440&ssl=1&resize=700%2C400 2x"},"classes":[]}],"jetpack_likes_enabled":true,"_links":{"self":[{"href":"https:\/\/lahoradelcampo.com.uy\/site\/wp-json\/wp\/v2\/posts\/24464","targetHints":{"allow":["GET"]}}],"collection":[{"href":"https:\/\/lahoradelcampo.com.uy\/site\/wp-json\/wp\/v2\/posts"}],"about":[{"href":"https:\/\/lahoradelcampo.com.uy\/site\/wp-json\/wp\/v2\/types\/post"}],"author":[{"embeddable":true,"href":"https:\/\/lahoradelcampo.com.uy\/site\/wp-json\/wp\/v2\/users\/5"}],"replies":[{"embeddable":true,"href":"https:\/\/lahoradelcampo.com.uy\/site\/wp-json\/wp\/v2\/comments?post=24464"}],"version-history":[{"count":1,"href":"https:\/\/lahoradelcampo.com.uy\/site\/wp-json\/wp\/v2\/posts\/24464\/revisions"}],"predecessor-version":[{"id":24468,"href":"https:\/\/lahoradelcampo.com.uy\/site\/wp-json\/wp\/v2\/posts\/24464\/revisions\/24468"}],"wp:featuredmedia":[{"embeddable":true,"href":"https:\/\/lahoradelcampo.com.uy\/site\/wp-json\/wp\/v2\/media\/24466"}],"wp:attachment":[{"href":"https:\/\/lahoradelcampo.com.uy\/site\/wp-json\/wp\/v2\/media?parent=24464"}],"wp:term":[{"taxonomy":"category","embeddable":true,"href":"https:\/\/lahoradelcampo.com.uy\/site\/wp-json\/wp\/v2\/categories?post=24464"},{"taxonomy":"post_tag","embeddable":true,"href":"https:\/\/lahoradelcampo.com.uy\/site\/wp-json\/wp\/v2\/tags?post=24464"}],"curies":[{"name":"wp","href":"https:\/\/api.w.org\/{rel}","templated":true}]}}