{"id":24442,"date":"2020-10-08T07:52:25","date_gmt":"2020-10-08T10:52:25","guid":{"rendered":"http:\/\/lahoradelcampo.com.uy\/site\/?p=24442"},"modified":"2020-10-08T07:52:30","modified_gmt":"2020-10-08T10:52:30","slug":"mgap-abrio-periodo-de-consultas-para-la-elaboracion-del-plan-nacional-de-genero","status":"publish","type":"post","link":"https:\/\/lahoradelcampo.com.uy\/site\/mgap-abrio-periodo-de-consultas-para-la-elaboracion-del-plan-nacional-de-genero\/","title":{"rendered":"MGAP abri\u00f3 per\u00edodo de consultas para la elaboraci\u00f3n del Plan Nacional de G\u00e9nero"},"content":{"rendered":"\n<figure class=\"wp-block-image\"><img data-recalc-dims=\"1\" loading=\"lazy\" decoding=\"async\" width=\"810\" height=\"405\" data-attachment-id=\"24444\" data-permalink=\"https:\/\/lahoradelcampo.com.uy\/site\/mgap-abrio-periodo-de-consultas-para-la-elaboracion-del-plan-nacional-de-genero\/generomgap\/\" data-orig-file=\"https:\/\/i0.wp.com\/lahoradelcampo.com.uy\/site\/wp-content\/uploads\/2020\/10\/generomgap.jpg?fit=880%2C440&amp;ssl=1\" data-orig-size=\"880,440\" data-comments-opened=\"1\" data-image-meta=\"{&quot;aperture&quot;:&quot;0&quot;,&quot;credit&quot;:&quot;&quot;,&quot;camera&quot;:&quot;&quot;,&quot;caption&quot;:&quot;&quot;,&quot;created_timestamp&quot;:&quot;0&quot;,&quot;copyright&quot;:&quot;&quot;,&quot;focal_length&quot;:&quot;0&quot;,&quot;iso&quot;:&quot;0&quot;,&quot;shutter_speed&quot;:&quot;0&quot;,&quot;title&quot;:&quot;&quot;,&quot;orientation&quot;:&quot;1&quot;}\" data-image-title=\"generomgap\" data-image-description=\"\" data-image-caption=\"\" data-large-file=\"https:\/\/i0.wp.com\/lahoradelcampo.com.uy\/site\/wp-content\/uploads\/2020\/10\/generomgap.jpg?fit=810%2C405&amp;ssl=1\" src=\"https:\/\/i0.wp.com\/lahoradelcampo.com.uy\/site\/wp-content\/uploads\/2020\/10\/generomgap.jpg?resize=810%2C405\" alt=\"\" class=\"wp-image-24444\" srcset=\"https:\/\/i0.wp.com\/lahoradelcampo.com.uy\/site\/wp-content\/uploads\/2020\/10\/generomgap.jpg?w=880&amp;ssl=1 880w, https:\/\/i0.wp.com\/lahoradelcampo.com.uy\/site\/wp-content\/uploads\/2020\/10\/generomgap.jpg?resize=300%2C150&amp;ssl=1 300w, https:\/\/i0.wp.com\/lahoradelcampo.com.uy\/site\/wp-content\/uploads\/2020\/10\/generomgap.jpg?resize=768%2C384&amp;ssl=1 768w, https:\/\/i0.wp.com\/lahoradelcampo.com.uy\/site\/wp-content\/uploads\/2020\/10\/generomgap.jpg?resize=820%2C410&amp;ssl=1 820w\" sizes=\"auto, (max-width: 810px) 100vw, 810px\" \/><\/figure>\n\n\n\n<p>El pasado prmero de octubre, con la presencia de la Vicepresidente de la Rep\u00fablica, Beatriz Argim\u00f3n, la Primera Dama, Lorena Ponce De Le\u00f3n, el Ministro de Ganader\u00eda, Agricultura y Pesca, Carlos Mar\u00eda Uriarte y dem\u00e1s autoridades del MGAP, la directora de Inmujeres, M\u00f3nica Bottero y el oficial a cargo de FAO en nuestro pa\u00eds, realizaron el lanzamiento de la etapa de consultas a la ciudadania para la construcci\u00f3n del Plan Nacional de G\u00e9nero en Pol\u00edticas Agropecuarias. <br><\/p>\n\n\n\n<p>Durante la apertura, la directora del MGAP, Dra. Fernanda Maldonado dio la bienvenida a las gremiales y organizaciones de mujeres rurales, y present\u00f3 la construcci\u00f3n del Plan Nacional de G\u00e9nero en las Pol\u00edticas Agropecuarias.<br><\/p>\n\n\n\n<p>\u00abQuienes pertenecemos al sector y tenemos responsabilidad pol\u00edtica, sabemos que cuesta que el trabajo de la mujer se reconozca, y de esta manera perdemos todos. Pierden las mujeres que se quieren quedar en el agro y no encuentran las v\u00edas, pierden las j\u00f3venes que estudian y no encuentran como volver desde su rol t\u00e9cnico, pierden las que est\u00e1n en el campo y en las empresas agropecuarias. Pero pierde el agro en su conjunto, cuando no se reconoce el potencial de la mujer en la gesti\u00f3n, en el cambio clim\u00e1tico, en las buenas pr\u00e1cticas, en la cr\u00eda y la recr\u00eda de ganado, en la innovaci\u00f3n en general, etc.\u00bb, reflexion\u00f3 Maldonado al respecto de la necesidad de generar este plan.<br><\/p>\n\n\n\n<p>Durante su disertaci\u00f3n, la vicepresidenta Beatriz Argim\u00f3n dijo que \u201cmuchas veces las pol\u00edticas p\u00fablicas que se dicen descentralizadas, se proyectan desde los escritorios y el centralismo montevideano queda patente. Donde m\u00e1s se ve este hecho es en el \u00e1mbito de las mujeres rurales. Suele pasar, adem\u00e1s, que la mujer en el \u00e1mbito rural no solo transforma su vida en la medida en que se empodera, sino que transforma todo su entorno porque es el lugar que han elegido y donde quieren seguir estando. Conozco muchas experiencias, las mujeres buscan mejorar, arrimar tecnolog\u00edas, mantener a su familia lo m\u00e1s junta posible. <\/p>\n\n\n\n<p>La mujer rural tiene un gran compromiso de transformaci\u00f3n\u00bb, agreg\u00f3 Argim\u00f3n y prosigui\u00f3 \u00abla fuerza de las mujeres est\u00e1 realmente presente en todos los \u00e1mbitos de la econom\u00eda, aunque en el medio rural parece invisible. Si hay lugar donde se lleva adelante trabajo no remunerado por parte de las mujeres, es en el medio rural\u00bb.<br><\/p>\n\n\n\n<p>El dise\u00f1o del Plan Nacional de G\u00e9nero en Pol\u00edticas Agropecuarias cuenta con el apoyo de la FAO y se encuentra en etapa de elaboraci\u00f3n y construcci\u00f3n. Ser\u00e1 publicado en marzo 2021. En este sentido, Vicente Plata, oficial a cargo de FAO agreg\u00f3 que si bien las pol\u00edticas agropecuarias han tenido avances relevantes en materia de equidad el pa\u00eds carece de herramientas de planificaci\u00f3n adem\u00e1s incluya gobernanza y evaluaci\u00f3n de resultados. \u00abEl Plan Nacional de G\u00e9nero en Pol\u00edticas Agropecuarias incorpora los requerimientos y percepci\u00f3n de la sociedad civil, el diagn\u00f3stico nacional e internacional y los aportes t\u00e9cnicos del funcionariado del MGAP, que son quienes entran en contacto y desarrollan los programas\u00bb.<br><\/p>\n\n\n\n<p>Por su parte, Uriarte expres\u00f3 que la mayor satisfacci\u00f3n era estar nuevamente reunidos con autoridades nacionales, en esta oportunidad por dos compromisos: trabajar en impulsar el plan y hacerlo junto a la gente que es destinataria, la gente del campo. El ministro asumi\u00f3 una vez m\u00e1s, el compromiso personal e institucional no solo en la actual etapa de dise\u00f1o, sino tambi\u00e9n durante la ejecuci\u00f3n del plan y su posterior rendici\u00f3n de cuentas.<br><\/p>\n\n\n\n<p> La directora de Inmujeres, expuso que \u00abnosotros queremos construir en base a lo bueno que se nos ha dejado y en base a pol\u00edticas de estado. Aportar donde no se ha podido avanzar, y donde hay un debe muy importante, en el campo, en el mundo rural y muy particularmente con la mujer rural\u00bb.<br><\/p>\n\n\n\n<p>El subsecretario, Juan Ignacio Buffa comenz\u00f3 diciendo que \u201cavanzar en este tema es avanzar en justicia, en ese sentido vamos a poner todo nuestro liderazgo para que suceda\u201d. Enfatiz\u00f3 adem\u00e1s, \u00abno somos ilusos, es un tema dif\u00edcil que requiere un cambio cultural. Este tema se debe hacer carne y no mencionarlo solamente porque es pol\u00edticamente correcto\u00bb <br><\/p>\n\n\n\n<p>En la primera etapa del plan se trabaj\u00f3 a nivel interno, se centr\u00f3 en la capacitaci\u00f3n y sensibilizaci\u00f3n a los funcionarios del MGAP debido a que la transversalizaci\u00f3n de la tem\u00e1tica de g\u00e9nero es b\u00e1sica a la hora de generar e implementar pol\u00edticas p\u00fablicas. Durante el mes de setiembre se realizaron intercambios con el funcionariado de las distintas unidades ejecutoras de la cartera para dar a conocer y recibir aportes al Plan Nacional de G\u00e9nero en las Pol\u00edticas Agropecuarias. Asimismo, se trabaj\u00f3 en dar continuidad a aquellas pol\u00edticas y planes dirigidos a mujeres rurales, que tengan como fin apoyar el desarrollo de emprendimientos que signifiquen la independencia econ\u00f3mica.<br><\/p>\n\n\n\n<p>En esta segunda etapa se incluye la consulta ciudadana con el objetivo de alcanzar el involucramiento de la sociedad civil y de los t\u00e9cnicos de la institucionalidad agropecuaria.<\/p>\n\n\n\n<p style=\"text-align:right\"><strong>Salto, 08 de octubre de 2020<\/strong><\/p>\n","protected":false},"excerpt":{"rendered":"<p>El pasado prmero de octubre, con la presencia de la Vicepresidente de la Rep\u00fablica, Beatriz Argim\u00f3n, la Primera Dama, Lorena Ponce De Le\u00f3n, el Ministro de Ganader\u00eda, Agricultura y Pesca, [&hellip;]<\/p>\n","protected":false},"author":5,"featured_media":24444,"comment_status":"open","ping_status":"open","sticky":false,"template":"","format":"standard","meta":{"_price":"","_stock":"","_tribe_ticket_header":"","_tribe_default_ticket_provider":"","_tribe_ticket_capacity":"0","_ticket_start_date":"","_ticket_end_date":"","_tribe_ticket_show_description":"","_tribe_ticket_show_not_going":false,"_tribe_ticket_use_global_stock":"","_tribe_ticket_global_stock_level":"","_global_stock_mode":"","_global_stock_cap":"","_tribe_rsvp_for_event":"","_tribe_ticket_going_count":"","_tribe_ticket_not_going_count":"","_tribe_tickets_list":"[]","_tribe_ticket_has_attendee_info_fields":false,"h5ap_radio_sources":[],"_jetpack_newsletter_access":"","_jetpack_dont_email_post_to_subs":false,"_jetpack_newsletter_tier_id":0,"_jetpack_memberships_contains_paywalled_content":false,"_jetpack_memberships_contains_paid_content":false,"footnotes":""},"categories":[21,5],"tags":[],"class_list":["post-24442","post","type-post","status-publish","format-standard","has-post-thumbnail","hentry","category-actualidad","category-ganaderia"],"jetpack_featured_media_url":"https:\/\/i0.wp.com\/lahoradelcampo.com.uy\/site\/wp-content\/uploads\/2020\/10\/generomgap.jpg?fit=880%2C440&ssl=1","jetpack_sharing_enabled":true,"jetpack_shortlink":"https:\/\/wp.me\/p99IaT-6me","jetpack-related-posts":[{"id":30670,"url":"https:\/\/lahoradelcampo.com.uy\/site\/mgap-lanzara-el-plan-nacional-de-genero-en-politicas-agropecuarias\/","url_meta":{"origin":24442,"position":0},"title":"MGAP lanzar\u00e1 el Plan Nacional de G\u00e9nero en Pol\u00edticas Agropecuarias","author":"La Hora del Campo","date":"29 mayo, 2021","format":false,"excerpt":"El pr\u00f3ximo lunes 31 de mayo a las 9:30 horas en el Auditorio del Edificio Anexo de Presidencia de la Rep\u00fablica se realizar\u00e1 la presentaci\u00f3n dle Plan Nacional de G\u00e9nero en las Pol\u00edticas Agropecuarias, con la presencia de la Vicepresidenta de la Rep\u00fablica, Beatriz Argim\u00f3n, el Ministro de Ganader\u00eda, Agricultura\u2026","rel":"","context":"En \u00abActualidad\u00bb","block_context":{"text":"Actualidad","link":"https:\/\/lahoradelcampo.com.uy\/site\/category\/actualidad\/"},"img":{"alt_text":"","src":"https:\/\/i0.wp.com\/lahoradelcampo.com.uy\/site\/wp-content\/uploads\/2021\/05\/plangenero.jpg?fit=880%2C440&ssl=1&resize=350%2C200","width":350,"height":200,"srcset":"https:\/\/i0.wp.com\/lahoradelcampo.com.uy\/site\/wp-content\/uploads\/2021\/05\/plangenero.jpg?fit=880%2C440&ssl=1&resize=350%2C200 1x, https:\/\/i0.wp.com\/lahoradelcampo.com.uy\/site\/wp-content\/uploads\/2021\/05\/plangenero.jpg?fit=880%2C440&ssl=1&resize=525%2C300 1.5x, https:\/\/i0.wp.com\/lahoradelcampo.com.uy\/site\/wp-content\/uploads\/2021\/05\/plangenero.jpg?fit=880%2C440&ssl=1&resize=700%2C400 2x"},"classes":[]},{"id":30778,"url":"https:\/\/lahoradelcampo.com.uy\/site\/autoridades-presentaron-el-plan-nacional-de-genero-en-politicas-agropecuarias\/","url_meta":{"origin":24442,"position":1},"title":"Autoridades presentaron el Plan Nacional de G\u00e9nero en Pol\u00edticas Agropecuarias","author":"La Hora del Campo","date":"1 junio, 2021","format":false,"excerpt":"\u201cLas desigualdades entre hombres y mujeres nos hacen mal como pa\u00eds. Cuando los aportes de las mujeres, sus perspectivas, su capacidad, su liderazgo y su inteligencia queda en un segundo plano o cuando para incidir deben duplicar su trabajo, no solo es injusto para cada mujer, sino que perjudica al\u2026","rel":"","context":"En \u00abActualidad\u00bb","block_context":{"text":"Actualidad","link":"https:\/\/lahoradelcampo.com.uy\/site\/category\/actualidad\/"},"img":{"alt_text":"","src":"https:\/\/i0.wp.com\/lahoradelcampo.com.uy\/site\/wp-content\/uploads\/2021\/06\/plangenero-1.jpg?fit=880%2C440&ssl=1&resize=350%2C200","width":350,"height":200,"srcset":"https:\/\/i0.wp.com\/lahoradelcampo.com.uy\/site\/wp-content\/uploads\/2021\/06\/plangenero-1.jpg?fit=880%2C440&ssl=1&resize=350%2C200 1x, https:\/\/i0.wp.com\/lahoradelcampo.com.uy\/site\/wp-content\/uploads\/2021\/06\/plangenero-1.jpg?fit=880%2C440&ssl=1&resize=525%2C300 1.5x, https:\/\/i0.wp.com\/lahoradelcampo.com.uy\/site\/wp-content\/uploads\/2021\/06\/plangenero-1.jpg?fit=880%2C440&ssl=1&resize=700%2C400 2x"},"classes":[]},{"id":49093,"url":"https:\/\/lahoradelcampo.com.uy\/site\/hoy-se-celebra-el-dia-internacional-de-la-mujer\/","url_meta":{"origin":24442,"position":2},"title":"Hoy se celebra el d\u00eda internacional de la mujer","author":"La Hora del Campo","date":"8 marzo, 2023","format":false,"excerpt":"La celebraci\u00f3n de las Naciones Unidas del D\u00eda Internacional de la Mujer de este 2023, reconoce y homenajea a las mujeres, ni\u00f1as y organizaciones de mujeres que se encuentran procurando mejoras en la inclusi\u00f3n de la mujer en el avance de la tecnolog\u00eda y el acceso a la educaci\u00f3n digital.\u2026","rel":"","context":"En \u00abActualidad\u00bb","block_context":{"text":"Actualidad","link":"https:\/\/lahoradelcampo.com.uy\/site\/category\/actualidad\/"},"img":{"alt_text":"","src":"https:\/\/i0.wp.com\/lahoradelcampo.com.uy\/site\/wp-content\/uploads\/2023\/03\/MGAP-Mujeres1.jpg?fit=880%2C440&ssl=1&resize=350%2C200","width":350,"height":200,"srcset":"https:\/\/i0.wp.com\/lahoradelcampo.com.uy\/site\/wp-content\/uploads\/2023\/03\/MGAP-Mujeres1.jpg?fit=880%2C440&ssl=1&resize=350%2C200 1x, https:\/\/i0.wp.com\/lahoradelcampo.com.uy\/site\/wp-content\/uploads\/2023\/03\/MGAP-Mujeres1.jpg?fit=880%2C440&ssl=1&resize=525%2C300 1.5x, https:\/\/i0.wp.com\/lahoradelcampo.com.uy\/site\/wp-content\/uploads\/2023\/03\/MGAP-Mujeres1.jpg?fit=880%2C440&ssl=1&resize=700%2C400 2x"},"classes":[]},{"id":32622,"url":"https:\/\/lahoradelcampo.com.uy\/site\/plan-nacional-de-genero-del-agro-como-modelo-de-inversion\/","url_meta":{"origin":24442,"position":3},"title":"Plan Nacional de G\u00e9nero del Agro como modelo de inversi\u00f3n","author":"La Hora del Campo","date":"2 agosto, 2021","format":false,"excerpt":"La Directora General, Fernanda Maldonado, expuso el Plan Nacional de G\u00e9nero en las Pol\u00edticas Agropecuarias como parte de las inversiones con perspectiva de g\u00e9nero de la instituci\u00f3n. Su participaci\u00f3n se da en el marco de la presentaci\u00f3n \u201cMapeo del estado de situaci\u00f3n de las inversiones de impacto con perspectiva de\u2026","rel":"","context":"En \u00abActualidad\u00bb","block_context":{"text":"Actualidad","link":"https:\/\/lahoradelcampo.com.uy\/site\/category\/actualidad\/"},"img":{"alt_text":"","src":"https:\/\/i0.wp.com\/lahoradelcampo.com.uy\/site\/wp-content\/uploads\/2021\/08\/Fernandamaldonado.jpg?fit=880%2C440&ssl=1&resize=350%2C200","width":350,"height":200,"srcset":"https:\/\/i0.wp.com\/lahoradelcampo.com.uy\/site\/wp-content\/uploads\/2021\/08\/Fernandamaldonado.jpg?fit=880%2C440&ssl=1&resize=350%2C200 1x, https:\/\/i0.wp.com\/lahoradelcampo.com.uy\/site\/wp-content\/uploads\/2021\/08\/Fernandamaldonado.jpg?fit=880%2C440&ssl=1&resize=525%2C300 1.5x, https:\/\/i0.wp.com\/lahoradelcampo.com.uy\/site\/wp-content\/uploads\/2021\/08\/Fernandamaldonado.jpg?fit=880%2C440&ssl=1&resize=700%2C400 2x"},"classes":[]},{"id":23248,"url":"https:\/\/lahoradelcampo.com.uy\/site\/ministerio-de-ganaderia-elabora-plan-nacional-de-genero-en-politicas-agropecuarias\/","url_meta":{"origin":24442,"position":4},"title":"Ministerio de Ganader\u00eda elabora Plan Nacional de G\u00e9nero en Pol\u00edticas Agropecuarias","author":"La Hora del Campo","date":"4 septiembre, 2020","format":false,"excerpt":"Seguridad, comercializaci\u00f3n, salud, capacitaci\u00f3n, educaci\u00f3n y asistencia t\u00e9cnica para promover su asociaci\u00f3n son algunos de los requerimientos de las mujeres rurales priorizados en el Plan Nacional de G\u00e9nero en Pol\u00edticas Agropecuarias, adelant\u00f3 la directora del Ministerio de Ganader\u00eda, Fernanda Maldonado. Para visibilizar el aporte de este colectivo, se requiere medir,\u2026","rel":"","context":"En \u00abActualidad\u00bb","block_context":{"text":"Actualidad","link":"https:\/\/lahoradelcampo.com.uy\/site\/category\/actualidad\/"},"img":{"alt_text":"","src":"https:\/\/i0.wp.com\/lahoradelcampo.com.uy\/site\/wp-content\/uploads\/2020\/09\/Politicasgenero.jpg?fit=880%2C440&ssl=1&resize=350%2C200","width":350,"height":200,"srcset":"https:\/\/i0.wp.com\/lahoradelcampo.com.uy\/site\/wp-content\/uploads\/2020\/09\/Politicasgenero.jpg?fit=880%2C440&ssl=1&resize=350%2C200 1x, https:\/\/i0.wp.com\/lahoradelcampo.com.uy\/site\/wp-content\/uploads\/2020\/09\/Politicasgenero.jpg?fit=880%2C440&ssl=1&resize=525%2C300 1.5x, https:\/\/i0.wp.com\/lahoradelcampo.com.uy\/site\/wp-content\/uploads\/2020\/09\/Politicasgenero.jpg?fit=880%2C440&ssl=1&resize=700%2C400 2x"},"classes":[]},{"id":33787,"url":"https:\/\/lahoradelcampo.com.uy\/site\/mujeres-rurales-podran-capacitarse-en-educacion-financiera\/","url_meta":{"origin":24442,"position":5},"title":"Mujeres rurales podr\u00e1n capacitarse en Educaci\u00f3n Financiera","author":"La Hora del Campo","date":"7 septiembre, 2021","format":false,"excerpt":"El Ministerio de Ganader\u00eda, Agricultura y Pesca (MGAP) junto a la Agencia Nacional de Desarrollo (ANDE) realizaron el lanzamiento y convocatoria para participar del taller virtual gratuito de Educaci\u00f3n Financiera. El curso es uno de los compromisos asumidos por las distintas instituciones que participan del Plan Nacional de G\u00e9nero en\u2026","rel":"","context":"En \u00abActualidad\u00bb","block_context":{"text":"Actualidad","link":"https:\/\/lahoradelcampo.com.uy\/site\/category\/actualidad\/"},"img":{"alt_text":"","src":"https:\/\/i0.wp.com\/lahoradelcampo.com.uy\/site\/wp-content\/uploads\/2021\/09\/MGAP-MR.jpg?fit=880%2C440&ssl=1&resize=350%2C200","width":350,"height":200,"srcset":"https:\/\/i0.wp.com\/lahoradelcampo.com.uy\/site\/wp-content\/uploads\/2021\/09\/MGAP-MR.jpg?fit=880%2C440&ssl=1&resize=350%2C200 1x, https:\/\/i0.wp.com\/lahoradelcampo.com.uy\/site\/wp-content\/uploads\/2021\/09\/MGAP-MR.jpg?fit=880%2C440&ssl=1&resize=525%2C300 1.5x, https:\/\/i0.wp.com\/lahoradelcampo.com.uy\/site\/wp-content\/uploads\/2021\/09\/MGAP-MR.jpg?fit=880%2C440&ssl=1&resize=700%2C400 2x"},"classes":[]}],"jetpack_likes_enabled":true,"_links":{"self":[{"href":"https:\/\/lahoradelcampo.com.uy\/site\/wp-json\/wp\/v2\/posts\/24442","targetHints":{"allow":["GET"]}}],"collection":[{"href":"https:\/\/lahoradelcampo.com.uy\/site\/wp-json\/wp\/v2\/posts"}],"about":[{"href":"https:\/\/lahoradelcampo.com.uy\/site\/wp-json\/wp\/v2\/types\/post"}],"author":[{"embeddable":true,"href":"https:\/\/lahoradelcampo.com.uy\/site\/wp-json\/wp\/v2\/users\/5"}],"replies":[{"embeddable":true,"href":"https:\/\/lahoradelcampo.com.uy\/site\/wp-json\/wp\/v2\/comments?post=24442"}],"version-history":[{"count":1,"href":"https:\/\/lahoradelcampo.com.uy\/site\/wp-json\/wp\/v2\/posts\/24442\/revisions"}],"predecessor-version":[{"id":24446,"href":"https:\/\/lahoradelcampo.com.uy\/site\/wp-json\/wp\/v2\/posts\/24442\/revisions\/24446"}],"wp:featuredmedia":[{"embeddable":true,"href":"https:\/\/lahoradelcampo.com.uy\/site\/wp-json\/wp\/v2\/media\/24444"}],"wp:attachment":[{"href":"https:\/\/lahoradelcampo.com.uy\/site\/wp-json\/wp\/v2\/media?parent=24442"}],"wp:term":[{"taxonomy":"category","embeddable":true,"href":"https:\/\/lahoradelcampo.com.uy\/site\/wp-json\/wp\/v2\/categories?post=24442"},{"taxonomy":"post_tag","embeddable":true,"href":"https:\/\/lahoradelcampo.com.uy\/site\/wp-json\/wp\/v2\/tags?post=24442"}],"curies":[{"name":"wp","href":"https:\/\/api.w.org\/{rel}","templated":true}]}}