{"id":24438,"date":"2020-10-08T07:25:39","date_gmt":"2020-10-08T10:25:39","guid":{"rendered":"http:\/\/lahoradelcampo.com.uy\/site\/?p=24438"},"modified":"2020-10-08T07:25:49","modified_gmt":"2020-10-08T10:25:49","slug":"paspalum-de-oro-para-festejar-los-8-anos-de-la-mesa-de-ganaderia-sobre-campo-natural","status":"publish","type":"post","link":"https:\/\/lahoradelcampo.com.uy\/site\/paspalum-de-oro-para-festejar-los-8-anos-de-la-mesa-de-ganaderia-sobre-campo-natural\/","title":{"rendered":"\u00abPaspalum de oro\u00bb para festejar los 8 a\u00f1os  de la Mesa de ganader\u00eda sobre campo natural"},"content":{"rendered":"\n<figure class=\"wp-block-image\"><img data-recalc-dims=\"1\" loading=\"lazy\" decoding=\"async\" width=\"810\" height=\"405\" data-attachment-id=\"19040\" data-permalink=\"https:\/\/lahoradelcampo.com.uy\/site\/se-comienza-a-sentir-el-deficit-hidrico-en-algunas-seccionales-de-salto\/campossemiseco\/\" data-orig-file=\"https:\/\/i0.wp.com\/lahoradelcampo.com.uy\/site\/wp-content\/uploads\/2020\/04\/campossemiseco.jpg?fit=880%2C440&amp;ssl=1\" data-orig-size=\"880,440\" data-comments-opened=\"1\" data-image-meta=\"{&quot;aperture&quot;:&quot;0&quot;,&quot;credit&quot;:&quot;&quot;,&quot;camera&quot;:&quot;&quot;,&quot;caption&quot;:&quot;&quot;,&quot;created_timestamp&quot;:&quot;0&quot;,&quot;copyright&quot;:&quot;&quot;,&quot;focal_length&quot;:&quot;0&quot;,&quot;iso&quot;:&quot;0&quot;,&quot;shutter_speed&quot;:&quot;0&quot;,&quot;title&quot;:&quot;&quot;,&quot;orientation&quot;:&quot;1&quot;}\" data-image-title=\"campossemiseco\" data-image-description=\"\" data-image-caption=\"\" data-large-file=\"https:\/\/i0.wp.com\/lahoradelcampo.com.uy\/site\/wp-content\/uploads\/2020\/04\/campossemiseco.jpg?fit=810%2C405&amp;ssl=1\" src=\"https:\/\/i0.wp.com\/lahoradelcampo.com.uy\/site\/wp-content\/uploads\/2020\/04\/campossemiseco.jpg?resize=810%2C405\" alt=\"\" class=\"wp-image-19040\" srcset=\"https:\/\/i0.wp.com\/lahoradelcampo.com.uy\/site\/wp-content\/uploads\/2020\/04\/campossemiseco.jpg?w=880&amp;ssl=1 880w, https:\/\/i0.wp.com\/lahoradelcampo.com.uy\/site\/wp-content\/uploads\/2020\/04\/campossemiseco.jpg?resize=300%2C150&amp;ssl=1 300w, https:\/\/i0.wp.com\/lahoradelcampo.com.uy\/site\/wp-content\/uploads\/2020\/04\/campossemiseco.jpg?resize=768%2C384&amp;ssl=1 768w, https:\/\/i0.wp.com\/lahoradelcampo.com.uy\/site\/wp-content\/uploads\/2020\/04\/campossemiseco.jpg?resize=820%2C410&amp;ssl=1 820w\" sizes=\"auto, (max-width: 810px) 100vw, 810px\" \/><\/figure>\n\n\n\n<p>En el marco de los festejos de los 8 a\u00f1os de la Mesa de ganader\u00eda sobre campo natural (MGCN) las instituciones integrantes de la misma convocan a participar de la pimera edici\u00f3n del reconocimiento \u00abPaspalum de oro\u00bb a quienes hayan hecho una constribuci\u00f3n significativa a la ganader\u00eda sobre campo natural del Uruguay. <\/p>\n\n\n\n<p>Se podr\u00e1n presentar propuestas hasta el 25 de octubre, con un documento de m\u00e1ximo dos p\u00e1ginas, que argumente su pertinencia; las mismas se recibir\u00e1n en las diferentes instituciones que forman parte de la mesa. Las categor\u00edas son Productores, Extensionistas, Investigadores, Educadores, Comunicadores, Arte &amp; Cultura.<\/p>\n\n\n\n<p style=\"text-align:right\"><strong>Salto, 08 de octubre de 2020<\/strong><\/p>\n","protected":false},"excerpt":{"rendered":"<p>En el marco de los festejos de los 8 a\u00f1os de la Mesa de ganader\u00eda sobre campo natural (MGCN) las instituciones integrantes de la misma convocan a participar de la [&hellip;]<\/p>\n","protected":false},"author":5,"featured_media":19040,"comment_status":"open","ping_status":"open","sticky":false,"template":"","format":"standard","meta":{"_price":"","_stock":"","_tribe_ticket_header":"","_tribe_default_ticket_provider":"","_tribe_ticket_capacity":"0","_ticket_start_date":"","_ticket_end_date":"","_tribe_ticket_show_description":"","_tribe_ticket_show_not_going":false,"_tribe_ticket_use_global_stock":"","_tribe_ticket_global_stock_level":"","_global_stock_mode":"","_global_stock_cap":"","_tribe_rsvp_for_event":"","_tribe_ticket_going_count":"","_tribe_ticket_not_going_count":"","_tribe_tickets_list":"[]","_tribe_ticket_has_attendee_info_fields":false,"h5ap_radio_sources":[],"_jetpack_newsletter_access":"","_jetpack_dont_email_post_to_subs":false,"_jetpack_newsletter_tier_id":0,"_jetpack_memberships_contains_paywalled_content":false,"_jetpack_memberships_contains_paid_content":false,"footnotes":""},"categories":[21,5],"tags":[],"class_list":["post-24438","post","type-post","status-publish","format-standard","has-post-thumbnail","hentry","category-actualidad","category-ganaderia"],"jetpack_featured_media_url":"https:\/\/i0.wp.com\/lahoradelcampo.com.uy\/site\/wp-content\/uploads\/2020\/04\/campossemiseco.jpg?fit=880%2C440&ssl=1","jetpack_sharing_enabled":true,"jetpack_shortlink":"https:\/\/wp.me\/p99IaT-6ma","jetpack-related-posts":[{"id":34571,"url":"https:\/\/lahoradelcampo.com.uy\/site\/se-realiza-este-ano-la-segunda-edicion-del-paspalum-de-oro\/","url_meta":{"origin":24438,"position":0},"title":"Se realiza este a\u00f1o la segunda edici\u00f3n del \u00abPaspalum  de Oro\u00bb","author":"La Hora del Campo","date":"23 septiembre, 2021","format":false,"excerpt":"La Mesa de Ganader\u00eda sobre Campo Natural (MGCN) invita a participar de las postulaciones de la segunda edici\u00f3n del reconocimiento \u201cPaspalum de oro\u201d. Este reconocimiento busca destacar a quienes hayan hecho una contribuci\u00f3n significativa a la ganader\u00eda sobre campo natural del Uruguay. Las postulaciones se recibir\u00e1n hasta el d\u00eda 15\u2026","rel":"","context":"En \u00abActualidad\u00bb","block_context":{"text":"Actualidad","link":"https:\/\/lahoradelcampo.com.uy\/site\/category\/actualidad\/"},"img":{"alt_text":"","src":"https:\/\/i0.wp.com\/lahoradelcampo.com.uy\/site\/wp-content\/uploads\/2021\/09\/Paspalumdeoro.jpg?fit=880%2C440&ssl=1&resize=350%2C200","width":350,"height":200,"srcset":"https:\/\/i0.wp.com\/lahoradelcampo.com.uy\/site\/wp-content\/uploads\/2021\/09\/Paspalumdeoro.jpg?fit=880%2C440&ssl=1&resize=350%2C200 1x, https:\/\/i0.wp.com\/lahoradelcampo.com.uy\/site\/wp-content\/uploads\/2021\/09\/Paspalumdeoro.jpg?fit=880%2C440&ssl=1&resize=525%2C300 1.5x, https:\/\/i0.wp.com\/lahoradelcampo.com.uy\/site\/wp-content\/uploads\/2021\/09\/Paspalumdeoro.jpg?fit=880%2C440&ssl=1&resize=700%2C400 2x"},"classes":[]},{"id":54400,"url":"https:\/\/lahoradelcampo.com.uy\/site\/abiertas-las-inscripciones-para-el-paspalum-de-oro-2024\/","url_meta":{"origin":24438,"position":1},"title":"Abiertas las inscripciones para el Paspalum de Oro 2024","author":"La Hora del Campo","date":"4 septiembre, 2024","format":false,"excerpt":"La Mesa de Ganader\u00eda sobre Campo Natural (MGCN) ha lanzado la convocatoria para la quinta edici\u00f3n del \"Paspalum de Oro\", un reconocimiento que destaca a quienes contribuyen significativamente a la ganader\u00eda sobre campo natural en Uruguay. Las postulaciones estar\u00e1n abiertas hasta el 1 de octubre de 2024 y podr\u00e1n participar\u2026","rel":"","context":"En \u00abActualidad\u00bb","block_context":{"text":"Actualidad","link":"https:\/\/lahoradelcampo.com.uy\/site\/category\/actualidad\/"},"img":{"alt_text":"","src":"https:\/\/i0.wp.com\/lahoradelcampo.com.uy\/site\/wp-content\/uploads\/2024\/04\/ganados-pastura.jpg?fit=880%2C440&ssl=1&resize=350%2C200","width":350,"height":200,"srcset":"https:\/\/i0.wp.com\/lahoradelcampo.com.uy\/site\/wp-content\/uploads\/2024\/04\/ganados-pastura.jpg?fit=880%2C440&ssl=1&resize=350%2C200 1x, https:\/\/i0.wp.com\/lahoradelcampo.com.uy\/site\/wp-content\/uploads\/2024\/04\/ganados-pastura.jpg?fit=880%2C440&ssl=1&resize=525%2C300 1.5x, https:\/\/i0.wp.com\/lahoradelcampo.com.uy\/site\/wp-content\/uploads\/2024\/04\/ganados-pastura.jpg?fit=880%2C440&ssl=1&resize=700%2C400 2x"},"classes":[]},{"id":53113,"url":"https:\/\/lahoradelcampo.com.uy\/site\/campo-natural-el-viernes-10-se-entregaron-los-paspalum-de-oro\/","url_meta":{"origin":24438,"position":2},"title":"Campo Natural: El viernes 10 se entregaron los Paspalum de Oro","author":"La Hora del Campo","date":"16 noviembre, 2023","format":false,"excerpt":"El pasado viernes 10 de noviembre, el Instituto Nacional de Investigaci\u00f3n Agropecuaria (INIA) Tacuaremb\u00f3 fue el escenario de la entrega de los reconocimientos \"Paspalum de Oro\", en el marco del D\u00eda Nacional del Campo Natural, conmemorado cada 11 de noviembre en Uruguay. La jornada conmemorativa, que se instituy\u00f3 en el\u2026","rel":"","context":"En \u00abActualidad\u00bb","block_context":{"text":"Actualidad","link":"https:\/\/lahoradelcampo.com.uy\/site\/category\/actualidad\/"},"img":{"alt_text":"","src":"https:\/\/i0.wp.com\/lahoradelcampo.com.uy\/site\/wp-content\/uploads\/2023\/11\/CampoNatural-Paspalum.jpg?fit=880%2C440&ssl=1&resize=350%2C200","width":350,"height":200,"srcset":"https:\/\/i0.wp.com\/lahoradelcampo.com.uy\/site\/wp-content\/uploads\/2023\/11\/CampoNatural-Paspalum.jpg?fit=880%2C440&ssl=1&resize=350%2C200 1x, https:\/\/i0.wp.com\/lahoradelcampo.com.uy\/site\/wp-content\/uploads\/2023\/11\/CampoNatural-Paspalum.jpg?fit=880%2C440&ssl=1&resize=525%2C300 1.5x, https:\/\/i0.wp.com\/lahoradelcampo.com.uy\/site\/wp-content\/uploads\/2023\/11\/CampoNatural-Paspalum.jpg?fit=880%2C440&ssl=1&resize=700%2C400 2x"},"classes":[]},{"id":36459,"url":"https:\/\/lahoradelcampo.com.uy\/site\/el-ing-elbio-berreta-recibira-hoy-el-paspalum-de-oro\/","url_meta":{"origin":24438,"position":3},"title":"El Ing. Elbio Berreta recibir\u00e1 hoy el \u00abPaspalum de Oro\u00bb","author":"La Hora del Campo","date":"11 noviembre, 2021","format":false,"excerpt":"En la jornada de hoy se entrega el \"Paspalum\" de Oro a quienes contribuyen a la ganader\u00eda sobre campo natural en nuestro pa\u00eds. La actividad ser\u00e1 transmitida por el canal de YouTube del Ministerio de Ganader\u00eda, Agricultura y Pesca. El acto de entrega de reconocimientos ser\u00e1 a las 14 horas,\u2026","rel":"","context":"En \u00abActualidad\u00bb","block_context":{"text":"Actualidad","link":"https:\/\/lahoradelcampo.com.uy\/site\/category\/actualidad\/"},"img":{"alt_text":"","src":"https:\/\/i0.wp.com\/lahoradelcampo.com.uy\/site\/wp-content\/uploads\/2021\/11\/ElbioBerreta.jpg?fit=880%2C440&ssl=1&resize=350%2C200","width":350,"height":200,"srcset":"https:\/\/i0.wp.com\/lahoradelcampo.com.uy\/site\/wp-content\/uploads\/2021\/11\/ElbioBerreta.jpg?fit=880%2C440&ssl=1&resize=350%2C200 1x, https:\/\/i0.wp.com\/lahoradelcampo.com.uy\/site\/wp-content\/uploads\/2021\/11\/ElbioBerreta.jpg?fit=880%2C440&ssl=1&resize=525%2C300 1.5x, https:\/\/i0.wp.com\/lahoradelcampo.com.uy\/site\/wp-content\/uploads\/2021\/11\/ElbioBerreta.jpg?fit=880%2C440&ssl=1&resize=700%2C400 2x"},"classes":[]},{"id":55098,"url":"https:\/\/lahoradelcampo.com.uy\/site\/se-celebro-ayer-en-merinosel-dia-del-campo-natural\/","url_meta":{"origin":24438,"position":4},"title":"Se celebr\u00f3 ayer en Merinos,el d\u00eda del Campo Natural","author":"La Hora del Campo","date":"12 noviembre, 2024","format":false,"excerpt":"Cada 11 de noviembre, Uruguay celebra el D\u00eda Nacional del Campo Natural, una fecha que invita a la reflexi\u00f3n y valorizaci\u00f3n de nuestro ecosistema de campo natural. Esta conmemoraci\u00f3n se origin\u00f3 en 2018 en el marco de la Mesa de Ganader\u00eda sobre Campo Natural, un espacio de trabajo colaborativo entre\u2026","rel":"","context":"En \u00abActualidad\u00bb","block_context":{"text":"Actualidad","link":"https:\/\/lahoradelcampo.com.uy\/site\/category\/actualidad\/"},"img":{"alt_text":"","src":"https:\/\/i0.wp.com\/lahoradelcampo.com.uy\/site\/wp-content\/uploads\/2024\/11\/Paspalumdeoro-premios.jpg?fit=880%2C440&ssl=1&resize=350%2C200","width":350,"height":200,"srcset":"https:\/\/i0.wp.com\/lahoradelcampo.com.uy\/site\/wp-content\/uploads\/2024\/11\/Paspalumdeoro-premios.jpg?fit=880%2C440&ssl=1&resize=350%2C200 1x, https:\/\/i0.wp.com\/lahoradelcampo.com.uy\/site\/wp-content\/uploads\/2024\/11\/Paspalumdeoro-premios.jpg?fit=880%2C440&ssl=1&resize=525%2C300 1.5x, https:\/\/i0.wp.com\/lahoradelcampo.com.uy\/site\/wp-content\/uploads\/2024\/11\/Paspalumdeoro-premios.jpg?fit=880%2C440&ssl=1&resize=700%2C400 2x"},"classes":[]},{"id":25474,"url":"https:\/\/lahoradelcampo.com.uy\/site\/el-ing-rafeal-gallinal-recibio-el-paspalum-de-oro-a-la-produccion\/","url_meta":{"origin":24438,"position":5},"title":"El Ing. Rafeal Gallinal recibi\u00f3 el \u00abPaspalum  de Oro\u00bb a la Producci\u00f3n","author":"La Hora del Campo","date":"13 noviembre, 2020","format":false,"excerpt":"En la jornada de ayer, tal cual se inform\u00f3 previamente en CAMBIO, se realiz\u00f3 la celebraci\u00f3n del D\u00eda Nacional del Campo Natural, en una actividad que cont\u00f3 con la presencia del ministro de Ganader\u00eda, Agricultura y Pesca, Carlos Ma. Uriarte, el ministro de Medioambiente, Adri\u00e1n Pe\u00f1a, el subsecretario del MGAP,\u2026","rel":"","context":"En \u00abActualidad\u00bb","block_context":{"text":"Actualidad","link":"https:\/\/lahoradelcampo.com.uy\/site\/category\/actualidad\/"},"img":{"alt_text":"","src":"https:\/\/i0.wp.com\/lahoradelcampo.com.uy\/site\/wp-content\/uploads\/2020\/11\/Camponatural.jpg?fit=880%2C440&ssl=1&resize=350%2C200","width":350,"height":200,"srcset":"https:\/\/i0.wp.com\/lahoradelcampo.com.uy\/site\/wp-content\/uploads\/2020\/11\/Camponatural.jpg?fit=880%2C440&ssl=1&resize=350%2C200 1x, https:\/\/i0.wp.com\/lahoradelcampo.com.uy\/site\/wp-content\/uploads\/2020\/11\/Camponatural.jpg?fit=880%2C440&ssl=1&resize=525%2C300 1.5x, https:\/\/i0.wp.com\/lahoradelcampo.com.uy\/site\/wp-content\/uploads\/2020\/11\/Camponatural.jpg?fit=880%2C440&ssl=1&resize=700%2C400 2x"},"classes":[]}],"jetpack_likes_enabled":true,"_links":{"self":[{"href":"https:\/\/lahoradelcampo.com.uy\/site\/wp-json\/wp\/v2\/posts\/24438","targetHints":{"allow":["GET"]}}],"collection":[{"href":"https:\/\/lahoradelcampo.com.uy\/site\/wp-json\/wp\/v2\/posts"}],"about":[{"href":"https:\/\/lahoradelcampo.com.uy\/site\/wp-json\/wp\/v2\/types\/post"}],"author":[{"embeddable":true,"href":"https:\/\/lahoradelcampo.com.uy\/site\/wp-json\/wp\/v2\/users\/5"}],"replies":[{"embeddable":true,"href":"https:\/\/lahoradelcampo.com.uy\/site\/wp-json\/wp\/v2\/comments?post=24438"}],"version-history":[{"count":1,"href":"https:\/\/lahoradelcampo.com.uy\/site\/wp-json\/wp\/v2\/posts\/24438\/revisions"}],"predecessor-version":[{"id":24440,"href":"https:\/\/lahoradelcampo.com.uy\/site\/wp-json\/wp\/v2\/posts\/24438\/revisions\/24440"}],"wp:featuredmedia":[{"embeddable":true,"href":"https:\/\/lahoradelcampo.com.uy\/site\/wp-json\/wp\/v2\/media\/19040"}],"wp:attachment":[{"href":"https:\/\/lahoradelcampo.com.uy\/site\/wp-json\/wp\/v2\/media?parent=24438"}],"wp:term":[{"taxonomy":"category","embeddable":true,"href":"https:\/\/lahoradelcampo.com.uy\/site\/wp-json\/wp\/v2\/categories?post=24438"},{"taxonomy":"post_tag","embeddable":true,"href":"https:\/\/lahoradelcampo.com.uy\/site\/wp-json\/wp\/v2\/tags?post=24438"}],"curies":[{"name":"wp","href":"https:\/\/api.w.org\/{rel}","templated":true}]}}