{"id":24412,"date":"2020-10-06T19:05:42","date_gmt":"2020-10-06T22:05:42","guid":{"rendered":"http:\/\/lahoradelcampo.com.uy\/site\/?p=24412"},"modified":"2020-10-06T19:05:48","modified_gmt":"2020-10-06T22:05:48","slug":"se-venden-mas-toros-con-un-dolar-mas-fuerte-y-un-valor-del-novillo-gordo-un-16-debajo-de-2019","status":"publish","type":"post","link":"https:\/\/lahoradelcampo.com.uy\/site\/se-venden-mas-toros-con-un-dolar-mas-fuerte-y-un-valor-del-novillo-gordo-un-16-debajo-de-2019\/","title":{"rendered":"Se venden m\u00e1s toros, con un d\u00f3lar m\u00e1s fuerte y  un valor del novillo gordo un 16% debajo de 2019"},"content":{"rendered":"\n<figure class=\"wp-block-image\"><img data-recalc-dims=\"1\" loading=\"lazy\" decoding=\"async\" width=\"810\" height=\"405\" data-attachment-id=\"24414\" data-permalink=\"https:\/\/lahoradelcampo.com.uy\/site\/se-venden-mas-toros-con-un-dolar-mas-fuerte-y-un-valor-del-novillo-gordo-un-16-debajo-de-2019\/toroshereford\/\" data-orig-file=\"https:\/\/i0.wp.com\/lahoradelcampo.com.uy\/site\/wp-content\/uploads\/2020\/10\/Toroshereford.jpg?fit=880%2C440&amp;ssl=1\" data-orig-size=\"880,440\" data-comments-opened=\"1\" data-image-meta=\"{&quot;aperture&quot;:&quot;0&quot;,&quot;credit&quot;:&quot;&quot;,&quot;camera&quot;:&quot;&quot;,&quot;caption&quot;:&quot;&quot;,&quot;created_timestamp&quot;:&quot;0&quot;,&quot;copyright&quot;:&quot;&quot;,&quot;focal_length&quot;:&quot;0&quot;,&quot;iso&quot;:&quot;0&quot;,&quot;shutter_speed&quot;:&quot;0&quot;,&quot;title&quot;:&quot;&quot;,&quot;orientation&quot;:&quot;1&quot;}\" data-image-title=\"Toroshereford\" data-image-description=\"\" data-image-caption=\"\" data-large-file=\"https:\/\/i0.wp.com\/lahoradelcampo.com.uy\/site\/wp-content\/uploads\/2020\/10\/Toroshereford.jpg?fit=810%2C405&amp;ssl=1\" src=\"https:\/\/i0.wp.com\/lahoradelcampo.com.uy\/site\/wp-content\/uploads\/2020\/10\/Toroshereford.jpg?resize=810%2C405\" alt=\"\" class=\"wp-image-24414\" srcset=\"https:\/\/i0.wp.com\/lahoradelcampo.com.uy\/site\/wp-content\/uploads\/2020\/10\/Toroshereford.jpg?w=880&amp;ssl=1 880w, https:\/\/i0.wp.com\/lahoradelcampo.com.uy\/site\/wp-content\/uploads\/2020\/10\/Toroshereford.jpg?resize=300%2C150&amp;ssl=1 300w, https:\/\/i0.wp.com\/lahoradelcampo.com.uy\/site\/wp-content\/uploads\/2020\/10\/Toroshereford.jpg?resize=768%2C384&amp;ssl=1 768w, https:\/\/i0.wp.com\/lahoradelcampo.com.uy\/site\/wp-content\/uploads\/2020\/10\/Toroshereford.jpg?resize=820%2C410&amp;ssl=1 820w\" sizes=\"auto, (max-width: 810px) 100vw, 810px\" \/><\/figure>\n\n\n\n<p>De acuerdo a un informe elaborado por la consultora Blasina &amp; Asociados, la zafra de reproductores lleva colocados m\u00e1s toros que en la zafra pasada y si bien se marca una ca\u00edda en los promedios respecto al a\u00f1o pasado, de aproximadamente un 9%, la fuidez en los negocios y el cambio en las variables del d\u00f3lar y el precio del novillo hacen que se equilibre la ecuaci\u00f3n. <br><\/p>\n\n\n\n<p>De acuerdo a la consultora, \u00abparece l\u00f3gico que el precio de los reproductores ajuste a la baja respecto al a\u00f1o pasado\u00bb, en este sentido marcan un valor del novillo que ha ca\u00eddo un \u00ab18% por debajo que un a\u00f1o atr\u00e1s\u00bb mientras que el d\u00f3lar se ubica \u00abun 16% por encima\u00bb.<br><\/p>\n\n\n\n<p>En la planilla adjunta, le acercamos los resultados que han informado rematadores y caba\u00f1eros en los que va de la zafra. Incluyendo \u00fanicamente en la misma aquellos resultados con los m\u00e1ximos, m\u00ednimos y promedios. <br><\/p>\n\n\n\n<p>De acuerdo a los remates y las cantidades de reproductores que se han ido comercializando, la raza Aberdeen Angus es la que registra una mayor presencia en las pistas. Adem\u00e1s es claro que en lo que respecta al Hereford, existe una mayor predominancia de volumen y valores del mocho sobre el astado. <\/p>\n\n\n\n<div class=\"wp-block-image\"><figure class=\"aligncenter\"><img data-recalc-dims=\"1\" loading=\"lazy\" decoding=\"async\" width=\"503\" height=\"722\" data-attachment-id=\"24416\" data-permalink=\"https:\/\/lahoradelcampo.com.uy\/site\/se-venden-mas-toros-con-un-dolar-mas-fuerte-y-un-valor-del-novillo-gordo-un-16-debajo-de-2019\/cabanas-y-toros\/\" data-orig-file=\"https:\/\/i0.wp.com\/lahoradelcampo.com.uy\/site\/wp-content\/uploads\/2020\/10\/caba%C3%B1as-y-toros.jpg?fit=503%2C722&amp;ssl=1\" data-orig-size=\"503,722\" data-comments-opened=\"1\" data-image-meta=\"{&quot;aperture&quot;:&quot;0&quot;,&quot;credit&quot;:&quot;&quot;,&quot;camera&quot;:&quot;&quot;,&quot;caption&quot;:&quot;&quot;,&quot;created_timestamp&quot;:&quot;0&quot;,&quot;copyright&quot;:&quot;&quot;,&quot;focal_length&quot;:&quot;0&quot;,&quot;iso&quot;:&quot;0&quot;,&quot;shutter_speed&quot;:&quot;0&quot;,&quot;title&quot;:&quot;&quot;,&quot;orientation&quot;:&quot;0&quot;}\" data-image-title=\"caba\u00f1as y toros\" data-image-description=\"\" data-image-caption=\"\" data-large-file=\"https:\/\/i0.wp.com\/lahoradelcampo.com.uy\/site\/wp-content\/uploads\/2020\/10\/caba%C3%B1as-y-toros.jpg?fit=503%2C722&amp;ssl=1\" src=\"https:\/\/i0.wp.com\/lahoradelcampo.com.uy\/site\/wp-content\/uploads\/2020\/10\/caba%C3%B1as-y-toros.jpg?resize=503%2C722\" alt=\"\" class=\"wp-image-24416\" srcset=\"https:\/\/i0.wp.com\/lahoradelcampo.com.uy\/site\/wp-content\/uploads\/2020\/10\/caba%C3%B1as-y-toros.jpg?w=503&amp;ssl=1 503w, https:\/\/i0.wp.com\/lahoradelcampo.com.uy\/site\/wp-content\/uploads\/2020\/10\/caba%C3%B1as-y-toros.jpg?resize=209%2C300&amp;ssl=1 209w\" sizes=\"auto, (max-width: 503px) 100vw, 503px\" \/><\/figure><\/div>\n\n\n\n<p style=\"text-align:right\"><strong>Salto, 6 de octubre de 2020<\/strong><\/p>\n","protected":false},"excerpt":{"rendered":"<p>De acuerdo a un informe elaborado por la consultora Blasina &amp; Asociados, la zafra de reproductores lleva colocados m\u00e1s toros que en la zafra pasada y si bien se marca [&hellip;]<\/p>\n","protected":false},"author":5,"featured_media":24414,"comment_status":"open","ping_status":"open","sticky":false,"template":"","format":"standard","meta":{"_price":"","_stock":"","_tribe_ticket_header":"","_tribe_default_ticket_provider":"","_tribe_ticket_capacity":"0","_ticket_start_date":"","_ticket_end_date":"","_tribe_ticket_show_description":"","_tribe_ticket_show_not_going":false,"_tribe_ticket_use_global_stock":"","_tribe_ticket_global_stock_level":"","_global_stock_mode":"","_global_stock_cap":"","_tribe_rsvp_for_event":"","_tribe_ticket_going_count":"","_tribe_ticket_not_going_count":"","_tribe_tickets_list":"[]","_tribe_ticket_has_attendee_info_fields":false,"h5ap_radio_sources":[],"_jetpack_newsletter_access":"","_jetpack_dont_email_post_to_subs":false,"_jetpack_newsletter_tier_id":0,"_jetpack_memberships_contains_paywalled_content":false,"_jetpack_memberships_contains_paid_content":false,"footnotes":""},"categories":[21,5],"tags":[],"class_list":["post-24412","post","type-post","status-publish","format-standard","has-post-thumbnail","hentry","category-actualidad","category-ganaderia"],"jetpack_featured_media_url":"https:\/\/i0.wp.com\/lahoradelcampo.com.uy\/site\/wp-content\/uploads\/2020\/10\/Toroshereford.jpg?fit=880%2C440&ssl=1","jetpack_sharing_enabled":true,"jetpack_shortlink":"https:\/\/wp.me\/p99IaT-6lK","jetpack-related-posts":[{"id":14477,"url":"https:\/\/lahoradelcampo.com.uy\/site\/buenas-expectativas-para-la-zafra-de-toros-2019\/","url_meta":{"origin":24412,"position":0},"title":"Buenas expectativas para  la zafra de toros 2019","author":"La Hora del Campo","date":"24 septiembre, 2019","format":false,"excerpt":"El comienzo de la zafra de reproductores con las ventas de la reciente edici\u00f3n de la Expo Prado, fue con valores superiores al a\u00f1o pasado y una agilidad importante. En esta oportunidad se comercializaron 32 reproductores, un 4% menos que el a\u00f1o pasado, y con un promedio de US$ 4.859\u2026","rel":"","context":"En \u00abActualidad\u00bb","block_context":{"text":"Actualidad","link":"https:\/\/lahoradelcampo.com.uy\/site\/category\/actualidad\/"},"img":{"alt_text":"","src":"https:\/\/i0.wp.com\/lahoradelcampo.com.uy\/site\/wp-content\/uploads\/2017\/10\/Remate-Tierra-de-toros.jpg?fit=880%2C440&ssl=1&resize=350%2C200","width":350,"height":200,"srcset":"https:\/\/i0.wp.com\/lahoradelcampo.com.uy\/site\/wp-content\/uploads\/2017\/10\/Remate-Tierra-de-toros.jpg?fit=880%2C440&ssl=1&resize=350%2C200 1x, https:\/\/i0.wp.com\/lahoradelcampo.com.uy\/site\/wp-content\/uploads\/2017\/10\/Remate-Tierra-de-toros.jpg?fit=880%2C440&ssl=1&resize=525%2C300 1.5x, https:\/\/i0.wp.com\/lahoradelcampo.com.uy\/site\/wp-content\/uploads\/2017\/10\/Remate-Tierra-de-toros.jpg?fit=880%2C440&ssl=1&resize=700%2C400 2x"},"classes":[]},{"id":54934,"url":"https:\/\/lahoradelcampo.com.uy\/site\/en-la-moneda-del-criador-los-toros-estan-11-mas-baratos\/","url_meta":{"origin":24412,"position":1},"title":"En la moneda del criador, los toros est\u00e1n 11% m\u00e1s baratos","author":"La Hora del Campo","date":"22 octubre, 2024","format":false,"excerpt":"La zafra contin\u00faa avanzando y, a pesar de que el valor promedio al que se comercializan los reproductores se encuentra por encima del a\u00f1o pasado, en la moneda del criador los toros est\u00e1n 11% m\u00e1s baratos, seg\u00fan los datos relevados por La Hora del Campo en m\u00e1s de 100 ventas.\u2026","rel":"","context":"En \u00abActualidad\u00bb","block_context":{"text":"Actualidad","link":"https:\/\/lahoradelcampo.com.uy\/site\/category\/actualidad\/"},"img":{"alt_text":"","src":"https:\/\/i0.wp.com\/lahoradelcampo.com.uy\/site\/wp-content\/uploads\/2024\/10\/Ternerosangus.jpg?fit=880%2C440&ssl=1&resize=350%2C200","width":350,"height":200,"srcset":"https:\/\/i0.wp.com\/lahoradelcampo.com.uy\/site\/wp-content\/uploads\/2024\/10\/Ternerosangus.jpg?fit=880%2C440&ssl=1&resize=350%2C200 1x, https:\/\/i0.wp.com\/lahoradelcampo.com.uy\/site\/wp-content\/uploads\/2024\/10\/Ternerosangus.jpg?fit=880%2C440&ssl=1&resize=525%2C300 1.5x, https:\/\/i0.wp.com\/lahoradelcampo.com.uy\/site\/wp-content\/uploads\/2024\/10\/Ternerosangus.jpg?fit=880%2C440&ssl=1&resize=700%2C400 2x"},"classes":[]},{"id":45823,"url":"https:\/\/lahoradelcampo.com.uy\/site\/cuanto-valdran-los-toros-esta-zafra-los-cabaneros-responden\/","url_meta":{"origin":24412,"position":2},"title":"\u00bfCu\u00e1nto valdr\u00e1n los toros esta zafra?  Los caba\u00f1eros responden","author":"La Hora del Campo","date":"26 septiembre, 2022","format":false,"excerpt":"Ya han comenzado a desarrollarse algunos remates de reproductores a nivel pa\u00eds, marcando en los primeros casos, subas de precios frente a la zafra anterior en el eje de un 30%, caso lo ocurrido en las ventas de la Sociedad de Criadores de Hereford en Kiy\u00fa y el remate de\u2026","rel":"","context":"En \u00abActualidad\u00bb","block_context":{"text":"Actualidad","link":"https:\/\/lahoradelcampo.com.uy\/site\/category\/actualidad\/"},"img":{"alt_text":"","src":"https:\/\/i0.wp.com\/lahoradelcampo.com.uy\/site\/wp-content\/uploads\/2020\/10\/zafratoros.jpg?fit=880%2C440&ssl=1&resize=350%2C200","width":350,"height":200,"srcset":"https:\/\/i0.wp.com\/lahoradelcampo.com.uy\/site\/wp-content\/uploads\/2020\/10\/zafratoros.jpg?fit=880%2C440&ssl=1&resize=350%2C200 1x, https:\/\/i0.wp.com\/lahoradelcampo.com.uy\/site\/wp-content\/uploads\/2020\/10\/zafratoros.jpg?fit=880%2C440&ssl=1&resize=525%2C300 1.5x, https:\/\/i0.wp.com\/lahoradelcampo.com.uy\/site\/wp-content\/uploads\/2020\/10\/zafratoros.jpg?fit=880%2C440&ssl=1&resize=700%2C400 2x"},"classes":[]},{"id":52921,"url":"https:\/\/lahoradelcampo.com.uy\/site\/salto-en-octubre-se-llevan-vendidos-439-toros-a-us-3-124-de-promedio\/","url_meta":{"origin":24412,"position":3},"title":"Salto: En octubre se llevan vendidos 439 toros a US$ 3.124 de promedio","author":"La Hora del Campo","date":"26 octubre, 2023","format":false,"excerpt":"La zafra de reproductores se adelant\u00f3 a nivel nacional, sin embargo en el departamento se mantuvo el inicio de la zafra luego de la exposici\u00f3n de Salto. A diferencia del a\u00f1o pasado se adelantaron las fechas y octubre cerr\u00f3 con las ventas en pista de reproductores este mi\u00e9rcoles 25, en\u2026","rel":"","context":"En \u00abActualidad\u00bb","block_context":{"text":"Actualidad","link":"https:\/\/lahoradelcampo.com.uy\/site\/category\/actualidad\/"},"img":{"alt_text":"","src":"https:\/\/i0.wp.com\/lahoradelcampo.com.uy\/site\/wp-content\/uploads\/2018\/05\/toros-hereford.jpg?fit=880%2C440&ssl=1&resize=350%2C200","width":350,"height":200,"srcset":"https:\/\/i0.wp.com\/lahoradelcampo.com.uy\/site\/wp-content\/uploads\/2018\/05\/toros-hereford.jpg?fit=880%2C440&ssl=1&resize=350%2C200 1x, https:\/\/i0.wp.com\/lahoradelcampo.com.uy\/site\/wp-content\/uploads\/2018\/05\/toros-hereford.jpg?fit=880%2C440&ssl=1&resize=525%2C300 1.5x, https:\/\/i0.wp.com\/lahoradelcampo.com.uy\/site\/wp-content\/uploads\/2018\/05\/toros-hereford.jpg?fit=880%2C440&ssl=1&resize=700%2C400 2x"},"classes":[]},{"id":55047,"url":"https:\/\/lahoradelcampo.com.uy\/site\/la-zafra-esta-llegando-a-su-fin-con-mas-demanda-por-toros\/","url_meta":{"origin":24412,"position":4},"title":"La zafra esta llegando a su fin con m\u00e1s demanda por toros","author":"La Hora del Campo","date":"6 noviembre, 2024","format":false,"excerpt":"Al finalizar la zafra la demanda por toros parece incrementarse, con remates exitosos y ventas totales en la mayor\u00eda de las subastas. La primavera se afirma, los valores de la hacienda acompa\u00f1an, tanto para el gordo como en el caso de la reposici\u00f3n, y eso ha ayudado a que una\u2026","rel":"","context":"En \u00abActualidad\u00bb","block_context":{"text":"Actualidad","link":"https:\/\/lahoradelcampo.com.uy\/site\/category\/actualidad\/"},"img":{"alt_text":"","src":"https:\/\/i0.wp.com\/lahoradelcampo.com.uy\/site\/wp-content\/uploads\/2024\/11\/torosnacional.jpg?fit=880%2C440&ssl=1&resize=350%2C200","width":350,"height":200,"srcset":"https:\/\/i0.wp.com\/lahoradelcampo.com.uy\/site\/wp-content\/uploads\/2024\/11\/torosnacional.jpg?fit=880%2C440&ssl=1&resize=350%2C200 1x, https:\/\/i0.wp.com\/lahoradelcampo.com.uy\/site\/wp-content\/uploads\/2024\/11\/torosnacional.jpg?fit=880%2C440&ssl=1&resize=525%2C300 1.5x, https:\/\/i0.wp.com\/lahoradelcampo.com.uy\/site\/wp-content\/uploads\/2024\/11\/torosnacional.jpg?fit=880%2C440&ssl=1&resize=700%2C400 2x"},"classes":[]},{"id":48811,"url":"https:\/\/lahoradelcampo.com.uy\/site\/el-novillo-tipo-se-mantuvo-estable-en-enero-pero-cayo-el-valor-de-la-hacienda\/","url_meta":{"origin":24412,"position":5},"title":"El Novillo Tipo se mantuvo estable en enero, pero cay\u00f3 el valor de la hacienda","author":"La Hora del Campo","date":"20 febrero, 2023","format":false,"excerpt":"El Instituto Nacional de Carnes (INAC) actualiz\u00f3 el indicador \"Novillo Tipo\" con los datos del mes de enero de 2023, donde se visualiza una suba de un d\u00f3lar respecto al informe anterior, es decir un indicador estable respecto al mes de diciembre. Este indicador se ha posicionado en US$ 1.408\u2026","rel":"","context":"En \u00abActualidad\u00bb","block_context":{"text":"Actualidad","link":"https:\/\/lahoradelcampo.com.uy\/site\/category\/actualidad\/"},"img":{"alt_text":"","src":"https:\/\/i0.wp.com\/lahoradelcampo.com.uy\/site\/wp-content\/uploads\/2020\/08\/Novillossorgo.jpg?fit=880%2C440&ssl=1&resize=350%2C200","width":350,"height":200,"srcset":"https:\/\/i0.wp.com\/lahoradelcampo.com.uy\/site\/wp-content\/uploads\/2020\/08\/Novillossorgo.jpg?fit=880%2C440&ssl=1&resize=350%2C200 1x, https:\/\/i0.wp.com\/lahoradelcampo.com.uy\/site\/wp-content\/uploads\/2020\/08\/Novillossorgo.jpg?fit=880%2C440&ssl=1&resize=525%2C300 1.5x, https:\/\/i0.wp.com\/lahoradelcampo.com.uy\/site\/wp-content\/uploads\/2020\/08\/Novillossorgo.jpg?fit=880%2C440&ssl=1&resize=700%2C400 2x"},"classes":[]}],"jetpack_likes_enabled":true,"_links":{"self":[{"href":"https:\/\/lahoradelcampo.com.uy\/site\/wp-json\/wp\/v2\/posts\/24412","targetHints":{"allow":["GET"]}}],"collection":[{"href":"https:\/\/lahoradelcampo.com.uy\/site\/wp-json\/wp\/v2\/posts"}],"about":[{"href":"https:\/\/lahoradelcampo.com.uy\/site\/wp-json\/wp\/v2\/types\/post"}],"author":[{"embeddable":true,"href":"https:\/\/lahoradelcampo.com.uy\/site\/wp-json\/wp\/v2\/users\/5"}],"replies":[{"embeddable":true,"href":"https:\/\/lahoradelcampo.com.uy\/site\/wp-json\/wp\/v2\/comments?post=24412"}],"version-history":[{"count":1,"href":"https:\/\/lahoradelcampo.com.uy\/site\/wp-json\/wp\/v2\/posts\/24412\/revisions"}],"predecessor-version":[{"id":24418,"href":"https:\/\/lahoradelcampo.com.uy\/site\/wp-json\/wp\/v2\/posts\/24412\/revisions\/24418"}],"wp:featuredmedia":[{"embeddable":true,"href":"https:\/\/lahoradelcampo.com.uy\/site\/wp-json\/wp\/v2\/media\/24414"}],"wp:attachment":[{"href":"https:\/\/lahoradelcampo.com.uy\/site\/wp-json\/wp\/v2\/media?parent=24412"}],"wp:term":[{"taxonomy":"category","embeddable":true,"href":"https:\/\/lahoradelcampo.com.uy\/site\/wp-json\/wp\/v2\/categories?post=24412"},{"taxonomy":"post_tag","embeddable":true,"href":"https:\/\/lahoradelcampo.com.uy\/site\/wp-json\/wp\/v2\/tags?post=24412"}],"curies":[{"name":"wp","href":"https:\/\/api.w.org\/{rel}","templated":true}]}}