{"id":24406,"date":"2020-10-06T18:57:17","date_gmt":"2020-10-06T21:57:17","guid":{"rendered":"http:\/\/lahoradelcampo.com.uy\/site\/?p=24406"},"modified":"2020-10-06T18:57:27","modified_gmt":"2020-10-06T21:57:27","slug":"correa-san-roman-rematan-manana-los-angus-de-bayucua","status":"publish","type":"post","link":"https:\/\/lahoradelcampo.com.uy\/site\/correa-san-roman-rematan-manana-los-angus-de-bayucua\/","title":{"rendered":"Correa &#038; San Rom\u00e1n rematan  ma\u00f1ana los angus de Bayucu\u00e1"},"content":{"rendered":"\n<figure class=\"wp-block-image\"><img data-recalc-dims=\"1\" loading=\"lazy\" decoding=\"async\" width=\"810\" height=\"405\" data-attachment-id=\"24408\" data-permalink=\"https:\/\/lahoradelcampo.com.uy\/site\/correa-san-roman-rematan-manana-los-angus-de-bayucua\/bayucua-5\/\" data-orig-file=\"https:\/\/i0.wp.com\/lahoradelcampo.com.uy\/site\/wp-content\/uploads\/2020\/10\/Bayucua.jpg?fit=880%2C440&amp;ssl=1\" data-orig-size=\"880,440\" data-comments-opened=\"1\" data-image-meta=\"{&quot;aperture&quot;:&quot;0&quot;,&quot;credit&quot;:&quot;&quot;,&quot;camera&quot;:&quot;&quot;,&quot;caption&quot;:&quot;&quot;,&quot;created_timestamp&quot;:&quot;0&quot;,&quot;copyright&quot;:&quot;&quot;,&quot;focal_length&quot;:&quot;0&quot;,&quot;iso&quot;:&quot;0&quot;,&quot;shutter_speed&quot;:&quot;0&quot;,&quot;title&quot;:&quot;&quot;,&quot;orientation&quot;:&quot;1&quot;}\" data-image-title=\"Bayucua\" data-image-description=\"\" data-image-caption=\"\" data-large-file=\"https:\/\/i0.wp.com\/lahoradelcampo.com.uy\/site\/wp-content\/uploads\/2020\/10\/Bayucua.jpg?fit=810%2C405&amp;ssl=1\" src=\"https:\/\/i0.wp.com\/lahoradelcampo.com.uy\/site\/wp-content\/uploads\/2020\/10\/Bayucua.jpg?resize=810%2C405\" alt=\"\" class=\"wp-image-24408\" srcset=\"https:\/\/i0.wp.com\/lahoradelcampo.com.uy\/site\/wp-content\/uploads\/2020\/10\/Bayucua.jpg?w=880&amp;ssl=1 880w, https:\/\/i0.wp.com\/lahoradelcampo.com.uy\/site\/wp-content\/uploads\/2020\/10\/Bayucua.jpg?resize=300%2C150&amp;ssl=1 300w, https:\/\/i0.wp.com\/lahoradelcampo.com.uy\/site\/wp-content\/uploads\/2020\/10\/Bayucua.jpg?resize=768%2C384&amp;ssl=1 768w, https:\/\/i0.wp.com\/lahoradelcampo.com.uy\/site\/wp-content\/uploads\/2020\/10\/Bayucua.jpg?resize=820%2C410&amp;ssl=1 820w\" sizes=\"auto, (max-width: 810px) 100vw, 810px\" \/><\/figure>\n\n\n\n<p>El primer mi\u00e9rcoles luego de la exposici\u00f3n de Salto se realiza, como es tradicional, el remate de la caba\u00f1a Bayucu\u00e1, una de las ventas m\u00e1s destacadas del Aberdeen Angus en el pa\u00eds, por su historia y ascendencia gen\u00e9tica en los rodeos de todo el pa\u00eds. En la oportunidad se ofrecer\u00e1n 70 toros, donde ingresa un grupo de planteleros destacados, tanto negros como colorados, y 100 vientres, dijo Mar\u00eda Mattos en la conferencia de prensa. <br><\/p>\n\n\n\n<p>Dentro de la oferta de los toros se presentar\u00e1 un lote de 2 y 3 a\u00f1os, recomendados, que se suman a los planteleros y luego la venta de puros controlados de campo, todos con datos de Epds. En las hembras tambi\u00e9n se ofrecen vientres de plantel, donde se ofrecer\u00e1 el 50% de las principales terneras de la nueva generaci\u00f3n. Adem\u00e1s se propondr\u00e1 un lote de vacas de pedigree de campo, pre\u00f1adas a parir en oto\u00f1o y lotes de vacas puro contraladas entre otros vientres.  <br><\/p>\n\n\n\n<p>Mattos dijo que, como es tradicional, se espera a los clientes y amigos al almuerzo al mediod\u00eda para luego, cuidando todo los protocolos sanitarios, comenzar las ventas a las 15 horas. <br><\/p>\n\n\n\n<p>Carlos Guinovart destac\u00f3 la importancia del trabajo realizado por la caba\u00f1a este a\u00f1o para que se pudiera armar la p\u00e1gina web para que los productores observaran los videos y fotos de cada toro a ser ofertado, de modo que se pueda realizar la pre-oferta. Como es tradicional record\u00f3 que se tendr\u00e1 flete gratis y todas las garant\u00edas comerciales, dijo \u00aben la caba\u00f1a estamos obsesionados por dar un buen servicio\u00bb y agreg\u00f3 que la oferta \u00abest\u00e1 respaldada por muchos a\u00f1os de la caba\u00f1a y saber que realmente vamos a estar ante cualquier inconveniente\u00bb. <br><\/p>\n\n\n\n<p>Las ventas estar\u00e1n a cargo de los escritorios Correa &amp; San Rom\u00e1n y Zambrano &amp; C\u00eda. El remate comenzar\u00e1 a las 15 horas con la financiaci\u00f3n de Scotiabank, en 12 cuotas o 180 d\u00edas libres. Carlos Mart\u00edn Correa record\u00f3 que este \u00abes el \u00fanico remate donde vende Bayucu\u00e1, son 70 toros excepcionales\u00bb.<\/p>\n\n\n\n<p style=\"text-align:right\"><strong>Salto, 6 de octubre de 2020<\/strong><\/p>\n","protected":false},"excerpt":{"rendered":"<p>El primer mi\u00e9rcoles luego de la exposici\u00f3n de Salto se realiza, como es tradicional, el remate de la caba\u00f1a Bayucu\u00e1, una de las ventas m\u00e1s destacadas del Aberdeen Angus en [&hellip;]<\/p>\n","protected":false},"author":5,"featured_media":24408,"comment_status":"open","ping_status":"open","sticky":false,"template":"","format":"standard","meta":{"_price":"","_stock":"","_tribe_ticket_header":"","_tribe_default_ticket_provider":"","_tribe_ticket_capacity":"0","_ticket_start_date":"","_ticket_end_date":"","_tribe_ticket_show_description":"","_tribe_ticket_show_not_going":false,"_tribe_ticket_use_global_stock":"","_tribe_ticket_global_stock_level":"","_global_stock_mode":"","_global_stock_cap":"","_tribe_rsvp_for_event":"","_tribe_ticket_going_count":"","_tribe_ticket_not_going_count":"","_tribe_tickets_list":"[]","_tribe_ticket_has_attendee_info_fields":false,"h5ap_radio_sources":[],"_jetpack_newsletter_access":"","_jetpack_dont_email_post_to_subs":false,"_jetpack_newsletter_tier_id":0,"_jetpack_memberships_contains_paywalled_content":false,"_jetpack_memberships_contains_paid_content":false,"footnotes":""},"categories":[21,5],"tags":[],"class_list":["post-24406","post","type-post","status-publish","format-standard","has-post-thumbnail","hentry","category-actualidad","category-ganaderia"],"jetpack_featured_media_url":"https:\/\/i0.wp.com\/lahoradelcampo.com.uy\/site\/wp-content\/uploads\/2020\/10\/Bayucua.jpg?fit=880%2C440&ssl=1","jetpack_sharing_enabled":true,"jetpack_shortlink":"https:\/\/wp.me\/p99IaT-6lE","jetpack-related-posts":[{"id":24464,"url":"https:\/\/lahoradelcampo.com.uy\/site\/la-torada-pedigree-de-bayucua-supero-los-us-5-000-en-la-agropecuaria-de-salto\/","url_meta":{"origin":24406,"position":0},"title":"La torada pedigree de Bayucu\u00e1 super\u00f3 los US$ 5.000 en la Agropecuaria de Salto","author":"La Hora del Campo","date":"9 octubre, 2020","format":false,"excerpt":"La caba\u00f1a de caba\u00f1as como tradicionalmente se conoce a Bayucu\u00e1, una caba\u00f1a centenaria y generadora de un importante n\u00famero de planteles angus en todo el pa\u00eds, realiz\u00f3 su remate anual colocando el 100% de la oferta en la pista, con m\u00e1s del 50% preofertado. Si los toros planteleros fueron de\u2026","rel":"","context":"En \u00abActualidad\u00bb","block_context":{"text":"Actualidad","link":"https:\/\/lahoradelcampo.com.uy\/site\/category\/actualidad\/"},"img":{"alt_text":"","src":"https:\/\/i0.wp.com\/lahoradelcampo.com.uy\/site\/wp-content\/uploads\/2020\/10\/bayucuaok.jpg?fit=880%2C440&ssl=1&resize=350%2C200","width":350,"height":200,"srcset":"https:\/\/i0.wp.com\/lahoradelcampo.com.uy\/site\/wp-content\/uploads\/2020\/10\/bayucuaok.jpg?fit=880%2C440&ssl=1&resize=350%2C200 1x, https:\/\/i0.wp.com\/lahoradelcampo.com.uy\/site\/wp-content\/uploads\/2020\/10\/bayucuaok.jpg?fit=880%2C440&ssl=1&resize=525%2C300 1.5x, https:\/\/i0.wp.com\/lahoradelcampo.com.uy\/site\/wp-content\/uploads\/2020\/10\/bayucuaok.jpg?fit=880%2C440&ssl=1&resize=700%2C400 2x"},"classes":[]},{"id":14995,"url":"https:\/\/lahoradelcampo.com.uy\/site\/rematazo-us-5-034-de-promedio-por-la-torada-de-bayucua\/","url_meta":{"origin":24406,"position":1},"title":"Rematazo: US$ 5.034 de promedio por la torada de Bayucu\u00e1","author":"La Hora del Campo","date":"14 octubre, 2019","format":false,"excerpt":"Un rematazo por donde se lo mire, \u00e1gil, con piques de distintos puntos del pa\u00eds, con una oferta excepcional en todas las categor\u00edas. Las ventas estuvieron a cargo de los escritorios Zambrano & C\u00eda, y Correa & San Roman. El comienzo con los vientres y con el martillo de Mart\u00edn\u2026","rel":"","context":"En \u00abActualidad\u00bb","block_context":{"text":"Actualidad","link":"https:\/\/lahoradelcampo.com.uy\/site\/category\/actualidad\/"},"img":{"alt_text":"","src":"https:\/\/i0.wp.com\/lahoradelcampo.com.uy\/site\/wp-content\/uploads\/2019\/10\/Bayucua.jpg?fit=880%2C440&ssl=1&resize=350%2C200","width":350,"height":200,"srcset":"https:\/\/i0.wp.com\/lahoradelcampo.com.uy\/site\/wp-content\/uploads\/2019\/10\/Bayucua.jpg?fit=880%2C440&ssl=1&resize=350%2C200 1x, https:\/\/i0.wp.com\/lahoradelcampo.com.uy\/site\/wp-content\/uploads\/2019\/10\/Bayucua.jpg?fit=880%2C440&ssl=1&resize=525%2C300 1.5x, https:\/\/i0.wp.com\/lahoradelcampo.com.uy\/site\/wp-content\/uploads\/2019\/10\/Bayucua.jpg?fit=880%2C440&ssl=1&resize=700%2C400 2x"},"classes":[]},{"id":54829,"url":"https:\/\/lahoradelcampo.com.uy\/site\/bayucua-remata-mananasu-destacado-angus\/","url_meta":{"origin":24406,"position":2},"title":"Bayucu\u00e1 remata ma\u00f1anasu destacado Angus","author":"La Hora del Campo","date":"8 octubre, 2024","format":false,"excerpt":"Se realiza \u00e9ste mi\u00e9rcoles en el local de la Agropecuaria de Salto, el tradicional remate de los Angus de la caba\u00f1a \u201cBayucu\u00e1\u201d. A cargo de escritorios Correa y San Rom\u00e1n con Zambrano y C\u00eda., se ofrecen 70 toros y 100 vientres. \u201cLos invitamos a almorzar mirando los toros\u201d, subray\u00f3 Carlos\u2026","rel":"","context":"En \u00abActualidad\u00bb","block_context":{"text":"Actualidad","link":"https:\/\/lahoradelcampo.com.uy\/site\/category\/actualidad\/"},"img":{"alt_text":"","src":"https:\/\/i0.wp.com\/lahoradelcampo.com.uy\/site\/wp-content\/uploads\/2024\/10\/Previa-Bayucua2024.jpg?fit=880%2C440&ssl=1&resize=350%2C200","width":350,"height":200,"srcset":"https:\/\/i0.wp.com\/lahoradelcampo.com.uy\/site\/wp-content\/uploads\/2024\/10\/Previa-Bayucua2024.jpg?fit=880%2C440&ssl=1&resize=350%2C200 1x, https:\/\/i0.wp.com\/lahoradelcampo.com.uy\/site\/wp-content\/uploads\/2024\/10\/Previa-Bayucua2024.jpg?fit=880%2C440&ssl=1&resize=525%2C300 1.5x, https:\/\/i0.wp.com\/lahoradelcampo.com.uy\/site\/wp-content\/uploads\/2024\/10\/Previa-Bayucua2024.jpg?fit=880%2C440&ssl=1&resize=700%2C400 2x"},"classes":[]},{"id":15077,"url":"https:\/\/lahoradelcampo.com.uy\/site\/festejo-y-ventas-totales-en-el-remate-de-san-rafael\/","url_meta":{"origin":24406,"position":3},"title":"Festejo y ventas totales en el remate de San Rafael","author":"La Hora del Campo","date":"15 octubre, 2019","format":false,"excerpt":"La caba\u00f1a San Rafael de Burutaran y Vasco Pampeano, comercializaron ayer sus reproductores en el predio de la Asociaci\u00f3n Agropecuaria de Salto, en una tarde noche fr\u00eda, luego del cambio de clima y las precipitaciones. En la pista una oferta muy bien presentada y previo a las ventas un repaso\u2026","rel":"","context":"En \u00abActualidad\u00bb","block_context":{"text":"Actualidad","link":"https:\/\/lahoradelcampo.com.uy\/site\/category\/actualidad\/"},"img":{"alt_text":"","src":"https:\/\/i0.wp.com\/lahoradelcampo.com.uy\/site\/wp-content\/uploads\/2019\/10\/San-Rafael.jpg?fit=880%2C440&ssl=1&resize=350%2C200","width":350,"height":200,"srcset":"https:\/\/i0.wp.com\/lahoradelcampo.com.uy\/site\/wp-content\/uploads\/2019\/10\/San-Rafael.jpg?fit=880%2C440&ssl=1&resize=350%2C200 1x, https:\/\/i0.wp.com\/lahoradelcampo.com.uy\/site\/wp-content\/uploads\/2019\/10\/San-Rafael.jpg?fit=880%2C440&ssl=1&resize=525%2C300 1.5x, https:\/\/i0.wp.com\/lahoradelcampo.com.uy\/site\/wp-content\/uploads\/2019\/10\/San-Rafael.jpg?fit=880%2C440&ssl=1&resize=700%2C400 2x"},"classes":[]},{"id":57033,"url":"https:\/\/lahoradelcampo.com.uy\/site\/venta-total-y-us-7-376-por-los-angus-de-pedigree-de-bayucua\/","url_meta":{"origin":24406,"position":4},"title":"Venta total y US$ 7.376 por los angus de pedigree de Bayucu\u00e1","author":"La Hora del Campo","date":"9 octubre, 2025","format":false,"excerpt":"El tradicional remate anual de Caba\u00f1a Bayucu\u00e1, perteneciente a la familia Mattos, volvi\u00f3 a ratificar su prestigio dentro de la ganader\u00eda uruguaya, alcanzando precios de punta tanto en los toros como en los vientres, adem\u00e1s de una gran dispersi\u00f3n de gen\u00e9tica a nivel nacional. En total, los 70 toros comercializados\u2026","rel":"","context":"En \u00abActualidad\u00bb","block_context":{"text":"Actualidad","link":"https:\/\/lahoradelcampo.com.uy\/site\/category\/actualidad\/"},"img":{"alt_text":"","src":"https:\/\/i0.wp.com\/lahoradelcampo.com.uy\/site\/wp-content\/uploads\/2025\/10\/Bayucua-remato.jpg?fit=880%2C440&ssl=1&resize=350%2C200","width":350,"height":200,"srcset":"https:\/\/i0.wp.com\/lahoradelcampo.com.uy\/site\/wp-content\/uploads\/2025\/10\/Bayucua-remato.jpg?fit=880%2C440&ssl=1&resize=350%2C200 1x, https:\/\/i0.wp.com\/lahoradelcampo.com.uy\/site\/wp-content\/uploads\/2025\/10\/Bayucua-remato.jpg?fit=880%2C440&ssl=1&resize=525%2C300 1.5x, https:\/\/i0.wp.com\/lahoradelcampo.com.uy\/site\/wp-content\/uploads\/2025\/10\/Bayucua-remato.jpg?fit=880%2C440&ssl=1&resize=700%2C400 2x"},"classes":[]},{"id":54845,"url":"https:\/\/lahoradelcampo.com.uy\/site\/los-71-toros-angus-de-bayucua-promediaron-us-4-475\/","url_meta":{"origin":24406,"position":5},"title":"Los 71 toros angus de Bayucu\u00e1 promediaron US$ 4.475","author":"La Hora del Campo","date":"11 octubre, 2024","format":false,"excerpt":"Bayucu\u00e1, la hist\u00f3rica caba\u00f1a Angus de la familia Mattos, llev\u00f3 a cabo la subasta de su destacada oferta ayer por la tarde en la Asociaci\u00f3n Agropecuaria de Salto, logrando vender la totalidad de los animales ofertados: 71 toros con un promedio de U$S 4.475 y 91 vientres a un promedio\u2026","rel":"","context":"En \u00abActualidad\u00bb","block_context":{"text":"Actualidad","link":"https:\/\/lahoradelcampo.com.uy\/site\/category\/actualidad\/"},"img":{"alt_text":"","src":"https:\/\/i0.wp.com\/lahoradelcampo.com.uy\/site\/wp-content\/uploads\/2024\/10\/bayucua-remates.jpg?fit=880%2C440&ssl=1&resize=350%2C200","width":350,"height":200,"srcset":"https:\/\/i0.wp.com\/lahoradelcampo.com.uy\/site\/wp-content\/uploads\/2024\/10\/bayucua-remates.jpg?fit=880%2C440&ssl=1&resize=350%2C200 1x, https:\/\/i0.wp.com\/lahoradelcampo.com.uy\/site\/wp-content\/uploads\/2024\/10\/bayucua-remates.jpg?fit=880%2C440&ssl=1&resize=525%2C300 1.5x, https:\/\/i0.wp.com\/lahoradelcampo.com.uy\/site\/wp-content\/uploads\/2024\/10\/bayucua-remates.jpg?fit=880%2C440&ssl=1&resize=700%2C400 2x"},"classes":[]}],"jetpack_likes_enabled":true,"_links":{"self":[{"href":"https:\/\/lahoradelcampo.com.uy\/site\/wp-json\/wp\/v2\/posts\/24406","targetHints":{"allow":["GET"]}}],"collection":[{"href":"https:\/\/lahoradelcampo.com.uy\/site\/wp-json\/wp\/v2\/posts"}],"about":[{"href":"https:\/\/lahoradelcampo.com.uy\/site\/wp-json\/wp\/v2\/types\/post"}],"author":[{"embeddable":true,"href":"https:\/\/lahoradelcampo.com.uy\/site\/wp-json\/wp\/v2\/users\/5"}],"replies":[{"embeddable":true,"href":"https:\/\/lahoradelcampo.com.uy\/site\/wp-json\/wp\/v2\/comments?post=24406"}],"version-history":[{"count":1,"href":"https:\/\/lahoradelcampo.com.uy\/site\/wp-json\/wp\/v2\/posts\/24406\/revisions"}],"predecessor-version":[{"id":24410,"href":"https:\/\/lahoradelcampo.com.uy\/site\/wp-json\/wp\/v2\/posts\/24406\/revisions\/24410"}],"wp:featuredmedia":[{"embeddable":true,"href":"https:\/\/lahoradelcampo.com.uy\/site\/wp-json\/wp\/v2\/media\/24408"}],"wp:attachment":[{"href":"https:\/\/lahoradelcampo.com.uy\/site\/wp-json\/wp\/v2\/media?parent=24406"}],"wp:term":[{"taxonomy":"category","embeddable":true,"href":"https:\/\/lahoradelcampo.com.uy\/site\/wp-json\/wp\/v2\/categories?post=24406"},{"taxonomy":"post_tag","embeddable":true,"href":"https:\/\/lahoradelcampo.com.uy\/site\/wp-json\/wp\/v2\/tags?post=24406"}],"curies":[{"name":"wp","href":"https:\/\/api.w.org\/{rel}","templated":true}]}}