{"id":24356,"date":"2020-10-05T08:18:36","date_gmt":"2020-10-05T11:18:36","guid":{"rendered":"http:\/\/lahoradelcampo.com.uy\/site\/?p=24356"},"modified":"2020-10-05T08:18:42","modified_gmt":"2020-10-05T11:18:42","slug":"bozal-gran-campeona-suprema-polled-hereford-fue-expuesta-por-san-rafael","status":"publish","type":"post","link":"https:\/\/lahoradelcampo.com.uy\/site\/bozal-gran-campeona-suprema-polled-hereford-fue-expuesta-por-san-rafael\/","title":{"rendered":"Bozal: Gran Campeona Suprema Polled  Hereford fue expuesta por San Rafael"},"content":{"rendered":"\n<figure class=\"wp-block-image\"><img data-recalc-dims=\"1\" loading=\"lazy\" decoding=\"async\" width=\"810\" height=\"405\" data-attachment-id=\"24358\" data-permalink=\"https:\/\/lahoradelcampo.com.uy\/site\/bozal-gran-campeona-suprema-polled-hereford-fue-expuesta-por-san-rafael\/sanrafaelexposalto\/\" data-orig-file=\"https:\/\/i0.wp.com\/lahoradelcampo.com.uy\/site\/wp-content\/uploads\/2020\/10\/sanrafaelexposalto.jpg?fit=880%2C440&amp;ssl=1\" data-orig-size=\"880,440\" data-comments-opened=\"1\" data-image-meta=\"{&quot;aperture&quot;:&quot;0&quot;,&quot;credit&quot;:&quot;&quot;,&quot;camera&quot;:&quot;&quot;,&quot;caption&quot;:&quot;&quot;,&quot;created_timestamp&quot;:&quot;0&quot;,&quot;copyright&quot;:&quot;&quot;,&quot;focal_length&quot;:&quot;0&quot;,&quot;iso&quot;:&quot;0&quot;,&quot;shutter_speed&quot;:&quot;0&quot;,&quot;title&quot;:&quot;&quot;,&quot;orientation&quot;:&quot;1&quot;}\" data-image-title=\"sanrafaelexposalto\" data-image-description=\"\" data-image-caption=\"\" data-large-file=\"https:\/\/i0.wp.com\/lahoradelcampo.com.uy\/site\/wp-content\/uploads\/2020\/10\/sanrafaelexposalto.jpg?fit=810%2C405&amp;ssl=1\" src=\"https:\/\/i0.wp.com\/lahoradelcampo.com.uy\/site\/wp-content\/uploads\/2020\/10\/sanrafaelexposalto.jpg?resize=810%2C405\" alt=\"\" class=\"wp-image-24358\" srcset=\"https:\/\/i0.wp.com\/lahoradelcampo.com.uy\/site\/wp-content\/uploads\/2020\/10\/sanrafaelexposalto.jpg?w=880&amp;ssl=1 880w, https:\/\/i0.wp.com\/lahoradelcampo.com.uy\/site\/wp-content\/uploads\/2020\/10\/sanrafaelexposalto.jpg?resize=300%2C150&amp;ssl=1 300w, https:\/\/i0.wp.com\/lahoradelcampo.com.uy\/site\/wp-content\/uploads\/2020\/10\/sanrafaelexposalto.jpg?resize=768%2C384&amp;ssl=1 768w, https:\/\/i0.wp.com\/lahoradelcampo.com.uy\/site\/wp-content\/uploads\/2020\/10\/sanrafaelexposalto.jpg?resize=820%2C410&amp;ssl=1 820w\" sizes=\"auto, (max-width: 810px) 100vw, 810px\" \/><\/figure>\n\n\n\n<p>\u201cTuve la suerte de embocar esta muestra en donde creci\u00f3 el n\u00famero y la calidad de los animales, convirti\u00e9ndose en una bruta exposici\u00f3n del interior\u201d, se\u00f1al\u00f3 Enrique Bonino tras realizar su trabajo de jurado en la pista Hereford y Polled en Salto.<br><\/p>\n\n\n\n<p>Para eso aclar\u00f3 que la Exposici\u00f3n no hab\u00eda bajado en calidad, \u201cpero si en el n\u00famero de ejemplares\u201d en las muestras anteriores\u201d, por lo que qued\u00f3 muy entusiamado por lo visto\u201d.<br><\/p>\n\n\n\n<p>En la muestra de campo se inclin\u00f3 por un tr\u00edo de astados de \u201cLa Magdalena\u201d de Los Tordos, ejemplares que consider\u00f3 \u201clos m\u00e1s parejos de la exposici\u00f3n, si bien hab\u00eda toros de brutal preparo, incluso desmedido en algunos casos y que no son tan necesarios\u201d. Y aclar\u00f3 que \u201cson toros muy \u00e1giles, funcionales, pigmentados, y apoyados en EPD excelente\u201d.<br><\/p>\n\n\n\n<p>Bonino, quien hace 39 a\u00f1os jur\u00f3 por primera vez en la Exposici\u00f3n de Salto, dijo que en la muestra de bozal, \u201clas hembras que eran la gran mayor\u00eda, estaban muy bien orientadas, y que si no me equivoco anduvieron muy bien entreveradas en la Exposici\u00f3n de Salto\u201d.<br><\/p>\n\n\n\n<p>veredictos<br><\/p>\n\n\n\n<p>Polled Hereford de campo, Lote Campe\u00f3n de La Magdalena de Los Tordos; Segundo Mejor Lote \u201c\u00d1u Por\u00e1\u201d de Pingo Viejo SG; Tercer Mejor Lote de \u201cSanta Mar\u00eda de Arapey\u201d de Alejandra Parietti Henderson. Copa de Honor de \u201cSanta Mar\u00eda de Arapey\u201d, Segundo Mejor Toro de \u201c\u00d1u Por\u00e1\u201d y Tercer Mejor Toro de \u201cSanta Mar\u00eda de Arapey\u201d. Premio Especial Puro de Origen de \u201cLa Magdalena\u201d.<br><\/p>\n\n\n\n<p>En Hereford de bozal: Gran Campeona de \u201cSanta Mar\u00eda de Arapey\u201d.<br><\/p>\n\n\n\n<p>Polled Hereford de bozal: Gran Campe\u00f3n de Vasco Pampeano; reservado Gran Campe\u00f3n de \u201cLa Magdalena\u201d y Tercer Mejor Macho de caba\u00f1a \u201cEl Tr\u00e9bol\u201d de Pedro Mart\u00edn Salto<br><\/p>\n\n\n\n<p>En hembras. Gran Campeona y Campeona Suprema de \u201cSan Rafael\u201d de Omar Burutar\u00e1n; reservada Gran Campeona de \u201cSanta Mar\u00eda de Arapey\u201d y Tercera Mejor Hembra de \u201cEl Tr\u00e9bol\u201d.<\/p>\n\n\n\n<p style=\"text-align:right\"><strong>Salto, 5 de octubre de 2020<\/strong><\/p>\n","protected":false},"excerpt":{"rendered":"<p>\u201cTuve la suerte de embocar esta muestra en donde creci\u00f3 el n\u00famero y la calidad de los animales, convirti\u00e9ndose en una bruta exposici\u00f3n del interior\u201d, se\u00f1al\u00f3 Enrique Bonino tras realizar [&hellip;]<\/p>\n","protected":false},"author":5,"featured_media":24358,"comment_status":"open","ping_status":"open","sticky":false,"template":"","format":"standard","meta":{"_price":"","_stock":"","_tribe_ticket_header":"","_tribe_default_ticket_provider":"","_tribe_ticket_capacity":"0","_ticket_start_date":"","_ticket_end_date":"","_tribe_ticket_show_description":"","_tribe_ticket_show_not_going":false,"_tribe_ticket_use_global_stock":"","_tribe_ticket_global_stock_level":"","_global_stock_mode":"","_global_stock_cap":"","_tribe_rsvp_for_event":"","_tribe_ticket_going_count":"","_tribe_ticket_not_going_count":"","_tribe_tickets_list":"[]","_tribe_ticket_has_attendee_info_fields":false,"h5ap_radio_sources":[],"_jetpack_newsletter_access":"","_jetpack_dont_email_post_to_subs":false,"_jetpack_newsletter_tier_id":0,"_jetpack_memberships_contains_paywalled_content":false,"_jetpack_memberships_contains_paid_content":false,"footnotes":""},"categories":[21,5],"tags":[],"class_list":["post-24356","post","type-post","status-publish","format-standard","has-post-thumbnail","hentry","category-actualidad","category-ganaderia"],"jetpack_featured_media_url":"https:\/\/i0.wp.com\/lahoradelcampo.com.uy\/site\/wp-content\/uploads\/2020\/10\/sanrafaelexposalto.jpg?fit=880%2C440&ssl=1","jetpack_sharing_enabled":true,"jetpack_shortlink":"https:\/\/wp.me\/p99IaT-6kQ","jetpack-related-posts":[{"id":46045,"url":"https:\/\/lahoradelcampo.com.uy\/site\/delgado-premio-el-lote-campeon-polled-hereford-pi-de-nu-pora\/","url_meta":{"origin":24356,"position":0},"title":"Delgado premi\u00f3 el lote campe\u00f3n Polled Hereford PI de \u00d1u Por\u00e1","author":"La Hora del Campo","date":"2 octubre, 2022","format":false,"excerpt":"El Hereford dio una muy buena muestra en la pista de la Expo Salto, con el mayor n\u00famero de animales presentes, y con ejemplares, tanto mochos como astados, que dieron trabajo para los jurados Agust\u00edn \u00c1lvarez y Joaqu\u00edn Zabaleta Stirling. \u201cUna muestra muy linda y con un buen volumen de\u2026","rel":"","context":"En \u00abActualidad\u00bb","block_context":{"text":"Actualidad","link":"https:\/\/lahoradelcampo.com.uy\/site\/category\/actualidad\/"},"img":{"alt_text":"","src":"https:\/\/i0.wp.com\/lahoradelcampo.com.uy\/site\/wp-content\/uploads\/2022\/10\/Exposalto-%C3%91upora.jpg?fit=880%2C440&ssl=1&resize=350%2C200","width":350,"height":200,"srcset":"https:\/\/i0.wp.com\/lahoradelcampo.com.uy\/site\/wp-content\/uploads\/2022\/10\/Exposalto-%C3%91upora.jpg?fit=880%2C440&ssl=1&resize=350%2C200 1x, https:\/\/i0.wp.com\/lahoradelcampo.com.uy\/site\/wp-content\/uploads\/2022\/10\/Exposalto-%C3%91upora.jpg?fit=880%2C440&ssl=1&resize=525%2C300 1.5x, https:\/\/i0.wp.com\/lahoradelcampo.com.uy\/site\/wp-content\/uploads\/2022\/10\/Exposalto-%C3%91upora.jpg?fit=880%2C440&ssl=1&resize=700%2C400 2x"},"classes":[]},{"id":24646,"url":"https:\/\/lahoradelcampo.com.uy\/site\/agil-dinamica-y-100-de-venta-en-tierra-de-toros-en-paysandu\/","url_meta":{"origin":24356,"position":1},"title":"Agil, din\u00e1mica y 100% de venta en \u201cTierra de Toros\u201d, en Paysand\u00fa","author":"La Hora del Campo","date":"15 octubre, 2020","format":false,"excerpt":"Con venta del 100% de la oferta, con dinamismo y buenos valores, \u201cTierra de Toros\u201d concret\u00f3 la comercializaci\u00f3n de tres razas en el local de la Exposici\u00f3n Feria de Paysand\u00fa, coloc\u00e1ndose los 64 toros Angus, Polled Hereford y Brangus en U$S 2.847. La subasta a cargo de Zambrano y C\u00eda.\u2026","rel":"","context":"En \u00abActualidad\u00bb","block_context":{"text":"Actualidad","link":"https:\/\/lahoradelcampo.com.uy\/site\/category\/actualidad\/"},"img":{"alt_text":"","src":"https:\/\/i0.wp.com\/lahoradelcampo.com.uy\/site\/wp-content\/uploads\/2020\/10\/tierradetoros.jpg?fit=880%2C440&ssl=1&resize=350%2C200","width":350,"height":200,"srcset":"https:\/\/i0.wp.com\/lahoradelcampo.com.uy\/site\/wp-content\/uploads\/2020\/10\/tierradetoros.jpg?fit=880%2C440&ssl=1&resize=350%2C200 1x, https:\/\/i0.wp.com\/lahoradelcampo.com.uy\/site\/wp-content\/uploads\/2020\/10\/tierradetoros.jpg?fit=880%2C440&ssl=1&resize=525%2C300 1.5x, https:\/\/i0.wp.com\/lahoradelcampo.com.uy\/site\/wp-content\/uploads\/2020\/10\/tierradetoros.jpg?fit=880%2C440&ssl=1&resize=700%2C400 2x"},"classes":[]},{"id":50621,"url":"https:\/\/lahoradelcampo.com.uy\/site\/jurado-destaco-el-potencial-del-hereford-en-la-quinta-exposicion-nacional\/","url_meta":{"origin":24356,"position":2},"title":"Jurado destac\u00f3 el potencial del Hereford en la quinta Exposici\u00f3n Nacional","author":"La Hora del Campo","date":"22 mayo, 2023","format":false,"excerpt":"En una jornada de oto\u00f1o, la Expo Nacional celebrada en Salto mostr\u00f3 el potencial y futuro de la raza Hereford a trav\u00e9s de los ejemplares que desfilaron ante la atenta mirada del jurado Gonzalo Pepe Rampoldi. A pesar de contar con menos animales en el bozal que en ediciones anteriores,\u2026","rel":"","context":"En \u00abActualidad\u00bb","block_context":{"text":"Actualidad","link":"https:\/\/lahoradelcampo.com.uy\/site\/category\/actualidad\/"},"img":{"alt_text":"","src":"https:\/\/i0.wp.com\/lahoradelcampo.com.uy\/site\/wp-content\/uploads\/2023\/05\/Hereford-GranCampeon.jpg?fit=880%2C440&ssl=1&resize=350%2C200","width":350,"height":200,"srcset":"https:\/\/i0.wp.com\/lahoradelcampo.com.uy\/site\/wp-content\/uploads\/2023\/05\/Hereford-GranCampeon.jpg?fit=880%2C440&ssl=1&resize=350%2C200 1x, https:\/\/i0.wp.com\/lahoradelcampo.com.uy\/site\/wp-content\/uploads\/2023\/05\/Hereford-GranCampeon.jpg?fit=880%2C440&ssl=1&resize=525%2C300 1.5x, https:\/\/i0.wp.com\/lahoradelcampo.com.uy\/site\/wp-content\/uploads\/2023\/05\/Hereford-GranCampeon.jpg?fit=880%2C440&ssl=1&resize=700%2C400 2x"},"classes":[]},{"id":1975,"url":"https:\/\/lahoradelcampo.com.uy\/site\/el-jueves-comienza-una-nueva-edicion-de-la-expo-salto\/","url_meta":{"origin":24356,"position":3},"title":"El jueves comienza una nueva edici\u00f3n de la Expo Salto","author":"La Hora del Campo","date":"2 octubre, 2017","format":false,"excerpt":"El jueves 5 de octubre, comienza una nueva edici\u00f3n de la Expo Salto 2017, con la presencia de 77 vacunos, 91 ovinos y 16 equinos que pasaran por las pistas de calificaci\u00f3n, adem\u00e1s de la presencia de la muestra comercial e industrial y los espect\u00e1culos art\u00edsticos previstos para esta oportunidad.\u2026","rel":"","context":"En \u00abActualidad\u00bb","block_context":{"text":"Actualidad","link":"https:\/\/lahoradelcampo.com.uy\/site\/category\/actualidad\/"},"img":{"alt_text":"","src":"https:\/\/i0.wp.com\/lahoradelcampo.com.uy\/site\/wp-content\/uploads\/2017\/09\/Sebastian-Goncalvez.jpg?fit=880%2C440&ssl=1&resize=350%2C200","width":350,"height":200,"srcset":"https:\/\/i0.wp.com\/lahoradelcampo.com.uy\/site\/wp-content\/uploads\/2017\/09\/Sebastian-Goncalvez.jpg?fit=880%2C440&ssl=1&resize=350%2C200 1x, https:\/\/i0.wp.com\/lahoradelcampo.com.uy\/site\/wp-content\/uploads\/2017\/09\/Sebastian-Goncalvez.jpg?fit=880%2C440&ssl=1&resize=525%2C300 1.5x, https:\/\/i0.wp.com\/lahoradelcampo.com.uy\/site\/wp-content\/uploads\/2017\/09\/Sebastian-Goncalvez.jpg?fit=880%2C440&ssl=1&resize=700%2C400 2x"},"classes":[]},{"id":45555,"url":"https:\/\/lahoradelcampo.com.uy\/site\/san-salvador-sumo-tres-grandes-campeones-al-hilo-en-la-expo-prado\/","url_meta":{"origin":24356,"position":4},"title":"San Salvador sum\u00f3 tres grandes campeones al hilo, en la Expo Prado","author":"La Hora del Campo","date":"16 septiembre, 2022","format":false,"excerpt":"Sociedad de Ganadera San Salvador, de la familia Fern\u00e1ndez, sum\u00f3 un Campe\u00f3n Supremo a los logros de la Expo Prado 2022. El mi\u00e9rcoles obtuvo el Gran Campe\u00f3n en las pistas del Aberdeen Angus y la Gran Campeona Polled Hereford, en tanto que ayer logr\u00f3 el Gran Campe\u00f3n Polled Hereford y\u2026","rel":"","context":"En \u00abActualidad\u00bb","block_context":{"text":"Actualidad","link":"https:\/\/lahoradelcampo.com.uy\/site\/category\/actualidad\/"},"img":{"alt_text":"","src":"https:\/\/i0.wp.com\/lahoradelcampo.com.uy\/site\/wp-content\/uploads\/2022\/09\/Prado-GCSPH.jpg?fit=880%2C440&ssl=1&resize=350%2C200","width":350,"height":200,"srcset":"https:\/\/i0.wp.com\/lahoradelcampo.com.uy\/site\/wp-content\/uploads\/2022\/09\/Prado-GCSPH.jpg?fit=880%2C440&ssl=1&resize=350%2C200 1x, https:\/\/i0.wp.com\/lahoradelcampo.com.uy\/site\/wp-content\/uploads\/2022\/09\/Prado-GCSPH.jpg?fit=880%2C440&ssl=1&resize=525%2C300 1.5x, https:\/\/i0.wp.com\/lahoradelcampo.com.uy\/site\/wp-content\/uploads\/2022\/09\/Prado-GCSPH.jpg?fit=880%2C440&ssl=1&resize=700%2C400 2x"},"classes":[]},{"id":2131,"url":"https:\/\/lahoradelcampo.com.uy\/site\/tierra-de-toros-us-2-756-por-los-angus-y-us-2-762-por-los-hereford\/","url_meta":{"origin":24356,"position":5},"title":"Tierra de toros: U$S 2.756 por los Angus y U$S 2.762 por los Hereford","author":"La Hora del Campo","date":"4 octubre, 2017","format":false,"excerpt":"El remate \"Tierra de Toros\" realizado en la jornada de ayer en el local de la Exposici\u00f3n Feria de Paysand\u00fa, alcanz\u00f3 un promedio de U$S 2.756 por los Aberdeen Angus, un 1,6% por encima de las ventas de 2016; en tanto que los Polled Hereford alcanzaron U$S 2.762, un 16,9%\u2026","rel":"","context":"En \u00abActualidad\u00bb","block_context":{"text":"Actualidad","link":"https:\/\/lahoradelcampo.com.uy\/site\/category\/actualidad\/"},"img":{"alt_text":"","src":"https:\/\/i0.wp.com\/lahoradelcampo.com.uy\/site\/wp-content\/uploads\/2017\/10\/Remate-Tierra-de-toros.jpg?fit=880%2C440&ssl=1&resize=350%2C200","width":350,"height":200,"srcset":"https:\/\/i0.wp.com\/lahoradelcampo.com.uy\/site\/wp-content\/uploads\/2017\/10\/Remate-Tierra-de-toros.jpg?fit=880%2C440&ssl=1&resize=350%2C200 1x, https:\/\/i0.wp.com\/lahoradelcampo.com.uy\/site\/wp-content\/uploads\/2017\/10\/Remate-Tierra-de-toros.jpg?fit=880%2C440&ssl=1&resize=525%2C300 1.5x, https:\/\/i0.wp.com\/lahoradelcampo.com.uy\/site\/wp-content\/uploads\/2017\/10\/Remate-Tierra-de-toros.jpg?fit=880%2C440&ssl=1&resize=700%2C400 2x"},"classes":[]}],"jetpack_likes_enabled":true,"_links":{"self":[{"href":"https:\/\/lahoradelcampo.com.uy\/site\/wp-json\/wp\/v2\/posts\/24356","targetHints":{"allow":["GET"]}}],"collection":[{"href":"https:\/\/lahoradelcampo.com.uy\/site\/wp-json\/wp\/v2\/posts"}],"about":[{"href":"https:\/\/lahoradelcampo.com.uy\/site\/wp-json\/wp\/v2\/types\/post"}],"author":[{"embeddable":true,"href":"https:\/\/lahoradelcampo.com.uy\/site\/wp-json\/wp\/v2\/users\/5"}],"replies":[{"embeddable":true,"href":"https:\/\/lahoradelcampo.com.uy\/site\/wp-json\/wp\/v2\/comments?post=24356"}],"version-history":[{"count":1,"href":"https:\/\/lahoradelcampo.com.uy\/site\/wp-json\/wp\/v2\/posts\/24356\/revisions"}],"predecessor-version":[{"id":24368,"href":"https:\/\/lahoradelcampo.com.uy\/site\/wp-json\/wp\/v2\/posts\/24356\/revisions\/24368"}],"wp:featuredmedia":[{"embeddable":true,"href":"https:\/\/lahoradelcampo.com.uy\/site\/wp-json\/wp\/v2\/media\/24358"}],"wp:attachment":[{"href":"https:\/\/lahoradelcampo.com.uy\/site\/wp-json\/wp\/v2\/media?parent=24356"}],"wp:term":[{"taxonomy":"category","embeddable":true,"href":"https:\/\/lahoradelcampo.com.uy\/site\/wp-json\/wp\/v2\/categories?post=24356"},{"taxonomy":"post_tag","embeddable":true,"href":"https:\/\/lahoradelcampo.com.uy\/site\/wp-json\/wp\/v2\/tags?post=24356"}],"curies":[{"name":"wp","href":"https:\/\/api.w.org\/{rel}","templated":true}]}}