{"id":24350,"date":"2020-10-05T07:39:15","date_gmt":"2020-10-05T10:39:15","guid":{"rendered":"http:\/\/lahoradelcampo.com.uy\/site\/?p=24350"},"modified":"2020-10-05T07:39:23","modified_gmt":"2020-10-05T10:39:23","slug":"daniel-medina-coloco-el-100-de-la-oferta-en-el-cuarto-remate-de-vientres-calificados","status":"publish","type":"post","link":"https:\/\/lahoradelcampo.com.uy\/site\/daniel-medina-coloco-el-100-de-la-oferta-en-el-cuarto-remate-de-vientres-calificados\/","title":{"rendered":"Daniel Medina coloc\u00f3 el 100% de la oferta  en el cuarto remate de Vientres Calificados"},"content":{"rendered":"\n<figure class=\"wp-block-image\"><img data-recalc-dims=\"1\" loading=\"lazy\" decoding=\"async\" width=\"810\" height=\"405\" data-attachment-id=\"24352\" data-permalink=\"https:\/\/lahoradelcampo.com.uy\/site\/daniel-medina-coloco-el-100-de-la-oferta-en-el-cuarto-remate-de-vientres-calificados\/daniel-medina\/\" data-orig-file=\"https:\/\/i0.wp.com\/lahoradelcampo.com.uy\/site\/wp-content\/uploads\/2020\/10\/Daniel-Medina.jpg?fit=880%2C440&amp;ssl=1\" data-orig-size=\"880,440\" data-comments-opened=\"1\" data-image-meta=\"{&quot;aperture&quot;:&quot;0&quot;,&quot;credit&quot;:&quot;&quot;,&quot;camera&quot;:&quot;&quot;,&quot;caption&quot;:&quot;&quot;,&quot;created_timestamp&quot;:&quot;0&quot;,&quot;copyright&quot;:&quot;&quot;,&quot;focal_length&quot;:&quot;0&quot;,&quot;iso&quot;:&quot;0&quot;,&quot;shutter_speed&quot;:&quot;0&quot;,&quot;title&quot;:&quot;&quot;,&quot;orientation&quot;:&quot;1&quot;}\" data-image-title=\"Daniel Medina\" data-image-description=\"\" data-image-caption=\"\" data-large-file=\"https:\/\/i0.wp.com\/lahoradelcampo.com.uy\/site\/wp-content\/uploads\/2020\/10\/Daniel-Medina.jpg?fit=810%2C405&amp;ssl=1\" src=\"https:\/\/i0.wp.com\/lahoradelcampo.com.uy\/site\/wp-content\/uploads\/2020\/10\/Daniel-Medina.jpg?resize=810%2C405\" alt=\"\" class=\"wp-image-24352\" srcset=\"https:\/\/i0.wp.com\/lahoradelcampo.com.uy\/site\/wp-content\/uploads\/2020\/10\/Daniel-Medina.jpg?w=880&amp;ssl=1 880w, https:\/\/i0.wp.com\/lahoradelcampo.com.uy\/site\/wp-content\/uploads\/2020\/10\/Daniel-Medina.jpg?resize=300%2C150&amp;ssl=1 300w, https:\/\/i0.wp.com\/lahoradelcampo.com.uy\/site\/wp-content\/uploads\/2020\/10\/Daniel-Medina.jpg?resize=768%2C384&amp;ssl=1 768w, https:\/\/i0.wp.com\/lahoradelcampo.com.uy\/site\/wp-content\/uploads\/2020\/10\/Daniel-Medina.jpg?resize=820%2C410&amp;ssl=1 820w\" sizes=\"auto, (max-width: 810px) 100vw, 810px\" \/><\/figure>\n\n\n\n<p>El escritorio Daniel Medina, con el martillo de Francisco C\u00e1nepa, coloc\u00f3 el 100% de la oferta presentada en la pista de la Asociaci\u00f3n Agropecuaria de Salto. En esta oportunidad, adem\u00e1s de la oferta de ganados de reposici\u00f3n, el escritorio tambi\u00e9n propuso la venta de toros de las razas Polled Hereford y Angus. <br><\/p>\n\n\n\n<p>La venta de los toros comenz\u00f3 con la oferta de toros negros y colorados de \u00abEl Terer\u00e9\u00bb, con valores que fueron de US$ 3.200 a US$ 3.450, con un promedio de US$ 3.325. Por su parte el toro Polled Hereford de \u00abSanta Elena de Palma Sola\u00bb se vendi\u00f3 en US$ 2.400. <br><\/p>\n\n\n\n<p>En los ganados de invernada, las vaquillonas pre\u00f1adas promediaron US$ 685,44. En esta categor\u00eda se destaca un lote de 45 vaquillonas de Pingo Viejo SG, que se pagaron US$ 750. Las vacas pre\u00f1adas se pagaron entre US$ 675 y US$ 710, con un promedio de US$ 682,3, en esta categor\u00eda se destacaron las vacas coloradas de \u00abSant&#8217;ana\u00bb que alcanzaron el precio m\u00e1ximo.<br><\/p>\n\n\n\n<p>Luego las 36 piezas de cr\u00eda se presentaron en dos lotes, entre US$ 365 y US$ 368. Las vaquillonas cotizaron entre US$ 405 y US$ 500, con un promedio de US$ 456,46. Un lote de vacas se pag\u00f3 US$ 500. <br><\/p>\n\n\n\n<p>En las categor\u00edas j\u00f3venes, las terneras se pagaron entre US$ 365 y US$ 422, coloc\u00e1ndose un lote de 50 terneras Polled Hereford de Santa Elena de Palma Sola, en US$ 365 de un solo martillazo. Las mismas se comercializaron a la exportaci\u00f3n en pie. Al cierre los terneros cotizaron a US$ 337,74 de promedio, con un m\u00e1ximo de US$ 370 y un piso de US$ 320. <br><\/p>\n\n\n\n<p>Daniel Medina al finalizar las ventas agradeci\u00f3 a la Asociaci\u00f3n Agropecuaria de Salto, por la confianza brindada en la firma para la realizaci\u00f3n de este remate. Adem\u00e1s agradeci\u00f3 a clientes, amigos, al personal tanto de la Exposici\u00f3n como del propio escritorio. Al mismo tiempo indic\u00f3 que ya se comienza a trabajar para la pr\u00f3xima muestra. <\/p>\n\n\n\n<p style=\"text-align:right\"><strong>Salto, 5 de octubre de 2020<\/strong><\/p>\n","protected":false},"excerpt":{"rendered":"<p>El escritorio Daniel Medina, con el martillo de Francisco C\u00e1nepa, coloc\u00f3 el 100% de la oferta presentada en la pista de la Asociaci\u00f3n Agropecuaria de Salto. En esta oportunidad, adem\u00e1s [&hellip;]<\/p>\n","protected":false},"author":5,"featured_media":24352,"comment_status":"open","ping_status":"open","sticky":false,"template":"","format":"standard","meta":{"_price":"","_stock":"","_tribe_ticket_header":"","_tribe_default_ticket_provider":"","_tribe_ticket_capacity":"0","_ticket_start_date":"","_ticket_end_date":"","_tribe_ticket_show_description":"","_tribe_ticket_show_not_going":false,"_tribe_ticket_use_global_stock":"","_tribe_ticket_global_stock_level":"","_global_stock_mode":"","_global_stock_cap":"","_tribe_rsvp_for_event":"","_tribe_ticket_going_count":"","_tribe_ticket_not_going_count":"","_tribe_tickets_list":"[]","_tribe_ticket_has_attendee_info_fields":false,"h5ap_radio_sources":[],"_jetpack_newsletter_access":"","_jetpack_dont_email_post_to_subs":false,"_jetpack_newsletter_tier_id":0,"_jetpack_memberships_contains_paywalled_content":false,"_jetpack_memberships_contains_paid_content":false,"footnotes":""},"categories":[21,5],"tags":[],"class_list":["post-24350","post","type-post","status-publish","format-standard","has-post-thumbnail","hentry","category-actualidad","category-ganaderia"],"jetpack_featured_media_url":"https:\/\/i0.wp.com\/lahoradelcampo.com.uy\/site\/wp-content\/uploads\/2020\/10\/Daniel-Medina.jpg?fit=880%2C440&ssl=1","jetpack_sharing_enabled":true,"jetpack_shortlink":"https:\/\/wp.me\/p99IaT-6kK","jetpack-related-posts":[{"id":24160,"url":"https:\/\/lahoradelcampo.com.uy\/site\/cuarto-remate-de-vientres-calificados-en-la-expo-salto\/","url_meta":{"origin":24350,"position":0},"title":"Cuarto remate de vientres calificados en la Expo Salto","author":"La Hora del Campo","date":"30 septiembre, 2020","format":false,"excerpt":"El s\u00e1bado 3 de octubre en el marco de la Expo Salto 2020, el escritorio Daniel Medina, realizar\u00e1 el cuarto remate de vientres calificados, sumando este a\u00f1o una oferta de 13 reproductores. Las ventas comenzar\u00e1n a las 19:30 horas. En la conferencia de lanzamiento de la exposici\u00f3n, el consignatario Daniel\u2026","rel":"","context":"En \u00abActualidad\u00bb","block_context":{"text":"Actualidad","link":"https:\/\/lahoradelcampo.com.uy\/site\/category\/actualidad\/"},"img":{"alt_text":"","src":"https:\/\/i0.wp.com\/lahoradelcampo.com.uy\/site\/wp-content\/uploads\/2020\/09\/daniel-medina-remate.jpg?fit=1200%2C900&ssl=1&resize=350%2C200","width":350,"height":200,"srcset":"https:\/\/i0.wp.com\/lahoradelcampo.com.uy\/site\/wp-content\/uploads\/2020\/09\/daniel-medina-remate.jpg?fit=1200%2C900&ssl=1&resize=350%2C200 1x, https:\/\/i0.wp.com\/lahoradelcampo.com.uy\/site\/wp-content\/uploads\/2020\/09\/daniel-medina-remate.jpg?fit=1200%2C900&ssl=1&resize=525%2C300 1.5x, https:\/\/i0.wp.com\/lahoradelcampo.com.uy\/site\/wp-content\/uploads\/2020\/09\/daniel-medina-remate.jpg?fit=1200%2C900&ssl=1&resize=700%2C400 2x, https:\/\/i0.wp.com\/lahoradelcampo.com.uy\/site\/wp-content\/uploads\/2020\/09\/daniel-medina-remate.jpg?fit=1200%2C900&ssl=1&resize=1050%2C600 3x"},"classes":[]},{"id":36543,"url":"https:\/\/lahoradelcampo.com.uy\/site\/el-19-11-se-realiza-el-remate-de-santa-elena-de-palma-sola-en-itacumbu\/","url_meta":{"origin":24350,"position":1},"title":"El 19\/11 se realiza el remate de Santa Elena de Palma Sola en Itacumb\u00fa","author":"La Hora del Campo","date":"14 noviembre, 2021","format":false,"excerpt":"El pr\u00f3ximo 19 de noviembre en el local Itacumb\u00fa, de la Liga de Trabajo de Tom\u00e1s Gomensoro, en Artigas, se realiza el vig\u00e9simo tercer remate anual de la caba\u00f1a \"Santa Elena de Palma Sola\", el remate de los amigos, como se menciona a este cl\u00e1sico del norte del pa\u00eds, que\u2026","rel":"","context":"En \u00abActualidad\u00bb","block_context":{"text":"Actualidad","link":"https:\/\/lahoradelcampo.com.uy\/site\/category\/actualidad\/"},"img":{"alt_text":"","src":"https:\/\/i0.wp.com\/lahoradelcampo.com.uy\/site\/wp-content\/uploads\/2021\/11\/Danielmedina.jpg?fit=880%2C440&ssl=1&resize=350%2C200","width":350,"height":200,"srcset":"https:\/\/i0.wp.com\/lahoradelcampo.com.uy\/site\/wp-content\/uploads\/2021\/11\/Danielmedina.jpg?fit=880%2C440&ssl=1&resize=350%2C200 1x, https:\/\/i0.wp.com\/lahoradelcampo.com.uy\/site\/wp-content\/uploads\/2021\/11\/Danielmedina.jpg?fit=880%2C440&ssl=1&resize=525%2C300 1.5x, https:\/\/i0.wp.com\/lahoradelcampo.com.uy\/site\/wp-content\/uploads\/2021\/11\/Danielmedina.jpg?fit=880%2C440&ssl=1&resize=700%2C400 2x"},"classes":[]},{"id":25610,"url":"https:\/\/lahoradelcampo.com.uy\/site\/zaldua-coloco-la-oferta-de-toros-aberdeen-angus-y-polled-hereford\/","url_meta":{"origin":24350,"position":2},"title":"Zald\u00faa coloc\u00f3 la oferta de toros Aberdeen Angus y Polled Hereford","author":"La Hora del Campo","date":"20 noviembre, 2020","format":false,"excerpt":"El escritorio Luis Zald\u00faa coloc\u00f3 en la jornada de ayer casi toda la oferta en la pista, con algunos lotes donde los vendedores ten\u00edan expectativas que no fueron convalidadas por la demanda. En los ovinos, por donde comenz\u00f3 la operativa, los valores en la pista fueron para los capones entre\u2026","rel":"","context":"En \u00abActualidad\u00bb","block_context":{"text":"Actualidad","link":"https:\/\/lahoradelcampo.com.uy\/site\/category\/actualidad\/"},"img":{"alt_text":"","src":"https:\/\/i0.wp.com\/lahoradelcampo.com.uy\/site\/wp-content\/uploads\/2020\/11\/zaldua.jpg?fit=880%2C440&ssl=1&resize=350%2C200","width":350,"height":200,"srcset":"https:\/\/i0.wp.com\/lahoradelcampo.com.uy\/site\/wp-content\/uploads\/2020\/11\/zaldua.jpg?fit=880%2C440&ssl=1&resize=350%2C200 1x, https:\/\/i0.wp.com\/lahoradelcampo.com.uy\/site\/wp-content\/uploads\/2020\/11\/zaldua.jpg?fit=880%2C440&ssl=1&resize=525%2C300 1.5x, https:\/\/i0.wp.com\/lahoradelcampo.com.uy\/site\/wp-content\/uploads\/2020\/11\/zaldua.jpg?fit=880%2C440&ssl=1&resize=700%2C400 2x"},"classes":[]},{"id":25628,"url":"https:\/\/lahoradelcampo.com.uy\/site\/daniel-medina-remata-hoy-en-el-local-itacumbu-el-corriedale-de-santa-elena-de-palma-sola\/","url_meta":{"origin":24350,"position":3},"title":"Daniel Medina remata hoy en  el local Itacumb\u00fa, el Corriedale de Santa Elena de Palma Sola","author":"La Hora del Campo","date":"20 noviembre, 2020","format":false,"excerpt":"En la jornada de hoy se lleva adelante el tradicional remate del Corriedale de Santa Elena de Palma Sola, en el local Itacumb\u00fa en el departamento de Artigas, conjuntamente con caba\u00f1as amigas y feria de reposici\u00f3n a cargo del Escritorio Daniel Medina con el martillo de Francisco C\u00e1nepa. En un\u2026","rel":"","context":"En \u00abActualidad\u00bb","block_context":{"text":"Actualidad","link":"https:\/\/lahoradelcampo.com.uy\/site\/category\/actualidad\/"},"img":{"alt_text":"","src":"https:\/\/i0.wp.com\/lahoradelcampo.com.uy\/site\/wp-content\/uploads\/2020\/11\/medina.jpg?fit=880%2C440&ssl=1&resize=350%2C200","width":350,"height":200,"srcset":"https:\/\/i0.wp.com\/lahoradelcampo.com.uy\/site\/wp-content\/uploads\/2020\/11\/medina.jpg?fit=880%2C440&ssl=1&resize=350%2C200 1x, https:\/\/i0.wp.com\/lahoradelcampo.com.uy\/site\/wp-content\/uploads\/2020\/11\/medina.jpg?fit=880%2C440&ssl=1&resize=525%2C300 1.5x, https:\/\/i0.wp.com\/lahoradelcampo.com.uy\/site\/wp-content\/uploads\/2020\/11\/medina.jpg?fit=880%2C440&ssl=1&resize=700%2C400 2x"},"classes":[]},{"id":46249,"url":"https:\/\/lahoradelcampo.com.uy\/site\/san-rafael-coloco-el-100-de-los-toros-angus-y-polled-hereford\/","url_meta":{"origin":24350,"position":4},"title":"San Rafael coloc\u00f3 el 100% de los toros Angus y Polled Hereford","author":"La Hora del Campo","date":"13 octubre, 2022","format":false,"excerpt":"En el predio de la Asociaci\u00f3n Agropecuaria de Salto, la firma Zambrano & C\u00eda, concret\u00f3 una nueva venta de San Rafael, donde se coloc\u00f3 el 100% de la oferta de la caba\u00f1a y de las firmas invitadas, tanto en los vientres como en los machos de las tres razas. El\u2026","rel":"","context":"En \u00abActualidad\u00bb","block_context":{"text":"Actualidad","link":"https:\/\/lahoradelcampo.com.uy\/site\/category\/actualidad\/"},"img":{"alt_text":"","src":"https:\/\/i0.wp.com\/lahoradelcampo.com.uy\/site\/wp-content\/uploads\/2022\/10\/Sanrafaelreamte.jpg?fit=880%2C440&ssl=1&resize=350%2C200","width":350,"height":200,"srcset":"https:\/\/i0.wp.com\/lahoradelcampo.com.uy\/site\/wp-content\/uploads\/2022\/10\/Sanrafaelreamte.jpg?fit=880%2C440&ssl=1&resize=350%2C200 1x, https:\/\/i0.wp.com\/lahoradelcampo.com.uy\/site\/wp-content\/uploads\/2022\/10\/Sanrafaelreamte.jpg?fit=880%2C440&ssl=1&resize=525%2C300 1.5x, https:\/\/i0.wp.com\/lahoradelcampo.com.uy\/site\/wp-content\/uploads\/2022\/10\/Sanrafaelreamte.jpg?fit=880%2C440&ssl=1&resize=700%2C400 2x"},"classes":[]},{"id":16016,"url":"https:\/\/lahoradelcampo.com.uy\/site\/reproductores-y-ganado-general-con-muy-buenos-valores-en-itacumbu\/","url_meta":{"origin":24350,"position":5},"title":"Reproductores y ganado general con muy buenos valores en Itacumb\u00fa","author":"La Hora del Campo","date":"24 noviembre, 2019","format":false,"excerpt":"En una tarde calurosa, pero que termin\u00f3 siendo agradable para los negocios, se realiz\u00f3 el remate \"de los amigos\" en el local Itacumb\u00fa con el escritorio Daniel Medina y el martillo de Francisco C\u00e1nepa. Como es tradicional las ventas comenzaron con los carneros de las caba\u00f1as Santa Elena de Palma\u2026","rel":"","context":"En \u00abActualidad\u00bb","block_context":{"text":"Actualidad","link":"https:\/\/lahoradelcampo.com.uy\/site\/category\/actualidad\/"},"img":{"alt_text":"","src":"https:\/\/i0.wp.com\/lahoradelcampo.com.uy\/site\/wp-content\/uploads\/2019\/11\/Itacumbu.jpg?fit=880%2C440&ssl=1&resize=350%2C200","width":350,"height":200,"srcset":"https:\/\/i0.wp.com\/lahoradelcampo.com.uy\/site\/wp-content\/uploads\/2019\/11\/Itacumbu.jpg?fit=880%2C440&ssl=1&resize=350%2C200 1x, https:\/\/i0.wp.com\/lahoradelcampo.com.uy\/site\/wp-content\/uploads\/2019\/11\/Itacumbu.jpg?fit=880%2C440&ssl=1&resize=525%2C300 1.5x, https:\/\/i0.wp.com\/lahoradelcampo.com.uy\/site\/wp-content\/uploads\/2019\/11\/Itacumbu.jpg?fit=880%2C440&ssl=1&resize=700%2C400 2x"},"classes":[]}],"jetpack_likes_enabled":true,"_links":{"self":[{"href":"https:\/\/lahoradelcampo.com.uy\/site\/wp-json\/wp\/v2\/posts\/24350","targetHints":{"allow":["GET"]}}],"collection":[{"href":"https:\/\/lahoradelcampo.com.uy\/site\/wp-json\/wp\/v2\/posts"}],"about":[{"href":"https:\/\/lahoradelcampo.com.uy\/site\/wp-json\/wp\/v2\/types\/post"}],"author":[{"embeddable":true,"href":"https:\/\/lahoradelcampo.com.uy\/site\/wp-json\/wp\/v2\/users\/5"}],"replies":[{"embeddable":true,"href":"https:\/\/lahoradelcampo.com.uy\/site\/wp-json\/wp\/v2\/comments?post=24350"}],"version-history":[{"count":1,"href":"https:\/\/lahoradelcampo.com.uy\/site\/wp-json\/wp\/v2\/posts\/24350\/revisions"}],"predecessor-version":[{"id":24354,"href":"https:\/\/lahoradelcampo.com.uy\/site\/wp-json\/wp\/v2\/posts\/24350\/revisions\/24354"}],"wp:featuredmedia":[{"embeddable":true,"href":"https:\/\/lahoradelcampo.com.uy\/site\/wp-json\/wp\/v2\/media\/24352"}],"wp:attachment":[{"href":"https:\/\/lahoradelcampo.com.uy\/site\/wp-json\/wp\/v2\/media?parent=24350"}],"wp:term":[{"taxonomy":"category","embeddable":true,"href":"https:\/\/lahoradelcampo.com.uy\/site\/wp-json\/wp\/v2\/categories?post=24350"},{"taxonomy":"post_tag","embeddable":true,"href":"https:\/\/lahoradelcampo.com.uy\/site\/wp-json\/wp\/v2\/tags?post=24350"}],"curies":[{"name":"wp","href":"https:\/\/api.w.org\/{rel}","templated":true}]}}