{"id":24344,"date":"2020-10-05T07:27:26","date_gmt":"2020-10-05T10:27:26","guid":{"rendered":"http:\/\/lahoradelcampo.com.uy\/site\/?p=24344"},"modified":"2020-10-05T07:27:32","modified_gmt":"2020-10-05T10:27:32","slug":"us-2-050-de-promedio-para-los-toros-de-la-expo-salto","status":"publish","type":"post","link":"https:\/\/lahoradelcampo.com.uy\/site\/us-2-050-de-promedio-para-los-toros-de-la-expo-salto\/","title":{"rendered":"US$ 2.050 de promedio para los toros de la Expo Salto"},"content":{"rendered":"\n<figure class=\"wp-block-image\"><img data-recalc-dims=\"1\" loading=\"lazy\" decoding=\"async\" width=\"810\" height=\"405\" data-attachment-id=\"24346\" data-permalink=\"https:\/\/lahoradelcampo.com.uy\/site\/us-2-050-de-promedio-para-los-toros-de-la-expo-salto\/herefordexposalto\/\" data-orig-file=\"https:\/\/i0.wp.com\/lahoradelcampo.com.uy\/site\/wp-content\/uploads\/2020\/10\/Herefordexposalto.jpg?fit=880%2C440&amp;ssl=1\" data-orig-size=\"880,440\" data-comments-opened=\"1\" data-image-meta=\"{&quot;aperture&quot;:&quot;0&quot;,&quot;credit&quot;:&quot;&quot;,&quot;camera&quot;:&quot;&quot;,&quot;caption&quot;:&quot;&quot;,&quot;created_timestamp&quot;:&quot;0&quot;,&quot;copyright&quot;:&quot;&quot;,&quot;focal_length&quot;:&quot;0&quot;,&quot;iso&quot;:&quot;0&quot;,&quot;shutter_speed&quot;:&quot;0&quot;,&quot;title&quot;:&quot;&quot;,&quot;orientation&quot;:&quot;1&quot;}\" data-image-title=\"Herefordexposalto\" data-image-description=\"\" data-image-caption=\"\" data-large-file=\"https:\/\/i0.wp.com\/lahoradelcampo.com.uy\/site\/wp-content\/uploads\/2020\/10\/Herefordexposalto.jpg?fit=810%2C405&amp;ssl=1\" src=\"https:\/\/i0.wp.com\/lahoradelcampo.com.uy\/site\/wp-content\/uploads\/2020\/10\/Herefordexposalto.jpg?resize=810%2C405\" alt=\"\" class=\"wp-image-24346\" srcset=\"https:\/\/i0.wp.com\/lahoradelcampo.com.uy\/site\/wp-content\/uploads\/2020\/10\/Herefordexposalto.jpg?w=880&amp;ssl=1 880w, https:\/\/i0.wp.com\/lahoradelcampo.com.uy\/site\/wp-content\/uploads\/2020\/10\/Herefordexposalto.jpg?resize=300%2C150&amp;ssl=1 300w, https:\/\/i0.wp.com\/lahoradelcampo.com.uy\/site\/wp-content\/uploads\/2020\/10\/Herefordexposalto.jpg?resize=768%2C384&amp;ssl=1 768w, https:\/\/i0.wp.com\/lahoradelcampo.com.uy\/site\/wp-content\/uploads\/2020\/10\/Herefordexposalto.jpg?resize=820%2C410&amp;ssl=1 820w\" sizes=\"auto, (max-width: 810px) 100vw, 810px\" \/><\/figure>\n\n\n\n<p>En un remate trabajoso, pero con buen marco de p\u00fablico, se fueron comercializando los toros de la exposici\u00f3n, coloc\u00e1ndose en total 10 reproductores a un promedio de US$ 2.050. <br><\/p>\n\n\n\n<p>En la pista se colocaron 8 toros Polled Hereford a un promedio de US$ 2.512, con un m\u00e1ximo de US$ 2.800 y un m\u00ednimo de US$ 2.200. Por su parte en los toros de la raza Normando, se vendi\u00f3 un toro PO en US$ 2.000 y un toro PI en US$ 2.950. <\/p>\n\n\n\n<p style=\"text-align:right\"><strong>Salto, 5 de octubre de 2020<\/strong><\/p>\n","protected":false},"excerpt":{"rendered":"<p>En un remate trabajoso, pero con buen marco de p\u00fablico, se fueron comercializando los toros de la exposici\u00f3n, coloc\u00e1ndose en total 10 reproductores a un promedio de US$ 2.050. En [&hellip;]<\/p>\n","protected":false},"author":5,"featured_media":24346,"comment_status":"open","ping_status":"open","sticky":false,"template":"","format":"standard","meta":{"_price":"","_stock":"","_tribe_ticket_header":"","_tribe_default_ticket_provider":"","_tribe_ticket_capacity":"0","_ticket_start_date":"","_ticket_end_date":"","_tribe_ticket_show_description":"","_tribe_ticket_show_not_going":false,"_tribe_ticket_use_global_stock":"","_tribe_ticket_global_stock_level":"","_global_stock_mode":"","_global_stock_cap":"","_tribe_rsvp_for_event":"","_tribe_ticket_going_count":"","_tribe_ticket_not_going_count":"","_tribe_tickets_list":"[]","_tribe_ticket_has_attendee_info_fields":false,"h5ap_radio_sources":[],"_jetpack_newsletter_access":"","_jetpack_dont_email_post_to_subs":false,"_jetpack_newsletter_tier_id":0,"_jetpack_memberships_contains_paywalled_content":false,"_jetpack_memberships_contains_paid_content":false,"footnotes":""},"categories":[21,5],"tags":[],"class_list":["post-24344","post","type-post","status-publish","format-standard","has-post-thumbnail","hentry","category-actualidad","category-ganaderia"],"jetpack_featured_media_url":"https:\/\/i0.wp.com\/lahoradelcampo.com.uy\/site\/wp-content\/uploads\/2020\/10\/Herefordexposalto.jpg?fit=880%2C440&ssl=1","jetpack_sharing_enabled":true,"jetpack_shortlink":"https:\/\/wp.me\/p99IaT-6kE","jetpack-related-posts":[{"id":36185,"url":"https:\/\/lahoradelcampo.com.uy\/site\/us-3-570-fue-el-promedio-de-la-zafra-de-toros-en-salto\/","url_meta":{"origin":24344,"position":0},"title":"US$ 3.570 fue el promedio de la zafra de toros en Salto","author":"La Hora del Campo","date":"3 noviembre, 2021","format":false,"excerpt":"En el departamento de Salto, durante el mes de octubre, se realizaron nueve remates con un total de 447 toros comercializados. En el siguiente an\u00e1lisis de la zafra solamente analizaremos ocho ventas, con 435 toros, ya que el remate de la Exposici\u00f3n de Salto donde se comercializaron 12 reproductores estuvimos\u2026","rel":"","context":"En \u00abActualidad\u00bb","block_context":{"text":"Actualidad","link":"https:\/\/lahoradelcampo.com.uy\/site\/category\/actualidad\/"},"img":{"alt_text":"","src":"https:\/\/i0.wp.com\/lahoradelcampo.com.uy\/site\/wp-content\/uploads\/2021\/11\/zafradetoros1.jpg?fit=880%2C440&ssl=1&resize=350%2C200","width":350,"height":200,"srcset":"https:\/\/i0.wp.com\/lahoradelcampo.com.uy\/site\/wp-content\/uploads\/2021\/11\/zafradetoros1.jpg?fit=880%2C440&ssl=1&resize=350%2C200 1x, https:\/\/i0.wp.com\/lahoradelcampo.com.uy\/site\/wp-content\/uploads\/2021\/11\/zafradetoros1.jpg?fit=880%2C440&ssl=1&resize=525%2C300 1.5x, https:\/\/i0.wp.com\/lahoradelcampo.com.uy\/site\/wp-content\/uploads\/2021\/11\/zafradetoros1.jpg?fit=880%2C440&ssl=1&resize=700%2C400 2x"},"classes":[]},{"id":55027,"url":"https:\/\/lahoradelcampo.com.uy\/site\/se-vendieron-440-toros-en-salto-a-us-3-560-de-promedio\/","url_meta":{"origin":24344,"position":1},"title":"Se vendieron 440 toros en Salto, a US$ 3.560 de promedio","author":"La Hora del Campo","date":"4 noviembre, 2024","format":false,"excerpt":"A continuaci\u00f3n, se presenta los datos provenientes de 10 remates realizados en el departamento de Salto. Los valores que se presentan provienen de un trabajo minucioso realizado en cada uno de los remates, anotando uno a uno los toros comercializados al bajar cada martillazo. Los remates se acompa\u00f1aron en vivo,\u2026","rel":"","context":"En \u00abActualidad\u00bb","block_context":{"text":"Actualidad","link":"https:\/\/lahoradelcampo.com.uy\/site\/category\/actualidad\/"},"img":{"alt_text":"","src":"https:\/\/i0.wp.com\/lahoradelcampo.com.uy\/site\/wp-content\/uploads\/2024\/10\/torosexpo.jpg?fit=880%2C440&ssl=1&resize=350%2C200","width":350,"height":200,"srcset":"https:\/\/i0.wp.com\/lahoradelcampo.com.uy\/site\/wp-content\/uploads\/2024\/10\/torosexpo.jpg?fit=880%2C440&ssl=1&resize=350%2C200 1x, https:\/\/i0.wp.com\/lahoradelcampo.com.uy\/site\/wp-content\/uploads\/2024\/10\/torosexpo.jpg?fit=880%2C440&ssl=1&resize=525%2C300 1.5x, https:\/\/i0.wp.com\/lahoradelcampo.com.uy\/site\/wp-content\/uploads\/2024\/10\/torosexpo.jpg?fit=880%2C440&ssl=1&resize=700%2C400 2x"},"classes":[]},{"id":3333,"url":"https:\/\/lahoradelcampo.com.uy\/site\/venta-de-toros-en-salto-promedia-los-us-3-019\/","url_meta":{"origin":24344,"position":2},"title":"Venta de toros en Salto promedia los U$S 3.019","author":"La Hora del Campo","date":"30 octubre, 2017","format":false,"excerpt":"En la zafra de reproductores en Salto, pr\u00e1cticamente en su fin, hasta el momento se ha realizado siete remates de caba\u00f1a a los cuales debe sumarse la venta en la exposici\u00f3n y un toro comercializado la pasada semana en el local Palomas; a\u00fan resta por concretarse esta semana una venta\u2026","rel":"","context":"En \u00abActualidad\u00bb","block_context":{"text":"Actualidad","link":"https:\/\/lahoradelcampo.com.uy\/site\/category\/actualidad\/"},"img":{"alt_text":"","src":"https:\/\/i0.wp.com\/lahoradelcampo.com.uy\/site\/wp-content\/uploads\/2017\/10\/toros-zafra.jpg?fit=880%2C440&ssl=1&resize=350%2C200","width":350,"height":200,"srcset":"https:\/\/i0.wp.com\/lahoradelcampo.com.uy\/site\/wp-content\/uploads\/2017\/10\/toros-zafra.jpg?fit=880%2C440&ssl=1&resize=350%2C200 1x, https:\/\/i0.wp.com\/lahoradelcampo.com.uy\/site\/wp-content\/uploads\/2017\/10\/toros-zafra.jpg?fit=880%2C440&ssl=1&resize=525%2C300 1.5x, https:\/\/i0.wp.com\/lahoradelcampo.com.uy\/site\/wp-content\/uploads\/2017\/10\/toros-zafra.jpg?fit=880%2C440&ssl=1&resize=700%2C400 2x"},"classes":[]},{"id":53166,"url":"https:\/\/lahoradelcampo.com.uy\/site\/a-kilos-de-terneros-los-toros-subieron-un-127-en-salto\/","url_meta":{"origin":24344,"position":3},"title":"A kilos de terneros, los toros subieron un 12,7% en Salto","author":"La Hora del Campo","date":"20 noviembre, 2023","format":false,"excerpt":"La zafra de toros, est\u00e1 particamente terminada a nivel pa\u00eds, con algunos remates que a\u00fan quedan en el listado del final de zafra. De acuerdo con los valores promedios logrados en los diferentes remates de la zafra de toros, los 5.317 reproductores registrados por La Hora del Campo promediaron US$\u2026","rel":"","context":"En \u00abActualidad\u00bb","block_context":{"text":"Actualidad","link":"https:\/\/lahoradelcampo.com.uy\/site\/category\/actualidad\/"},"img":{"alt_text":"","src":"https:\/\/i0.wp.com\/lahoradelcampo.com.uy\/site\/wp-content\/uploads\/2017\/11\/toros.jpg?fit=880%2C440&ssl=1&resize=350%2C200","width":350,"height":200,"srcset":"https:\/\/i0.wp.com\/lahoradelcampo.com.uy\/site\/wp-content\/uploads\/2017\/11\/toros.jpg?fit=880%2C440&ssl=1&resize=350%2C200 1x, https:\/\/i0.wp.com\/lahoradelcampo.com.uy\/site\/wp-content\/uploads\/2017\/11\/toros.jpg?fit=880%2C440&ssl=1&resize=525%2C300 1.5x, https:\/\/i0.wp.com\/lahoradelcampo.com.uy\/site\/wp-content\/uploads\/2017\/11\/toros.jpg?fit=880%2C440&ssl=1&resize=700%2C400 2x"},"classes":[]},{"id":46711,"url":"https:\/\/lahoradelcampo.com.uy\/site\/us-3-430-el-promedio-de-los-2-263-toros-vendidos-en-54-remates\/","url_meta":{"origin":24344,"position":4},"title":"US$ 3.430 el promedio de los 2.263 toros vendidos en 54 remates","author":"La Hora del Campo","date":"31 octubre, 2022","format":false,"excerpt":"Al cierre de este mes de octubre, con 54 remates realizados en 13 departamentos, cerramos el balance de la presente zafra de toros, para este trabajo. Este trabajo cuenta con el aporte de varios colegas: \u00c1lvaro Aguiar (Radio Durazno), Pablo Blanc (El Tel\u00e9grafo), Claudino y Mart\u00edn Ferreira Pinto (Radio Libertadores)\u2026","rel":"","context":"En \u00abActualidad\u00bb","block_context":{"text":"Actualidad","link":"https:\/\/lahoradelcampo.com.uy\/site\/category\/actualidad\/"},"img":{"alt_text":"","src":"https:\/\/i0.wp.com\/lahoradelcampo.com.uy\/site\/wp-content\/uploads\/2020\/10\/zafratoros.jpg?fit=880%2C440&ssl=1&resize=350%2C200","width":350,"height":200,"srcset":"https:\/\/i0.wp.com\/lahoradelcampo.com.uy\/site\/wp-content\/uploads\/2020\/10\/zafratoros.jpg?fit=880%2C440&ssl=1&resize=350%2C200 1x, https:\/\/i0.wp.com\/lahoradelcampo.com.uy\/site\/wp-content\/uploads\/2020\/10\/zafratoros.jpg?fit=880%2C440&ssl=1&resize=525%2C300 1.5x, https:\/\/i0.wp.com\/lahoradelcampo.com.uy\/site\/wp-content\/uploads\/2020\/10\/zafratoros.jpg?fit=880%2C440&ssl=1&resize=700%2C400 2x"},"classes":[]},{"id":46723,"url":"https:\/\/lahoradelcampo.com.uy\/site\/321-toros-en-salto-se-vendieron-en-remates-a-us-3-466\/","url_meta":{"origin":24344,"position":5},"title":"321 toros en Salto se vendieron en remates a US$ 3.466","author":"La Hora del Campo","date":"31 octubre, 2022","format":false,"excerpt":"Al cierre de octubre, presentamos el promedio alcanzado por los 321 toros comercializados en ocho remates de caba\u00f1as en el departamento de Salto. En total se recaud\u00f3 1.112.740 d\u00f3lares, \u00fanicamente por la venta de toros, sin tener en cuenta las hembras y ganados generales de reposici\u00f3n que complementan estos remates.\u2026","rel":"","context":"En \u00abActualidad\u00bb","block_context":{"text":"Actualidad","link":"https:\/\/lahoradelcampo.com.uy\/site\/category\/actualidad\/"},"img":{"alt_text":"","src":"https:\/\/i0.wp.com\/lahoradelcampo.com.uy\/site\/wp-content\/uploads\/2020\/10\/Torosarchivo.jpg?fit=880%2C440&ssl=1&resize=350%2C200","width":350,"height":200,"srcset":"https:\/\/i0.wp.com\/lahoradelcampo.com.uy\/site\/wp-content\/uploads\/2020\/10\/Torosarchivo.jpg?fit=880%2C440&ssl=1&resize=350%2C200 1x, https:\/\/i0.wp.com\/lahoradelcampo.com.uy\/site\/wp-content\/uploads\/2020\/10\/Torosarchivo.jpg?fit=880%2C440&ssl=1&resize=525%2C300 1.5x, https:\/\/i0.wp.com\/lahoradelcampo.com.uy\/site\/wp-content\/uploads\/2020\/10\/Torosarchivo.jpg?fit=880%2C440&ssl=1&resize=700%2C400 2x"},"classes":[]}],"jetpack_likes_enabled":true,"_links":{"self":[{"href":"https:\/\/lahoradelcampo.com.uy\/site\/wp-json\/wp\/v2\/posts\/24344","targetHints":{"allow":["GET"]}}],"collection":[{"href":"https:\/\/lahoradelcampo.com.uy\/site\/wp-json\/wp\/v2\/posts"}],"about":[{"href":"https:\/\/lahoradelcampo.com.uy\/site\/wp-json\/wp\/v2\/types\/post"}],"author":[{"embeddable":true,"href":"https:\/\/lahoradelcampo.com.uy\/site\/wp-json\/wp\/v2\/users\/5"}],"replies":[{"embeddable":true,"href":"https:\/\/lahoradelcampo.com.uy\/site\/wp-json\/wp\/v2\/comments?post=24344"}],"version-history":[{"count":1,"href":"https:\/\/lahoradelcampo.com.uy\/site\/wp-json\/wp\/v2\/posts\/24344\/revisions"}],"predecessor-version":[{"id":24348,"href":"https:\/\/lahoradelcampo.com.uy\/site\/wp-json\/wp\/v2\/posts\/24344\/revisions\/24348"}],"wp:featuredmedia":[{"embeddable":true,"href":"https:\/\/lahoradelcampo.com.uy\/site\/wp-json\/wp\/v2\/media\/24346"}],"wp:attachment":[{"href":"https:\/\/lahoradelcampo.com.uy\/site\/wp-json\/wp\/v2\/media?parent=24344"}],"wp:term":[{"taxonomy":"category","embeddable":true,"href":"https:\/\/lahoradelcampo.com.uy\/site\/wp-json\/wp\/v2\/categories?post=24344"},{"taxonomy":"post_tag","embeddable":true,"href":"https:\/\/lahoradelcampo.com.uy\/site\/wp-json\/wp\/v2\/tags?post=24344"}],"curies":[{"name":"wp","href":"https:\/\/api.w.org\/{rel}","templated":true}]}}