{"id":24334,"date":"2020-10-05T07:19:52","date_gmt":"2020-10-05T10:19:52","guid":{"rendered":"http:\/\/lahoradelcampo.com.uy\/site\/?p=24334"},"modified":"2020-10-05T07:23:55","modified_gmt":"2020-10-05T10:23:55","slug":"el-ministro-carlos-maria-uriarte-coloco-la-cocarda-a-la-gran-campeona-hembra-en-criollos","status":"publish","type":"post","link":"https:\/\/lahoradelcampo.com.uy\/site\/el-ministro-carlos-maria-uriarte-coloco-la-cocarda-a-la-gran-campeona-hembra-en-criollos\/","title":{"rendered":"El Ministro Carlos Maria Uriarte coloc\u00f3 la cocarda  a la Gran Campeona Hembra en Criollos"},"content":{"rendered":"\n<figure class=\"wp-block-image\"><img data-recalc-dims=\"1\" loading=\"lazy\" decoding=\"async\" width=\"810\" height=\"405\" data-attachment-id=\"24336\" data-permalink=\"https:\/\/lahoradelcampo.com.uy\/site\/el-ministro-carlos-maria-uriarte-coloco-la-cocarda-a-la-gran-campeona-hembra-en-criollos\/criollosexposalto\/\" data-orig-file=\"https:\/\/i0.wp.com\/lahoradelcampo.com.uy\/site\/wp-content\/uploads\/2020\/10\/criollosexposalto.jpg?fit=880%2C440&amp;ssl=1\" data-orig-size=\"880,440\" data-comments-opened=\"1\" data-image-meta=\"{&quot;aperture&quot;:&quot;0&quot;,&quot;credit&quot;:&quot;&quot;,&quot;camera&quot;:&quot;&quot;,&quot;caption&quot;:&quot;&quot;,&quot;created_timestamp&quot;:&quot;0&quot;,&quot;copyright&quot;:&quot;&quot;,&quot;focal_length&quot;:&quot;0&quot;,&quot;iso&quot;:&quot;0&quot;,&quot;shutter_speed&quot;:&quot;0&quot;,&quot;title&quot;:&quot;&quot;,&quot;orientation&quot;:&quot;1&quot;}\" data-image-title=\"criollosexposalto\" data-image-description=\"\" data-image-caption=\"\" data-large-file=\"https:\/\/i0.wp.com\/lahoradelcampo.com.uy\/site\/wp-content\/uploads\/2020\/10\/criollosexposalto.jpg?fit=810%2C405&amp;ssl=1\" src=\"https:\/\/i0.wp.com\/lahoradelcampo.com.uy\/site\/wp-content\/uploads\/2020\/10\/criollosexposalto.jpg?resize=810%2C405\" alt=\"\" class=\"wp-image-24336\" srcset=\"https:\/\/i0.wp.com\/lahoradelcampo.com.uy\/site\/wp-content\/uploads\/2020\/10\/criollosexposalto.jpg?w=880&amp;ssl=1 880w, https:\/\/i0.wp.com\/lahoradelcampo.com.uy\/site\/wp-content\/uploads\/2020\/10\/criollosexposalto.jpg?resize=300%2C150&amp;ssl=1 300w, https:\/\/i0.wp.com\/lahoradelcampo.com.uy\/site\/wp-content\/uploads\/2020\/10\/criollosexposalto.jpg?resize=768%2C384&amp;ssl=1 768w, https:\/\/i0.wp.com\/lahoradelcampo.com.uy\/site\/wp-content\/uploads\/2020\/10\/criollosexposalto.jpg?resize=820%2C410&amp;ssl=1 820w\" sizes=\"auto, (max-width: 810px) 100vw, 810px\" \/><\/figure>\n\n\n\n<p>En una tarde ventosa y fr\u00eda, la gen\u00e9tica le puso calor a la pista de los criollos. Con la jura de Martin Serries, pas\u00f3 una destacada fila de hembras que llev\u00f3 a los detalles la definici\u00f3n de los grandes premios. <br><\/p>\n\n\n\n<p>Al finalizar las calificaciones, el jurado dijo \u00abfue una linda muestra, muy nutrida, principalmente en yeguas, y sobre todo con mucho p\u00fablico. Para m\u00ed siempre es un placer venir a jurar aqu\u00ed a Salto\u00bb.<br><\/p>\n\n\n\n<p>En la fila de hembras destac\u00f3 el muy buen equilibrio que mostr\u00f3 la Gran Campeona Hembra, \u00abuna yegua muy equilibrada, con una buena costilla, muy bien angulada\u00bb. Explic\u00f3 que \u00abel hecho de estar bien angulada, le permite desplazarse muy bien, con mucha facilidad sobre todo. Est\u00e1 muy bien de garrones, mete muy bien las patas camina como con soltura\u00bb. <br><\/p>\n\n\n\n<p>Respecto al Gran Campe\u00f3n Macho, Sarries dijo que es \u00bb macho muy importante, es un caballo con mucho sexo racial. Tiene un lindo equilibrio. Le falta un poquito de largo, de rectangularidad, pero tiene un lindo equilibrio entre entre lo que es su estructura osea y muscular\u00bb.<br><\/p>\n\n\n\n<p>El jurado reconoci\u00f3 que el viento y la cantidad de banderas entorno a la pista gener\u00f3 que los caballos, principalmente en los incentivos, se mostrar\u00e1n muy nerviosos. En este sentido dijo haber sido menos riguroso que en otras oportunidades. <\/p>\n\n\n\n<p><strong>Veredictos<\/strong><br>Mejor Incentivo de Hembras: Jorge Holtz<br>Mejor Incentivo de Machos: Burgel Parietti Hnos.<br>Campeona Potranca: Carlos E. Parietti<br>Campeona Yegua Menor: Carlos y Natalia Parietti<br>Campeona Yegua Mayor y Gran Campeona Hembra: Jorge Holtz<br>Campe\u00f3n Padrillo y Gran Campe\u00f3n Macho: Boutmy Achard Jacques.<\/p>\n\n\n\n<p style=\"text-align:right\"><strong>Salto, 5 de octubre de 2020<\/strong><\/p>\n","protected":false},"excerpt":{"rendered":"<p>En una tarde ventosa y fr\u00eda, la gen\u00e9tica le puso calor a la pista de los criollos. Con la jura de Martin Serries, pas\u00f3 una destacada fila de hembras que [&hellip;]<\/p>\n","protected":false},"author":5,"featured_media":24336,"comment_status":"open","ping_status":"open","sticky":false,"template":"","format":"standard","meta":{"_price":"","_stock":"","_tribe_ticket_header":"","_tribe_default_ticket_provider":"","_tribe_ticket_capacity":"0","_ticket_start_date":"","_ticket_end_date":"","_tribe_ticket_show_description":"","_tribe_ticket_show_not_going":false,"_tribe_ticket_use_global_stock":"","_tribe_ticket_global_stock_level":"","_global_stock_mode":"","_global_stock_cap":"","_tribe_rsvp_for_event":"","_tribe_ticket_going_count":"","_tribe_ticket_not_going_count":"","_tribe_tickets_list":"[]","_tribe_ticket_has_attendee_info_fields":false,"h5ap_radio_sources":[],"_jetpack_newsletter_access":"","_jetpack_dont_email_post_to_subs":false,"_jetpack_newsletter_tier_id":0,"_jetpack_memberships_contains_paywalled_content":false,"_jetpack_memberships_contains_paid_content":false,"footnotes":""},"categories":[21,23],"tags":[],"class_list":["post-24334","post","type-post","status-publish","format-standard","has-post-thumbnail","hentry","category-actualidad","category-equinos"],"jetpack_featured_media_url":"https:\/\/i0.wp.com\/lahoradelcampo.com.uy\/site\/wp-content\/uploads\/2020\/10\/criollosexposalto.jpg?fit=880%2C440&ssl=1","jetpack_sharing_enabled":true,"jetpack_shortlink":"https:\/\/wp.me\/p99IaT-6ku","jetpack-related-posts":[{"id":24760,"url":"https:\/\/lahoradelcampo.com.uy\/site\/la-revancha-de-dominguez-presento-la-gran-campeona-en-criollos\/","url_meta":{"origin":24334,"position":0},"title":"La Revancha de Dominguez present\u00f3 la Gran Campeona en Criollos","author":"La Hora del Campo","date":"18 octubre, 2020","format":false,"excerpt":"Jos\u00e9 Luis Savio y Carlos Parietti fueron los encargados de calificar en la Expo Chiflero los mejores ejemplares expuestos por la raza criolla. En una pista con pocos animales, pero con un importante nivel de morfolog\u00eda. En las calificaciones, en la categor\u00eda incentivo la mejor hembra fue expuesta por el\u2026","rel":"","context":"En \u00abActualidad\u00bb","block_context":{"text":"Actualidad","link":"https:\/\/lahoradelcampo.com.uy\/site\/category\/actualidad\/"},"img":{"alt_text":"","src":"https:\/\/i0.wp.com\/lahoradelcampo.com.uy\/site\/wp-content\/uploads\/2020\/10\/Chiflerocriollos.jpg?fit=880%2C440&ssl=1&resize=350%2C200","width":350,"height":200,"srcset":"https:\/\/i0.wp.com\/lahoradelcampo.com.uy\/site\/wp-content\/uploads\/2020\/10\/Chiflerocriollos.jpg?fit=880%2C440&ssl=1&resize=350%2C200 1x, https:\/\/i0.wp.com\/lahoradelcampo.com.uy\/site\/wp-content\/uploads\/2020\/10\/Chiflerocriollos.jpg?fit=880%2C440&ssl=1&resize=525%2C300 1.5x, https:\/\/i0.wp.com\/lahoradelcampo.com.uy\/site\/wp-content\/uploads\/2020\/10\/Chiflerocriollos.jpg?fit=880%2C440&ssl=1&resize=700%2C400 2x"},"classes":[]},{"id":54928,"url":"https:\/\/lahoradelcampo.com.uy\/site\/el-angus-mostro-una-pista-muy-competitiva-en-paysandu\/","url_meta":{"origin":24334,"position":1},"title":"El Angus mostr\u00f3 una pista muy competitiva en Paysand\u00fa","author":"La Hora del Campo","date":"20 octubre, 2024","format":false,"excerpt":"Angus de \"Capilla Vieja\" en Puros de Origen, de \"La Porte\u00f1a\" en pedigr\u00ed y \"Santa In\u00e9s\" en hembras y \"Do\u00f1a Mila\" en machos de bozal, se destacaron en la muestra Aberdeen Angus que tuvo a Jos\u00e9 Mar\u00eda Bentacur como jurado. Sobre lo observado en la pista de bozal, indic\u00f3 que\u2026","rel":"","context":"En \u00abActualidad\u00bb","block_context":{"text":"Actualidad","link":"https:\/\/lahoradelcampo.com.uy\/site\/category\/actualidad\/"},"img":{"alt_text":"","src":"https:\/\/i0.wp.com\/lahoradelcampo.com.uy\/site\/wp-content\/uploads\/2024\/10\/AngusPaysandu.jpg?fit=880%2C440&ssl=1&resize=350%2C200","width":350,"height":200,"srcset":"https:\/\/i0.wp.com\/lahoradelcampo.com.uy\/site\/wp-content\/uploads\/2024\/10\/AngusPaysandu.jpg?fit=880%2C440&ssl=1&resize=350%2C200 1x, https:\/\/i0.wp.com\/lahoradelcampo.com.uy\/site\/wp-content\/uploads\/2024\/10\/AngusPaysandu.jpg?fit=880%2C440&ssl=1&resize=525%2C300 1.5x, https:\/\/i0.wp.com\/lahoradelcampo.com.uy\/site\/wp-content\/uploads\/2024\/10\/AngusPaysandu.jpg?fit=880%2C440&ssl=1&resize=700%2C400 2x"},"classes":[]},{"id":46071,"url":"https:\/\/lahoradelcampo.com.uy\/site\/cavani-y-parietti-expusieron-la-gran-campeona-criolla-en-la-expo-salto\/","url_meta":{"origin":24334,"position":2},"title":"Criollos: La Gran Campeona fue expuesta por Cavani y Parietti","author":"La Hora del Campo","date":"2 octubre, 2022","format":false,"excerpt":"Con Magdalena Vergara de jurado, acompa\u00f1ada por Alma Elorza y como secretario Renzo Mazzilli, productos de \"Santa Mar\u00eda\" de Carlos Parietti Henderson fueron los grandes campeones de machos y hembras en la pista de Criollos de la Expo Salto, aunque en el caso de las hembras, el ejemplar es compartido\u2026","rel":"","context":"En \u00abActualidad\u00bb","block_context":{"text":"Actualidad","link":"https:\/\/lahoradelcampo.com.uy\/site\/category\/actualidad\/"},"img":{"alt_text":"","src":"https:\/\/i0.wp.com\/lahoradelcampo.com.uy\/site\/wp-content\/uploads\/2022\/10\/ExpoSalto-Criollos.jpg?fit=880%2C440&ssl=1&resize=350%2C200","width":350,"height":200,"srcset":"https:\/\/i0.wp.com\/lahoradelcampo.com.uy\/site\/wp-content\/uploads\/2022\/10\/ExpoSalto-Criollos.jpg?fit=880%2C440&ssl=1&resize=350%2C200 1x, https:\/\/i0.wp.com\/lahoradelcampo.com.uy\/site\/wp-content\/uploads\/2022\/10\/ExpoSalto-Criollos.jpg?fit=880%2C440&ssl=1&resize=525%2C300 1.5x, https:\/\/i0.wp.com\/lahoradelcampo.com.uy\/site\/wp-content\/uploads\/2022\/10\/ExpoSalto-Criollos.jpg?fit=880%2C440&ssl=1&resize=700%2C400 2x"},"classes":[]},{"id":34985,"url":"https:\/\/lahoradelcampo.com.uy\/site\/cavani-y-parietti-presentaron-los-mejores-criollos\/","url_meta":{"origin":24334,"position":3},"title":"Cavani y Parietti presentaron los mejores Criollos","author":"La Hora del Campo","date":"3 octubre, 2021","format":false,"excerpt":"El futbolista de la Selecci\u00f3n Uruguaya y jugador del Manchester United, Edinson Cavani, y el productor y caba\u00f1ero de la raza Carlos Parietti, presentaron animales en la Expo Prado, en sociedad, y aqu\u00ed en Salto volvieron a exponer logrando la Gran Campeona Hembra, que a la postre se coron\u00f3 adem\u00e1s\u2026","rel":"","context":"En \u00abActualidad\u00bb","block_context":{"text":"Actualidad","link":"https:\/\/lahoradelcampo.com.uy\/site\/category\/actualidad\/"},"img":{"alt_text":"","src":"https:\/\/i0.wp.com\/lahoradelcampo.com.uy\/site\/wp-content\/uploads\/2021\/10\/Expo-criollos.jpg?fit=880%2C440&ssl=1&resize=350%2C200","width":350,"height":200,"srcset":"https:\/\/i0.wp.com\/lahoradelcampo.com.uy\/site\/wp-content\/uploads\/2021\/10\/Expo-criollos.jpg?fit=880%2C440&ssl=1&resize=350%2C200 1x, https:\/\/i0.wp.com\/lahoradelcampo.com.uy\/site\/wp-content\/uploads\/2021\/10\/Expo-criollos.jpg?fit=880%2C440&ssl=1&resize=525%2C300 1.5x, https:\/\/i0.wp.com\/lahoradelcampo.com.uy\/site\/wp-content\/uploads\/2021\/10\/Expo-criollos.jpg?fit=880%2C440&ssl=1&resize=700%2C400 2x"},"classes":[]},{"id":46051,"url":"https:\/\/lahoradelcampo.com.uy\/site\/bayucua-y-vasco-pampeano-ganaron-en-angus-de-bozal\/","url_meta":{"origin":24334,"position":4},"title":"Bayucu\u00e1 y Vasco Pampeano ganaron en Angus de Bozal","author":"La Hora del Campo","date":"2 octubre, 2022","format":false,"excerpt":"La calidad del Aberdeen Angus salte\u00f1o en las pistas es indiscutido, por lo que a los hermanos Octavio y Victoria Martigani, los hizo pensar la fila de las diferentes categor\u00edas, principalmente en las hembras. Los integrantes de la caba\u00f1a sanducera \u201cLa Acacia\u201d, se decidieron al final de las calificaciones por\u2026","rel":"","context":"En \u00abActualidad\u00bb","block_context":{"text":"Actualidad","link":"https:\/\/lahoradelcampo.com.uy\/site\/category\/actualidad\/"},"img":{"alt_text":"","src":"https:\/\/i0.wp.com\/lahoradelcampo.com.uy\/site\/wp-content\/uploads\/2022\/10\/Exposalto-bayucua.jpg?fit=880%2C440&ssl=1&resize=350%2C200","width":350,"height":200,"srcset":"https:\/\/i0.wp.com\/lahoradelcampo.com.uy\/site\/wp-content\/uploads\/2022\/10\/Exposalto-bayucua.jpg?fit=880%2C440&ssl=1&resize=350%2C200 1x, https:\/\/i0.wp.com\/lahoradelcampo.com.uy\/site\/wp-content\/uploads\/2022\/10\/Exposalto-bayucua.jpg?fit=880%2C440&ssl=1&resize=525%2C300 1.5x, https:\/\/i0.wp.com\/lahoradelcampo.com.uy\/site\/wp-content\/uploads\/2022\/10\/Exposalto-bayucua.jpg?fit=880%2C440&ssl=1&resize=700%2C400 2x"},"classes":[]},{"id":54497,"url":"https:\/\/lahoradelcampo.com.uy\/site\/san-gregorio-ganadera-gano-la-gran-campeona-aberdeen-angus\/","url_meta":{"origin":24334,"position":5},"title":"San Gregorio Ganadera gan\u00f3 la Gran Campeona Aberdeen Angus","author":"La Hora del Campo","date":"10 septiembre, 2024","format":false,"excerpt":"132 vientres pasaron bajo la mirada del Ing. Agr. Rodrigo Fern\u00e1ndez, quien actu\u00f3 de jurado y tuvo la tarea de formar la fila final y las tres mejores hembras de la muestra. Rodrigo Fern\u00e1ndez, tras una ardua tarea de m\u00e1s de cinco horas, observ\u00f3 la fila final y remarc\u00f3 que\u2026","rel":"","context":"En \u00abActualidad\u00bb","block_context":{"text":"Actualidad","link":"https:\/\/lahoradelcampo.com.uy\/site\/category\/actualidad\/"},"img":{"alt_text":"","src":"https:\/\/i0.wp.com\/lahoradelcampo.com.uy\/site\/wp-content\/uploads\/2024\/09\/Prado24-GCHAngus.jpg?fit=880%2C440&ssl=1&resize=350%2C200","width":350,"height":200,"srcset":"https:\/\/i0.wp.com\/lahoradelcampo.com.uy\/site\/wp-content\/uploads\/2024\/09\/Prado24-GCHAngus.jpg?fit=880%2C440&ssl=1&resize=350%2C200 1x, https:\/\/i0.wp.com\/lahoradelcampo.com.uy\/site\/wp-content\/uploads\/2024\/09\/Prado24-GCHAngus.jpg?fit=880%2C440&ssl=1&resize=525%2C300 1.5x, https:\/\/i0.wp.com\/lahoradelcampo.com.uy\/site\/wp-content\/uploads\/2024\/09\/Prado24-GCHAngus.jpg?fit=880%2C440&ssl=1&resize=700%2C400 2x"},"classes":[]}],"jetpack_likes_enabled":true,"_links":{"self":[{"href":"https:\/\/lahoradelcampo.com.uy\/site\/wp-json\/wp\/v2\/posts\/24334","targetHints":{"allow":["GET"]}}],"collection":[{"href":"https:\/\/lahoradelcampo.com.uy\/site\/wp-json\/wp\/v2\/posts"}],"about":[{"href":"https:\/\/lahoradelcampo.com.uy\/site\/wp-json\/wp\/v2\/types\/post"}],"author":[{"embeddable":true,"href":"https:\/\/lahoradelcampo.com.uy\/site\/wp-json\/wp\/v2\/users\/5"}],"replies":[{"embeddable":true,"href":"https:\/\/lahoradelcampo.com.uy\/site\/wp-json\/wp\/v2\/comments?post=24334"}],"version-history":[{"count":2,"href":"https:\/\/lahoradelcampo.com.uy\/site\/wp-json\/wp\/v2\/posts\/24334\/revisions"}],"predecessor-version":[{"id":24342,"href":"https:\/\/lahoradelcampo.com.uy\/site\/wp-json\/wp\/v2\/posts\/24334\/revisions\/24342"}],"wp:featuredmedia":[{"embeddable":true,"href":"https:\/\/lahoradelcampo.com.uy\/site\/wp-json\/wp\/v2\/media\/24336"}],"wp:attachment":[{"href":"https:\/\/lahoradelcampo.com.uy\/site\/wp-json\/wp\/v2\/media?parent=24334"}],"wp:term":[{"taxonomy":"category","embeddable":true,"href":"https:\/\/lahoradelcampo.com.uy\/site\/wp-json\/wp\/v2\/categories?post=24334"},{"taxonomy":"post_tag","embeddable":true,"href":"https:\/\/lahoradelcampo.com.uy\/site\/wp-json\/wp\/v2\/tags?post=24334"}],"curies":[{"name":"wp","href":"https:\/\/api.w.org\/{rel}","templated":true}]}}