{"id":24324,"date":"2020-10-05T07:01:13","date_gmt":"2020-10-05T10:01:13","guid":{"rendered":"http:\/\/lahoradelcampo.com.uy\/site\/?p=24324"},"modified":"2020-10-05T07:01:20","modified_gmt":"2020-10-05T10:01:20","slug":"previo-a-la-jura-del-normando-se-recordo-a-violetta-parietti-de-thompson","status":"publish","type":"post","link":"https:\/\/lahoradelcampo.com.uy\/site\/previo-a-la-jura-del-normando-se-recordo-a-violetta-parietti-de-thompson\/","title":{"rendered":"Previo a la jura del Normando  se record\u00f3 a Violetta Parietti de Thompson"},"content":{"rendered":"\n<figure class=\"wp-block-image\"><img data-recalc-dims=\"1\" loading=\"lazy\" decoding=\"async\" width=\"810\" height=\"405\" data-attachment-id=\"24326\" data-permalink=\"https:\/\/lahoradelcampo.com.uy\/site\/previo-a-la-jura-del-normando-se-recordo-a-violetta-parietti-de-thompson\/normandoexposalto\/\" data-orig-file=\"https:\/\/i0.wp.com\/lahoradelcampo.com.uy\/site\/wp-content\/uploads\/2020\/10\/Normandoexposalto.jpg?fit=880%2C440&amp;ssl=1\" data-orig-size=\"880,440\" data-comments-opened=\"1\" data-image-meta=\"{&quot;aperture&quot;:&quot;0&quot;,&quot;credit&quot;:&quot;&quot;,&quot;camera&quot;:&quot;&quot;,&quot;caption&quot;:&quot;&quot;,&quot;created_timestamp&quot;:&quot;0&quot;,&quot;copyright&quot;:&quot;&quot;,&quot;focal_length&quot;:&quot;0&quot;,&quot;iso&quot;:&quot;0&quot;,&quot;shutter_speed&quot;:&quot;0&quot;,&quot;title&quot;:&quot;&quot;,&quot;orientation&quot;:&quot;1&quot;}\" data-image-title=\"Normandoexposalto\" data-image-description=\"\" data-image-caption=\"\" data-large-file=\"https:\/\/i0.wp.com\/lahoradelcampo.com.uy\/site\/wp-content\/uploads\/2020\/10\/Normandoexposalto.jpg?fit=810%2C405&amp;ssl=1\" src=\"https:\/\/i0.wp.com\/lahoradelcampo.com.uy\/site\/wp-content\/uploads\/2020\/10\/Normandoexposalto.jpg?resize=810%2C405\" alt=\"\" class=\"wp-image-24326\" srcset=\"https:\/\/i0.wp.com\/lahoradelcampo.com.uy\/site\/wp-content\/uploads\/2020\/10\/Normandoexposalto.jpg?w=880&amp;ssl=1 880w, https:\/\/i0.wp.com\/lahoradelcampo.com.uy\/site\/wp-content\/uploads\/2020\/10\/Normandoexposalto.jpg?resize=300%2C150&amp;ssl=1 300w, https:\/\/i0.wp.com\/lahoradelcampo.com.uy\/site\/wp-content\/uploads\/2020\/10\/Normandoexposalto.jpg?resize=768%2C384&amp;ssl=1 768w, https:\/\/i0.wp.com\/lahoradelcampo.com.uy\/site\/wp-content\/uploads\/2020\/10\/Normandoexposalto.jpg?resize=820%2C410&amp;ssl=1 820w\" sizes=\"auto, (max-width: 810px) 100vw, 810px\" \/><\/figure>\n\n\n\n<p>Previo al inicio de la calificaci\u00f3n, se realiz\u00f3 un recuerdo a la criadora Violetta Parietti de Thomson, recientemente fallecida. Sebasti\u00e1n Gon\u00e7alves, director de Exposiciones de la muestra, se\u00f1al\u00f3 que Violeta \u201cfue una gran amiga, con la que aprend\u00ed mucho\u201d.<br><\/p>\n\n\n\n<p>Copa de Honor de Javier B\u00e1rcena; Segundo Mejor Toro de Violeta Parietti; Tercera Mejor Hembra de Violetta Parietti. Premio Especial de Machos Puros de Origen de Ra\u00fal y Sebasti\u00e1n Gon\u00e7alves.<br><\/p>\n\n\n\n<p>Braford<br><\/p>\n\n\n\n<p>Jurado Alejandro Stirling. <br>Gran Campeona de A y E Stolovas Hnos. Gran Campe\u00f3n del mismo expositor.<br><\/p>\n\n\n\n<p>Brangus<br>Jurado Mar\u00eda Mattos. <br>Gran Campe\u00f3n y Campeona Ternera Mayor de caba\u00f1a \u201cCangu\u00e9\u201d de Esteban Morales.<\/p>\n\n\n\n<p style=\"text-align:right\"><strong>Salto, 5 de octubre de 2020<\/strong><\/p>\n","protected":false},"excerpt":{"rendered":"<p>Previo al inicio de la calificaci\u00f3n, se realiz\u00f3 un recuerdo a la criadora Violetta Parietti de Thomson, recientemente fallecida. Sebasti\u00e1n Gon\u00e7alves, director de Exposiciones de la muestra, se\u00f1al\u00f3 que Violeta [&hellip;]<\/p>\n","protected":false},"author":5,"featured_media":24326,"comment_status":"open","ping_status":"open","sticky":false,"template":"","format":"standard","meta":{"_price":"","_stock":"","_tribe_ticket_header":"","_tribe_default_ticket_provider":"","_tribe_ticket_capacity":"0","_ticket_start_date":"","_ticket_end_date":"","_tribe_ticket_show_description":"","_tribe_ticket_show_not_going":false,"_tribe_ticket_use_global_stock":"","_tribe_ticket_global_stock_level":"","_global_stock_mode":"","_global_stock_cap":"","_tribe_rsvp_for_event":"","_tribe_ticket_going_count":"","_tribe_ticket_not_going_count":"","_tribe_tickets_list":"[]","_tribe_ticket_has_attendee_info_fields":false,"h5ap_radio_sources":[],"_jetpack_newsletter_access":"","_jetpack_dont_email_post_to_subs":false,"_jetpack_newsletter_tier_id":0,"_jetpack_memberships_contains_paywalled_content":false,"_jetpack_memberships_contains_paid_content":false,"footnotes":""},"categories":[21,5],"tags":[],"class_list":["post-24324","post","type-post","status-publish","format-standard","has-post-thumbnail","hentry","category-actualidad","category-ganaderia"],"jetpack_featured_media_url":"https:\/\/i0.wp.com\/lahoradelcampo.com.uy\/site\/wp-content\/uploads\/2020\/10\/Normandoexposalto.jpg?fit=880%2C440&ssl=1","jetpack_sharing_enabled":true,"jetpack_shortlink":"https:\/\/wp.me\/p99IaT-6kk","jetpack-related-posts":[{"id":34971,"url":"https:\/\/lahoradelcampo.com.uy\/site\/javier-barcena-y-suc-de-violetta-parietti-en-normando\/","url_meta":{"origin":24324,"position":0},"title":"Javier Barcena y  Suc. de Violetta Parietti en Normando","author":"La Hora del Campo","date":"3 octubre, 2021","format":false,"excerpt":"El Director de Exposiciones de la Asociaci\u00f3n Agropecuaria de Salto, Sebasti\u00e1n Goncalvez, es productor y caba\u00f1ero de la raza en la zona de Palma Sola en Artigas y fue el encargado de seleccionar los mejores ejemplares de la raza en esta muestra. El Gran Campe\u00f3n y Reservado en el Puro\u2026","rel":"","context":"En \u00abActualidad\u00bb","block_context":{"text":"Actualidad","link":"https:\/\/lahoradelcampo.com.uy\/site\/category\/actualidad\/"},"img":{"alt_text":"","src":"https:\/\/i0.wp.com\/lahoradelcampo.com.uy\/site\/wp-content\/uploads\/2021\/10\/Expo-normanda.jpg?fit=880%2C440&ssl=1&resize=350%2C200","width":350,"height":200,"srcset":"https:\/\/i0.wp.com\/lahoradelcampo.com.uy\/site\/wp-content\/uploads\/2021\/10\/Expo-normanda.jpg?fit=880%2C440&ssl=1&resize=350%2C200 1x, https:\/\/i0.wp.com\/lahoradelcampo.com.uy\/site\/wp-content\/uploads\/2021\/10\/Expo-normanda.jpg?fit=880%2C440&ssl=1&resize=525%2C300 1.5x, https:\/\/i0.wp.com\/lahoradelcampo.com.uy\/site\/wp-content\/uploads\/2021\/10\/Expo-normanda.jpg?fit=880%2C440&ssl=1&resize=700%2C400 2x"},"classes":[]},{"id":46071,"url":"https:\/\/lahoradelcampo.com.uy\/site\/cavani-y-parietti-expusieron-la-gran-campeona-criolla-en-la-expo-salto\/","url_meta":{"origin":24324,"position":1},"title":"Criollos: La Gran Campeona fue expuesta por Cavani y Parietti","author":"La Hora del Campo","date":"2 octubre, 2022","format":false,"excerpt":"Con Magdalena Vergara de jurado, acompa\u00f1ada por Alma Elorza y como secretario Renzo Mazzilli, productos de \"Santa Mar\u00eda\" de Carlos Parietti Henderson fueron los grandes campeones de machos y hembras en la pista de Criollos de la Expo Salto, aunque en el caso de las hembras, el ejemplar es compartido\u2026","rel":"","context":"En \u00abActualidad\u00bb","block_context":{"text":"Actualidad","link":"https:\/\/lahoradelcampo.com.uy\/site\/category\/actualidad\/"},"img":{"alt_text":"","src":"https:\/\/i0.wp.com\/lahoradelcampo.com.uy\/site\/wp-content\/uploads\/2022\/10\/ExpoSalto-Criollos.jpg?fit=880%2C440&ssl=1&resize=350%2C200","width":350,"height":200,"srcset":"https:\/\/i0.wp.com\/lahoradelcampo.com.uy\/site\/wp-content\/uploads\/2022\/10\/ExpoSalto-Criollos.jpg?fit=880%2C440&ssl=1&resize=350%2C200 1x, https:\/\/i0.wp.com\/lahoradelcampo.com.uy\/site\/wp-content\/uploads\/2022\/10\/ExpoSalto-Criollos.jpg?fit=880%2C440&ssl=1&resize=525%2C300 1.5x, https:\/\/i0.wp.com\/lahoradelcampo.com.uy\/site\/wp-content\/uploads\/2022\/10\/ExpoSalto-Criollos.jpg?fit=880%2C440&ssl=1&resize=700%2C400 2x"},"classes":[]},{"id":34985,"url":"https:\/\/lahoradelcampo.com.uy\/site\/cavani-y-parietti-presentaron-los-mejores-criollos\/","url_meta":{"origin":24324,"position":2},"title":"Cavani y Parietti presentaron los mejores Criollos","author":"La Hora del Campo","date":"3 octubre, 2021","format":false,"excerpt":"El futbolista de la Selecci\u00f3n Uruguaya y jugador del Manchester United, Edinson Cavani, y el productor y caba\u00f1ero de la raza Carlos Parietti, presentaron animales en la Expo Prado, en sociedad, y aqu\u00ed en Salto volvieron a exponer logrando la Gran Campeona Hembra, que a la postre se coron\u00f3 adem\u00e1s\u2026","rel":"","context":"En \u00abActualidad\u00bb","block_context":{"text":"Actualidad","link":"https:\/\/lahoradelcampo.com.uy\/site\/category\/actualidad\/"},"img":{"alt_text":"","src":"https:\/\/i0.wp.com\/lahoradelcampo.com.uy\/site\/wp-content\/uploads\/2021\/10\/Expo-criollos.jpg?fit=880%2C440&ssl=1&resize=350%2C200","width":350,"height":200,"srcset":"https:\/\/i0.wp.com\/lahoradelcampo.com.uy\/site\/wp-content\/uploads\/2021\/10\/Expo-criollos.jpg?fit=880%2C440&ssl=1&resize=350%2C200 1x, https:\/\/i0.wp.com\/lahoradelcampo.com.uy\/site\/wp-content\/uploads\/2021\/10\/Expo-criollos.jpg?fit=880%2C440&ssl=1&resize=525%2C300 1.5x, https:\/\/i0.wp.com\/lahoradelcampo.com.uy\/site\/wp-content\/uploads\/2021\/10\/Expo-criollos.jpg?fit=880%2C440&ssl=1&resize=700%2C400 2x"},"classes":[]},{"id":54817,"url":"https:\/\/lahoradelcampo.com.uy\/site\/excelentes-criollos-en-la-expo-salto\/","url_meta":{"origin":24324,"position":3},"title":"Excelentes Criollos en la Expo Salto","author":"La Hora del Campo","date":"8 octubre, 2024","format":false,"excerpt":"En la tarde de este s\u00e1bado, y como es costumbre en el marco de la Expo Salto, se llev\u00f3 a cabo la evaluaci\u00f3n fenot\u00edpica de la raza Criolla, a cargo de Valent\u00edn Gamarra y Agust\u00edn Fures. El Gran Campe\u00f3n y Mejor Ejemplar sin distinci\u00f3n de g\u00e9nero fue el Campe\u00f3n Potrillo,\u2026","rel":"","context":"En \u00abActualidad\u00bb","block_context":{"text":"Actualidad","link":"https:\/\/lahoradelcampo.com.uy\/site\/category\/actualidad\/"},"img":{"alt_text":"","src":"https:\/\/i0.wp.com\/lahoradelcampo.com.uy\/site\/wp-content\/uploads\/2024\/10\/expoaslto-criollos.jpg?fit=880%2C440&ssl=1&resize=350%2C200","width":350,"height":200,"srcset":"https:\/\/i0.wp.com\/lahoradelcampo.com.uy\/site\/wp-content\/uploads\/2024\/10\/expoaslto-criollos.jpg?fit=880%2C440&ssl=1&resize=350%2C200 1x, https:\/\/i0.wp.com\/lahoradelcampo.com.uy\/site\/wp-content\/uploads\/2024\/10\/expoaslto-criollos.jpg?fit=880%2C440&ssl=1&resize=525%2C300 1.5x, https:\/\/i0.wp.com\/lahoradelcampo.com.uy\/site\/wp-content\/uploads\/2024\/10\/expoaslto-criollos.jpg?fit=880%2C440&ssl=1&resize=700%2C400 2x"},"classes":[]},{"id":24696,"url":"https:\/\/lahoradelcampo.com.uy\/site\/expo-tacuarembo-te-espera-para-un-paseo-a-cielo-abierto\/","url_meta":{"origin":24324,"position":4},"title":"Expo Tacuaremb\u00f3 te espera para \u00abun paseo a cielo abierto\u00bb","author":"La Hora del Campo","date":"16 octubre, 2020","format":false,"excerpt":"La Asociaci\u00f3n Rural de Tacuaremb\u00f3 defini\u00f3 que la 72\u00aa Expo Tacuaremb\u00f3, se denomine este a\u00f1o \"Violeta Parietti de Thompson\" en homenaje a la recientemente extinta productora de la raza Normando, quien tambi\u00e9n fuera recordada en la pista de Salto por el Director de Exposiciones, Sebast\u00edan Gon\u00e7alvez, previo a la jura\u2026","rel":"","context":"En \u00abActualidad\u00bb","block_context":{"text":"Actualidad","link":"https:\/\/lahoradelcampo.com.uy\/site\/category\/actualidad\/"},"img":{"alt_text":"","src":"https:\/\/i0.wp.com\/lahoradelcampo.com.uy\/site\/wp-content\/uploads\/2020\/10\/ruraltacuarembo.jpg?fit=880%2C440&ssl=1&resize=350%2C200","width":350,"height":200,"srcset":"https:\/\/i0.wp.com\/lahoradelcampo.com.uy\/site\/wp-content\/uploads\/2020\/10\/ruraltacuarembo.jpg?fit=880%2C440&ssl=1&resize=350%2C200 1x, https:\/\/i0.wp.com\/lahoradelcampo.com.uy\/site\/wp-content\/uploads\/2020\/10\/ruraltacuarembo.jpg?fit=880%2C440&ssl=1&resize=525%2C300 1.5x, https:\/\/i0.wp.com\/lahoradelcampo.com.uy\/site\/wp-content\/uploads\/2020\/10\/ruraltacuarembo.jpg?fit=880%2C440&ssl=1&resize=700%2C400 2x"},"classes":[]},{"id":24760,"url":"https:\/\/lahoradelcampo.com.uy\/site\/la-revancha-de-dominguez-presento-la-gran-campeona-en-criollos\/","url_meta":{"origin":24324,"position":5},"title":"La Revancha de Dominguez present\u00f3 la Gran Campeona en Criollos","author":"La Hora del Campo","date":"18 octubre, 2020","format":false,"excerpt":"Jos\u00e9 Luis Savio y Carlos Parietti fueron los encargados de calificar en la Expo Chiflero los mejores ejemplares expuestos por la raza criolla. En una pista con pocos animales, pero con un importante nivel de morfolog\u00eda. En las calificaciones, en la categor\u00eda incentivo la mejor hembra fue expuesta por el\u2026","rel":"","context":"En \u00abActualidad\u00bb","block_context":{"text":"Actualidad","link":"https:\/\/lahoradelcampo.com.uy\/site\/category\/actualidad\/"},"img":{"alt_text":"","src":"https:\/\/i0.wp.com\/lahoradelcampo.com.uy\/site\/wp-content\/uploads\/2020\/10\/Chiflerocriollos.jpg?fit=880%2C440&ssl=1&resize=350%2C200","width":350,"height":200,"srcset":"https:\/\/i0.wp.com\/lahoradelcampo.com.uy\/site\/wp-content\/uploads\/2020\/10\/Chiflerocriollos.jpg?fit=880%2C440&ssl=1&resize=350%2C200 1x, https:\/\/i0.wp.com\/lahoradelcampo.com.uy\/site\/wp-content\/uploads\/2020\/10\/Chiflerocriollos.jpg?fit=880%2C440&ssl=1&resize=525%2C300 1.5x, https:\/\/i0.wp.com\/lahoradelcampo.com.uy\/site\/wp-content\/uploads\/2020\/10\/Chiflerocriollos.jpg?fit=880%2C440&ssl=1&resize=700%2C400 2x"},"classes":[]}],"jetpack_likes_enabled":true,"_links":{"self":[{"href":"https:\/\/lahoradelcampo.com.uy\/site\/wp-json\/wp\/v2\/posts\/24324","targetHints":{"allow":["GET"]}}],"collection":[{"href":"https:\/\/lahoradelcampo.com.uy\/site\/wp-json\/wp\/v2\/posts"}],"about":[{"href":"https:\/\/lahoradelcampo.com.uy\/site\/wp-json\/wp\/v2\/types\/post"}],"author":[{"embeddable":true,"href":"https:\/\/lahoradelcampo.com.uy\/site\/wp-json\/wp\/v2\/users\/5"}],"replies":[{"embeddable":true,"href":"https:\/\/lahoradelcampo.com.uy\/site\/wp-json\/wp\/v2\/comments?post=24324"}],"version-history":[{"count":1,"href":"https:\/\/lahoradelcampo.com.uy\/site\/wp-json\/wp\/v2\/posts\/24324\/revisions"}],"predecessor-version":[{"id":24328,"href":"https:\/\/lahoradelcampo.com.uy\/site\/wp-json\/wp\/v2\/posts\/24324\/revisions\/24328"}],"wp:featuredmedia":[{"embeddable":true,"href":"https:\/\/lahoradelcampo.com.uy\/site\/wp-json\/wp\/v2\/media\/24326"}],"wp:attachment":[{"href":"https:\/\/lahoradelcampo.com.uy\/site\/wp-json\/wp\/v2\/media?parent=24324"}],"wp:term":[{"taxonomy":"category","embeddable":true,"href":"https:\/\/lahoradelcampo.com.uy\/site\/wp-json\/wp\/v2\/categories?post=24324"},{"taxonomy":"post_tag","embeddable":true,"href":"https:\/\/lahoradelcampo.com.uy\/site\/wp-json\/wp\/v2\/tags?post=24324"}],"curies":[{"name":"wp","href":"https:\/\/api.w.org\/{rel}","templated":true}]}}