{"id":24318,"date":"2020-10-05T06:57:26","date_gmt":"2020-10-05T09:57:26","guid":{"rendered":"http:\/\/lahoradelcampo.com.uy\/site\/?p=24318"},"modified":"2020-10-05T06:57:32","modified_gmt":"2020-10-05T09:57:32","slug":"cabana-don-roberto-presento-el-ternero-colorado-gran-campeon-supremo-angus-de-la-expo-salto","status":"publish","type":"post","link":"https:\/\/lahoradelcampo.com.uy\/site\/cabana-don-roberto-presento-el-ternero-colorado-gran-campeon-supremo-angus-de-la-expo-salto\/","title":{"rendered":"Caba\u00f1a Don Roberto present\u00f3 el ternero colorado Gran Campe\u00f3n Supremo Angus de la Expo Salto"},"content":{"rendered":"\n<figure class=\"wp-block-image\"><img data-recalc-dims=\"1\" loading=\"lazy\" decoding=\"async\" width=\"810\" height=\"405\" data-attachment-id=\"24320\" data-permalink=\"https:\/\/lahoradelcampo.com.uy\/site\/cabana-don-roberto-presento-el-ternero-colorado-gran-campeon-supremo-angus-de-la-expo-salto\/angusdonroberto\/\" data-orig-file=\"https:\/\/i0.wp.com\/lahoradelcampo.com.uy\/site\/wp-content\/uploads\/2020\/10\/Angusdonroberto.jpg?fit=880%2C440&amp;ssl=1\" data-orig-size=\"880,440\" data-comments-opened=\"1\" data-image-meta=\"{&quot;aperture&quot;:&quot;0&quot;,&quot;credit&quot;:&quot;&quot;,&quot;camera&quot;:&quot;&quot;,&quot;caption&quot;:&quot;&quot;,&quot;created_timestamp&quot;:&quot;0&quot;,&quot;copyright&quot;:&quot;&quot;,&quot;focal_length&quot;:&quot;0&quot;,&quot;iso&quot;:&quot;0&quot;,&quot;shutter_speed&quot;:&quot;0&quot;,&quot;title&quot;:&quot;&quot;,&quot;orientation&quot;:&quot;1&quot;}\" data-image-title=\"Angusdonroberto\" data-image-description=\"\" data-image-caption=\"\" data-large-file=\"https:\/\/i0.wp.com\/lahoradelcampo.com.uy\/site\/wp-content\/uploads\/2020\/10\/Angusdonroberto.jpg?fit=810%2C405&amp;ssl=1\" src=\"https:\/\/i0.wp.com\/lahoradelcampo.com.uy\/site\/wp-content\/uploads\/2020\/10\/Angusdonroberto.jpg?resize=810%2C405\" alt=\"\" class=\"wp-image-24320\" srcset=\"https:\/\/i0.wp.com\/lahoradelcampo.com.uy\/site\/wp-content\/uploads\/2020\/10\/Angusdonroberto.jpg?w=880&amp;ssl=1 880w, https:\/\/i0.wp.com\/lahoradelcampo.com.uy\/site\/wp-content\/uploads\/2020\/10\/Angusdonroberto.jpg?resize=300%2C150&amp;ssl=1 300w, https:\/\/i0.wp.com\/lahoradelcampo.com.uy\/site\/wp-content\/uploads\/2020\/10\/Angusdonroberto.jpg?resize=768%2C384&amp;ssl=1 768w, https:\/\/i0.wp.com\/lahoradelcampo.com.uy\/site\/wp-content\/uploads\/2020\/10\/Angusdonroberto.jpg?resize=820%2C410&amp;ssl=1 820w\" sizes=\"auto, (max-width: 810px) 100vw, 810px\" \/><\/figure>\n\n\n\n<p>La pista Angus de la Exposici\u00f3n de Reproductores de Salto volvi\u00f3 a exhibir un muy buen nivel de ejemplares, apreci\u00e1ndose \u201ctoros y vientres que contaban con una muy buena preparaci\u00f3n\u201d, dijo el licenciado Ra\u00fal Mar\u00eda Irazabal, acompa\u00f1ado por Juan Ba\u00e9z.<br><\/p>\n\n\n\n<p>Luego de observar en la pista de campo y bozal, se\u00f1al\u00f3 que \u201cla torada, tanto de pedigr\u00ed como la de Puros de Origen muy buena, al igual que las hembras\u201d.<br><\/p>\n\n\n\n<p>Y al referirse al Campe\u00f3n Supremo, que recay\u00f3 en el mejor ejemplar de campo, precis\u00f3 que \u201cnos gust\u00f3 m\u00e1s el toro de campo, el que a nuestro entender ten\u00eda muy buen desplazamiento, muy largo, con muy buenos garrones y culata, armonioso y limpio de adelante\u201d.<br><\/p>\n\n\n\n<p>En tanto que de bozal \u201cera un toro bueno y que nos gust\u00f3, muy profundo y de mucha carne, pero en los detalles nos inclinamos por el de campo\u201d, indic\u00f3 Irazabal.<br><\/p>\n\n\n\n<p>Veredictos<br><\/p>\n\n\n\n<p>Puros de Origen: Gran Campe\u00f3n de \u201cLa Magdalena\u201d de Los Tordos. Hembras Puros de Origen, Gran Campeona de Daniel Constant\u00edn.<br><\/p>\n\n\n\n<p>De pedigr\u00ed. Lote Campe\u00f3n Los Tordos; Segundo Mejor Lote Don Roberto de Marcelo Texeira N\u00fa\u00f1ez, Tercer Mejor Lote Don Roberto. Copa de Honor y Campe\u00f3n Supremo de Don Roberto, Segundo Mejor Toro de Los Tordos, Tercer Mejor Toro Don Roberto.<br><\/p>\n\n\n\n<p>De bozal: Gran Campe\u00f3n y Campe\u00f3n Ternero Mayor de Bayucua; reservado Gran Campe\u00f3n y Campe\u00f3n Ternero Menor de Daniel Constant\u00edn. Gran Campeona y Campeona Ternera Intermedia de Bayucu\u00e1; reservada Gran Campeona y Campeona Ternera Mayor de Bayucu\u00e1; Tercera Mejor Hembra y Campeona Vaquillona Mayor de Bayucu\u00e1.<\/p>\n\n\n\n<p style=\"text-align:right\"><strong>Salto, 05 de octubre de 2020<\/strong><\/p>\n","protected":false},"excerpt":{"rendered":"<p>La pista Angus de la Exposici\u00f3n de Reproductores de Salto volvi\u00f3 a exhibir un muy buen nivel de ejemplares, apreci\u00e1ndose \u201ctoros y vientres que contaban con una muy buena preparaci\u00f3n\u201d, [&hellip;]<\/p>\n","protected":false},"author":5,"featured_media":24320,"comment_status":"open","ping_status":"open","sticky":false,"template":"","format":"standard","meta":{"_price":"","_stock":"","_tribe_ticket_header":"","_tribe_default_ticket_provider":"","_tribe_ticket_capacity":"0","_ticket_start_date":"","_ticket_end_date":"","_tribe_ticket_show_description":"","_tribe_ticket_show_not_going":false,"_tribe_ticket_use_global_stock":"","_tribe_ticket_global_stock_level":"","_global_stock_mode":"","_global_stock_cap":"","_tribe_rsvp_for_event":"","_tribe_ticket_going_count":"","_tribe_ticket_not_going_count":"","_tribe_tickets_list":"[]","_tribe_ticket_has_attendee_info_fields":false,"h5ap_radio_sources":[],"_jetpack_newsletter_access":"","_jetpack_dont_email_post_to_subs":false,"_jetpack_newsletter_tier_id":0,"_jetpack_memberships_contains_paywalled_content":false,"_jetpack_memberships_contains_paid_content":false,"footnotes":""},"categories":[21,5],"tags":[],"class_list":["post-24318","post","type-post","status-publish","format-standard","has-post-thumbnail","hentry","category-actualidad","category-ganaderia"],"jetpack_featured_media_url":"https:\/\/i0.wp.com\/lahoradelcampo.com.uy\/site\/wp-content\/uploads\/2020\/10\/Angusdonroberto.jpg?fit=880%2C440&ssl=1","jetpack_sharing_enabled":true,"jetpack_shortlink":"https:\/\/wp.me\/p99IaT-6ke","jetpack-related-posts":[{"id":2333,"url":"https:\/\/lahoradelcampo.com.uy\/site\/expo-salto-en-angus-la-magdalena-y-vasco-pampeano\/","url_meta":{"origin":24318,"position":0},"title":"Expo Salto: En Angus \u201cLa Magdalena\u201d y \u201cVasco Pampeano\u201d","author":"La Hora del Campo","date":"8 octubre, 2017","format":false,"excerpt":"En una muy buena pista de Aberdeen Angus, \u201ccon pocos lotes pero realmente muy buenos\u201d, de acuerdo a lo se\u00f1alado por parte del jurado Enrique Bonino, se desarroll\u00f3 la muestra de la raza en la Expo Salto. \u201cSon ejemplares muy competitivos, bien preparados y muy bien puestos para la exposici\u00f3n\u201d,\u2026","rel":"","context":"En \u00abActualidad\u00bb","block_context":{"text":"Actualidad","link":"https:\/\/lahoradelcampo.com.uy\/site\/category\/actualidad\/"},"img":{"alt_text":"","src":"https:\/\/i0.wp.com\/lahoradelcampo.com.uy\/site\/wp-content\/uploads\/2017\/10\/Angus.jpg?fit=880%2C440&ssl=1&resize=350%2C200","width":350,"height":200,"srcset":"https:\/\/i0.wp.com\/lahoradelcampo.com.uy\/site\/wp-content\/uploads\/2017\/10\/Angus.jpg?fit=880%2C440&ssl=1&resize=350%2C200 1x, https:\/\/i0.wp.com\/lahoradelcampo.com.uy\/site\/wp-content\/uploads\/2017\/10\/Angus.jpg?fit=880%2C440&ssl=1&resize=525%2C300 1.5x, https:\/\/i0.wp.com\/lahoradelcampo.com.uy\/site\/wp-content\/uploads\/2017\/10\/Angus.jpg?fit=880%2C440&ssl=1&resize=700%2C400 2x"},"classes":[]},{"id":14853,"url":"https:\/\/lahoradelcampo.com.uy\/site\/bayucua-y-la-magdalena-se-llevaron-los-grandes-lauros-del-aberdeen-angus\/","url_meta":{"origin":24318,"position":1},"title":"Bayucu\u00e1 y La Magdalena se llevaron  los grandes lauros del Aberdeen Angus","author":"La Hora del Campo","date":"6 octubre, 2019","format":false,"excerpt":"La pista del Aberdeen Angus tambi\u00e9n brillo en el potencial gen\u00e9tico que tiene la raza en el departamento, con la presencia de caba\u00f1as con historia y tambi\u00e9n de caba\u00f1as que vienen haciendo su camino al andar. A modo de ejemplo, nadie discute el nivel gen\u00e9tico y la historia de Bayucu\u00e1,\u2026","rel":"","context":"En \u00abActualidad\u00bb","block_context":{"text":"Actualidad","link":"https:\/\/lahoradelcampo.com.uy\/site\/category\/actualidad\/"},"img":{"alt_text":"","src":"https:\/\/i0.wp.com\/lahoradelcampo.com.uy\/site\/wp-content\/uploads\/2019\/10\/expo-angus.jpg?fit=880%2C440&ssl=1&resize=350%2C200","width":350,"height":200,"srcset":"https:\/\/i0.wp.com\/lahoradelcampo.com.uy\/site\/wp-content\/uploads\/2019\/10\/expo-angus.jpg?fit=880%2C440&ssl=1&resize=350%2C200 1x, https:\/\/i0.wp.com\/lahoradelcampo.com.uy\/site\/wp-content\/uploads\/2019\/10\/expo-angus.jpg?fit=880%2C440&ssl=1&resize=525%2C300 1.5x, https:\/\/i0.wp.com\/lahoradelcampo.com.uy\/site\/wp-content\/uploads\/2019\/10\/expo-angus.jpg?fit=880%2C440&ssl=1&resize=700%2C400 2x"},"classes":[]},{"id":23840,"url":"https:\/\/lahoradelcampo.com.uy\/site\/la-raza-ovina-nacional-expuso-sus-campeones-en-el-prado\/","url_meta":{"origin":24318,"position":2},"title":"La raza ovina nacional expuso sus campeones en el Prado","author":"La Hora del Campo","date":"19 septiembre, 2020","format":false,"excerpt":"La Sociedad de Criadores de la raza Meril\u00edn convoc\u00f3 al Ing. Jos\u00e9 Ignacio Aguerre y a Marcelo Sanguinetti Garc\u00eda para calificar los mejores ejemplares de la \u00fanica raza ovina nacional. En la pista se destacaron los ejemplares presentados por \u201cEl Progreso\u201d de Bernardo Nadal Maisterra, y \u201cSanta Graciana\u201d de Sucesores\u2026","rel":"","context":"En \u00abActualidad\u00bb","block_context":{"text":"Actualidad","link":"https:\/\/lahoradelcampo.com.uy\/site\/category\/actualidad\/"},"img":{"alt_text":"","src":"https:\/\/i0.wp.com\/lahoradelcampo.com.uy\/site\/wp-content\/uploads\/2020\/09\/merilinprado.jpg?fit=880%2C440&ssl=1&resize=350%2C200","width":350,"height":200,"srcset":"https:\/\/i0.wp.com\/lahoradelcampo.com.uy\/site\/wp-content\/uploads\/2020\/09\/merilinprado.jpg?fit=880%2C440&ssl=1&resize=350%2C200 1x, https:\/\/i0.wp.com\/lahoradelcampo.com.uy\/site\/wp-content\/uploads\/2020\/09\/merilinprado.jpg?fit=880%2C440&ssl=1&resize=525%2C300 1.5x, https:\/\/i0.wp.com\/lahoradelcampo.com.uy\/site\/wp-content\/uploads\/2020\/09\/merilinprado.jpg?fit=880%2C440&ssl=1&resize=700%2C400 2x"},"classes":[]},{"id":34369,"url":"https:\/\/lahoradelcampo.com.uy\/site\/la-magadalena-presento-el-campeon-supremo-del-merino-australiano\/","url_meta":{"origin":24318,"position":3},"title":"La Magadalena present\u00f3 el Campe\u00f3n Supremo del Merino Australiano","author":"La Hora del Campo","date":"18 septiembre, 2021","format":false,"excerpt":"Jurado: Juan Manuel Gonz\u00e1lez Merino Australiano PIGran Camp\u00e9on y Campe\u00f3n Supremo: La Magdalena de Los Tordos S. en C. Gran Campeona: Santa Catalina de Douglas Cortela Merino Australiano POGran Campe\u00f3n y Campe\u00f3n Supremo: La Magdalena de Los Tordos S. en C.Gran Campeona: Santa Catalina de Douglas Cortela. Poll Merino Australiano\u2026","rel":"","context":"En \u00abActualidad\u00bb","block_context":{"text":"Actualidad","link":"https:\/\/lahoradelcampo.com.uy\/site\/category\/actualidad\/"},"img":{"alt_text":"","src":"https:\/\/i0.wp.com\/lahoradelcampo.com.uy\/site\/wp-content\/uploads\/2021\/09\/Prado-Merino.jpg?fit=880%2C440&ssl=1&resize=350%2C200","width":350,"height":200,"srcset":"https:\/\/i0.wp.com\/lahoradelcampo.com.uy\/site\/wp-content\/uploads\/2021\/09\/Prado-Merino.jpg?fit=880%2C440&ssl=1&resize=350%2C200 1x, https:\/\/i0.wp.com\/lahoradelcampo.com.uy\/site\/wp-content\/uploads\/2021\/09\/Prado-Merino.jpg?fit=880%2C440&ssl=1&resize=525%2C300 1.5x, https:\/\/i0.wp.com\/lahoradelcampo.com.uy\/site\/wp-content\/uploads\/2021\/09\/Prado-Merino.jpg?fit=880%2C440&ssl=1&resize=700%2C400 2x"},"classes":[]},{"id":2327,"url":"https:\/\/lahoradelcampo.com.uy\/site\/nu-pora-y-santa-maria-de-arapey-ganaron-en-polled-hereford\/","url_meta":{"origin":24318,"position":4},"title":"\u201c\u00d1u Por\u00e1\u201d y \u201cSanta Mar\u00eda de Arapey\u201d ganaron en Polled Hereford","author":"La Hora del Campo","date":"8 octubre, 2017","format":false,"excerpt":"En la jornada de ayer, la pista de bovinos de la Asociaci\u00f3n Agropecuaria de Salto comenz\u00f3 con la jura de la raza Hereford, en sus dos variedades mocha y astada, con los hermanos Fernando y Guzm\u00e1n Alfonso como jurados. Al finalizar la jura, Fernando Alfonso dijo que los ejemplares presentados\u2026","rel":"","context":"En \u00abActualidad\u00bb","block_context":{"text":"Actualidad","link":"https:\/\/lahoradelcampo.com.uy\/site\/category\/actualidad\/"},"img":{"alt_text":"","src":"https:\/\/i0.wp.com\/lahoradelcampo.com.uy\/site\/wp-content\/uploads\/2017\/10\/Hereford.jpg?fit=880%2C440&ssl=1&resize=350%2C200","width":350,"height":200,"srcset":"https:\/\/i0.wp.com\/lahoradelcampo.com.uy\/site\/wp-content\/uploads\/2017\/10\/Hereford.jpg?fit=880%2C440&ssl=1&resize=350%2C200 1x, https:\/\/i0.wp.com\/lahoradelcampo.com.uy\/site\/wp-content\/uploads\/2017\/10\/Hereford.jpg?fit=880%2C440&ssl=1&resize=525%2C300 1.5x, https:\/\/i0.wp.com\/lahoradelcampo.com.uy\/site\/wp-content\/uploads\/2017\/10\/Hereford.jpg?fit=880%2C440&ssl=1&resize=700%2C400 2x"},"classes":[]},{"id":34981,"url":"https:\/\/lahoradelcampo.com.uy\/site\/bordaberry-califico-el-hereford-en-una-pista-desafiante\/","url_meta":{"origin":24318,"position":5},"title":"Bordaberry calific\u00f3 el Hereford en una pista \u00abdesafiante\u00bb","author":"La Hora del Campo","date":"3 octubre, 2021","format":false,"excerpt":"En la pista del Hereford un importante volumen de ejemplares este a\u00f1o, tanto de campo como en el bozal, reafirmando la importancia de la raza en el pa\u00eds y con un jurado compuesto por Luis y Alejo Bordaberry. Luis Bordaberry, principal de la caba\u00f1a El Para\u00edso en el centro del\u2026","rel":"","context":"En \u00abActualidad\u00bb","block_context":{"text":"Actualidad","link":"https:\/\/lahoradelcampo.com.uy\/site\/category\/actualidad\/"},"img":{"alt_text":"","src":"https:\/\/i0.wp.com\/lahoradelcampo.com.uy\/site\/wp-content\/uploads\/2021\/10\/Expo-Hereford.jpg?fit=880%2C440&ssl=1&resize=350%2C200","width":350,"height":200,"srcset":"https:\/\/i0.wp.com\/lahoradelcampo.com.uy\/site\/wp-content\/uploads\/2021\/10\/Expo-Hereford.jpg?fit=880%2C440&ssl=1&resize=350%2C200 1x, https:\/\/i0.wp.com\/lahoradelcampo.com.uy\/site\/wp-content\/uploads\/2021\/10\/Expo-Hereford.jpg?fit=880%2C440&ssl=1&resize=525%2C300 1.5x, https:\/\/i0.wp.com\/lahoradelcampo.com.uy\/site\/wp-content\/uploads\/2021\/10\/Expo-Hereford.jpg?fit=880%2C440&ssl=1&resize=700%2C400 2x"},"classes":[]}],"jetpack_likes_enabled":true,"_links":{"self":[{"href":"https:\/\/lahoradelcampo.com.uy\/site\/wp-json\/wp\/v2\/posts\/24318","targetHints":{"allow":["GET"]}}],"collection":[{"href":"https:\/\/lahoradelcampo.com.uy\/site\/wp-json\/wp\/v2\/posts"}],"about":[{"href":"https:\/\/lahoradelcampo.com.uy\/site\/wp-json\/wp\/v2\/types\/post"}],"author":[{"embeddable":true,"href":"https:\/\/lahoradelcampo.com.uy\/site\/wp-json\/wp\/v2\/users\/5"}],"replies":[{"embeddable":true,"href":"https:\/\/lahoradelcampo.com.uy\/site\/wp-json\/wp\/v2\/comments?post=24318"}],"version-history":[{"count":1,"href":"https:\/\/lahoradelcampo.com.uy\/site\/wp-json\/wp\/v2\/posts\/24318\/revisions"}],"predecessor-version":[{"id":24322,"href":"https:\/\/lahoradelcampo.com.uy\/site\/wp-json\/wp\/v2\/posts\/24318\/revisions\/24322"}],"wp:featuredmedia":[{"embeddable":true,"href":"https:\/\/lahoradelcampo.com.uy\/site\/wp-json\/wp\/v2\/media\/24320"}],"wp:attachment":[{"href":"https:\/\/lahoradelcampo.com.uy\/site\/wp-json\/wp\/v2\/media?parent=24318"}],"wp:term":[{"taxonomy":"category","embeddable":true,"href":"https:\/\/lahoradelcampo.com.uy\/site\/wp-json\/wp\/v2\/categories?post=24318"},{"taxonomy":"post_tag","embeddable":true,"href":"https:\/\/lahoradelcampo.com.uy\/site\/wp-json\/wp\/v2\/tags?post=24318"}],"curies":[{"name":"wp","href":"https:\/\/api.w.org\/{rel}","templated":true}]}}