{"id":24298,"date":"2020-10-05T06:38:57","date_gmt":"2020-10-05T09:38:57","guid":{"rendered":"http:\/\/lahoradelcampo.com.uy\/site\/?p=24298"},"modified":"2020-10-05T06:39:03","modified_gmt":"2020-10-05T09:39:03","slug":"puntuales-y-selectivas-fueron-las-compras-de-reproductores-ovinos","status":"publish","type":"post","link":"https:\/\/lahoradelcampo.com.uy\/site\/puntuales-y-selectivas-fueron-las-compras-de-reproductores-ovinos\/","title":{"rendered":"Puntuales y selectivas fueron las compras de reproductores ovinos"},"content":{"rendered":"\n<figure class=\"wp-block-image\"><img data-recalc-dims=\"1\" loading=\"lazy\" decoding=\"async\" width=\"810\" height=\"405\" data-attachment-id=\"24314\" data-permalink=\"https:\/\/lahoradelcampo.com.uy\/site\/puntuales-y-selectivas-fueron-las-compras-de-reproductores-ovinos\/ovinos-exposalto\/\" data-orig-file=\"https:\/\/i0.wp.com\/lahoradelcampo.com.uy\/site\/wp-content\/uploads\/2020\/10\/ovinos-exposalto.jpg?fit=880%2C440&amp;ssl=1\" data-orig-size=\"880,440\" data-comments-opened=\"1\" data-image-meta=\"{&quot;aperture&quot;:&quot;0&quot;,&quot;credit&quot;:&quot;&quot;,&quot;camera&quot;:&quot;&quot;,&quot;caption&quot;:&quot;&quot;,&quot;created_timestamp&quot;:&quot;0&quot;,&quot;copyright&quot;:&quot;&quot;,&quot;focal_length&quot;:&quot;0&quot;,&quot;iso&quot;:&quot;0&quot;,&quot;shutter_speed&quot;:&quot;0&quot;,&quot;title&quot;:&quot;&quot;,&quot;orientation&quot;:&quot;1&quot;}\" data-image-title=\"ovinos exposalto\" data-image-description=\"\" data-image-caption=\"\" data-large-file=\"https:\/\/i0.wp.com\/lahoradelcampo.com.uy\/site\/wp-content\/uploads\/2020\/10\/ovinos-exposalto.jpg?fit=810%2C405&amp;ssl=1\" src=\"https:\/\/i0.wp.com\/lahoradelcampo.com.uy\/site\/wp-content\/uploads\/2020\/10\/ovinos-exposalto.jpg?resize=810%2C405\" alt=\"\" class=\"wp-image-24314\" srcset=\"https:\/\/i0.wp.com\/lahoradelcampo.com.uy\/site\/wp-content\/uploads\/2020\/10\/ovinos-exposalto.jpg?w=880&amp;ssl=1 880w, https:\/\/i0.wp.com\/lahoradelcampo.com.uy\/site\/wp-content\/uploads\/2020\/10\/ovinos-exposalto.jpg?resize=300%2C150&amp;ssl=1 300w, https:\/\/i0.wp.com\/lahoradelcampo.com.uy\/site\/wp-content\/uploads\/2020\/10\/ovinos-exposalto.jpg?resize=768%2C384&amp;ssl=1 768w, https:\/\/i0.wp.com\/lahoradelcampo.com.uy\/site\/wp-content\/uploads\/2020\/10\/ovinos-exposalto.jpg?resize=820%2C410&amp;ssl=1 820w\" sizes=\"auto, (max-width: 810px) 100vw, 810px\" \/><\/figure>\n\n\n\n<p>Un n\u00famero importante de carneros quedaron sin\ncomercializarse, en un mercado que se present\u00f3 cauteloso, selectivo y muy\npuntual. En el caso de los ejemplares que lograron colocarse, el Campe\u00f3n\nSupremo Merino Australiano PO de La Magdalena de Los Tordos, se vendi\u00f3 en US$\n3,000 el 50% del ejemplar a un productor de Uruguaiana en Brasil. <\/p>\n\n\n\n<p>En lo que hace a los merinos se vendi\u00f3 adem\u00e1s un carnero de Eduardo Mosca de Le\u00f3n en US$ 4.000, un ejemplar de San Antonio de Correa Hnos, en US$ 2.200 y otro carnero de La Magdalena en US$ 1.000 fuera de la pista.  <\/p>\n\n\n\n<p>En Ideal, caba\u00f1a Anita comercializ\u00f3 dos ejemplares uno en US$ 1.000 y otro en US$ 800. En Meril\u00edn se vendieron tres carneros de La Loma entre US$ 800 y US$ 930, mientras que las ventas se completaron con 2 carneros Corriedale de campo en US$ 250 cada uno.  <\/p>\n\n\n\n<p style=\"text-align:right\"><strong>Salto, 3 de octubre de 2020<\/strong><\/p>\n","protected":false},"excerpt":{"rendered":"<p>Un n\u00famero importante de carneros quedaron sin comercializarse, en un mercado que se present\u00f3 cauteloso, selectivo y muy puntual. En el caso de los ejemplares que lograron colocarse, el Campe\u00f3n [&hellip;]<\/p>\n","protected":false},"author":5,"featured_media":24314,"comment_status":"open","ping_status":"open","sticky":false,"template":"","format":"standard","meta":{"_price":"","_stock":"","_tribe_ticket_header":"","_tribe_default_ticket_provider":"","_tribe_ticket_capacity":"0","_ticket_start_date":"","_ticket_end_date":"","_tribe_ticket_show_description":"","_tribe_ticket_show_not_going":false,"_tribe_ticket_use_global_stock":"","_tribe_ticket_global_stock_level":"","_global_stock_mode":"","_global_stock_cap":"","_tribe_rsvp_for_event":"","_tribe_ticket_going_count":"","_tribe_ticket_not_going_count":"","_tribe_tickets_list":"[]","_tribe_ticket_has_attendee_info_fields":false,"h5ap_radio_sources":[],"_jetpack_newsletter_access":"","_jetpack_dont_email_post_to_subs":false,"_jetpack_newsletter_tier_id":0,"_jetpack_memberships_contains_paywalled_content":false,"_jetpack_memberships_contains_paid_content":false,"footnotes":""},"categories":[21,5],"tags":[],"class_list":["post-24298","post","type-post","status-publish","format-standard","has-post-thumbnail","hentry","category-actualidad","category-ganaderia"],"jetpack_featured_media_url":"https:\/\/i0.wp.com\/lahoradelcampo.com.uy\/site\/wp-content\/uploads\/2020\/10\/ovinos-exposalto.jpg?fit=880%2C440&ssl=1","jetpack_sharing_enabled":true,"jetpack_shortlink":"https:\/\/wp.me\/p99IaT-6jU","jetpack-related-posts":[{"id":39439,"url":"https:\/\/lahoradelcampo.com.uy\/site\/carnero-de-la-magdalena-alcanzo-los-us-13-200\/","url_meta":{"origin":24298,"position":0},"title":"Carnero de \u00abLa Magdalena\u00bb alcanz\u00f3 los US$ 13.200","author":"La Hora del Campo","date":"25 febrero, 2022","format":false,"excerpt":"El mi\u00e9rcoles, en el predio de la Asociaci\u00f3n Agropecuaria de Salto, las caba\u00f1as \"La Magdalena\" de Los Tordos S en C, \"La Pradera\" de Suc. de Federico Stirling y \"La Milagrosa\" de Alejandro Stirling, realizaron el remate conjunto de Merino Australiano, Merino Dohne y Corriedale. En el comienzo del remate,\u2026","rel":"","context":"En \u00abActualidad\u00bb","block_context":{"text":"Actualidad","link":"https:\/\/lahoradelcampo.com.uy\/site\/category\/actualidad\/"},"img":{"alt_text":"","src":"https:\/\/i0.wp.com\/lahoradelcampo.com.uy\/site\/wp-content\/uploads\/2022\/02\/Lamagdalena-remate1.jpg?fit=880%2C440&ssl=1&resize=350%2C200","width":350,"height":200,"srcset":"https:\/\/i0.wp.com\/lahoradelcampo.com.uy\/site\/wp-content\/uploads\/2022\/02\/Lamagdalena-remate1.jpg?fit=880%2C440&ssl=1&resize=350%2C200 1x, https:\/\/i0.wp.com\/lahoradelcampo.com.uy\/site\/wp-content\/uploads\/2022\/02\/Lamagdalena-remate1.jpg?fit=880%2C440&ssl=1&resize=525%2C300 1.5x, https:\/\/i0.wp.com\/lahoradelcampo.com.uy\/site\/wp-content\/uploads\/2022\/02\/Lamagdalena-remate1.jpg?fit=880%2C440&ssl=1&resize=700%2C400 2x"},"classes":[]},{"id":48797,"url":"https:\/\/lahoradelcampo.com.uy\/site\/us-923-fue-el-promedio-para-los-carneros-de-la-magdalena\/","url_meta":{"origin":24298,"position":1},"title":"US$ 923 fue el promedio para los carneros de La Magdalena","author":"La Hora del Campo","date":"18 febrero, 2023","format":false,"excerpt":"Con un mercado demandado, y valores destacados, especialmente por ejemplares con excelentes datos de finura, la oferta Merino Australiano de \u201cLa Magdalena\u201d de Los Tordos se dispers\u00f3 con agilidad en el local de la Agropecuaria de Salto. Fue el 19\u00b0 remate anual de \u201cLa Magdalena\u201d de los Tordos SA, con\u2026","rel":"","context":"En \u00abActualidad\u00bb","block_context":{"text":"Actualidad","link":"https:\/\/lahoradelcampo.com.uy\/site\/category\/actualidad\/"},"img":{"alt_text":"","src":"https:\/\/i0.wp.com\/lahoradelcampo.com.uy\/site\/wp-content\/uploads\/2023\/02\/Merino-LaMagdalena.jpg?fit=880%2C440&ssl=1&resize=350%2C200","width":350,"height":200,"srcset":"https:\/\/i0.wp.com\/lahoradelcampo.com.uy\/site\/wp-content\/uploads\/2023\/02\/Merino-LaMagdalena.jpg?fit=880%2C440&ssl=1&resize=350%2C200 1x, https:\/\/i0.wp.com\/lahoradelcampo.com.uy\/site\/wp-content\/uploads\/2023\/02\/Merino-LaMagdalena.jpg?fit=880%2C440&ssl=1&resize=525%2C300 1.5x, https:\/\/i0.wp.com\/lahoradelcampo.com.uy\/site\/wp-content\/uploads\/2023\/02\/Merino-LaMagdalena.jpg?fit=880%2C440&ssl=1&resize=700%2C400 2x"},"classes":[]},{"id":39665,"url":"https:\/\/lahoradelcampo.com.uy\/site\/la-magdalena-gano-en-machos-y-hembras-en-el-dia-del-merino\/","url_meta":{"origin":24298,"position":2},"title":"\u00abLa Magdalena\u00bb gan\u00f3 en machos y hembras en el D\u00eda del Merino","author":"La Hora del Campo","date":"9 marzo, 2022","format":false,"excerpt":"Se realiz\u00f3 este 8 de marzo la vig\u00e9simo primera edici\u00f3n del D\u00eda del Merino, en el cual se realiz\u00f3 una charla con la presencia de representantes de la industria lanera, la calificaci\u00f3n de los ejemplares presentados a premio y las ventas al cierre de la jornada, con buena demanda y\u2026","rel":"","context":"En \u00abActualidad\u00bb","block_context":{"text":"Actualidad","link":"https:\/\/lahoradelcampo.com.uy\/site\/category\/actualidad\/"},"img":{"alt_text":"","src":"https:\/\/i0.wp.com\/lahoradelcampo.com.uy\/site\/wp-content\/uploads\/2022\/03\/Merino-diadelmerino.jpg?fit=880%2C440&ssl=1&resize=350%2C200","width":350,"height":200,"srcset":"https:\/\/i0.wp.com\/lahoradelcampo.com.uy\/site\/wp-content\/uploads\/2022\/03\/Merino-diadelmerino.jpg?fit=880%2C440&ssl=1&resize=350%2C200 1x, https:\/\/i0.wp.com\/lahoradelcampo.com.uy\/site\/wp-content\/uploads\/2022\/03\/Merino-diadelmerino.jpg?fit=880%2C440&ssl=1&resize=525%2C300 1.5x, https:\/\/i0.wp.com\/lahoradelcampo.com.uy\/site\/wp-content\/uploads\/2022\/03\/Merino-diadelmerino.jpg?fit=880%2C440&ssl=1&resize=700%2C400 2x"},"classes":[]},{"id":53470,"url":"https:\/\/lahoradelcampo.com.uy\/site\/la-magdalena-de-los-tordos-vendio-175-carneros-merinos-en-us-1014\/","url_meta":{"origin":24298,"position":3},"title":"La Magdalena de Los Tordos vendio 175 carneros merinos en US$ 1014","author":"La Hora del Campo","date":"27 febrero, 2024","format":false,"excerpt":"Dejando en claro porque es la caba\u00f1a de los \u00faltimos grandes campeones de las principales exposiciones del pa\u00eds en Merino Australiano: Expo Prado y Expo Salto, La Magdalena de Los Tordos realiz\u00f3 en la v\u00edspera un gran remate, comercializando 175 carneros en U$S 1.014 de promedio, un valor pocas veces\u2026","rel":"","context":"En \u00abActualidad\u00bb","block_context":{"text":"Actualidad","link":"https:\/\/lahoradelcampo.com.uy\/site\/category\/actualidad\/"},"img":{"alt_text":"","src":"https:\/\/i0.wp.com\/lahoradelcampo.com.uy\/site\/wp-content\/uploads\/2024\/02\/La-Magdalena.jpg?fit=880%2C440&ssl=1&resize=350%2C200","width":350,"height":200,"srcset":"https:\/\/i0.wp.com\/lahoradelcampo.com.uy\/site\/wp-content\/uploads\/2024\/02\/La-Magdalena.jpg?fit=880%2C440&ssl=1&resize=350%2C200 1x, https:\/\/i0.wp.com\/lahoradelcampo.com.uy\/site\/wp-content\/uploads\/2024\/02\/La-Magdalena.jpg?fit=880%2C440&ssl=1&resize=525%2C300 1.5x, https:\/\/i0.wp.com\/lahoradelcampo.com.uy\/site\/wp-content\/uploads\/2024\/02\/La-Magdalena.jpg?fit=880%2C440&ssl=1&resize=700%2C400 2x"},"classes":[]},{"id":28520,"url":"https:\/\/lahoradelcampo.com.uy\/site\/dia-del-merino-remate-selectivo-y-parcial-de-reproductores\/","url_meta":{"origin":24298,"position":4},"title":"D\u00eda del Merino: Remate selectivo y parcial de reproductores","author":"La Hora del Campo","date":"15 marzo, 2021","format":false,"excerpt":"El mercado se mostr\u00f3 pesado y selectivo en las ventas realizadas ayer en la Agropecuaria de Salto en el marco del D\u00eda del Merino, coloc\u00e1ndose 18 reproductores de la muestra en U$S 871 de promedio. La subasta a cargo de Zambrano y C\u00eda., fue conducida por Carlos Arocena. Primero ingres\u00f3\u2026","rel":"","context":"En \u00abActualidad\u00bb","block_context":{"text":"Actualidad","link":"https:\/\/lahoradelcampo.com.uy\/site\/category\/actualidad\/"},"img":{"alt_text":"","src":"https:\/\/i0.wp.com\/lahoradelcampo.com.uy\/site\/wp-content\/uploads\/2021\/03\/Merino-2.jpg?fit=880%2C440&ssl=1&resize=350%2C200","width":350,"height":200,"srcset":"https:\/\/i0.wp.com\/lahoradelcampo.com.uy\/site\/wp-content\/uploads\/2021\/03\/Merino-2.jpg?fit=880%2C440&ssl=1&resize=350%2C200 1x, https:\/\/i0.wp.com\/lahoradelcampo.com.uy\/site\/wp-content\/uploads\/2021\/03\/Merino-2.jpg?fit=880%2C440&ssl=1&resize=525%2C300 1.5x, https:\/\/i0.wp.com\/lahoradelcampo.com.uy\/site\/wp-content\/uploads\/2021\/03\/Merino-2.jpg?fit=880%2C440&ssl=1&resize=700%2C400 2x"},"classes":[]},{"id":46019,"url":"https:\/\/lahoradelcampo.com.uy\/site\/50-de-un-carnero-merino-cotizo-a-us-6-100\/","url_meta":{"origin":24298,"position":5},"title":"50% de un carnero merino cotiz\u00f3 a US$ 6.100","author":"La Hora del Campo","date":"1 octubre, 2022","format":false,"excerpt":"Las pistas de jura, fueron el aperitivo para lo que posteriormente fueron las ventas de los reproductores en la tarde noche de la Expo Salto. Si bien no se logr\u00f3 colocar el 100% de la oferta prevista para esta oportunidad, l\u00f3gico por la \u00e9poca del a\u00f1o en que estamos y\u2026","rel":"","context":"En \u00abActualidad\u00bb","block_context":{"text":"Actualidad","link":"https:\/\/lahoradelcampo.com.uy\/site\/category\/actualidad\/"},"img":{"alt_text":"","src":"https:\/\/i0.wp.com\/lahoradelcampo.com.uy\/site\/wp-content\/uploads\/2022\/10\/Expo-merinos.jpg?fit=880%2C440&ssl=1&resize=350%2C200","width":350,"height":200,"srcset":"https:\/\/i0.wp.com\/lahoradelcampo.com.uy\/site\/wp-content\/uploads\/2022\/10\/Expo-merinos.jpg?fit=880%2C440&ssl=1&resize=350%2C200 1x, https:\/\/i0.wp.com\/lahoradelcampo.com.uy\/site\/wp-content\/uploads\/2022\/10\/Expo-merinos.jpg?fit=880%2C440&ssl=1&resize=525%2C300 1.5x, https:\/\/i0.wp.com\/lahoradelcampo.com.uy\/site\/wp-content\/uploads\/2022\/10\/Expo-merinos.jpg?fit=880%2C440&ssl=1&resize=700%2C400 2x"},"classes":[]}],"jetpack_likes_enabled":true,"_links":{"self":[{"href":"https:\/\/lahoradelcampo.com.uy\/site\/wp-json\/wp\/v2\/posts\/24298","targetHints":{"allow":["GET"]}}],"collection":[{"href":"https:\/\/lahoradelcampo.com.uy\/site\/wp-json\/wp\/v2\/posts"}],"about":[{"href":"https:\/\/lahoradelcampo.com.uy\/site\/wp-json\/wp\/v2\/types\/post"}],"author":[{"embeddable":true,"href":"https:\/\/lahoradelcampo.com.uy\/site\/wp-json\/wp\/v2\/users\/5"}],"replies":[{"embeddable":true,"href":"https:\/\/lahoradelcampo.com.uy\/site\/wp-json\/wp\/v2\/comments?post=24298"}],"version-history":[{"count":2,"href":"https:\/\/lahoradelcampo.com.uy\/site\/wp-json\/wp\/v2\/posts\/24298\/revisions"}],"predecessor-version":[{"id":24316,"href":"https:\/\/lahoradelcampo.com.uy\/site\/wp-json\/wp\/v2\/posts\/24298\/revisions\/24316"}],"wp:featuredmedia":[{"embeddable":true,"href":"https:\/\/lahoradelcampo.com.uy\/site\/wp-json\/wp\/v2\/media\/24314"}],"wp:attachment":[{"href":"https:\/\/lahoradelcampo.com.uy\/site\/wp-json\/wp\/v2\/media?parent=24298"}],"wp:term":[{"taxonomy":"category","embeddable":true,"href":"https:\/\/lahoradelcampo.com.uy\/site\/wp-json\/wp\/v2\/categories?post=24298"},{"taxonomy":"post_tag","embeddable":true,"href":"https:\/\/lahoradelcampo.com.uy\/site\/wp-json\/wp\/v2\/tags?post=24298"}],"curies":[{"name":"wp","href":"https:\/\/api.w.org\/{rel}","templated":true}]}}