{"id":24292,"date":"2020-10-03T09:13:40","date_gmt":"2020-10-03T12:13:40","guid":{"rendered":"http:\/\/lahoradelcampo.com.uy\/site\/?p=24292"},"modified":"2020-10-03T09:13:46","modified_gmt":"2020-10-03T12:13:46","slug":"correa-hnos-presento-un-excepcional-vellon-en-hembras-merino","status":"publish","type":"post","link":"https:\/\/lahoradelcampo.com.uy\/site\/correa-hnos-presento-un-excepcional-vellon-en-hembras-merino\/","title":{"rendered":"Correa Hnos present\u00f3 un excepcional vell\u00f3n en hembras merino"},"content":{"rendered":"\n<figure class=\"wp-block-image\"><img data-recalc-dims=\"1\" loading=\"lazy\" decoding=\"async\" width=\"810\" height=\"405\" data-attachment-id=\"24274\" data-permalink=\"https:\/\/lahoradelcampo.com.uy\/site\/la-magdalena-y-cerro-del-bombero-presentaron-el-mejor-merino-australiano-de-pedigree\/lanaconcurso\/\" data-orig-file=\"https:\/\/i0.wp.com\/lahoradelcampo.com.uy\/site\/wp-content\/uploads\/2020\/10\/Lanaconcurso.jpg?fit=880%2C440&amp;ssl=1\" data-orig-size=\"880,440\" data-comments-opened=\"1\" data-image-meta=\"{&quot;aperture&quot;:&quot;0&quot;,&quot;credit&quot;:&quot;&quot;,&quot;camera&quot;:&quot;&quot;,&quot;caption&quot;:&quot;&quot;,&quot;created_timestamp&quot;:&quot;0&quot;,&quot;copyright&quot;:&quot;&quot;,&quot;focal_length&quot;:&quot;0&quot;,&quot;iso&quot;:&quot;0&quot;,&quot;shutter_speed&quot;:&quot;0&quot;,&quot;title&quot;:&quot;&quot;,&quot;orientation&quot;:&quot;1&quot;}\" data-image-title=\"Lanaconcurso\" data-image-description=\"\" data-image-caption=\"\" data-large-file=\"https:\/\/i0.wp.com\/lahoradelcampo.com.uy\/site\/wp-content\/uploads\/2020\/10\/Lanaconcurso.jpg?fit=810%2C405&amp;ssl=1\" src=\"https:\/\/i0.wp.com\/lahoradelcampo.com.uy\/site\/wp-content\/uploads\/2020\/10\/Lanaconcurso.jpg?resize=810%2C405\" alt=\"\" class=\"wp-image-24274\" srcset=\"https:\/\/i0.wp.com\/lahoradelcampo.com.uy\/site\/wp-content\/uploads\/2020\/10\/Lanaconcurso.jpg?w=880&amp;ssl=1 880w, https:\/\/i0.wp.com\/lahoradelcampo.com.uy\/site\/wp-content\/uploads\/2020\/10\/Lanaconcurso.jpg?resize=300%2C150&amp;ssl=1 300w, https:\/\/i0.wp.com\/lahoradelcampo.com.uy\/site\/wp-content\/uploads\/2020\/10\/Lanaconcurso.jpg?resize=768%2C384&amp;ssl=1 768w, https:\/\/i0.wp.com\/lahoradelcampo.com.uy\/site\/wp-content\/uploads\/2020\/10\/Lanaconcurso.jpg?resize=820%2C410&amp;ssl=1 820w\" sizes=\"auto, (max-width: 810px) 100vw, 810px\" \/><\/figure>\n\n\n\n<p>En la tarde de ayer, en el marco de la Expo Salto, se realiz\u00f3 el tradicional concurso de vellones de la raza Merino Australiano, que cont\u00f3 con la participaci\u00f3n de 24 vellones en esta oportunidad, entre machos y hembras. Los valores m\u00e1ximos alcanzados fueron de US$ 75,65 por el mejor vell\u00f3n de los machos y US$ 54,56 por el mejor vell\u00f3n de hembras. <br><\/p>\n\n\n\n<p>El jurado estuvo compuesto por representantes de la industria topista nacional y de la propia gremial de criadores, estando presente las firmas Lanas Trinidad, Top Fray Marcos y Engraw. Miguel Pizzarrosa, representante de Lanas Trinidad en Salto, dijo que se observ\u00f3 una \u00abcompetencia bastante pareja en los carneros y tambi\u00e9n en las ovejas. Se vieron vellones muy buenos, con datos de kilos y de rendimientos muy buenos, que nos llam\u00f3 la atenci\u00f3n principalmente lo de la oveja que fue algo extraordinario\u00bb. <br><\/p>\n\n\n\n<p>En lo que respecta al mejor vell\u00f3n de machos, fue el expuesto por el Gran Campe\u00f3n Merino Australiano PI de las caba\u00f1as \u00abLa Magdalena\u00bb y \u00abCerro del Bombero\u00bb. En total peso 12,4 kilos, y luego del desborde qued\u00f3 en 10,05 kilos. Este vell\u00f3n de 16,2 micras, obtuvo un valor en el \u00faltimo remate de Australia de US$ 11,93 peso limpio, lo que permiti\u00f3 alcanzar un resultado econ\u00f3mico de US$ 75,65. <br><\/p>\n\n\n\n<p>El segundo mejor vell\u00f3n, tambi\u00e9n expuesto por \u00abLa Magdalena\u00bb ten\u00eda un micronaje de 17,7 micras y un peso de vell\u00f3n de 12,6 kilogramos, que luego del desborde se situ\u00f3 en 9,7 kilos. El rendimiento de este lote, que alcanz\u00f3 un valor de US$ 10,23 peso limpio, fue de 75,9%. Este vell\u00f3n cotiz\u00f3, seg\u00fan la industria en US$ 75,32.<br><\/p>\n\n\n\n<p><strong>En hembras<\/strong><br><\/p>\n\n\n\n<p>En el caso de las hembras, se observ\u00f3 un lote excepcional en el vell\u00f3n de la Gran Campeona Poll Merino Australiano de Pedigree, de Correa Hnos. Pizzarrosa explic\u00f3 que la oveja tatuaje 499, alcanz\u00f3 un peso de 10,30 kilos, con 18,5 micra; luego del desborde este vell\u00f3n se posicion\u00f3 en los US$ 8 kilos. Este vell\u00f3n alcanz\u00f3 un rendimiento del 76,2% y se le aplic\u00f3, de acuerdo a la \u00faltima venta en Australia, un valor de US$ 8,95 por kilogramo base limpia, sumando en US$ 54,56 en total.  <br><\/p>\n\n\n\n<p>El segundo mejor vell\u00f3n, expuesto por La Magdalena, fue de 16,4 micras, con un kilaje de 6,75. Posteriormente al desborde se sit\u00fao en 5,05 kilos. Este vell\u00f3n alcanz\u00f3 un valor de US$ 48,92. <\/p>\n\n\n\n<p><strong>Juan P\u00e9rez Jones<\/strong><\/p>\n\n\n\n<p>El representante de la gremial en el concurso, Dr. Juan Perez Jones, explic\u00f3 que el valor para cada micronaje utilizado est\u00e1 basando de acuerdo al precio del \u00faltimo d\u00eda de remates. Teniendo en cuenta la actual situaci\u00f3n del mercado, el productor dijo que debido a la crisis los valores de los distintos micronajes est\u00e1n muy juntos \u201cpor lo que no se diferenciaban mucho, como en a\u00f1os anteriores cuando el micronaje llevaba a vellones de m\u00e1s de 100 d\u00f3lares\u201d. <\/p>\n\n\n\n<p style=\"text-align:right\"><strong>Salto, 3 de octubre de 2020<\/strong><\/p>\n","protected":false},"excerpt":{"rendered":"<p>En la tarde de ayer, en el marco de la Expo Salto, se realiz\u00f3 el tradicional concurso de vellones de la raza Merino Australiano, que cont\u00f3 con la participaci\u00f3n de [&hellip;]<\/p>\n","protected":false},"author":5,"featured_media":24274,"comment_status":"open","ping_status":"open","sticky":false,"template":"","format":"standard","meta":{"_price":"","_stock":"","_tribe_ticket_header":"","_tribe_default_ticket_provider":"","_tribe_ticket_capacity":"0","_ticket_start_date":"","_ticket_end_date":"","_tribe_ticket_show_description":"","_tribe_ticket_show_not_going":false,"_tribe_ticket_use_global_stock":"","_tribe_ticket_global_stock_level":"","_global_stock_mode":"","_global_stock_cap":"","_tribe_rsvp_for_event":"","_tribe_ticket_going_count":"","_tribe_ticket_not_going_count":"","_tribe_tickets_list":"[]","_tribe_ticket_has_attendee_info_fields":false,"h5ap_radio_sources":[],"_jetpack_newsletter_access":"","_jetpack_dont_email_post_to_subs":false,"_jetpack_newsletter_tier_id":0,"_jetpack_memberships_contains_paywalled_content":false,"_jetpack_memberships_contains_paid_content":false,"footnotes":""},"categories":[21,5],"tags":[],"class_list":["post-24292","post","type-post","status-publish","format-standard","has-post-thumbnail","hentry","category-actualidad","category-ganaderia"],"jetpack_featured_media_url":"https:\/\/i0.wp.com\/lahoradelcampo.com.uy\/site\/wp-content\/uploads\/2020\/10\/Lanaconcurso.jpg?fit=880%2C440&ssl=1","jetpack_sharing_enabled":true,"jetpack_shortlink":"https:\/\/wp.me\/p99IaT-6jO","jetpack-related-posts":[{"id":14859,"url":"https:\/\/lahoradelcampo.com.uy\/site\/lanas-trinidad-engraw-y-top-fray-marcos-premiaron-los-mejores-vellones-merino\/","url_meta":{"origin":24292,"position":0},"title":"Lanas Trinidad, Engraw y Top Fray Marcos premiaron los mejores vellones merino","author":"La Hora del Campo","date":"6 octubre, 2019","format":false,"excerpt":"Tres de las industrias topistas del pa\u00eds participaron como jurados del concurso de esquila organizado por la Sociedad de Criadores de Merino Australiano del Uruguay. Los representantes de Lanas Trinidad, Engraw y Top Fray Marcos, fueron los responsables por premiar los distintos vellones que participaron. Se trata de vellones que\u2026","rel":"","context":"En \u00abActualidad\u00bb","block_context":{"text":"Actualidad","link":"https:\/\/lahoradelcampo.com.uy\/site\/category\/actualidad\/"},"img":{"alt_text":"","src":"https:\/\/i0.wp.com\/lahoradelcampo.com.uy\/site\/wp-content\/uploads\/2019\/10\/expo-vellones.jpg?fit=880%2C440&ssl=1&resize=350%2C200","width":350,"height":200,"srcset":"https:\/\/i0.wp.com\/lahoradelcampo.com.uy\/site\/wp-content\/uploads\/2019\/10\/expo-vellones.jpg?fit=880%2C440&ssl=1&resize=350%2C200 1x, https:\/\/i0.wp.com\/lahoradelcampo.com.uy\/site\/wp-content\/uploads\/2019\/10\/expo-vellones.jpg?fit=880%2C440&ssl=1&resize=525%2C300 1.5x, https:\/\/i0.wp.com\/lahoradelcampo.com.uy\/site\/wp-content\/uploads\/2019\/10\/expo-vellones.jpg?fit=880%2C440&ssl=1&resize=700%2C400 2x"},"classes":[]},{"id":34927,"url":"https:\/\/lahoradelcampo.com.uy\/site\/el-mejor-vellon-del-merino-australiano-hizo-us-191\/","url_meta":{"origin":24292,"position":1},"title":"El mejor vell\u00f3n del Merino Australiano  hizo US$ 191","author":"La Hora del Campo","date":"2 octubre, 2021","format":false,"excerpt":"En la tarde se realiz\u00f3 el tradicional concurso de vellones de la raza Merino Australiano, donde participaron m\u00e1s de 15 animales de la raza entre machos y hembras, que participaron durante las calificaciones de la ma\u00f1ana. En este contexto se premiaron los mejores vellones, en ambas categor\u00edas. En machos, el\u2026","rel":"","context":"En \u00abActualidad\u00bb","block_context":{"text":"Actualidad","link":"https:\/\/lahoradelcampo.com.uy\/site\/category\/actualidad\/"},"img":{"alt_text":"","src":"https:\/\/i0.wp.com\/lahoradelcampo.com.uy\/site\/wp-content\/uploads\/2021\/10\/Expo-vellones.jpg?fit=880%2C440&ssl=1&resize=350%2C200","width":350,"height":200,"srcset":"https:\/\/i0.wp.com\/lahoradelcampo.com.uy\/site\/wp-content\/uploads\/2021\/10\/Expo-vellones.jpg?fit=880%2C440&ssl=1&resize=350%2C200 1x, https:\/\/i0.wp.com\/lahoradelcampo.com.uy\/site\/wp-content\/uploads\/2021\/10\/Expo-vellones.jpg?fit=880%2C440&ssl=1&resize=525%2C300 1.5x, https:\/\/i0.wp.com\/lahoradelcampo.com.uy\/site\/wp-content\/uploads\/2021\/10\/Expo-vellones.jpg?fit=880%2C440&ssl=1&resize=700%2C400 2x"},"classes":[]},{"id":6417,"url":"https:\/\/lahoradelcampo.com.uy\/site\/concurso-la-magdalena-gano-con-vellones-finos-superfinos-y-ultrafinos\/","url_meta":{"origin":24292,"position":2},"title":"Concurso: La Magdalena gan\u00f3 con vellones finos, superfinos y ultrafinos","author":"La Hora del Campo","date":"10 abril, 2018","format":false,"excerpt":"Los jurados australianos, Steph Brooker Jones clasificadora de lanas de la firma Elders y Andrew Dennis consultor privado, fueron los responsables de calificar en el concurso de vellones del 10\u00ba Congreso Mundial de la raza Merino Australiano. Los t\u00e9cnicos se vieron gratamente sorprendidos por encontrar vellones de micras tan finas\",\u2026","rel":"","context":"En \u00abActualidad\u00bb","block_context":{"text":"Actualidad","link":"https:\/\/lahoradelcampo.com.uy\/site\/category\/actualidad\/"},"img":{"alt_text":"","src":"https:\/\/i0.wp.com\/lahoradelcampo.com.uy\/site\/wp-content\/uploads\/2018\/04\/Concurso-vellones.jpg?fit=880%2C440&ssl=1&resize=350%2C200","width":350,"height":200,"srcset":"https:\/\/i0.wp.com\/lahoradelcampo.com.uy\/site\/wp-content\/uploads\/2018\/04\/Concurso-vellones.jpg?fit=880%2C440&ssl=1&resize=350%2C200 1x, https:\/\/i0.wp.com\/lahoradelcampo.com.uy\/site\/wp-content\/uploads\/2018\/04\/Concurso-vellones.jpg?fit=880%2C440&ssl=1&resize=525%2C300 1.5x, https:\/\/i0.wp.com\/lahoradelcampo.com.uy\/site\/wp-content\/uploads\/2018\/04\/Concurso-vellones.jpg?fit=880%2C440&ssl=1&resize=700%2C400 2x"},"classes":[]},{"id":54805,"url":"https:\/\/lahoradelcampo.com.uy\/site\/los-vellones-merinos-con-mejor-resultado-economico-los-presento-la-magdalena\/","url_meta":{"origin":24292,"position":3},"title":"Los vellones merinos con mejor resultado econ\u00f3mico los present\u00f3 \u00abLa Magdalena\u00bb","author":"La Hora del Campo","date":"8 octubre, 2024","format":false,"excerpt":"El viernes, tras la jura de las diferentes categor\u00edas del Merino Australiano en la Expo Salto, en el comienzo de la tarde, los productores eligieron sus mejores animales y se presentaron al tradicional concurso de vellones organizado por la sociedad de criadores en conjunto con las industrias topistas. Este a\u00f1o\u2026","rel":"","context":"En \u00abActualidad\u00bb","block_context":{"text":"Actualidad","link":"https:\/\/lahoradelcampo.com.uy\/site\/category\/actualidad\/"},"img":{"alt_text":"","src":"https:\/\/i0.wp.com\/lahoradelcampo.com.uy\/site\/wp-content\/uploads\/2024\/10\/Exposalto-vellones.jpg?fit=880%2C440&ssl=1&resize=350%2C200","width":350,"height":200,"srcset":"https:\/\/i0.wp.com\/lahoradelcampo.com.uy\/site\/wp-content\/uploads\/2024\/10\/Exposalto-vellones.jpg?fit=880%2C440&ssl=1&resize=350%2C200 1x, https:\/\/i0.wp.com\/lahoradelcampo.com.uy\/site\/wp-content\/uploads\/2024\/10\/Exposalto-vellones.jpg?fit=880%2C440&ssl=1&resize=525%2C300 1.5x, https:\/\/i0.wp.com\/lahoradelcampo.com.uy\/site\/wp-content\/uploads\/2024\/10\/Exposalto-vellones.jpg?fit=880%2C440&ssl=1&resize=700%2C400 2x"},"classes":[]},{"id":14301,"url":"https:\/\/lahoradelcampo.com.uy\/site\/en-merino-ibirapita-y-la-magdalena-trajeron-premios-a-salto\/","url_meta":{"origin":24292,"position":4},"title":"En Merino Ibirapita y La Magdalena trajeron premios a Salto","author":"La Hora del Campo","date":"13 septiembre, 2019","format":false,"excerpt":"El experto argentino Ronald Macdonald se\u00f1al\u00f3 tras calificar en Merino Australiano, que aprecia una \u201cevoluci\u00f3n constante y sostenida en la raza, con un nivel excepcional tanto en los productos exhibidos Puros de origen como de pedigr\u00ed\u201d. Veredictos: Poll Merino Australiano PO. Hembras: Gran Campeona, mejor vell\u00f3n de hembras y mejor\u2026","rel":"","context":"En \u00abActualidad\u00bb","block_context":{"text":"Actualidad","link":"https:\/\/lahoradelcampo.com.uy\/site\/category\/actualidad\/"},"img":{"alt_text":"","src":"https:\/\/i0.wp.com\/lahoradelcampo.com.uy\/site\/wp-content\/uploads\/2019\/09\/Merino-prado.jpg?fit=880%2C440&ssl=1&resize=350%2C200","width":350,"height":200,"srcset":"https:\/\/i0.wp.com\/lahoradelcampo.com.uy\/site\/wp-content\/uploads\/2019\/09\/Merino-prado.jpg?fit=880%2C440&ssl=1&resize=350%2C200 1x, https:\/\/i0.wp.com\/lahoradelcampo.com.uy\/site\/wp-content\/uploads\/2019\/09\/Merino-prado.jpg?fit=880%2C440&ssl=1&resize=525%2C300 1.5x, https:\/\/i0.wp.com\/lahoradelcampo.com.uy\/site\/wp-content\/uploads\/2019\/09\/Merino-prado.jpg?fit=880%2C440&ssl=1&resize=700%2C400 2x"},"classes":[]},{"id":54997,"url":"https:\/\/lahoradelcampo.com.uy\/site\/hugo-surraco-el-color-de-la-lana-se-deteriora-con-el-tiempo\/","url_meta":{"origin":24292,"position":5},"title":"Hugo Surraco: \u00abel color de la lana se deteriora con el tiempo\u00bb","author":"La Hora del Campo","date":"29 octubre, 2024","format":false,"excerpt":"Este a\u00f1o en particular, se observaron muchos problemas de color en los vellones durante la esquila, lo que ha determinado un alto porcentaje de vell\u00f3n inferior en los distintos lotes. En este sentido ya se ha mencionado en Faxlana, que el Secretariado Uruguayo de la Lana (SUL) recomienda realizar los\u2026","rel":"","context":"En \u00abActualidad\u00bb","block_context":{"text":"Actualidad","link":"https:\/\/lahoradelcampo.com.uy\/site\/category\/actualidad\/"},"img":{"alt_text":"","src":"https:\/\/i0.wp.com\/lahoradelcampo.com.uy\/site\/wp-content\/uploads\/2024\/10\/hugosurraco.jpg?fit=880%2C440&ssl=1&resize=350%2C200","width":350,"height":200,"srcset":"https:\/\/i0.wp.com\/lahoradelcampo.com.uy\/site\/wp-content\/uploads\/2024\/10\/hugosurraco.jpg?fit=880%2C440&ssl=1&resize=350%2C200 1x, https:\/\/i0.wp.com\/lahoradelcampo.com.uy\/site\/wp-content\/uploads\/2024\/10\/hugosurraco.jpg?fit=880%2C440&ssl=1&resize=525%2C300 1.5x, https:\/\/i0.wp.com\/lahoradelcampo.com.uy\/site\/wp-content\/uploads\/2024\/10\/hugosurraco.jpg?fit=880%2C440&ssl=1&resize=700%2C400 2x"},"classes":[]}],"jetpack_likes_enabled":true,"_links":{"self":[{"href":"https:\/\/lahoradelcampo.com.uy\/site\/wp-json\/wp\/v2\/posts\/24292","targetHints":{"allow":["GET"]}}],"collection":[{"href":"https:\/\/lahoradelcampo.com.uy\/site\/wp-json\/wp\/v2\/posts"}],"about":[{"href":"https:\/\/lahoradelcampo.com.uy\/site\/wp-json\/wp\/v2\/types\/post"}],"author":[{"embeddable":true,"href":"https:\/\/lahoradelcampo.com.uy\/site\/wp-json\/wp\/v2\/users\/5"}],"replies":[{"embeddable":true,"href":"https:\/\/lahoradelcampo.com.uy\/site\/wp-json\/wp\/v2\/comments?post=24292"}],"version-history":[{"count":1,"href":"https:\/\/lahoradelcampo.com.uy\/site\/wp-json\/wp\/v2\/posts\/24292\/revisions"}],"predecessor-version":[{"id":24294,"href":"https:\/\/lahoradelcampo.com.uy\/site\/wp-json\/wp\/v2\/posts\/24292\/revisions\/24294"}],"wp:featuredmedia":[{"embeddable":true,"href":"https:\/\/lahoradelcampo.com.uy\/site\/wp-json\/wp\/v2\/media\/24274"}],"wp:attachment":[{"href":"https:\/\/lahoradelcampo.com.uy\/site\/wp-json\/wp\/v2\/media?parent=24292"}],"wp:term":[{"taxonomy":"category","embeddable":true,"href":"https:\/\/lahoradelcampo.com.uy\/site\/wp-json\/wp\/v2\/categories?post=24292"},{"taxonomy":"post_tag","embeddable":true,"href":"https:\/\/lahoradelcampo.com.uy\/site\/wp-json\/wp\/v2\/tags?post=24292"}],"curies":[{"name":"wp","href":"https:\/\/api.w.org\/{rel}","templated":true}]}}