{"id":24282,"date":"2020-10-03T09:33:33","date_gmt":"2020-10-03T12:33:33","guid":{"rendered":"http:\/\/lahoradelcampo.com.uy\/site\/?p=24282"},"modified":"2020-10-03T09:33:37","modified_gmt":"2020-10-03T12:33:37","slug":"san-rafael-y-cabana-salto-se-repartieron-los-premios-en-el-poll-dorset","status":"publish","type":"post","link":"https:\/\/lahoradelcampo.com.uy\/site\/san-rafael-y-cabana-salto-se-repartieron-los-premios-en-el-poll-dorset\/","title":{"rendered":"San Rafael y Caba\u00f1a Salto se repartieron los premios en el Poll Dorset"},"content":{"rendered":"\n<figure class=\"wp-block-image\"><img data-recalc-dims=\"1\" loading=\"lazy\" decoding=\"async\" width=\"810\" height=\"405\" data-attachment-id=\"24306\" data-permalink=\"https:\/\/lahoradelcampo.com.uy\/site\/san-rafael-y-cabana-salto-se-repartieron-los-premios-en-el-poll-dorset\/sanrafaelpolldorsetsalto\/\" data-orig-file=\"https:\/\/i0.wp.com\/lahoradelcampo.com.uy\/site\/wp-content\/uploads\/2020\/10\/SanRafaelPollDorsetSalto.jpg?fit=880%2C440&amp;ssl=1\" data-orig-size=\"880,440\" data-comments-opened=\"1\" data-image-meta=\"{&quot;aperture&quot;:&quot;0&quot;,&quot;credit&quot;:&quot;&quot;,&quot;camera&quot;:&quot;&quot;,&quot;caption&quot;:&quot;&quot;,&quot;created_timestamp&quot;:&quot;0&quot;,&quot;copyright&quot;:&quot;&quot;,&quot;focal_length&quot;:&quot;0&quot;,&quot;iso&quot;:&quot;0&quot;,&quot;shutter_speed&quot;:&quot;0&quot;,&quot;title&quot;:&quot;&quot;,&quot;orientation&quot;:&quot;1&quot;}\" data-image-title=\"SanRafaelPollDorsetSalto\" data-image-description=\"\" data-image-caption=\"\" data-large-file=\"https:\/\/i0.wp.com\/lahoradelcampo.com.uy\/site\/wp-content\/uploads\/2020\/10\/SanRafaelPollDorsetSalto.jpg?fit=810%2C405&amp;ssl=1\" src=\"https:\/\/i0.wp.com\/lahoradelcampo.com.uy\/site\/wp-content\/uploads\/2020\/10\/SanRafaelPollDorsetSalto.jpg?resize=810%2C405\" alt=\"\" class=\"wp-image-24306\" srcset=\"https:\/\/i0.wp.com\/lahoradelcampo.com.uy\/site\/wp-content\/uploads\/2020\/10\/SanRafaelPollDorsetSalto.jpg?w=880&amp;ssl=1 880w, https:\/\/i0.wp.com\/lahoradelcampo.com.uy\/site\/wp-content\/uploads\/2020\/10\/SanRafaelPollDorsetSalto.jpg?resize=300%2C150&amp;ssl=1 300w, https:\/\/i0.wp.com\/lahoradelcampo.com.uy\/site\/wp-content\/uploads\/2020\/10\/SanRafaelPollDorsetSalto.jpg?resize=768%2C384&amp;ssl=1 768w, https:\/\/i0.wp.com\/lahoradelcampo.com.uy\/site\/wp-content\/uploads\/2020\/10\/SanRafaelPollDorsetSalto.jpg?resize=820%2C410&amp;ssl=1 820w\" sizes=\"auto, (max-width: 810px) 100vw, 810px\" \/><\/figure>\n\n\n\n<p>Jurado: Ana Araujo. <\/p>\n\n\n\n<p><strong>Pedigr\u00ed: <\/strong>Gran Campe\u00f3n Joint V Limitour SRL, reservado Gran Campe\u00f3n del mismo expositor. En hembras, Gran Campeona de Joint V Limitour, y reservada Gran Campeona del mismo expositor.<br><\/p>\n\n\n\n<p><strong>Puros de Origen.<\/strong> Gran Campe\u00f3n de Omar Burutar\u00e1n. En hembras, Gran Campeona de Omar Burutar\u00e1n y reservada Gran Campeona del mismo expositor.<\/p>\n","protected":false},"excerpt":{"rendered":"<p>Jurado: Ana Araujo. Pedigr\u00ed: Gran Campe\u00f3n Joint V Limitour SRL, reservado Gran Campe\u00f3n del mismo expositor. En hembras, Gran Campeona de Joint V Limitour, y reservada Gran Campeona del mismo [&hellip;]<\/p>\n","protected":false},"author":5,"featured_media":24306,"comment_status":"open","ping_status":"open","sticky":false,"template":"","format":"standard","meta":{"_price":"","_stock":"","_tribe_ticket_header":"","_tribe_default_ticket_provider":"","_tribe_ticket_capacity":"0","_ticket_start_date":"","_ticket_end_date":"","_tribe_ticket_show_description":"","_tribe_ticket_show_not_going":false,"_tribe_ticket_use_global_stock":"","_tribe_ticket_global_stock_level":"","_global_stock_mode":"","_global_stock_cap":"","_tribe_rsvp_for_event":"","_tribe_ticket_going_count":"","_tribe_ticket_not_going_count":"","_tribe_tickets_list":"[]","_tribe_ticket_has_attendee_info_fields":false,"h5ap_radio_sources":[],"_jetpack_newsletter_access":"","_jetpack_dont_email_post_to_subs":false,"_jetpack_newsletter_tier_id":0,"_jetpack_memberships_contains_paywalled_content":false,"_jetpack_memberships_contains_paid_content":false,"footnotes":""},"categories":[21,5],"tags":[],"class_list":["post-24282","post","type-post","status-publish","format-standard","has-post-thumbnail","hentry","category-actualidad","category-ganaderia"],"jetpack_featured_media_url":"https:\/\/i0.wp.com\/lahoradelcampo.com.uy\/site\/wp-content\/uploads\/2020\/10\/SanRafaelPollDorsetSalto.jpg?fit=880%2C440&ssl=1","jetpack_sharing_enabled":true,"jetpack_shortlink":"https:\/\/wp.me\/p99IaT-6jE","jetpack-related-posts":[{"id":34943,"url":"https:\/\/lahoradelcampo.com.uy\/site\/cabana-salto-en-poll-dorset-y-santa-marta-en-texel\/","url_meta":{"origin":24282,"position":0},"title":"Caba\u00f1a Salto en Poll Dorset y Santa Marta en Texel","author":"La Hora del Campo","date":"2 octubre, 2021","format":false,"excerpt":"Jurado Eduardo Filliol. Pedigr\u00ed. Gran Campe\u00f3n de J. V. Limitour SRL; reservado Gran Campe\u00f3n del mismo expositor. Gran Campeona de Limitour. Puros de Origen. Gran Campeona y reservada Gran Campeona de Limitour. TEXEL Jurado Gustavo Cianeli. Pedigr\u00ed: Gran Campe\u00f3n de \"Santa Marta de Mataojos\" SRL, reservado Gran Campe\u00f3n del mismo\u2026","rel":"","context":"En \u00abActualidad\u00bb","block_context":{"text":"Actualidad","link":"https:\/\/lahoradelcampo.com.uy\/site\/category\/actualidad\/"},"img":{"alt_text":"","src":"https:\/\/i0.wp.com\/lahoradelcampo.com.uy\/site\/wp-content\/uploads\/2021\/10\/Expo-polldorset.jpg?fit=880%2C440&ssl=1&resize=350%2C200","width":350,"height":200,"srcset":"https:\/\/i0.wp.com\/lahoradelcampo.com.uy\/site\/wp-content\/uploads\/2021\/10\/Expo-polldorset.jpg?fit=880%2C440&ssl=1&resize=350%2C200 1x, https:\/\/i0.wp.com\/lahoradelcampo.com.uy\/site\/wp-content\/uploads\/2021\/10\/Expo-polldorset.jpg?fit=880%2C440&ssl=1&resize=525%2C300 1.5x, https:\/\/i0.wp.com\/lahoradelcampo.com.uy\/site\/wp-content\/uploads\/2021\/10\/Expo-polldorset.jpg?fit=880%2C440&ssl=1&resize=700%2C400 2x"},"classes":[]},{"id":52418,"url":"https:\/\/lahoradelcampo.com.uy\/site\/poll-dorset-presento-una-destacada-genetica-en-la-expo-prado\/","url_meta":{"origin":24282,"position":1},"title":"Poll Dorset: Present\u00f3 una destacada gen\u00e9tica en la Expo Prado","author":"La Hora del Campo","date":"12 septiembre, 2023","format":false,"excerpt":"La raza Poll Dorset ha dejado una importante impresi\u00f3n en la Expo Salto, con una gran exhibici\u00f3n de ejemplares. Se posiciona como la tercera raza con mayor representaci\u00f3n en la muestra y ha sido elogiada por el jurado brasile\u00f1o, Roberto Moreira de Azambuja, por su excelente gen\u00e9tica. En la competencia\u2026","rel":"","context":"En \u00abActualidad\u00bb","block_context":{"text":"Actualidad","link":"https:\/\/lahoradelcampo.com.uy\/site\/category\/actualidad\/"},"img":{"alt_text":"","src":"https:\/\/i0.wp.com\/lahoradelcampo.com.uy\/site\/wp-content\/uploads\/2023\/09\/Polldorset-Prado.jpg?fit=880%2C440&ssl=1&resize=350%2C200","width":350,"height":200,"srcset":"https:\/\/i0.wp.com\/lahoradelcampo.com.uy\/site\/wp-content\/uploads\/2023\/09\/Polldorset-Prado.jpg?fit=880%2C440&ssl=1&resize=350%2C200 1x, https:\/\/i0.wp.com\/lahoradelcampo.com.uy\/site\/wp-content\/uploads\/2023\/09\/Polldorset-Prado.jpg?fit=880%2C440&ssl=1&resize=525%2C300 1.5x, https:\/\/i0.wp.com\/lahoradelcampo.com.uy\/site\/wp-content\/uploads\/2023\/09\/Polldorset-Prado.jpg?fit=880%2C440&ssl=1&resize=700%2C400 2x"},"classes":[]},{"id":56793,"url":"https:\/\/lahoradelcampo.com.uy\/site\/san-rafael-gano-en-el-poll-dorset-2\/","url_meta":{"origin":24282,"position":2},"title":"San Rafael gan\u00f3 en el Poll Dorset","author":"La Hora del Campo","date":"13 septiembre, 2025","format":false,"excerpt":"La raza Poll Dorset exhibi\u00f3 en el Prado 2025 un alto nivel de calidad carnicera, con gran paridad en todas las categor\u00edas y ejemplares presentados de forma destacada por los criadores. La jura estuvo a cargo del ingeniero agr\u00f3nomo Jos\u00e9 Rivero y del doctor Federico Blanco, t\u00e9cnico del Secretariado Uruguayo\u2026","rel":"","context":"En \u00abActualidad\u00bb","block_context":{"text":"Actualidad","link":"https:\/\/lahoradelcampo.com.uy\/site\/category\/actualidad\/"},"img":{"alt_text":"","src":"https:\/\/i0.wp.com\/lahoradelcampo.com.uy\/site\/wp-content\/uploads\/2025\/09\/2025-prado-polldorset.jpg?fit=880%2C440&ssl=1&resize=350%2C200","width":350,"height":200,"srcset":"https:\/\/i0.wp.com\/lahoradelcampo.com.uy\/site\/wp-content\/uploads\/2025\/09\/2025-prado-polldorset.jpg?fit=880%2C440&ssl=1&resize=350%2C200 1x, https:\/\/i0.wp.com\/lahoradelcampo.com.uy\/site\/wp-content\/uploads\/2025\/09\/2025-prado-polldorset.jpg?fit=880%2C440&ssl=1&resize=525%2C300 1.5x, https:\/\/i0.wp.com\/lahoradelcampo.com.uy\/site\/wp-content\/uploads\/2025\/09\/2025-prado-polldorset.jpg?fit=880%2C440&ssl=1&resize=700%2C400 2x"},"classes":[]},{"id":56518,"url":"https:\/\/lahoradelcampo.com.uy\/site\/hoy-se-definen-los-grandes-campeones-en-la-expo-avicola-de-salto\/","url_meta":{"origin":24282,"position":3},"title":"Hoy se definen los Grandes Campeones en la Expo Av\u00edcola de Salto","author":"La Hora del Campo","date":"8 agosto, 2025","format":false,"excerpt":"La 69\u00aa edici\u00f3n nacional y 82\u00aa regional de la Expo Av\u00edcola, denominada \"Javier Caprioli\", se desarrolla en Salto con la instancia final prevista para esta jornada. Durante la ma\u00f1ana se calificar\u00e1n ejemplares de razas enanas o bantam y, posteriormente, se proceder\u00e1 a la elecci\u00f3n de los Grandes Campeones y del\u2026","rel":"","context":"En \u00abActualidad\u00bb","block_context":{"text":"Actualidad","link":"https:\/\/lahoradelcampo.com.uy\/site\/category\/actualidad\/"},"img":{"alt_text":"","src":"https:\/\/i0.wp.com\/lahoradelcampo.com.uy\/site\/wp-content\/uploads\/2025\/08\/Expoavicola-3.jpg?fit=880%2C440&ssl=1&resize=350%2C200","width":350,"height":200,"srcset":"https:\/\/i0.wp.com\/lahoradelcampo.com.uy\/site\/wp-content\/uploads\/2025\/08\/Expoavicola-3.jpg?fit=880%2C440&ssl=1&resize=350%2C200 1x, https:\/\/i0.wp.com\/lahoradelcampo.com.uy\/site\/wp-content\/uploads\/2025\/08\/Expoavicola-3.jpg?fit=880%2C440&ssl=1&resize=525%2C300 1.5x, https:\/\/i0.wp.com\/lahoradelcampo.com.uy\/site\/wp-content\/uploads\/2025\/08\/Expoavicola-3.jpg?fit=880%2C440&ssl=1&resize=700%2C400 2x"},"classes":[]},{"id":14301,"url":"https:\/\/lahoradelcampo.com.uy\/site\/en-merino-ibirapita-y-la-magdalena-trajeron-premios-a-salto\/","url_meta":{"origin":24282,"position":4},"title":"En Merino Ibirapita y La Magdalena trajeron premios a Salto","author":"La Hora del Campo","date":"13 septiembre, 2019","format":false,"excerpt":"El experto argentino Ronald Macdonald se\u00f1al\u00f3 tras calificar en Merino Australiano, que aprecia una \u201cevoluci\u00f3n constante y sostenida en la raza, con un nivel excepcional tanto en los productos exhibidos Puros de origen como de pedigr\u00ed\u201d. Veredictos: Poll Merino Australiano PO. Hembras: Gran Campeona, mejor vell\u00f3n de hembras y mejor\u2026","rel":"","context":"En \u00abActualidad\u00bb","block_context":{"text":"Actualidad","link":"https:\/\/lahoradelcampo.com.uy\/site\/category\/actualidad\/"},"img":{"alt_text":"","src":"https:\/\/i0.wp.com\/lahoradelcampo.com.uy\/site\/wp-content\/uploads\/2019\/09\/Merino-prado.jpg?fit=880%2C440&ssl=1&resize=350%2C200","width":350,"height":200,"srcset":"https:\/\/i0.wp.com\/lahoradelcampo.com.uy\/site\/wp-content\/uploads\/2019\/09\/Merino-prado.jpg?fit=880%2C440&ssl=1&resize=350%2C200 1x, https:\/\/i0.wp.com\/lahoradelcampo.com.uy\/site\/wp-content\/uploads\/2019\/09\/Merino-prado.jpg?fit=880%2C440&ssl=1&resize=525%2C300 1.5x, https:\/\/i0.wp.com\/lahoradelcampo.com.uy\/site\/wp-content\/uploads\/2019\/09\/Merino-prado.jpg?fit=880%2C440&ssl=1&resize=700%2C400 2x"},"classes":[]},{"id":54470,"url":"https:\/\/lahoradelcampo.com.uy\/site\/borrego-diente-de-leche-excepcional-gano-en-poll-dorset\/","url_meta":{"origin":24282,"position":5},"title":"Borrego diente de leche \u201cexcepcional\u201d gan\u00f3 en Poll Dorset","author":"La Hora del Campo","date":"9 septiembre, 2024","format":false,"excerpt":"En las pistas del Poll Dorset se observaron animales \u201cbien preparados y buen nivel gen\u00e9tico\u201d dijo el integrante del jurado, Ing. Agr. Francisco Donagaray, qui\u00e9n comparti\u00f3 las calificaciones con el Sr. Alejandro Cassarino. El criador dijo que \u201cla categor\u00eda m\u00e1s dif\u00edcil de jurar fue las ovejas, porque al estar tan\u2026","rel":"","context":"En \u00abActualidad\u00bb","block_context":{"text":"Actualidad","link":"https:\/\/lahoradelcampo.com.uy\/site\/category\/actualidad\/"},"img":{"alt_text":"","src":"https:\/\/i0.wp.com\/lahoradelcampo.com.uy\/site\/wp-content\/uploads\/2024\/09\/Prado-POLLDORSET1.jpg?fit=880%2C440&ssl=1&resize=350%2C200","width":350,"height":200,"srcset":"https:\/\/i0.wp.com\/lahoradelcampo.com.uy\/site\/wp-content\/uploads\/2024\/09\/Prado-POLLDORSET1.jpg?fit=880%2C440&ssl=1&resize=350%2C200 1x, https:\/\/i0.wp.com\/lahoradelcampo.com.uy\/site\/wp-content\/uploads\/2024\/09\/Prado-POLLDORSET1.jpg?fit=880%2C440&ssl=1&resize=525%2C300 1.5x, https:\/\/i0.wp.com\/lahoradelcampo.com.uy\/site\/wp-content\/uploads\/2024\/09\/Prado-POLLDORSET1.jpg?fit=880%2C440&ssl=1&resize=700%2C400 2x"},"classes":[]}],"jetpack_likes_enabled":true,"_links":{"self":[{"href":"https:\/\/lahoradelcampo.com.uy\/site\/wp-json\/wp\/v2\/posts\/24282","targetHints":{"allow":["GET"]}}],"collection":[{"href":"https:\/\/lahoradelcampo.com.uy\/site\/wp-json\/wp\/v2\/posts"}],"about":[{"href":"https:\/\/lahoradelcampo.com.uy\/site\/wp-json\/wp\/v2\/types\/post"}],"author":[{"embeddable":true,"href":"https:\/\/lahoradelcampo.com.uy\/site\/wp-json\/wp\/v2\/users\/5"}],"replies":[{"embeddable":true,"href":"https:\/\/lahoradelcampo.com.uy\/site\/wp-json\/wp\/v2\/comments?post=24282"}],"version-history":[{"count":2,"href":"https:\/\/lahoradelcampo.com.uy\/site\/wp-json\/wp\/v2\/posts\/24282\/revisions"}],"predecessor-version":[{"id":24308,"href":"https:\/\/lahoradelcampo.com.uy\/site\/wp-json\/wp\/v2\/posts\/24282\/revisions\/24308"}],"wp:featuredmedia":[{"embeddable":true,"href":"https:\/\/lahoradelcampo.com.uy\/site\/wp-json\/wp\/v2\/media\/24306"}],"wp:attachment":[{"href":"https:\/\/lahoradelcampo.com.uy\/site\/wp-json\/wp\/v2\/media?parent=24282"}],"wp:term":[{"taxonomy":"category","embeddable":true,"href":"https:\/\/lahoradelcampo.com.uy\/site\/wp-json\/wp\/v2\/categories?post=24282"},{"taxonomy":"post_tag","embeddable":true,"href":"https:\/\/lahoradelcampo.com.uy\/site\/wp-json\/wp\/v2\/tags?post=24282"}],"curies":[{"name":"wp","href":"https:\/\/api.w.org\/{rel}","templated":true}]}}