{"id":24278,"date":"2020-10-03T08:59:56","date_gmt":"2020-10-03T11:59:56","guid":{"rendered":"http:\/\/lahoradelcampo.com.uy\/site\/?p=24278"},"modified":"2020-10-03T09:21:48","modified_gmt":"2020-10-03T12:21:48","slug":"el-progreso-y-anita-sg-presentaron-los-mejores-ejemplares-en-ideal","status":"publish","type":"post","link":"https:\/\/lahoradelcampo.com.uy\/site\/el-progreso-y-anita-sg-presentaron-los-mejores-ejemplares-en-ideal\/","title":{"rendered":"El Progreso y Anita SG presentaron los mejores ejemplares en Ideal"},"content":{"rendered":"\n<figure class=\"wp-block-image\"><img data-recalc-dims=\"1\" loading=\"lazy\" decoding=\"async\" width=\"810\" height=\"405\" data-attachment-id=\"24272\" data-permalink=\"https:\/\/lahoradelcampo.com.uy\/site\/la-magdalena-y-cerro-del-bombero-presentaron-el-mejor-merino-australiano-de-pedigree\/idealanitasalto\/\" data-orig-file=\"https:\/\/i0.wp.com\/lahoradelcampo.com.uy\/site\/wp-content\/uploads\/2020\/10\/IdealANITASalto.jpg?fit=880%2C440&amp;ssl=1\" data-orig-size=\"880,440\" data-comments-opened=\"1\" data-image-meta=\"{&quot;aperture&quot;:&quot;0&quot;,&quot;credit&quot;:&quot;&quot;,&quot;camera&quot;:&quot;&quot;,&quot;caption&quot;:&quot;&quot;,&quot;created_timestamp&quot;:&quot;0&quot;,&quot;copyright&quot;:&quot;&quot;,&quot;focal_length&quot;:&quot;0&quot;,&quot;iso&quot;:&quot;0&quot;,&quot;shutter_speed&quot;:&quot;0&quot;,&quot;title&quot;:&quot;&quot;,&quot;orientation&quot;:&quot;1&quot;}\" data-image-title=\"Ideal ANITA ExpoSalto\" data-image-description=\"\" data-image-caption=\"\" data-large-file=\"https:\/\/i0.wp.com\/lahoradelcampo.com.uy\/site\/wp-content\/uploads\/2020\/10\/IdealANITASalto.jpg?fit=810%2C405&amp;ssl=1\" src=\"https:\/\/i0.wp.com\/lahoradelcampo.com.uy\/site\/wp-content\/uploads\/2020\/10\/IdealANITASalto.jpg?resize=810%2C405\" alt=\"\" class=\"wp-image-24272\" srcset=\"https:\/\/i0.wp.com\/lahoradelcampo.com.uy\/site\/wp-content\/uploads\/2020\/10\/IdealANITASalto.jpg?w=880&amp;ssl=1 880w, https:\/\/i0.wp.com\/lahoradelcampo.com.uy\/site\/wp-content\/uploads\/2020\/10\/IdealANITASalto.jpg?resize=300%2C150&amp;ssl=1 300w, https:\/\/i0.wp.com\/lahoradelcampo.com.uy\/site\/wp-content\/uploads\/2020\/10\/IdealANITASalto.jpg?resize=768%2C384&amp;ssl=1 768w, https:\/\/i0.wp.com\/lahoradelcampo.com.uy\/site\/wp-content\/uploads\/2020\/10\/IdealANITASalto.jpg?resize=820%2C410&amp;ssl=1 820w\" sizes=\"auto, (max-width: 810px) 100vw, 810px\" \/><\/figure>\n\n\n\n<p>Jurado Antonio y Santiago Arrospide. <\/p>\n\n\n\n<p>En la raza Ideal, Pedigr\u00ed: Gran Campe\u00f3n y Mejor Vell\u00f3n de Juan Manuel Lorenzelli; reservado Gran Campe\u00f3n y Tercer Mejor Macho de Anita SG. En hembras, Gran Campeona de Juan Manuel Lorenzelli; reservada Gran Campeona del mismo expositor.<br><\/p>\n\n\n\n<p>Ideal Puro de Origen, Gran Campe\u00f3n de Anita SG, reservado Gran Campe\u00f3n de Juan Manuel Lorenzelli.<\/p>\n","protected":false},"excerpt":{"rendered":"<p>Jurado Antonio y Santiago Arrospide. En la raza Ideal, Pedigr\u00ed: Gran Campe\u00f3n y Mejor Vell\u00f3n de Juan Manuel Lorenzelli; reservado Gran Campe\u00f3n y Tercer Mejor Macho de Anita SG. En [&hellip;]<\/p>\n","protected":false},"author":5,"featured_media":24272,"comment_status":"open","ping_status":"open","sticky":false,"template":"","format":"standard","meta":{"_price":"","_stock":"","_tribe_ticket_header":"","_tribe_default_ticket_provider":"","_tribe_ticket_capacity":"0","_ticket_start_date":"","_ticket_end_date":"","_tribe_ticket_show_description":"","_tribe_ticket_show_not_going":false,"_tribe_ticket_use_global_stock":"","_tribe_ticket_global_stock_level":"","_global_stock_mode":"","_global_stock_cap":"","_tribe_rsvp_for_event":"","_tribe_ticket_going_count":"","_tribe_ticket_not_going_count":"","_tribe_tickets_list":"[]","_tribe_ticket_has_attendee_info_fields":false,"h5ap_radio_sources":[],"_jetpack_newsletter_access":"","_jetpack_dont_email_post_to_subs":false,"_jetpack_newsletter_tier_id":0,"_jetpack_memberships_contains_paywalled_content":false,"_jetpack_memberships_contains_paid_content":false,"footnotes":""},"categories":[21,5],"tags":[],"class_list":["post-24278","post","type-post","status-publish","format-standard","has-post-thumbnail","hentry","category-actualidad","category-ganaderia"],"jetpack_featured_media_url":"https:\/\/i0.wp.com\/lahoradelcampo.com.uy\/site\/wp-content\/uploads\/2020\/10\/IdealANITASalto.jpg?fit=880%2C440&ssl=1","jetpack_sharing_enabled":true,"jetpack_shortlink":"https:\/\/wp.me\/p99IaT-6jA","jetpack-related-posts":[{"id":14295,"url":"https:\/\/lahoradelcampo.com.uy\/site\/la-raza-ideal-presento-su-potencial-en-las-pistas-del-prado\/","url_meta":{"origin":24278,"position":0},"title":"La raza Ideal present\u00f3 su potencial en las pistas del Prado","author":"La Hora del Campo","date":"17 septiembre, 2019","format":false,"excerpt":"Roberto Da Costa Porto y Horacio Yerpo fueron los responsables de calificar en la raza Ideal, con destaque para productos de caba\u00f1a Anita de Martinicorena en pedigr\u00ed y de \u201cEl Progreso\u201d de Lorenzelli en Puros de origen. En pedigr\u00ed el Gran Campe\u00f3n fue de Anita, reservado Gran Campe\u00f3n y mejor\u2026","rel":"","context":"En \u00abActualidad\u00bb","block_context":{"text":"Actualidad","link":"https:\/\/lahoradelcampo.com.uy\/site\/category\/actualidad\/"},"img":{"alt_text":"","src":"https:\/\/i0.wp.com\/lahoradelcampo.com.uy\/site\/wp-content\/uploads\/2019\/09\/ideal-prado.jpg?fit=880%2C440&ssl=1&resize=350%2C200","width":350,"height":200,"srcset":"https:\/\/i0.wp.com\/lahoradelcampo.com.uy\/site\/wp-content\/uploads\/2019\/09\/ideal-prado.jpg?fit=880%2C440&ssl=1&resize=350%2C200 1x, https:\/\/i0.wp.com\/lahoradelcampo.com.uy\/site\/wp-content\/uploads\/2019\/09\/ideal-prado.jpg?fit=880%2C440&ssl=1&resize=525%2C300 1.5x, https:\/\/i0.wp.com\/lahoradelcampo.com.uy\/site\/wp-content\/uploads\/2019\/09\/ideal-prado.jpg?fit=880%2C440&ssl=1&resize=700%2C400 2x"},"classes":[]},{"id":56810,"url":"https:\/\/lahoradelcampo.com.uy\/site\/ideal-mostro-animales-de-gran-nivel-genetico-y-productivo\/","url_meta":{"origin":24278,"position":1},"title":"Ideal mostr\u00f3 animales de gran nivel gen\u00e9tico y productivo","author":"La Hora del Campo","date":"13 septiembre, 2025","format":false,"excerpt":"La jura de la raza Ideal en la Expo Prado volvi\u00f3 a mostrar ejemplares de gran nivel gen\u00e9tico y productivo, confirmando el peso de esta raza en la producci\u00f3n ovina nacional. En la categor\u00eda pedigree, el Gran Campe\u00f3n fue otorgado a caba\u00f1a El Progreso de Juan Manuel Lorenzelli, mientras que\u2026","rel":"","context":"En \u00abActualidad\u00bb","block_context":{"text":"Actualidad","link":"https:\/\/lahoradelcampo.com.uy\/site\/category\/actualidad\/"},"img":{"alt_text":"","src":"https:\/\/i0.wp.com\/lahoradelcampo.com.uy\/site\/wp-content\/uploads\/2025\/09\/prado-2025-ideall.jpg?fit=880%2C440&ssl=1&resize=350%2C200","width":350,"height":200,"srcset":"https:\/\/i0.wp.com\/lahoradelcampo.com.uy\/site\/wp-content\/uploads\/2025\/09\/prado-2025-ideall.jpg?fit=880%2C440&ssl=1&resize=350%2C200 1x, https:\/\/i0.wp.com\/lahoradelcampo.com.uy\/site\/wp-content\/uploads\/2025\/09\/prado-2025-ideall.jpg?fit=880%2C440&ssl=1&resize=525%2C300 1.5x, https:\/\/i0.wp.com\/lahoradelcampo.com.uy\/site\/wp-content\/uploads\/2025\/09\/prado-2025-ideall.jpg?fit=880%2C440&ssl=1&resize=700%2C400 2x"},"classes":[]},{"id":14825,"url":"https:\/\/lahoradelcampo.com.uy\/site\/el-gran-campeon-po-y-la-gran-campeona-pi-fueron-expuestos-por-anita-de-martinicorena-hnos\/","url_meta":{"origin":24278,"position":2},"title":"El Gran Camp\u00e9on PO y la Gran Campeona PI fueron expuestos por \u00abAnita\u00bb de Martinicorena Hnos","author":"La Hora del Campo","date":"5 octubre, 2019","format":false,"excerpt":"La raza Ideal, volvi\u00f3 a sobresalir, por la cantidad y calidad de lo que se exhibe, en la exposici\u00f3n todos los a\u00f1os y con materiales gen\u00e9ticos del departamento. Las calificaciones ayer, estuvieron a cargo de los hermanos Alvarez, V\u00edctor y Agustina, quienes se mostraron muy satisfechos por lo expuesto en\u2026","rel":"","context":"En \u00abActualidad\u00bb","block_context":{"text":"Actualidad","link":"https:\/\/lahoradelcampo.com.uy\/site\/category\/actualidad\/"},"img":{"alt_text":"","src":"https:\/\/i0.wp.com\/lahoradelcampo.com.uy\/site\/wp-content\/uploads\/2019\/10\/expo-ideal.jpg?fit=880%2C440&ssl=1&resize=350%2C200","width":350,"height":200,"srcset":"https:\/\/i0.wp.com\/lahoradelcampo.com.uy\/site\/wp-content\/uploads\/2019\/10\/expo-ideal.jpg?fit=880%2C440&ssl=1&resize=350%2C200 1x, https:\/\/i0.wp.com\/lahoradelcampo.com.uy\/site\/wp-content\/uploads\/2019\/10\/expo-ideal.jpg?fit=880%2C440&ssl=1&resize=525%2C300 1.5x, https:\/\/i0.wp.com\/lahoradelcampo.com.uy\/site\/wp-content\/uploads\/2019\/10\/expo-ideal.jpg?fit=880%2C440&ssl=1&resize=700%2C400 2x"},"classes":[]},{"id":52568,"url":"https:\/\/lahoradelcampo.com.uy\/site\/las-razas-ovinas-coparon-las-pistas-el-viernes\/","url_meta":{"origin":24278,"position":3},"title":"Las razas ovinas coparon las pistas el viernes","author":"La Hora del Campo","date":"18 septiembre, 2023","format":false,"excerpt":"En el \u00faltimo d\u00eda de actividades de las razas ovinas en las pistas de la Expo Prado 2023, los criadores uruguayos y de la regi\u00f3n presenciaron una excelente muestra de gen\u00e9tica de las distintas razas laneras. Merilin Milton Mazzilli y Javier Da Silveira evaluaron la raza nacional \"Meril\u00edn\", que este\u2026","rel":"","context":"En \u00abActualidad\u00bb","block_context":{"text":"Actualidad","link":"https:\/\/lahoradelcampo.com.uy\/site\/category\/actualidad\/"},"img":{"alt_text":"","src":"https:\/\/i0.wp.com\/lahoradelcampo.com.uy\/site\/wp-content\/uploads\/2023\/09\/Merilin-Prado.jpg?fit=880%2C440&ssl=1&resize=350%2C200","width":350,"height":200,"srcset":"https:\/\/i0.wp.com\/lahoradelcampo.com.uy\/site\/wp-content\/uploads\/2023\/09\/Merilin-Prado.jpg?fit=880%2C440&ssl=1&resize=350%2C200 1x, https:\/\/i0.wp.com\/lahoradelcampo.com.uy\/site\/wp-content\/uploads\/2023\/09\/Merilin-Prado.jpg?fit=880%2C440&ssl=1&resize=525%2C300 1.5x, https:\/\/i0.wp.com\/lahoradelcampo.com.uy\/site\/wp-content\/uploads\/2023\/09\/Merilin-Prado.jpg?fit=880%2C440&ssl=1&resize=700%2C400 2x"},"classes":[]},{"id":23826,"url":"https:\/\/lahoradelcampo.com.uy\/site\/anita-sg-presento-la-gran-campeona-y-reservada-de-la-raza-ideal\/","url_meta":{"origin":24278,"position":4},"title":"Anita SG present\u00f3 la Gran Campeona y Reservada de la raza Ideal","author":"La Hora del Campo","date":"19 septiembre, 2020","format":false,"excerpt":"El pasado viernes en el ruedo de la Expo Prado, Agustina y V\u00edctor Alvarez fueron los encargados de calificar los mejores ejemplares de la raza Ideal, al igual que lo realizaron el a\u00f1o pasado en la Expo Salto. Fue una muestra que cont\u00f3 con varias ausencias en las caba\u00f1as, pero\u2026","rel":"","context":"En \u00abActualidad\u00bb","block_context":{"text":"Actualidad","link":"https:\/\/lahoradelcampo.com.uy\/site\/category\/actualidad\/"},"img":{"alt_text":"","src":"https:\/\/i0.wp.com\/lahoradelcampo.com.uy\/site\/wp-content\/uploads\/2020\/09\/AnitaSGPrado.jpg?fit=880%2C440&ssl=1&resize=350%2C200","width":350,"height":200,"srcset":"https:\/\/i0.wp.com\/lahoradelcampo.com.uy\/site\/wp-content\/uploads\/2020\/09\/AnitaSGPrado.jpg?fit=880%2C440&ssl=1&resize=350%2C200 1x, https:\/\/i0.wp.com\/lahoradelcampo.com.uy\/site\/wp-content\/uploads\/2020\/09\/AnitaSGPrado.jpg?fit=880%2C440&ssl=1&resize=525%2C300 1.5x, https:\/\/i0.wp.com\/lahoradelcampo.com.uy\/site\/wp-content\/uploads\/2020\/09\/AnitaSGPrado.jpg?fit=880%2C440&ssl=1&resize=700%2C400 2x"},"classes":[]},{"id":46003,"url":"https:\/\/lahoradelcampo.com.uy\/site\/anita-sg-presento-las-mejores-hembras-del-ideal-para-los-jurados-argentinos\/","url_meta":{"origin":24278,"position":5},"title":"Anita SG present\u00f3 las mejores hembras del Ideal para los jurados argentinos","author":"La Hora del Campo","date":"1 octubre, 2022","format":false,"excerpt":"Los criadores argentinos Roberto Surt y Miguel Marticorena, de la zona de Chajar\u00ed y Curuz\u00fa Cuat\u00eda respectivamente, fueron los encargados de seleccionar los mejores ejemplares de una muestra que expuso un excelente potencial gen\u00e9tico, tanto en machos como en hembras. En el caso de las hembras, ambos jurados destacaron la\u2026","rel":"","context":"En \u00abActualidad\u00bb","block_context":{"text":"Actualidad","link":"https:\/\/lahoradelcampo.com.uy\/site\/category\/actualidad\/"},"img":{"alt_text":"","src":"https:\/\/i0.wp.com\/lahoradelcampo.com.uy\/site\/wp-content\/uploads\/2022\/10\/ExpoSalto-Ideal.jpg?fit=880%2C440&ssl=1&resize=350%2C200","width":350,"height":200,"srcset":"https:\/\/i0.wp.com\/lahoradelcampo.com.uy\/site\/wp-content\/uploads\/2022\/10\/ExpoSalto-Ideal.jpg?fit=880%2C440&ssl=1&resize=350%2C200 1x, https:\/\/i0.wp.com\/lahoradelcampo.com.uy\/site\/wp-content\/uploads\/2022\/10\/ExpoSalto-Ideal.jpg?fit=880%2C440&ssl=1&resize=525%2C300 1.5x, https:\/\/i0.wp.com\/lahoradelcampo.com.uy\/site\/wp-content\/uploads\/2022\/10\/ExpoSalto-Ideal.jpg?fit=880%2C440&ssl=1&resize=700%2C400 2x"},"classes":[]}],"jetpack_likes_enabled":true,"_links":{"self":[{"href":"https:\/\/lahoradelcampo.com.uy\/site\/wp-json\/wp\/v2\/posts\/24278","targetHints":{"allow":["GET"]}}],"collection":[{"href":"https:\/\/lahoradelcampo.com.uy\/site\/wp-json\/wp\/v2\/posts"}],"about":[{"href":"https:\/\/lahoradelcampo.com.uy\/site\/wp-json\/wp\/v2\/types\/post"}],"author":[{"embeddable":true,"href":"https:\/\/lahoradelcampo.com.uy\/site\/wp-json\/wp\/v2\/users\/5"}],"replies":[{"embeddable":true,"href":"https:\/\/lahoradelcampo.com.uy\/site\/wp-json\/wp\/v2\/comments?post=24278"}],"version-history":[{"count":1,"href":"https:\/\/lahoradelcampo.com.uy\/site\/wp-json\/wp\/v2\/posts\/24278\/revisions"}],"predecessor-version":[{"id":24280,"href":"https:\/\/lahoradelcampo.com.uy\/site\/wp-json\/wp\/v2\/posts\/24278\/revisions\/24280"}],"wp:featuredmedia":[{"embeddable":true,"href":"https:\/\/lahoradelcampo.com.uy\/site\/wp-json\/wp\/v2\/media\/24272"}],"wp:attachment":[{"href":"https:\/\/lahoradelcampo.com.uy\/site\/wp-json\/wp\/v2\/media?parent=24278"}],"wp:term":[{"taxonomy":"category","embeddable":true,"href":"https:\/\/lahoradelcampo.com.uy\/site\/wp-json\/wp\/v2\/categories?post=24278"},{"taxonomy":"post_tag","embeddable":true,"href":"https:\/\/lahoradelcampo.com.uy\/site\/wp-json\/wp\/v2\/tags?post=24278"}],"curies":[{"name":"wp","href":"https:\/\/api.w.org\/{rel}","templated":true}]}}