{"id":24268,"date":"2020-10-03T08:58:20","date_gmt":"2020-10-03T11:58:20","guid":{"rendered":"http:\/\/lahoradelcampo.com.uy\/site\/?p=24268"},"modified":"2020-10-03T08:58:24","modified_gmt":"2020-10-03T11:58:24","slug":"la-magdalena-y-cerro-del-bombero-presentaron-el-mejor-merino-australiano-de-pedigree","status":"publish","type":"post","link":"https:\/\/lahoradelcampo.com.uy\/site\/la-magdalena-y-cerro-del-bombero-presentaron-el-mejor-merino-australiano-de-pedigree\/","title":{"rendered":"La Magdalena y Cerro del Bombero presentaron  el mejor Merino Australiano de Pedigree"},"content":{"rendered":"\n<figure class=\"wp-block-image\"><img data-recalc-dims=\"1\" loading=\"lazy\" decoding=\"async\" width=\"810\" height=\"405\" data-attachment-id=\"24270\" data-permalink=\"https:\/\/lahoradelcampo.com.uy\/site\/la-magdalena-y-cerro-del-bombero-presentaron-el-mejor-merino-australiano-de-pedigree\/merinolamagdalena\/\" data-orig-file=\"https:\/\/i0.wp.com\/lahoradelcampo.com.uy\/site\/wp-content\/uploads\/2020\/10\/MerinoLaMagdalena.jpg?fit=880%2C440&amp;ssl=1\" data-orig-size=\"880,440\" data-comments-opened=\"1\" data-image-meta=\"{&quot;aperture&quot;:&quot;0&quot;,&quot;credit&quot;:&quot;&quot;,&quot;camera&quot;:&quot;&quot;,&quot;caption&quot;:&quot;&quot;,&quot;created_timestamp&quot;:&quot;0&quot;,&quot;copyright&quot;:&quot;&quot;,&quot;focal_length&quot;:&quot;0&quot;,&quot;iso&quot;:&quot;0&quot;,&quot;shutter_speed&quot;:&quot;0&quot;,&quot;title&quot;:&quot;&quot;,&quot;orientation&quot;:&quot;1&quot;}\" data-image-title=\"MerinoLaMagdalena\" data-image-description=\"\" data-image-caption=\"\" data-large-file=\"https:\/\/i0.wp.com\/lahoradelcampo.com.uy\/site\/wp-content\/uploads\/2020\/10\/MerinoLaMagdalena.jpg?fit=810%2C405&amp;ssl=1\" src=\"https:\/\/i0.wp.com\/lahoradelcampo.com.uy\/site\/wp-content\/uploads\/2020\/10\/MerinoLaMagdalena.jpg?resize=810%2C405\" alt=\"\" class=\"wp-image-24270\" srcset=\"https:\/\/i0.wp.com\/lahoradelcampo.com.uy\/site\/wp-content\/uploads\/2020\/10\/MerinoLaMagdalena.jpg?w=880&amp;ssl=1 880w, https:\/\/i0.wp.com\/lahoradelcampo.com.uy\/site\/wp-content\/uploads\/2020\/10\/MerinoLaMagdalena.jpg?resize=300%2C150&amp;ssl=1 300w, https:\/\/i0.wp.com\/lahoradelcampo.com.uy\/site\/wp-content\/uploads\/2020\/10\/MerinoLaMagdalena.jpg?resize=768%2C384&amp;ssl=1 768w, https:\/\/i0.wp.com\/lahoradelcampo.com.uy\/site\/wp-content\/uploads\/2020\/10\/MerinoLaMagdalena.jpg?resize=820%2C410&amp;ssl=1 820w\" sizes=\"auto, (max-width: 810px) 100vw, 810px\" \/><\/figure>\n\n\n\n<p>Salto volvi\u00f3 a ser la capital del Merino, exhibiendo en la pista la calidad de la mejor lana del pa\u00eds, en ejemplares que enaltecen la jerarqu\u00eda de la raza, se\u00f1al\u00f3 el doctor Adolfo Casaretto, encargado de calificar en la muestra.<br><\/p>\n\n\n\n<p>El ex t\u00e9cnico del Secretariado Uruguayo de la Lana (SUL), que tuvo como secretario al ingeniero agr\u00f3nomo Jos\u00e9 Francisco Ramos, se encontr\u00f3 con \u201cun impresionante nivel de los animales, tanto en fenotipo como en datos gen\u00e9ticos\u201d, en una muestra que catalog\u00f3 de \u201cribetes espectaculares\u201d.<br><\/p>\n\n\n\n<p>Sobre el ejemplar expuesto por las caba\u00f1as \u201cLa Magdalena\u201d de Los Tordos y \u201cCerro del Bombero\u201d de Sucesores Mar\u00eda Carmen de Le\u00f3n y que administra el ingeniero agr\u00f3nomo Juan Bazzano, dijo que \u201ces un animal verdaderamente llamativo, nunca visto para un animal de \u00e9lite, no solo por la calidad de vel\u00f3n, sino tambi\u00e9n por su peso y micronaje, y los datos que presenta, que est\u00e1n en 1% entre los animales superiores de la raza\u201d.<br><\/p>\n\n\n\n<p>De todas maneras, el Campe\u00f3n Supremo de la muestra fue el Gran Campe\u00f3n Poll Merino Australiano expuesto por \u201cEl Araz\u00e1\u201d de Sucesores de Arturo Aguerre. Casaretto indic\u00f3 que \u201ca lo largo de toda la jura tratamos de ser equilibrados, balanceando el m\u00e9rito morfol\u00f3gico del animal en la pista, complement\u00e1ndolo con la tremenda informaci\u00f3n que tiene la gen\u00e9tica ovina\u201d.<br><\/p>\n\n\n\n<p>Se inclin\u00f3 para dar el veredicto en el mocho por \u201cla diferencia que hab\u00eda en sus datos objetivos\u201d, aclar\u00f3 el profesional.<br><\/p>\n\n\n\n<p>Sobre las hembras, sostuvo que \u201cestuvieron acordes al nivel de los machos\u201d, rescatando que \u201clo que viene a Salto siempre es muy bueno, y cuesta encontrar los animales m\u00e1s inferiores\u201d.<br><\/p>\n\n\n\n<p><strong>Veredictos<\/strong><\/p>\n\n\n\n<p><strong>Merino australiano pedigr\u00ed:<\/strong> Gran Campe\u00f3n y Mejor Vell\u00f3n de La Magdalena de Los Tordos; reservado Gran Campe\u00f3n de Los Tordos y Tercer Mejor Macho de Sucesores Arturo Aguerre. En hembras, Gran Campeona de Correa Hnos.; reservada Gran Campeona y mejor vell\u00f3n de Los Tordos.<br><\/p>\n\n\n\n<p><strong>Merino Australiano Puro de Origen:<\/strong> Gran Campe\u00f3n y Campe\u00f3n Supremo Puro de Origen de Los Tordos; reservado Gran Campe\u00f3n de Los Tordos y Tercer Mejor Macho y mejor vell\u00f3n de Los Tordos. En hembras: Gran Campeona de Los Tordos; reservada Gran Campeona del mismo expositor, y tercera mejor hembra de Juan Carlos Tafernaberry Bustince.<br><\/p>\n\n\n\n<p><strong>Poll Merino Australiano pedigr\u00ed:<\/strong> Gran Campe\u00f3n y Campe\u00f3n Supremo pedigr\u00ed y de la Exposici\u00f3n, de sucesores Arturo Aguerre; reservado Gran Campe\u00f3n del mismo expositor y Tercer Mejor Macho de Correa hnos. En hembras, Gran Campeona de Correa hnos.; reservada Gran Campeona de Juan Carlos Tafernaberry Bustince y Tercera Mejor Hembra de Correa Hnos.<br><\/p>\n\n\n\n<p><strong>Poll Merino Australiano Puro de Origen:<\/strong> Gran Campe\u00f3n y reservado Gran Campe\u00f3n de Los Tordos; Tercer Mejor Macho de caba\u00f1a San Antonio. En hembras, Gran Campeona y mejor vell\u00f3n de Los Tordos; reservada Gran Campeona de Los Tordos.<\/p>\n\n\n\n<p style=\"text-align:right\"><strong>Salto, 3 de octubre de 2020<\/strong><\/p>\n","protected":false},"excerpt":{"rendered":"<p>Salto volvi\u00f3 a ser la capital del Merino, exhibiendo en la pista la calidad de la mejor lana del pa\u00eds, en ejemplares que enaltecen la jerarqu\u00eda de la raza, se\u00f1al\u00f3 [&hellip;]<\/p>\n","protected":false},"author":5,"featured_media":24270,"comment_status":"open","ping_status":"open","sticky":false,"template":"","format":"standard","meta":{"_price":"","_stock":"","_tribe_ticket_header":"","_tribe_default_ticket_provider":"","_tribe_ticket_capacity":"0","_ticket_start_date":"","_ticket_end_date":"","_tribe_ticket_show_description":"","_tribe_ticket_show_not_going":false,"_tribe_ticket_use_global_stock":"","_tribe_ticket_global_stock_level":"","_global_stock_mode":"","_global_stock_cap":"","_tribe_rsvp_for_event":"","_tribe_ticket_going_count":"","_tribe_ticket_not_going_count":"","_tribe_tickets_list":"[]","_tribe_ticket_has_attendee_info_fields":false,"h5ap_radio_sources":[],"_jetpack_newsletter_access":"","_jetpack_dont_email_post_to_subs":false,"_jetpack_newsletter_tier_id":0,"_jetpack_memberships_contains_paywalled_content":false,"_jetpack_memberships_contains_paid_content":false,"footnotes":""},"categories":[21,5],"tags":[],"class_list":["post-24268","post","type-post","status-publish","format-standard","has-post-thumbnail","hentry","category-actualidad","category-ganaderia"],"jetpack_featured_media_url":"https:\/\/i0.wp.com\/lahoradelcampo.com.uy\/site\/wp-content\/uploads\/2020\/10\/MerinoLaMagdalena.jpg?fit=880%2C440&ssl=1","jetpack_sharing_enabled":true,"jetpack_shortlink":"https:\/\/wp.me\/p99IaT-6jq","jetpack-related-posts":[{"id":55108,"url":"https:\/\/lahoradelcampo.com.uy\/site\/cerro-del-bombero-mantuvo-su-productividad-mas-alla-de-los-desafios-climaticos\/","url_meta":{"origin":24268,"position":0},"title":"\u00abCerro del Bombero\u00bb mantuvo su productividad m\u00e1s all\u00e1 de los desaf\u00edos clim\u00e1ticos","author":"La Hora del Campo","date":"13 noviembre, 2024","format":false,"excerpt":"En el marco del D\u00eda Nacional del Campo Natural, celebrado el lunes 11 de noviembre en el establecimiento \"Cerro del Bombero\", el ingeniero agr\u00f3nomo Juan Bazzano De Le\u00f3n expuso los resultados y estrategias aplicadas en las \u00faltimas campa\u00f1as agr\u00edcolas-ganaderas, destacando c\u00f3mo la gesti\u00f3n eficiente del pasto permiti\u00f3 enfrentar las adversidades\u2026","rel":"","context":"En \u00abActualidad\u00bb","block_context":{"text":"Actualidad","link":"https:\/\/lahoradelcampo.com.uy\/site\/category\/actualidad\/"},"img":{"alt_text":"","src":"https:\/\/i0.wp.com\/lahoradelcampo.com.uy\/site\/wp-content\/uploads\/2024\/11\/Cerrodelbombero.jpg?fit=880%2C440&ssl=1&resize=350%2C200","width":350,"height":200,"srcset":"https:\/\/i0.wp.com\/lahoradelcampo.com.uy\/site\/wp-content\/uploads\/2024\/11\/Cerrodelbombero.jpg?fit=880%2C440&ssl=1&resize=350%2C200 1x, https:\/\/i0.wp.com\/lahoradelcampo.com.uy\/site\/wp-content\/uploads\/2024\/11\/Cerrodelbombero.jpg?fit=880%2C440&ssl=1&resize=525%2C300 1.5x, https:\/\/i0.wp.com\/lahoradelcampo.com.uy\/site\/wp-content\/uploads\/2024\/11\/Cerrodelbombero.jpg?fit=880%2C440&ssl=1&resize=700%2C400 2x"},"classes":[]},{"id":55086,"url":"https:\/\/lahoradelcampo.com.uy\/site\/dia-nacional-del-campo-natural-se-realiza-hoy-en-cerro-del-bombero\/","url_meta":{"origin":24268,"position":1},"title":"D\u00eda Nacional del Campo Natural se realiza hoy en \u201cCerro del Bombero\u201d","author":"La Hora del Campo","date":"11 noviembre, 2024","format":false,"excerpt":"En el marco del D\u00eda Nacional del Campo Natural, se realiza la \u00faltima jornada de campo del proyecto Gesti\u00f3n del Pasto y Entrega Paspalum de Oro 2024, actividad a realizarse hoy lunes 11 de noviembre en el establecimiento \u201cCerro del Bombero\u201d de la familia Bazzano Falcone, en la zona de\u2026","rel":"","context":"En \u00abActualidad\u00bb","block_context":{"text":"Actualidad","link":"https:\/\/lahoradelcampo.com.uy\/site\/category\/actualidad\/"},"img":{"alt_text":"","src":"https:\/\/i0.wp.com\/lahoradelcampo.com.uy\/site\/wp-content\/uploads\/2024\/03\/campocolonos.jpg?fit=880%2C440&ssl=1&resize=350%2C200","width":350,"height":200,"srcset":"https:\/\/i0.wp.com\/lahoradelcampo.com.uy\/site\/wp-content\/uploads\/2024\/03\/campocolonos.jpg?fit=880%2C440&ssl=1&resize=350%2C200 1x, https:\/\/i0.wp.com\/lahoradelcampo.com.uy\/site\/wp-content\/uploads\/2024\/03\/campocolonos.jpg?fit=880%2C440&ssl=1&resize=525%2C300 1.5x, https:\/\/i0.wp.com\/lahoradelcampo.com.uy\/site\/wp-content\/uploads\/2024\/03\/campocolonos.jpg?fit=880%2C440&ssl=1&resize=700%2C400 2x"},"classes":[]},{"id":17824,"url":"https:\/\/lahoradelcampo.com.uy\/site\/muy-firme-demanda-por-merino-australiano-y-corriedale-en-la-agropecuaria-de-salto\/","url_meta":{"origin":24268,"position":2},"title":"Muy firme demanda por Merino Australiano y Corriedale en la Agropecuaria de Salto","author":"La Hora del Campo","date":"5 marzo, 2020","format":false,"excerpt":"En la Agropecuaria de Salto y a cargo Bertsch, Correa y San Rom\u00e1n, se desarroll\u00f3 en la noche de ayer el tradicional remate de ovinos de caba\u00f1as \u201cLa Magdalena\u201d de Los Tordos S. en C., \u201cLa Pradera\u201d de sucesores de Federico Stirling y \u201cLa Milagrosa\u201d del ingeniero agr\u00f3nomo Alejandro Stirling,\u2026","rel":"","context":"En \u00abActualidad\u00bb","block_context":{"text":"Actualidad","link":"https:\/\/lahoradelcampo.com.uy\/site\/category\/actualidad\/"},"img":{"alt_text":"","src":"https:\/\/i0.wp.com\/lahoradelcampo.com.uy\/site\/wp-content\/uploads\/2020\/03\/rematelamagdalena.jpg?fit=880%2C440&ssl=1&resize=350%2C200","width":350,"height":200,"srcset":"https:\/\/i0.wp.com\/lahoradelcampo.com.uy\/site\/wp-content\/uploads\/2020\/03\/rematelamagdalena.jpg?fit=880%2C440&ssl=1&resize=350%2C200 1x, https:\/\/i0.wp.com\/lahoradelcampo.com.uy\/site\/wp-content\/uploads\/2020\/03\/rematelamagdalena.jpg?fit=880%2C440&ssl=1&resize=525%2C300 1.5x, https:\/\/i0.wp.com\/lahoradelcampo.com.uy\/site\/wp-content\/uploads\/2020\/03\/rematelamagdalena.jpg?fit=880%2C440&ssl=1&resize=700%2C400 2x"},"classes":[]},{"id":11775,"url":"https:\/\/lahoradelcampo.com.uy\/site\/mejora-genetica-sustenta-el-buen-hereford-de-cerro-del-bombero\/","url_meta":{"origin":24268,"position":3},"title":"Mejora gen\u00e9tica sustenta el buen Hereford de Cerro del Bombero","author":"La Hora del Campo","date":"14 junio, 2019","format":false,"excerpt":"El ingeniero agr\u00f3nomo Juan Bazzano est\u00e1 convencido que \u201cla mejora gen\u00e9tica, con el manejo, la alimentaci\u00f3n y la sanidad, sustentan el buen Hereford de Cerro del Bombero\u201d, establecimiento ubicado en las costas del Queguay Grande en la 11\u00aa seccional policial del departamento de Paysand\u00fa, y que recibi\u00f3 a la gira\u2026","rel":"","context":"En \u00abActualidad\u00bb","block_context":{"text":"Actualidad","link":"https:\/\/lahoradelcampo.com.uy\/site\/category\/actualidad\/"},"img":{"alt_text":"","src":"https:\/\/i0.wp.com\/lahoradelcampo.com.uy\/site\/wp-content\/uploads\/2019\/06\/hereford-bombero.jpg?fit=880%2C440&ssl=1&resize=350%2C200","width":350,"height":200,"srcset":"https:\/\/i0.wp.com\/lahoradelcampo.com.uy\/site\/wp-content\/uploads\/2019\/06\/hereford-bombero.jpg?fit=880%2C440&ssl=1&resize=350%2C200 1x, https:\/\/i0.wp.com\/lahoradelcampo.com.uy\/site\/wp-content\/uploads\/2019\/06\/hereford-bombero.jpg?fit=880%2C440&ssl=1&resize=525%2C300 1.5x, https:\/\/i0.wp.com\/lahoradelcampo.com.uy\/site\/wp-content\/uploads\/2019\/06\/hereford-bombero.jpg?fit=880%2C440&ssl=1&resize=700%2C400 2x"},"classes":[]},{"id":18070,"url":"https:\/\/lahoradelcampo.com.uy\/site\/alta-genetica-y-firme-demanda-en-las-ventas-caracterizo-el-19o-dia-del-merino-en-paysandu\/","url_meta":{"origin":24268,"position":4},"title":"Alta gen\u00e9tica y firme demanda en las ventas, caracteriz\u00f3 el 19\u00ba D\u00eda del Merino en Paysand\u00fa","author":"La Hora del Campo","date":"16 marzo, 2020","format":false,"excerpt":"El 19\u00ba D\u00eda del Merino realizado el viernes en el predio de la Exposici\u00f3n Feria de Paysand\u00fa, y que por tercera vez se concretara en \u00e9ste departamento, no fue un d\u00eda m\u00e1s. Los m\u00e1s memoriosos se remontaron a marzo de 2001 cuando en \u201cCosta del Sauce\u201d de Te\u00f3filo y Elgary\u2026","rel":"","context":"En \u00abActualidad\u00bb","block_context":{"text":"Actualidad","link":"https:\/\/lahoradelcampo.com.uy\/site\/category\/actualidad\/"},"img":{"alt_text":"","src":"https:\/\/i0.wp.com\/lahoradelcampo.com.uy\/site\/wp-content\/uploads\/2020\/03\/merino-zambrano.jpg?fit=880%2C440&ssl=1&resize=350%2C200","width":350,"height":200,"srcset":"https:\/\/i0.wp.com\/lahoradelcampo.com.uy\/site\/wp-content\/uploads\/2020\/03\/merino-zambrano.jpg?fit=880%2C440&ssl=1&resize=350%2C200 1x, https:\/\/i0.wp.com\/lahoradelcampo.com.uy\/site\/wp-content\/uploads\/2020\/03\/merino-zambrano.jpg?fit=880%2C440&ssl=1&resize=525%2C300 1.5x, https:\/\/i0.wp.com\/lahoradelcampo.com.uy\/site\/wp-content\/uploads\/2020\/03\/merino-zambrano.jpg?fit=880%2C440&ssl=1&resize=700%2C400 2x"},"classes":[]},{"id":14817,"url":"https:\/\/lahoradelcampo.com.uy\/site\/el-merino-salteno-se-lucio-en-la-pista\/","url_meta":{"origin":24268,"position":5},"title":"El merino salte\u00f1o se luci\u00f3 en la pista","author":"La Hora del Campo","date":"5 octubre, 2019","format":false,"excerpt":"En una pista de gen\u00e9tica destacada, con lo mejor del Merino en el pa\u00eds, la muestra de la raza en la exposici\u00f3n salte\u00f1a volvi\u00f3 a tener como jurado al australiano Hamish McLaren, principal de la reconocida caba\u00f1a Nerstane, que por tercera vez orden\u00f3 las filas en la muestra. El experto\u2026","rel":"","context":"En \u00abActualidad\u00bb","block_context":{"text":"Actualidad","link":"https:\/\/lahoradelcampo.com.uy\/site\/category\/actualidad\/"},"img":{"alt_text":"","src":"https:\/\/i0.wp.com\/lahoradelcampo.com.uy\/site\/wp-content\/uploads\/2019\/10\/expo-merino.jpg?fit=880%2C440&ssl=1&resize=350%2C200","width":350,"height":200,"srcset":"https:\/\/i0.wp.com\/lahoradelcampo.com.uy\/site\/wp-content\/uploads\/2019\/10\/expo-merino.jpg?fit=880%2C440&ssl=1&resize=350%2C200 1x, https:\/\/i0.wp.com\/lahoradelcampo.com.uy\/site\/wp-content\/uploads\/2019\/10\/expo-merino.jpg?fit=880%2C440&ssl=1&resize=525%2C300 1.5x, https:\/\/i0.wp.com\/lahoradelcampo.com.uy\/site\/wp-content\/uploads\/2019\/10\/expo-merino.jpg?fit=880%2C440&ssl=1&resize=700%2C400 2x"},"classes":[]}],"jetpack_likes_enabled":true,"_links":{"self":[{"href":"https:\/\/lahoradelcampo.com.uy\/site\/wp-json\/wp\/v2\/posts\/24268","targetHints":{"allow":["GET"]}}],"collection":[{"href":"https:\/\/lahoradelcampo.com.uy\/site\/wp-json\/wp\/v2\/posts"}],"about":[{"href":"https:\/\/lahoradelcampo.com.uy\/site\/wp-json\/wp\/v2\/types\/post"}],"author":[{"embeddable":true,"href":"https:\/\/lahoradelcampo.com.uy\/site\/wp-json\/wp\/v2\/users\/5"}],"replies":[{"embeddable":true,"href":"https:\/\/lahoradelcampo.com.uy\/site\/wp-json\/wp\/v2\/comments?post=24268"}],"version-history":[{"count":1,"href":"https:\/\/lahoradelcampo.com.uy\/site\/wp-json\/wp\/v2\/posts\/24268\/revisions"}],"predecessor-version":[{"id":24276,"href":"https:\/\/lahoradelcampo.com.uy\/site\/wp-json\/wp\/v2\/posts\/24268\/revisions\/24276"}],"wp:featuredmedia":[{"embeddable":true,"href":"https:\/\/lahoradelcampo.com.uy\/site\/wp-json\/wp\/v2\/media\/24270"}],"wp:attachment":[{"href":"https:\/\/lahoradelcampo.com.uy\/site\/wp-json\/wp\/v2\/media?parent=24268"}],"wp:term":[{"taxonomy":"category","embeddable":true,"href":"https:\/\/lahoradelcampo.com.uy\/site\/wp-json\/wp\/v2\/categories?post=24268"},{"taxonomy":"post_tag","embeddable":true,"href":"https:\/\/lahoradelcampo.com.uy\/site\/wp-json\/wp\/v2\/tags?post=24268"}],"curies":[{"name":"wp","href":"https:\/\/api.w.org\/{rel}","templated":true}]}}