{"id":24220,"date":"2020-10-02T07:44:15","date_gmt":"2020-10-02T10:44:15","guid":{"rendered":"http:\/\/lahoradelcampo.com.uy\/site\/?p=24220"},"modified":"2020-10-02T07:44:28","modified_gmt":"2020-10-02T10:44:28","slug":"monica-silva-dejo-un-mensaje-de-esperanza-y-reconocimiento-a-las-acciones-del-gobierno-nacional","status":"publish","type":"post","link":"https:\/\/lahoradelcampo.com.uy\/site\/monica-silva-dejo-un-mensaje-de-esperanza-y-reconocimiento-a-las-acciones-del-gobierno-nacional\/","title":{"rendered":"M\u00f3nica Silva dej\u00f3 un mensaje de esperanza y reconocimiento a las acciones del Gobierno Nacional"},"content":{"rendered":"\n<figure class=\"wp-block-image\"><img data-recalc-dims=\"1\" loading=\"lazy\" decoding=\"async\" width=\"810\" height=\"405\" data-attachment-id=\"24222\" data-permalink=\"https:\/\/lahoradelcampo.com.uy\/site\/monica-silva-dejo-un-mensaje-de-esperanza-y-reconocimiento-a-las-acciones-del-gobierno-nacional\/exposalto1\/\" data-orig-file=\"https:\/\/i0.wp.com\/lahoradelcampo.com.uy\/site\/wp-content\/uploads\/2020\/10\/ExpoSalto1.jpg?fit=880%2C440&amp;ssl=1\" data-orig-size=\"880,440\" data-comments-opened=\"1\" data-image-meta=\"{&quot;aperture&quot;:&quot;0&quot;,&quot;credit&quot;:&quot;&quot;,&quot;camera&quot;:&quot;&quot;,&quot;caption&quot;:&quot;&quot;,&quot;created_timestamp&quot;:&quot;0&quot;,&quot;copyright&quot;:&quot;&quot;,&quot;focal_length&quot;:&quot;0&quot;,&quot;iso&quot;:&quot;0&quot;,&quot;shutter_speed&quot;:&quot;0&quot;,&quot;title&quot;:&quot;&quot;,&quot;orientation&quot;:&quot;1&quot;}\" data-image-title=\"ExpoSalto1\" data-image-description=\"\" data-image-caption=\"\" data-large-file=\"https:\/\/i0.wp.com\/lahoradelcampo.com.uy\/site\/wp-content\/uploads\/2020\/10\/ExpoSalto1.jpg?fit=810%2C405&amp;ssl=1\" src=\"https:\/\/i0.wp.com\/lahoradelcampo.com.uy\/site\/wp-content\/uploads\/2020\/10\/ExpoSalto1.jpg?resize=810%2C405\" alt=\"\" class=\"wp-image-24222\" srcset=\"https:\/\/i0.wp.com\/lahoradelcampo.com.uy\/site\/wp-content\/uploads\/2020\/10\/ExpoSalto1.jpg?w=880&amp;ssl=1 880w, https:\/\/i0.wp.com\/lahoradelcampo.com.uy\/site\/wp-content\/uploads\/2020\/10\/ExpoSalto1.jpg?resize=300%2C150&amp;ssl=1 300w, https:\/\/i0.wp.com\/lahoradelcampo.com.uy\/site\/wp-content\/uploads\/2020\/10\/ExpoSalto1.jpg?resize=768%2C384&amp;ssl=1 768w, https:\/\/i0.wp.com\/lahoradelcampo.com.uy\/site\/wp-content\/uploads\/2020\/10\/ExpoSalto1.jpg?resize=820%2C410&amp;ssl=1 820w\" sizes=\"auto, (max-width: 810px) 100vw, 810px\" \/><\/figure>\n\n\n\n<p>La presidente de la Asociaci\u00f3n Agropecuaria de Salto, Sra. M\u00f3nica Silva, dej\u00f3 un mensaje de esperanza y reconocimiento a las acciones llevadas adelante por el Gobierno Nacional, hacia el sector agropecuario y adem\u00e1s marc\u00f3 algunas de las necesidades que tiene la poblaci\u00f3n en el medio rural, \u00abreclamos que no paramos y no vamos a parar de hacerlo\u00bb. <br><\/p>\n\n\n\n<p>En el comienzo saludo a las diferentes autoridades y representantes de instituciones presentes, destacando y agradeciendo el tiempo brindado por el Embajador estadounidense Kent George, que visit\u00f3 la muestra. Silva destac\u00f3 especialmente a \u00abproductores, caba\u00f1eros, personal que trabaja en las estancias, en las caba\u00f1as y en nuestra expo, que gracias a ellos todo esto est\u00e1 funcionando\u00bb. <br><\/p>\n\n\n\n<p>La productora destac\u00f3 el a\u00f1o \u00abmuy dif\u00edcil\u00bb que est\u00e1 atravesando tanto el pa\u00eds como el mundo, donde resalt\u00f3 la \u00abactitud\u00bb adoptada por los habitantes y el gobierno de nuestro pa\u00eds. Y se\u00f1al\u00f3 el compromiso asumido con la sociedad en su conjunto del sector agropecuario en particular, porque \u00abel agro no puede parar\u00bb enfatiz\u00f3. <br><\/p>\n\n\n\n<p>\u00abLos tiempos de cosecha, de siembra, de encarneradas, de entores, las pariciones, los embarques a frigor\u00edficos y a puertos, el sector hort\u00edcola abarcando sus m\u00faltiples facetas, el orde\u00f1e diario del sector lechero, los tiempos biol\u00f3gicos en vegetales y animales no se detienen\u00bb remarc\u00f3 Silva, qui\u00e9n adem\u00e1s record\u00f3 la importancia del sector en la generaci\u00f3n de recursos que son claves para la econom\u00eda del pa\u00eds. <br><\/p>\n\n\n\n<p>\u00abTenemos el orgullo de decir que se confirma, seg\u00fan los datos de la declaraci\u00f3n jurada Dicose 2020, que el productor cumple. Que acepta los desaf\u00edos y eleva su producci\u00f3n apoyado por las instituciones que brindan las herramientas para las mejoras, a pesar de los altos costos econ\u00f3micos que sufrimos y reclamamos hace a\u00f1os\u00bb indic\u00f3. <br><\/p>\n\n\n\n<p>M\u00f3nica Silva dijo que la gremial no se cansa y no parar\u00e1 de plantear las necesidades que tiene la poblaci\u00f3n en el medio rural \u00absobre todo en la zona norte del pa\u00eds\u00bb, donde se necesita \u00abmejoras en las rutas, los caminos departamentales, las comunicaciones y la conectividad, la educaci\u00f3n, la salud y la atenci\u00f3n de nuestros ni\u00f1os\u00bb, esos \u00abson reclamos que no paramos y no vamos a parar de hacerlos\u00bb. <br><\/p>\n\n\n\n<p>En su discurso reconoci\u00f3 y dijo que el sector entiende la situaci\u00f3n en la cual asumi\u00f3 el gobierno nacional, en medio de una \u00abemergencia sanitaria mundial\u00bb y que \u00abla prioridad es la asistencia de los sectores m\u00e1s comprometidos de la poblaci\u00f3n\u00bb. Silva destac\u00f3 \u00abel compromiso que demuestra el Gobierno con el sector y su preocupaci\u00f3n demostrada en hechos que nos dan esperanzas de ir poco a poco mejorando las necesidades y la calidad de vida de la gente que vive tierra adentro\u00bb.<br><\/p>\n\n\n\n<p>En este sentido remarc\u00f3 las problem\u00e1ticas de los \u00ababigeatos, las jaur\u00edas de perros sin due\u00f1os, que logran terminar a veces con la cr\u00eda de los ovinos, una de las fuentes laborales de nuestra gente\u00bb. Si bien reclam\u00f3 soluciones a estos temas debido a que \u00abpierde todo el Uruguay\u00bb con estos problemas, \u00abtambi\u00e9n reconocemos que la Polic\u00eda hoy est\u00e1 en continuo movimiento y esperamos que en poco tiempo exista el presupuesto para tener los elementos para que los ayude en el combate necesario\u00bb. <br><\/p>\n\n\n\n<p>Por \u00faltimo record\u00f3 que el sector no debe descuidar la sanidad del rodeo nacional, \u00abtanto desde el MGAP como desde nosotros los productores\u00bb. M\u00f3nica Silva dijo tener esperanzas dado que desde el gobierno \u00abse conocen las problem\u00e1ticas, las comprenden, las escuchan y est\u00e1n trabajando\u00bb, por lo que dijo \u00abcuenten con nosotros para salir adelante y trabajar codo a codo\u00bb. <\/p>\n\n\n\n<p style=\"text-align:right\"><strong>Salto, 2 de octubre de 2020<\/strong><\/p>\n","protected":false},"excerpt":{"rendered":"<p>La presidente de la Asociaci\u00f3n Agropecuaria de Salto, Sra. M\u00f3nica Silva, dej\u00f3 un mensaje de esperanza y reconocimiento a las acciones llevadas adelante por el Gobierno Nacional, hacia el sector [&hellip;]<\/p>\n","protected":false},"author":5,"featured_media":24222,"comment_status":"open","ping_status":"open","sticky":false,"template":"","format":"standard","meta":{"_price":"","_stock":"","_tribe_ticket_header":"","_tribe_default_ticket_provider":"","_tribe_ticket_capacity":"0","_ticket_start_date":"","_ticket_end_date":"","_tribe_ticket_show_description":"","_tribe_ticket_show_not_going":false,"_tribe_ticket_use_global_stock":"","_tribe_ticket_global_stock_level":"","_global_stock_mode":"","_global_stock_cap":"","_tribe_rsvp_for_event":"","_tribe_ticket_going_count":"","_tribe_ticket_not_going_count":"","_tribe_tickets_list":"[]","_tribe_ticket_has_attendee_info_fields":false,"h5ap_radio_sources":[],"_jetpack_newsletter_access":"","_jetpack_dont_email_post_to_subs":false,"_jetpack_newsletter_tier_id":0,"_jetpack_memberships_contains_paywalled_content":false,"_jetpack_memberships_contains_paid_content":false,"footnotes":""},"categories":[21,5],"tags":[],"class_list":["post-24220","post","type-post","status-publish","format-standard","has-post-thumbnail","hentry","category-actualidad","category-ganaderia"],"jetpack_featured_media_url":"https:\/\/i0.wp.com\/lahoradelcampo.com.uy\/site\/wp-content\/uploads\/2020\/10\/ExpoSalto1.jpg?fit=880%2C440&ssl=1","jetpack_sharing_enabled":true,"jetpack_shortlink":"https:\/\/wp.me\/p99IaT-6iE","jetpack-related-posts":[{"id":14967,"url":"https:\/\/lahoradelcampo.com.uy\/site\/si-hay-alguien-gobernando-este-pais-y-no-conoce-el-interior-no-esta-preparado-para-gobernar\/","url_meta":{"origin":24220,"position":0},"title":"\u00abSi hay alguien gobernando este pa\u00eds y no conoce el interior, no est\u00e1 preparado para gobernar\u00bb","author":"La Hora del Campo","date":"14 octubre, 2019","format":false,"excerpt":"Al finalizar la Expo Salto 2019, la presidente de la Asociaci\u00f3n Agropecuaria de Salto, M\u00f3nica Silva, dialog\u00f3 con La Hora del Campo sobre la misma. Al igual que en su discurso de apertura de la muestra fue muy cr\u00edtica con las expresiones vertidas sobre el sector agropecuario por parte de\u2026","rel":"","context":"En \u00abActualidad\u00bb","block_context":{"text":"Actualidad","link":"https:\/\/lahoradelcampo.com.uy\/site\/category\/actualidad\/"},"img":{"alt_text":"","src":"https:\/\/i0.wp.com\/lahoradelcampo.com.uy\/site\/wp-content\/uploads\/2019\/10\/Monicasilva.jpg?fit=880%2C440&ssl=1&resize=350%2C200","width":350,"height":200,"srcset":"https:\/\/i0.wp.com\/lahoradelcampo.com.uy\/site\/wp-content\/uploads\/2019\/10\/Monicasilva.jpg?fit=880%2C440&ssl=1&resize=350%2C200 1x, https:\/\/i0.wp.com\/lahoradelcampo.com.uy\/site\/wp-content\/uploads\/2019\/10\/Monicasilva.jpg?fit=880%2C440&ssl=1&resize=525%2C300 1.5x, https:\/\/i0.wp.com\/lahoradelcampo.com.uy\/site\/wp-content\/uploads\/2019\/10\/Monicasilva.jpg?fit=880%2C440&ssl=1&resize=700%2C400 2x"},"classes":[]},{"id":23316,"url":"https:\/\/lahoradelcampo.com.uy\/site\/monica-silva-hay-que-mantener-la-exportacion-en-pie\/","url_meta":{"origin":24220,"position":1},"title":"M\u00f3nica Silva: hay que mantener la exportaci\u00f3n en pie","author":"La Hora del Campo","date":"8 septiembre, 2020","format":false,"excerpt":"Los datos proyectados por el Sistema Nacional de Informaci\u00f3n Ganadera (SNIG) se\u00f1alan que el stock ganadero habr\u00eda llegado a la cifra de los tres millones de terneros. Esto ha generado diversas reacciones en el sector productivo, por un lado hay quienes miran con recelo el haber llegado a esta cifra\u2026","rel":"","context":"En \u00abActualidad\u00bb","block_context":{"text":"Actualidad","link":"https:\/\/lahoradelcampo.com.uy\/site\/category\/actualidad\/"},"img":{"alt_text":"","src":"https:\/\/i0.wp.com\/lahoradelcampo.com.uy\/site\/wp-content\/uploads\/2019\/10\/expo-monica.jpg?fit=880%2C440&ssl=1&resize=350%2C200","width":350,"height":200,"srcset":"https:\/\/i0.wp.com\/lahoradelcampo.com.uy\/site\/wp-content\/uploads\/2019\/10\/expo-monica.jpg?fit=880%2C440&ssl=1&resize=350%2C200 1x, https:\/\/i0.wp.com\/lahoradelcampo.com.uy\/site\/wp-content\/uploads\/2019\/10\/expo-monica.jpg?fit=880%2C440&ssl=1&resize=525%2C300 1.5x, https:\/\/i0.wp.com\/lahoradelcampo.com.uy\/site\/wp-content\/uploads\/2019\/10\/expo-monica.jpg?fit=880%2C440&ssl=1&resize=700%2C400 2x"},"classes":[]},{"id":31600,"url":"https:\/\/lahoradelcampo.com.uy\/site\/monica-silva-es-la-primer-mujer-en-asumir-la-fr\/","url_meta":{"origin":24220,"position":2},"title":"M\u00f3nica Silva es la primer mujer en  asumir la FR","author":"La Hora del Campo","date":"28 junio, 2021","format":false,"excerpt":"El s\u00e1bado fue hist\u00f3rico en la Federaci\u00f3n Rural del Uruguay, porqu\u00e9 en el marco del Congreso Anual de la gremial lleg\u00f3 a su fin la campa\u00f1a eleccionaria entre dos listas encabezadas por mujeres, que comenz\u00f3 el pasado 8 de marzo, D\u00eda Internacional de la Mujer, y de esta manera la\u2026","rel":"","context":"En \u00abActualidad\u00bb","block_context":{"text":"Actualidad","link":"https:\/\/lahoradelcampo.com.uy\/site\/category\/actualidad\/"},"img":{"alt_text":"","src":"https:\/\/i0.wp.com\/lahoradelcampo.com.uy\/site\/wp-content\/uploads\/2021\/06\/Federaci%C3%B3nMonica.jpg?fit=880%2C440&ssl=1&resize=350%2C200","width":350,"height":200,"srcset":"https:\/\/i0.wp.com\/lahoradelcampo.com.uy\/site\/wp-content\/uploads\/2021\/06\/Federaci%C3%B3nMonica.jpg?fit=880%2C440&ssl=1&resize=350%2C200 1x, https:\/\/i0.wp.com\/lahoradelcampo.com.uy\/site\/wp-content\/uploads\/2021\/06\/Federaci%C3%B3nMonica.jpg?fit=880%2C440&ssl=1&resize=525%2C300 1.5x, https:\/\/i0.wp.com\/lahoradelcampo.com.uy\/site\/wp-content\/uploads\/2021\/06\/Federaci%C3%B3nMonica.jpg?fit=880%2C440&ssl=1&resize=700%2C400 2x"},"classes":[]},{"id":14799,"url":"https:\/\/lahoradelcampo.com.uy\/site\/no-somos-llorones-somos-trabajadores-con-frio-heladas-calor-o-lluvia-sin-aire-acondicionado\/","url_meta":{"origin":24220,"position":3},"title":"\u00abNo somos llorones, somos trabajadores con fr\u00edo, heladas, calor o lluvia. Sin aire acondicionado\u00bb","author":"La Hora del Campo","date":"4 octubre, 2019","format":false,"excerpt":"En un discurso que despert\u00f3 elogios en varios representantes de la sociedad salte\u00f1a, la presidente de la Asociaci\u00f3n Agropecuaria de Salto, M\u00f3nica Silva, record\u00f3 que la gremial con 118 a\u00f1os de construida es el legado de \"hombres con fuertes valores morales y humanos, ellos nos marcan el camino, son pilares\u2026","rel":"","context":"En \u00abActualidad\u00bb","block_context":{"text":"Actualidad","link":"https:\/\/lahoradelcampo.com.uy\/site\/category\/actualidad\/"},"img":{"alt_text":"","src":"https:\/\/i0.wp.com\/lahoradelcampo.com.uy\/site\/wp-content\/uploads\/2019\/10\/expo-monica.jpg?fit=880%2C440&ssl=1&resize=350%2C200","width":350,"height":200,"srcset":"https:\/\/i0.wp.com\/lahoradelcampo.com.uy\/site\/wp-content\/uploads\/2019\/10\/expo-monica.jpg?fit=880%2C440&ssl=1&resize=350%2C200 1x, https:\/\/i0.wp.com\/lahoradelcampo.com.uy\/site\/wp-content\/uploads\/2019\/10\/expo-monica.jpg?fit=880%2C440&ssl=1&resize=525%2C300 1.5x, https:\/\/i0.wp.com\/lahoradelcampo.com.uy\/site\/wp-content\/uploads\/2019\/10\/expo-monica.jpg?fit=880%2C440&ssl=1&resize=700%2C400 2x"},"classes":[]},{"id":31858,"url":"https:\/\/lahoradelcampo.com.uy\/site\/monica-silva-ratifico-el-compromiso-trabajar-para-traccionar-la-economia\/","url_meta":{"origin":24220,"position":4},"title":"Monica Silva ratific\u00f3 el compromiso trabajar para \u00abtraccionar la econom\u00eda\u00bb","author":"La Hora del Campo","date":"7 julio, 2021","format":false,"excerpt":"Esta semana asumi\u00f3 el nuevo Consejo Directivo de la Federaci\u00f3n Rural del Uruguay, que surgi\u00f3 de las urnas del congreso anual, hace pocos d\u00edas atr\u00e1s. Este nuevo equipo de trabajo de la gremial est\u00e1 encabezado por la Sra. M\u00f3nica Silva, actual presidente de la Asociaci\u00f3n Agropecuaria de Salto, ya que\u2026","rel":"","context":"En \u00abActualidad\u00bb","block_context":{"text":"Actualidad","link":"https:\/\/lahoradelcampo.com.uy\/site\/category\/actualidad\/"},"img":{"alt_text":"","src":"https:\/\/i0.wp.com\/lahoradelcampo.com.uy\/site\/wp-content\/uploads\/2021\/07\/FR-MONICAMINISTRO.jpg?fit=880%2C440&ssl=1&resize=350%2C200","width":350,"height":200,"srcset":"https:\/\/i0.wp.com\/lahoradelcampo.com.uy\/site\/wp-content\/uploads\/2021\/07\/FR-MONICAMINISTRO.jpg?fit=880%2C440&ssl=1&resize=350%2C200 1x, https:\/\/i0.wp.com\/lahoradelcampo.com.uy\/site\/wp-content\/uploads\/2021\/07\/FR-MONICAMINISTRO.jpg?fit=880%2C440&ssl=1&resize=525%2C300 1.5x, https:\/\/i0.wp.com\/lahoradelcampo.com.uy\/site\/wp-content\/uploads\/2021\/07\/FR-MONICAMINISTRO.jpg?fit=880%2C440&ssl=1&resize=700%2C400 2x"},"classes":[]},{"id":32302,"url":"https:\/\/lahoradelcampo.com.uy\/site\/monica-silva-desmintio-posible-enfrentamiento-en-la-federacion-rural\/","url_meta":{"origin":24220,"position":5},"title":"M\u00f3nica Silva desminti\u00f3  posible \u00abenfrentamiento  en la Federaci\u00f3n Rural\u00bb","author":"La Hora del Campo","date":"22 julio, 2021","format":false,"excerpt":"A los pocos d\u00edas de asumir su cargo, M\u00f3nica Silva, la Presidente de la Federaci\u00f3n Rural del Uruguay tuvo que hacer frente a un cambio de ministro, pero adem\u00e1s al anunci\u00f3 de dos representantes de la gremial en la institucionalidad agropecuaria que anunciaron su solicitud de ser reemplazados en sus\u2026","rel":"","context":"En \u00abActualidad\u00bb","block_context":{"text":"Actualidad","link":"https:\/\/lahoradelcampo.com.uy\/site\/category\/actualidad\/"},"img":{"alt_text":"","src":"https:\/\/i0.wp.com\/lahoradelcampo.com.uy\/site\/wp-content\/uploads\/2021\/03\/M%C3%B3nica-Silva.jpg?fit=880%2C440&ssl=1&resize=350%2C200","width":350,"height":200,"srcset":"https:\/\/i0.wp.com\/lahoradelcampo.com.uy\/site\/wp-content\/uploads\/2021\/03\/M%C3%B3nica-Silva.jpg?fit=880%2C440&ssl=1&resize=350%2C200 1x, https:\/\/i0.wp.com\/lahoradelcampo.com.uy\/site\/wp-content\/uploads\/2021\/03\/M%C3%B3nica-Silva.jpg?fit=880%2C440&ssl=1&resize=525%2C300 1.5x, https:\/\/i0.wp.com\/lahoradelcampo.com.uy\/site\/wp-content\/uploads\/2021\/03\/M%C3%B3nica-Silva.jpg?fit=880%2C440&ssl=1&resize=700%2C400 2x"},"classes":[]}],"jetpack_likes_enabled":true,"_links":{"self":[{"href":"https:\/\/lahoradelcampo.com.uy\/site\/wp-json\/wp\/v2\/posts\/24220","targetHints":{"allow":["GET"]}}],"collection":[{"href":"https:\/\/lahoradelcampo.com.uy\/site\/wp-json\/wp\/v2\/posts"}],"about":[{"href":"https:\/\/lahoradelcampo.com.uy\/site\/wp-json\/wp\/v2\/types\/post"}],"author":[{"embeddable":true,"href":"https:\/\/lahoradelcampo.com.uy\/site\/wp-json\/wp\/v2\/users\/5"}],"replies":[{"embeddable":true,"href":"https:\/\/lahoradelcampo.com.uy\/site\/wp-json\/wp\/v2\/comments?post=24220"}],"version-history":[{"count":1,"href":"https:\/\/lahoradelcampo.com.uy\/site\/wp-json\/wp\/v2\/posts\/24220\/revisions"}],"predecessor-version":[{"id":24224,"href":"https:\/\/lahoradelcampo.com.uy\/site\/wp-json\/wp\/v2\/posts\/24220\/revisions\/24224"}],"wp:featuredmedia":[{"embeddable":true,"href":"https:\/\/lahoradelcampo.com.uy\/site\/wp-json\/wp\/v2\/media\/24222"}],"wp:attachment":[{"href":"https:\/\/lahoradelcampo.com.uy\/site\/wp-json\/wp\/v2\/media?parent=24220"}],"wp:term":[{"taxonomy":"category","embeddable":true,"href":"https:\/\/lahoradelcampo.com.uy\/site\/wp-json\/wp\/v2\/categories?post=24220"},{"taxonomy":"post_tag","embeddable":true,"href":"https:\/\/lahoradelcampo.com.uy\/site\/wp-json\/wp\/v2\/tags?post=24220"}],"curies":[{"name":"wp","href":"https:\/\/api.w.org\/{rel}","templated":true}]}}