{"id":24216,"date":"2020-10-02T06:40:12","date_gmt":"2020-10-02T09:40:12","guid":{"rendered":"http:\/\/lahoradelcampo.com.uy\/site\/?p=24216"},"modified":"2020-10-02T06:40:25","modified_gmt":"2020-10-02T09:40:25","slug":"un-solo-uruguay-planteo-a-economia-medidas-a-aplicar-en-seis-areas","status":"publish","type":"post","link":"https:\/\/lahoradelcampo.com.uy\/site\/un-solo-uruguay-planteo-a-economia-medidas-a-aplicar-en-seis-areas\/","title":{"rendered":"Un Solo Uruguay plante\u00f3 a Econom\u00eda, medidas a aplicar en seis \u00e1reas"},"content":{"rendered":"\n<figure class=\"wp-block-image\"><img data-recalc-dims=\"1\" loading=\"lazy\" decoding=\"async\" width=\"810\" height=\"405\" data-attachment-id=\"6667\" data-permalink=\"https:\/\/lahoradelcampo.com.uy\/site\/superficie-sembrada-de-papa-cae-un-14-en-el-otono-2018\/un-solo-uruguay\/\" data-orig-file=\"https:\/\/i0.wp.com\/lahoradelcampo.com.uy\/site\/wp-content\/uploads\/2018\/04\/un-solo-uruguay.jpg?fit=880%2C440&amp;ssl=1\" data-orig-size=\"880,440\" data-comments-opened=\"1\" data-image-meta=\"{&quot;aperture&quot;:&quot;0&quot;,&quot;credit&quot;:&quot;&quot;,&quot;camera&quot;:&quot;&quot;,&quot;caption&quot;:&quot;&quot;,&quot;created_timestamp&quot;:&quot;0&quot;,&quot;copyright&quot;:&quot;&quot;,&quot;focal_length&quot;:&quot;0&quot;,&quot;iso&quot;:&quot;0&quot;,&quot;shutter_speed&quot;:&quot;0&quot;,&quot;title&quot;:&quot;&quot;,&quot;orientation&quot;:&quot;1&quot;}\" data-image-title=\"un solo uruguay\" data-image-description=\"\" data-image-caption=\"\" data-large-file=\"https:\/\/i0.wp.com\/lahoradelcampo.com.uy\/site\/wp-content\/uploads\/2018\/04\/un-solo-uruguay.jpg?fit=810%2C405&amp;ssl=1\" src=\"https:\/\/i0.wp.com\/lahoradelcampo.com.uy\/site\/wp-content\/uploads\/2018\/04\/un-solo-uruguay.jpg?resize=810%2C405\" alt=\"\" class=\"wp-image-6667\" srcset=\"https:\/\/i0.wp.com\/lahoradelcampo.com.uy\/site\/wp-content\/uploads\/2018\/04\/un-solo-uruguay.jpg?w=880&amp;ssl=1 880w, https:\/\/i0.wp.com\/lahoradelcampo.com.uy\/site\/wp-content\/uploads\/2018\/04\/un-solo-uruguay.jpg?resize=300%2C150&amp;ssl=1 300w, https:\/\/i0.wp.com\/lahoradelcampo.com.uy\/site\/wp-content\/uploads\/2018\/04\/un-solo-uruguay.jpg?resize=768%2C384&amp;ssl=1 768w, https:\/\/i0.wp.com\/lahoradelcampo.com.uy\/site\/wp-content\/uploads\/2018\/04\/un-solo-uruguay.jpg?resize=820%2C410&amp;ssl=1 820w\" sizes=\"auto, (max-width: 810px) 100vw, 810px\" \/><\/figure>\n\n\n\n<p>Un documento del movimiento, dado a conocer este mi\u00e9rcoles 30, contiene un resumen de las propuestas que se le plantearon a la ministra Azucena Arbeleche en la reuni\u00f3n mantenida el pasado 10 de setiembre, y abarcan seis puntos: comercio, turismo, comercializaci\u00f3n de productos agropecuarios, refinanciaci\u00f3n, captaci\u00f3n de inversi\u00f3n extranjera y repatriaci\u00f3n de capitales. El mismo est\u00e1 signado por los voceros de USU, Federico Holzman, Guillermo Franchi y Marcelo Nougu\u00e9.<br><\/p>\n\n\n\n<p>El texto del mismo establece lo siguiente:<br><\/p>\n\n\n\n<p><strong>Medidas para el comercio<br><\/strong><\/p>\n\n\n\n<p>Eliminaci\u00f3n de la tarifa comercial para los servicios p\u00fablicos.<br>Eliminaci\u00f3n de la obligatoriedad de la facturaci\u00f3n electr\u00f3nica<br>Flexibilizar los plazos para el cambio de categor\u00eda de DGI ante la expectativa de menor facturaci\u00f3n de miles de empresas.<br><\/p>\n\n\n\n<p><strong>Medidas para el turismo<\/strong><br><\/p>\n\n\n\n<p>Al igual que el comercio, eliminar la tarifa diferencial que existe para esta actividad en las tarifas p\u00fablicas.<br>Cobrar los impuestos nacionales una vez terminada la temporada y de acuerdo a la facturaci\u00f3n real de las empresas, cambiando la estrategia utilizada hasta el momento de estimaci\u00f3n de ingreso de acuerdo a uno o dos d\u00edas de enero.<br><\/p>\n\n\n\n<p><strong>Comercializaci\u00f3n de productos agropecuarios<\/strong><br>Entendemos que es necesario generar canales de prefinanciaci\u00f3n de exportaciones que permita que los plazos de pago al productor se puedan hacer al contado o, por lo menos, que sea lo normal, y luego de esto cada empresa eval\u00fae tomar el riesgo de financiar o no a las grandes empresas, cualquiera sea su rubro. En esto deber\u00e1 jugar un rol fundamental del BROU como banco pa\u00eds, que marque el camino al resto de la banca privada. O, por ejemplo, que las AFAP entren en este mercado en vez de especular en sistemas productivos.<br><\/p>\n\n\n\n<p><strong>Refinanciaci\u00f3n<\/strong><br>Realizaci\u00f3n de un sistema igual o parecido al cup\u00f3n 0, implementado durante la crisis del 2002 para aquellas empresas con alguna capacidad de pago al contado, pero que necesitan m\u00e1s plazo para pagar las inversiones que hicieron en su momento y que se han desvalorizado muchos en estos \u00faltimos a\u00f1os.<br>Refinanciaci\u00f3n de deudas a largo plazo (varios ciclos productivos seg\u00fan rubro), con un ciclo de gracia para permitir que empresas ahogadas financieramente pueda volver a poner a funcionar sus motores, volcando los dineros que ten\u00edan destinados para el pago de deuda al mercado de consumo.<br><\/p>\n\n\n\n<p><strong>Captaci\u00f3n de inversi\u00f3n extranjera<\/strong><br>La propuesta concreta es la habilitaci\u00f3n de estos fondos, con un impuesto del 12%, donde dos tercios de este impuesto vayan a rentas generales y el otro tercio a formar parte del fondo para el desarrollo, el cual podr\u00eda ser gestionado por una comisi\u00f3n integrada por el gobierno y sectores dela sociedad civil.<br><\/p>\n\n\n\n<p><strong>Repatriaci\u00f3n de capitales<\/strong><br>La propuesta concreta es la habilitaci\u00f3n de estos fondos, con un impuesto del 12%, donde dos tercios de este impuesto vayan a rentas generales y el otro tercio a formar parte del fondo para el desarrollo, el cual podr\u00eda ser gestionado por una comisi\u00f3n integrada por el gobierno y sectores dela sociedad civil.<\/p>\n\n\n\n<p style=\"text-align:right\"><strong>Salto, 2 de octubre de 2020<\/strong><\/p>\n","protected":false},"excerpt":{"rendered":"<p>Un documento del movimiento, dado a conocer este mi\u00e9rcoles 30, contiene un resumen de las propuestas que se le plantearon a la ministra Azucena Arbeleche en la reuni\u00f3n mantenida el [&hellip;]<\/p>\n","protected":false},"author":5,"featured_media":6667,"comment_status":"open","ping_status":"open","sticky":false,"template":"","format":"standard","meta":{"_price":"","_stock":"","_tribe_ticket_header":"","_tribe_default_ticket_provider":"","_tribe_ticket_capacity":"0","_ticket_start_date":"","_ticket_end_date":"","_tribe_ticket_show_description":"","_tribe_ticket_show_not_going":false,"_tribe_ticket_use_global_stock":"","_tribe_ticket_global_stock_level":"","_global_stock_mode":"","_global_stock_cap":"","_tribe_rsvp_for_event":"","_tribe_ticket_going_count":"","_tribe_ticket_not_going_count":"","_tribe_tickets_list":"[]","_tribe_ticket_has_attendee_info_fields":false,"h5ap_radio_sources":[],"_jetpack_newsletter_access":"","_jetpack_dont_email_post_to_subs":false,"_jetpack_newsletter_tier_id":0,"_jetpack_memberships_contains_paywalled_content":false,"_jetpack_memberships_contains_paid_content":false,"footnotes":""},"categories":[21,5],"tags":[],"class_list":["post-24216","post","type-post","status-publish","format-standard","has-post-thumbnail","hentry","category-actualidad","category-ganaderia"],"jetpack_featured_media_url":"https:\/\/i0.wp.com\/lahoradelcampo.com.uy\/site\/wp-content\/uploads\/2018\/04\/un-solo-uruguay.jpg?fit=880%2C440&ssl=1","jetpack_sharing_enabled":true,"jetpack_shortlink":"https:\/\/wp.me\/p99IaT-6iA","jetpack-related-posts":[{"id":21644,"url":"https:\/\/lahoradelcampo.com.uy\/site\/oie-ratifica-los-estatus-sanitarios-de-uruguay-para-seis-enfermedades\/","url_meta":{"origin":24216,"position":0},"title":"OIE ratifica los estatus sanitarios de Uruguay para seis enfermedades","author":"La Hora del Campo","date":"9 julio, 2020","format":false,"excerpt":"Este a\u00f1o, dadas las circunstancias excepcionales mundiales relacionadas con la pandemia de COVID-19, se decidi\u00f3 cancelar la Sesi\u00f3n General de la OIE. No obstante, se han propuesto resoluciones espec\u00edficas para adopci\u00f3n por la Asamblea Mundial de Delegados de la OIE, a trav\u00e9s de la aplicaci\u00f3n de un procedimiento adaptado. Se\u2026","rel":"","context":"En \u00abActualidad\u00bb","block_context":{"text":"Actualidad","link":"https:\/\/lahoradelcampo.com.uy\/site\/category\/actualidad\/"},"img":{"alt_text":"","src":"https:\/\/i0.wp.com\/lahoradelcampo.com.uy\/site\/wp-content\/uploads\/2020\/07\/OIEWeb.jpg?fit=880%2C440&ssl=1&resize=350%2C200","width":350,"height":200,"srcset":"https:\/\/i0.wp.com\/lahoradelcampo.com.uy\/site\/wp-content\/uploads\/2020\/07\/OIEWeb.jpg?fit=880%2C440&ssl=1&resize=350%2C200 1x, https:\/\/i0.wp.com\/lahoradelcampo.com.uy\/site\/wp-content\/uploads\/2020\/07\/OIEWeb.jpg?fit=880%2C440&ssl=1&resize=525%2C300 1.5x, https:\/\/i0.wp.com\/lahoradelcampo.com.uy\/site\/wp-content\/uploads\/2020\/07\/OIEWeb.jpg?fit=880%2C440&ssl=1&resize=700%2C400 2x"},"classes":[]},{"id":5951,"url":"https:\/\/lahoradelcampo.com.uy\/site\/medidas-del-gobierno-continuan-siendo-insuficientes\/","url_meta":{"origin":24216,"position":1},"title":"Medidas del gobierno contin\u00faan siendo insuficientes","author":"La Hora del Campo","date":"20 febrero, 2018","format":false,"excerpt":"El movimiento de autoconvocados \"Un Solo Uruguay\" particip\u00f3 de la reuni\u00f3n realizada en la jornada de ayer en el Ministerio de Ganader\u00eda, Agricultura y Pesca, en la cual participaron tambi\u00e9n las gremiales agropecuarias que se alinearon tras los puntos planteados en la proclama del pasado 23 de enero en Durazno.\u2026","rel":"","context":"En \u00abActualidad\u00bb","block_context":{"text":"Actualidad","link":"https:\/\/lahoradelcampo.com.uy\/site\/category\/actualidad\/"},"img":{"alt_text":"","src":"https:\/\/i0.wp.com\/lahoradelcampo.com.uy\/site\/wp-content\/uploads\/2018\/02\/web-reunion.jpg?fit=880%2C440&ssl=1&resize=350%2C200","width":350,"height":200,"srcset":"https:\/\/i0.wp.com\/lahoradelcampo.com.uy\/site\/wp-content\/uploads\/2018\/02\/web-reunion.jpg?fit=880%2C440&ssl=1&resize=350%2C200 1x, https:\/\/i0.wp.com\/lahoradelcampo.com.uy\/site\/wp-content\/uploads\/2018\/02\/web-reunion.jpg?fit=880%2C440&ssl=1&resize=525%2C300 1.5x, https:\/\/i0.wp.com\/lahoradelcampo.com.uy\/site\/wp-content\/uploads\/2018\/02\/web-reunion.jpg?fit=880%2C440&ssl=1&resize=700%2C400 2x"},"classes":[]},{"id":52140,"url":"https:\/\/lahoradelcampo.com.uy\/site\/industria-topista-propuso-suspender-el-ingreso-de-lanas-de-mas-de-275-micras-por-seis-meses\/","url_meta":{"origin":24216,"position":2},"title":"Industria topista propuso suspender el ingreso de lanas de m\u00e1s de 27,5 micras por seis meses","author":"La Hora del Campo","date":"10 agosto, 2023","format":false,"excerpt":"En un intento por aliviar las tensiones con los productores, la industria peinadora ha sugerido limitar la importaci\u00f3n temporal de lanas con m\u00e1s de 27,5 micras bajo el R\u00e9gimen de Admisi\u00f3n Temporaria durante seis meses. Con esta propuesta, buscan enviar un mensaje claro a los productores de que su compromiso\u2026","rel":"","context":"En \u00abActualidad\u00bb","block_context":{"text":"Actualidad","link":"https:\/\/lahoradelcampo.com.uy\/site\/category\/actualidad\/"},"img":{"alt_text":"","src":"https:\/\/i0.wp.com\/lahoradelcampo.com.uy\/site\/wp-content\/uploads\/2023\/08\/Admisiontemporaria.jpg?fit=880%2C440&ssl=1&resize=350%2C200","width":350,"height":200,"srcset":"https:\/\/i0.wp.com\/lahoradelcampo.com.uy\/site\/wp-content\/uploads\/2023\/08\/Admisiontemporaria.jpg?fit=880%2C440&ssl=1&resize=350%2C200 1x, https:\/\/i0.wp.com\/lahoradelcampo.com.uy\/site\/wp-content\/uploads\/2023\/08\/Admisiontemporaria.jpg?fit=880%2C440&ssl=1&resize=525%2C300 1.5x, https:\/\/i0.wp.com\/lahoradelcampo.com.uy\/site\/wp-content\/uploads\/2023\/08\/Admisiontemporaria.jpg?fit=880%2C440&ssl=1&resize=700%2C400 2x"},"classes":[]},{"id":3381,"url":"https:\/\/lahoradelcampo.com.uy\/site\/iba-solicito-la-eliminacion-de-barreras-no-arancelarias\/","url_meta":{"origin":24216,"position":3},"title":"IBA solicit\u00f3 la eliminaci\u00f3n de barreras no arancelarias","author":"La Hora del Campo","date":"30 octubre, 2017","format":false,"excerpt":"Representantes de pa\u00edses con mayor volumen de exportaci\u00f3n de carne bovina en el mundo mantuvieron una reuni\u00f3n de varios d\u00edas en Paraguay, donde analizaron la situaci\u00f3n actual y los desaf\u00edos del comercio global de carne bovina, y varios otros temas vinculantes, luego de lo cual dieron a conocer una Declaraci\u00f3n\u2026","rel":"","context":"En \u00abActualidad\u00bb","block_context":{"text":"Actualidad","link":"https:\/\/lahoradelcampo.com.uy\/site\/category\/actualidad\/"},"img":{"alt_text":"","src":"https:\/\/i0.wp.com\/lahoradelcampo.com.uy\/site\/wp-content\/uploads\/2017\/10\/IBA-Paraguay.jpg?fit=880%2C440&ssl=1&resize=350%2C200","width":350,"height":200,"srcset":"https:\/\/i0.wp.com\/lahoradelcampo.com.uy\/site\/wp-content\/uploads\/2017\/10\/IBA-Paraguay.jpg?fit=880%2C440&ssl=1&resize=350%2C200 1x, https:\/\/i0.wp.com\/lahoradelcampo.com.uy\/site\/wp-content\/uploads\/2017\/10\/IBA-Paraguay.jpg?fit=880%2C440&ssl=1&resize=525%2C300 1.5x, https:\/\/i0.wp.com\/lahoradelcampo.com.uy\/site\/wp-content\/uploads\/2017\/10\/IBA-Paraguay.jpg?fit=880%2C440&ssl=1&resize=700%2C400 2x"},"classes":[]},{"id":9935,"url":"https:\/\/lahoradelcampo.com.uy\/site\/la-administracion-de-cuotas-arancelarias-por-parte-de-china-rompe-compromisos-con-la-omc\/","url_meta":{"origin":24216,"position":4},"title":"La administraci\u00f3n de cuotas arancelarias por parte de China rompe compromisos con la OMC","author":"La Hora del Campo ADMIN","date":"19 abril, 2019","format":false,"excerpt":"La administraci\u00f3n de cuotas arancelarias por parte de China rompe compromisos con la OMC y le dan la raz\u00f3n a Estados Unidos","rel":"","context":"En \u00abActualidad\u00bb","block_context":{"text":"Actualidad","link":"https:\/\/lahoradelcampo.com.uy\/site\/category\/actualidad\/"},"img":{"alt_text":"","src":"https:\/\/i0.wp.com\/lahoradelcampo.com.uy\/site\/wp-content\/uploads\/2019\/04\/Adobe_20190419_091240.jpg?fit=880%2C440&ssl=1&resize=350%2C200","width":350,"height":200,"srcset":"https:\/\/i0.wp.com\/lahoradelcampo.com.uy\/site\/wp-content\/uploads\/2019\/04\/Adobe_20190419_091240.jpg?fit=880%2C440&ssl=1&resize=350%2C200 1x, https:\/\/i0.wp.com\/lahoradelcampo.com.uy\/site\/wp-content\/uploads\/2019\/04\/Adobe_20190419_091240.jpg?fit=880%2C440&ssl=1&resize=525%2C300 1.5x, https:\/\/i0.wp.com\/lahoradelcampo.com.uy\/site\/wp-content\/uploads\/2019\/04\/Adobe_20190419_091240.jpg?fit=880%2C440&ssl=1&resize=700%2C400 2x"},"classes":[]},{"id":17522,"url":"https:\/\/lahoradelcampo.com.uy\/site\/el-coronavirus-tiene-paralizada-la-cadena-de-suministro-en-los-puertos-chinos\/","url_meta":{"origin":24216,"position":5},"title":"El coronavirus tiene paralizada la cadena de suministro en los puertos chinos","author":"La Hora del Campo","date":"20 febrero, 2020","format":false,"excerpt":"Seg\u00fan un informe del portal Beef Central, las medidas adoptadas por el gobierno para evitar una mayor propagaci\u00f3n del virus est\u00e1n interrumpiendo el comercio, la producci\u00f3n y las cadenas de suministro, adem\u00e1s de tener un impacto significativo en el consumo de alimentos fuera del hogar, con el cierre de muchos\u2026","rel":"","context":"En \u00abActualidad\u00bb","block_context":{"text":"Actualidad","link":"https:\/\/lahoradelcampo.com.uy\/site\/category\/actualidad\/"},"img":{"alt_text":"","src":"https:\/\/i0.wp.com\/lahoradelcampo.com.uy\/site\/wp-content\/uploads\/2019\/05\/exportaciones.jpg?fit=880%2C440&ssl=1&resize=350%2C200","width":350,"height":200,"srcset":"https:\/\/i0.wp.com\/lahoradelcampo.com.uy\/site\/wp-content\/uploads\/2019\/05\/exportaciones.jpg?fit=880%2C440&ssl=1&resize=350%2C200 1x, https:\/\/i0.wp.com\/lahoradelcampo.com.uy\/site\/wp-content\/uploads\/2019\/05\/exportaciones.jpg?fit=880%2C440&ssl=1&resize=525%2C300 1.5x, https:\/\/i0.wp.com\/lahoradelcampo.com.uy\/site\/wp-content\/uploads\/2019\/05\/exportaciones.jpg?fit=880%2C440&ssl=1&resize=700%2C400 2x"},"classes":[]}],"jetpack_likes_enabled":true,"_links":{"self":[{"href":"https:\/\/lahoradelcampo.com.uy\/site\/wp-json\/wp\/v2\/posts\/24216","targetHints":{"allow":["GET"]}}],"collection":[{"href":"https:\/\/lahoradelcampo.com.uy\/site\/wp-json\/wp\/v2\/posts"}],"about":[{"href":"https:\/\/lahoradelcampo.com.uy\/site\/wp-json\/wp\/v2\/types\/post"}],"author":[{"embeddable":true,"href":"https:\/\/lahoradelcampo.com.uy\/site\/wp-json\/wp\/v2\/users\/5"}],"replies":[{"embeddable":true,"href":"https:\/\/lahoradelcampo.com.uy\/site\/wp-json\/wp\/v2\/comments?post=24216"}],"version-history":[{"count":1,"href":"https:\/\/lahoradelcampo.com.uy\/site\/wp-json\/wp\/v2\/posts\/24216\/revisions"}],"predecessor-version":[{"id":24218,"href":"https:\/\/lahoradelcampo.com.uy\/site\/wp-json\/wp\/v2\/posts\/24216\/revisions\/24218"}],"wp:featuredmedia":[{"embeddable":true,"href":"https:\/\/lahoradelcampo.com.uy\/site\/wp-json\/wp\/v2\/media\/6667"}],"wp:attachment":[{"href":"https:\/\/lahoradelcampo.com.uy\/site\/wp-json\/wp\/v2\/media?parent=24216"}],"wp:term":[{"taxonomy":"category","embeddable":true,"href":"https:\/\/lahoradelcampo.com.uy\/site\/wp-json\/wp\/v2\/categories?post=24216"},{"taxonomy":"post_tag","embeddable":true,"href":"https:\/\/lahoradelcampo.com.uy\/site\/wp-json\/wp\/v2\/tags?post=24216"}],"curies":[{"name":"wp","href":"https:\/\/api.w.org\/{rel}","templated":true}]}}