{"id":24212,"date":"2020-10-02T06:30:54","date_gmt":"2020-10-02T09:30:54","guid":{"rendered":"http:\/\/lahoradelcampo.com.uy\/site\/?p=24212"},"modified":"2020-10-02T06:31:07","modified_gmt":"2020-10-02T09:31:07","slug":"se-revirtio-la-tendencia-del-mercado-con-una-baja-de-30-centavos","status":"publish","type":"post","link":"https:\/\/lahoradelcampo.com.uy\/site\/se-revirtio-la-tendencia-del-mercado-con-una-baja-de-30-centavos\/","title":{"rendered":"Se revirti\u00f3 la tendencia del mercado, con una baja de 30 centavos"},"content":{"rendered":"\n<figure class=\"wp-block-image\"><img data-recalc-dims=\"1\" loading=\"lazy\" decoding=\"async\" width=\"810\" height=\"405\" data-attachment-id=\"6173\" data-permalink=\"https:\/\/lahoradelcampo.com.uy\/site\/mercado-lanero-australiano-cerro-a-us-1377-por-kilogramo-base-limpia\/lanaa\/\" data-orig-file=\"https:\/\/i0.wp.com\/lahoradelcampo.com.uy\/site\/wp-content\/uploads\/2018\/03\/Lanaa.jpg?fit=880%2C440&amp;ssl=1\" data-orig-size=\"880,440\" data-comments-opened=\"1\" data-image-meta=\"{&quot;aperture&quot;:&quot;0&quot;,&quot;credit&quot;:&quot;Vicente-Manuel-Tort&quot;,&quot;camera&quot;:&quot;&quot;,&quot;caption&quot;:&quot;&quot;,&quot;created_timestamp&quot;:&quot;0&quot;,&quot;copyright&quot;:&quot;Presidencia de la Republica - Sec.Com.Inst.&quot;,&quot;focal_length&quot;:&quot;0&quot;,&quot;iso&quot;:&quot;0&quot;,&quot;shutter_speed&quot;:&quot;0&quot;,&quot;title&quot;:&quot;&quot;,&quot;orientation&quot;:&quot;1&quot;}\" data-image-title=\"Lanaa\" data-image-description=\"\" data-image-caption=\"\" data-large-file=\"https:\/\/i0.wp.com\/lahoradelcampo.com.uy\/site\/wp-content\/uploads\/2018\/03\/Lanaa.jpg?fit=810%2C405&amp;ssl=1\" src=\"https:\/\/i0.wp.com\/lahoradelcampo.com.uy\/site\/wp-content\/uploads\/2018\/03\/Lanaa.jpg?resize=810%2C405\" alt=\"\" class=\"wp-image-6173\" srcset=\"https:\/\/i0.wp.com\/lahoradelcampo.com.uy\/site\/wp-content\/uploads\/2018\/03\/Lanaa.jpg?w=880&amp;ssl=1 880w, https:\/\/i0.wp.com\/lahoradelcampo.com.uy\/site\/wp-content\/uploads\/2018\/03\/Lanaa.jpg?resize=300%2C150&amp;ssl=1 300w, https:\/\/i0.wp.com\/lahoradelcampo.com.uy\/site\/wp-content\/uploads\/2018\/03\/Lanaa.jpg?resize=768%2C384&amp;ssl=1 768w, https:\/\/i0.wp.com\/lahoradelcampo.com.uy\/site\/wp-content\/uploads\/2018\/03\/Lanaa.jpg?resize=820%2C410&amp;ssl=1 820w\" sizes=\"auto, (max-width: 810px) 100vw, 810px\" \/><\/figure>\n\n\n\n<p>La d\u00e9cimo cuarta semana de la zafra 2020\/21 fue el punto de inflexi\u00f3n de un mercado que acumul\u00f3 tres semanas consecutivas de incrementos en el Indicador de Mercados del Este (IME). Si uno observa el comportamiento del mercado la zafra pasada en esta \u00e9poca, no deber\u00eda de existir sobresaltos, ya que m\u00e1s all\u00e1 de la baja en las referencias de precios en la \u00faltima semana del mes, en ambos per\u00edodos, setiembre finaliz\u00f3 siendo positivo respecto al mes anterior. <br><\/p>\n\n\n\n<p>El cierre del IME esta semana se ubic\u00f3 en US$ 7,09 por kilogramo base limpia, con un descenso de 30 centavos en la semana. A pesar de esto puede considerarse un cierre positivo para un mes donde el indicador recuper\u00f3 un 8,4%. <br><\/p>\n\n\n\n<p>En la moneda australiana cerr\u00f3 la jornada en A$ 9,96, volviendo a posicionarse por debajo de los 10 d\u00f3lares australianos. A pesar de ello y al igual que en la moneda estadounidense, el mes de setiembre fue positivo con una suba de A$ 1,13 en el indicador. <br><\/p>\n\n\n\n<p>Si bien la semana fue negativa en los distintos tipos de lana, los lotes posicionados por debajo de las 18 micras contin\u00faan con referencias por encima del cierre de la zafra pasada.<br><\/p>\n\n\n\n<p>Los productores australianos, ofertaron 31.022 fardos esta semana, de los cuales una demanda d\u00e9bil y posicionada en adquirir lotes de alto nivel de calidad termin\u00f3 consolidando la venta del 82,2%. En la semana Techwool Trading adquiri\u00f3 el 15% de la oferta, siendo el principal operador.  <br><\/p>\n\n\n\n<p> El martes 6 y mi\u00e9rcoles 7 de octubre continuar\u00e1n las ventas en el mercado lanero australiano, con una oferta de 34.450 fardos inscriptos para los tres centros de ventas. <\/p>\n\n\n\n<p style=\"text-align:right\"><strong>Salto, 2 de octubre de 2020<\/strong><\/p>\n","protected":false},"excerpt":{"rendered":"<p>La d\u00e9cimo cuarta semana de la zafra 2020\/21 fue el punto de inflexi\u00f3n de un mercado que acumul\u00f3 tres semanas consecutivas de incrementos en el Indicador de Mercados del Este [&hellip;]<\/p>\n","protected":false},"author":5,"featured_media":6173,"comment_status":"open","ping_status":"open","sticky":false,"template":"","format":"standard","meta":{"_price":"","_stock":"","_tribe_ticket_header":"","_tribe_default_ticket_provider":"","_tribe_ticket_capacity":"0","_ticket_start_date":"","_ticket_end_date":"","_tribe_ticket_show_description":"","_tribe_ticket_show_not_going":false,"_tribe_ticket_use_global_stock":"","_tribe_ticket_global_stock_level":"","_global_stock_mode":"","_global_stock_cap":"","_tribe_rsvp_for_event":"","_tribe_ticket_going_count":"","_tribe_ticket_not_going_count":"","_tribe_tickets_list":"[]","_tribe_ticket_has_attendee_info_fields":false,"h5ap_radio_sources":[],"_jetpack_newsletter_access":"","_jetpack_dont_email_post_to_subs":false,"_jetpack_newsletter_tier_id":0,"_jetpack_memberships_contains_paywalled_content":false,"_jetpack_memberships_contains_paid_content":false,"footnotes":""},"categories":[21,5],"tags":[],"class_list":["post-24212","post","type-post","status-publish","format-standard","has-post-thumbnail","hentry","category-actualidad","category-ganaderia"],"jetpack_featured_media_url":"https:\/\/i0.wp.com\/lahoradelcampo.com.uy\/site\/wp-content\/uploads\/2018\/03\/Lanaa.jpg?fit=880%2C440&ssl=1","jetpack_sharing_enabled":true,"jetpack_shortlink":"https:\/\/wp.me\/p99IaT-6iw","jetpack-related-posts":[{"id":12431,"url":"https:\/\/lahoradelcampo.com.uy\/site\/comienzo-de-zafra-positivo-el-ime-gano-13-centavos-en-la-semana\/","url_meta":{"origin":24212,"position":0},"title":"Comienzo de zafra positivo, el IME gan\u00f3 13 centavos en la semana","author":"La Hora del Campo","date":"5 julio, 2019","format":false,"excerpt":"La primera semana de ventas de la nueva zafra en el mercado lanero australiano culmin\u00f3 en terreno positivo, con un Indicador de Mercados del Este (IME) que comienza recuperar parte del terreno p\u00e9rdido. En esta semana la calidad de la oferta inspir\u00f3 a una demanda decidida a adquirir lana para\u2026","rel":"","context":"En \u00abActualidad\u00bb","block_context":{"text":"Actualidad","link":"https:\/\/lahoradelcampo.com.uy\/site\/category\/actualidad\/"},"img":{"alt_text":"","src":"https:\/\/i0.wp.com\/lahoradelcampo.com.uy\/site\/wp-content\/uploads\/2018\/03\/Lanaa.jpg?fit=880%2C440&ssl=1&resize=350%2C200","width":350,"height":200,"srcset":"https:\/\/i0.wp.com\/lahoradelcampo.com.uy\/site\/wp-content\/uploads\/2018\/03\/Lanaa.jpg?fit=880%2C440&ssl=1&resize=350%2C200 1x, https:\/\/i0.wp.com\/lahoradelcampo.com.uy\/site\/wp-content\/uploads\/2018\/03\/Lanaa.jpg?fit=880%2C440&ssl=1&resize=525%2C300 1.5x, https:\/\/i0.wp.com\/lahoradelcampo.com.uy\/site\/wp-content\/uploads\/2018\/03\/Lanaa.jpg?fit=880%2C440&ssl=1&resize=700%2C400 2x"},"classes":[]},{"id":20320,"url":"https:\/\/lahoradelcampo.com.uy\/site\/el-ime-cerro-la-semana-al-alza-y-cotizo-a-us-777\/","url_meta":{"origin":24212,"position":1},"title":"El IME cerr\u00f3 la semana al alza y cotiz\u00f3 a US$ 7,77","author":"La Hora del Campo","date":"28 mayo, 2020","format":false,"excerpt":"Una demanda m\u00e1s activa, menor cantidad y mejor calidad de la lana ofertada y el tipo de cambio, fueron los fundamentos para una semana positiva para el mercado lanero australiano que culmin\u00f3 con la colocaci\u00f3n del 92% de la oferta y una suba del 2,7% luego de los dos d\u00edas\u2026","rel":"","context":"En \u00abActualidad\u00bb","block_context":{"text":"Actualidad","link":"https:\/\/lahoradelcampo.com.uy\/site\/category\/actualidad\/"},"img":{"alt_text":"","src":"https:\/\/i0.wp.com\/lahoradelcampo.com.uy\/site\/wp-content\/uploads\/2018\/03\/Lanaa.jpg?fit=880%2C440&ssl=1&resize=350%2C200","width":350,"height":200,"srcset":"https:\/\/i0.wp.com\/lahoradelcampo.com.uy\/site\/wp-content\/uploads\/2018\/03\/Lanaa.jpg?fit=880%2C440&ssl=1&resize=350%2C200 1x, https:\/\/i0.wp.com\/lahoradelcampo.com.uy\/site\/wp-content\/uploads\/2018\/03\/Lanaa.jpg?fit=880%2C440&ssl=1&resize=525%2C300 1.5x, https:\/\/i0.wp.com\/lahoradelcampo.com.uy\/site\/wp-content\/uploads\/2018\/03\/Lanaa.jpg?fit=880%2C440&ssl=1&resize=700%2C400 2x"},"classes":[]},{"id":26144,"url":"https:\/\/lahoradelcampo.com.uy\/site\/el-ime-perdio-18-centavos-en-la-ultima-semana-de-2020\/","url_meta":{"origin":24212,"position":2},"title":"El IME perdi\u00f3 18 centavos en la \u00faltima semana de 2020","author":"La Hora del Campo","date":"16 diciembre, 2020","format":false,"excerpt":"La zafra 2020\/2021 ha registrado dos etapas muy dispares y que tienen el mes de setiembre como eje principal. Desde julio a la segunda semana del noveno mes del a\u00f1o, las bajas consecutivas del Indicador de Mercados del Este (IME) llev\u00f3 al piso de la presente zafra hasta el momento.\u2026","rel":"","context":"En \u00abActualidad\u00bb","block_context":{"text":"Actualidad","link":"https:\/\/lahoradelcampo.com.uy\/site\/category\/actualidad\/"},"img":{"alt_text":"","src":"https:\/\/i0.wp.com\/lahoradelcampo.com.uy\/site\/wp-content\/uploads\/2018\/03\/lana.jpg?fit=880%2C440&ssl=1&resize=350%2C200","width":350,"height":200,"srcset":"https:\/\/i0.wp.com\/lahoradelcampo.com.uy\/site\/wp-content\/uploads\/2018\/03\/lana.jpg?fit=880%2C440&ssl=1&resize=350%2C200 1x, https:\/\/i0.wp.com\/lahoradelcampo.com.uy\/site\/wp-content\/uploads\/2018\/03\/lana.jpg?fit=880%2C440&ssl=1&resize=525%2C300 1.5x, https:\/\/i0.wp.com\/lahoradelcampo.com.uy\/site\/wp-content\/uploads\/2018\/03\/lana.jpg?fit=880%2C440&ssl=1&resize=700%2C400 2x"},"classes":[]},{"id":11355,"url":"https:\/\/lahoradelcampo.com.uy\/site\/mayo-cerro-con-el-ime-recuperandose-luego-de-una-fuerte-baja\/","url_meta":{"origin":24212,"position":3},"title":"Mayo cerr\u00f3 con el IME recuper\u00e1ndose luego de una fuerte baja","author":"La Hora del Campo","date":"31 mayo, 2019","format":false,"excerpt":"El mercado lanero australiano cerr\u00f3 el mes de mayo con el Indicador de Mercados del Este recuper\u00e1ndose luego de tres semanas de bajas consecutivas. En las dos jornadas de ventas de esta semana la demanda se mostr\u00f3 m\u00e1s activa ante un bajo volumen de oferta y lanas que mostraron una\u2026","rel":"","context":"En \u00abActualidad\u00bb","block_context":{"text":"Actualidad","link":"https:\/\/lahoradelcampo.com.uy\/site\/category\/actualidad\/"},"img":{"alt_text":"","src":"https:\/\/i0.wp.com\/lahoradelcampo.com.uy\/site\/wp-content\/uploads\/2019\/05\/lanas-australia-a.jpg?fit=880%2C440&ssl=1&resize=350%2C200","width":350,"height":200,"srcset":"https:\/\/i0.wp.com\/lahoradelcampo.com.uy\/site\/wp-content\/uploads\/2019\/05\/lanas-australia-a.jpg?fit=880%2C440&ssl=1&resize=350%2C200 1x, https:\/\/i0.wp.com\/lahoradelcampo.com.uy\/site\/wp-content\/uploads\/2019\/05\/lanas-australia-a.jpg?fit=880%2C440&ssl=1&resize=525%2C300 1.5x, https:\/\/i0.wp.com\/lahoradelcampo.com.uy\/site\/wp-content\/uploads\/2019\/05\/lanas-australia-a.jpg?fit=880%2C440&ssl=1&resize=700%2C400 2x"},"classes":[]},{"id":31936,"url":"https:\/\/lahoradelcampo.com.uy\/site\/termino-la-primera-semana-2021-22-con-un-ime-a-la-baja\/","url_meta":{"origin":24212,"position":4},"title":"Termin\u00f3 la primera semana 2021-22, con un IME a la baja","author":"La Hora del Campo","date":"9 julio, 2021","format":false,"excerpt":"Luego del arranque de semana, el pasado martes, con subas en varios micronajes en las lanas finas y un Indicador de Mercados del Este (IME) que gan\u00f3 8 centavos, el mi\u00e9rcoles y ayer jueves cambi\u00f3 la tendencia y la semana termin\u00f3 cerrando con una ca\u00edda de 10 centavos frente al\u2026","rel":"","context":"En \u00abActualidad\u00bb","block_context":{"text":"Actualidad","link":"https:\/\/lahoradelcampo.com.uy\/site\/category\/actualidad\/"},"img":{"alt_text":"","src":"https:\/\/i0.wp.com\/lahoradelcampo.com.uy\/site\/wp-content\/uploads\/2019\/06\/Lana-australia-1.jpg?fit=880%2C440&ssl=1&resize=350%2C200","width":350,"height":200,"srcset":"https:\/\/i0.wp.com\/lahoradelcampo.com.uy\/site\/wp-content\/uploads\/2019\/06\/Lana-australia-1.jpg?fit=880%2C440&ssl=1&resize=350%2C200 1x, https:\/\/i0.wp.com\/lahoradelcampo.com.uy\/site\/wp-content\/uploads\/2019\/06\/Lana-australia-1.jpg?fit=880%2C440&ssl=1&resize=525%2C300 1.5x, https:\/\/i0.wp.com\/lahoradelcampo.com.uy\/site\/wp-content\/uploads\/2019\/06\/Lana-australia-1.jpg?fit=880%2C440&ssl=1&resize=700%2C400 2x"},"classes":[]},{"id":25480,"url":"https:\/\/lahoradelcampo.com.uy\/site\/ime-cerro-en-us-869-tras-una-suba-semanal-de-16-centavos\/","url_meta":{"origin":24212,"position":5},"title":"IME cerr\u00f3 en US$ 8,69, tras una suba semanal de 16 centavos","author":"La Hora del Campo","date":"13 noviembre, 2020","format":false,"excerpt":"Con subas y bajas el mercado volvi\u00f3 a cerrar positivamente la semana y contin\u00faa subiendo frente al piso de valores que registr\u00f3 al comienzo del mes de setiembre para esta zafra. La volatilidad que se verifica a diario en las ventas de lana australiana, en general se basa en la\u2026","rel":"","context":"En \u00abActualidad\u00bb","block_context":{"text":"Actualidad","link":"https:\/\/lahoradelcampo.com.uy\/site\/category\/actualidad\/"},"img":{"alt_text":"","src":"https:\/\/i0.wp.com\/lahoradelcampo.com.uy\/site\/wp-content\/uploads\/2019\/05\/lanas-australia-a.jpg?fit=880%2C440&ssl=1&resize=350%2C200","width":350,"height":200,"srcset":"https:\/\/i0.wp.com\/lahoradelcampo.com.uy\/site\/wp-content\/uploads\/2019\/05\/lanas-australia-a.jpg?fit=880%2C440&ssl=1&resize=350%2C200 1x, https:\/\/i0.wp.com\/lahoradelcampo.com.uy\/site\/wp-content\/uploads\/2019\/05\/lanas-australia-a.jpg?fit=880%2C440&ssl=1&resize=525%2C300 1.5x, https:\/\/i0.wp.com\/lahoradelcampo.com.uy\/site\/wp-content\/uploads\/2019\/05\/lanas-australia-a.jpg?fit=880%2C440&ssl=1&resize=700%2C400 2x"},"classes":[]}],"jetpack_likes_enabled":true,"_links":{"self":[{"href":"https:\/\/lahoradelcampo.com.uy\/site\/wp-json\/wp\/v2\/posts\/24212","targetHints":{"allow":["GET"]}}],"collection":[{"href":"https:\/\/lahoradelcampo.com.uy\/site\/wp-json\/wp\/v2\/posts"}],"about":[{"href":"https:\/\/lahoradelcampo.com.uy\/site\/wp-json\/wp\/v2\/types\/post"}],"author":[{"embeddable":true,"href":"https:\/\/lahoradelcampo.com.uy\/site\/wp-json\/wp\/v2\/users\/5"}],"replies":[{"embeddable":true,"href":"https:\/\/lahoradelcampo.com.uy\/site\/wp-json\/wp\/v2\/comments?post=24212"}],"version-history":[{"count":1,"href":"https:\/\/lahoradelcampo.com.uy\/site\/wp-json\/wp\/v2\/posts\/24212\/revisions"}],"predecessor-version":[{"id":24214,"href":"https:\/\/lahoradelcampo.com.uy\/site\/wp-json\/wp\/v2\/posts\/24212\/revisions\/24214"}],"wp:featuredmedia":[{"embeddable":true,"href":"https:\/\/lahoradelcampo.com.uy\/site\/wp-json\/wp\/v2\/media\/6173"}],"wp:attachment":[{"href":"https:\/\/lahoradelcampo.com.uy\/site\/wp-json\/wp\/v2\/media?parent=24212"}],"wp:term":[{"taxonomy":"category","embeddable":true,"href":"https:\/\/lahoradelcampo.com.uy\/site\/wp-json\/wp\/v2\/categories?post=24212"},{"taxonomy":"post_tag","embeddable":true,"href":"https:\/\/lahoradelcampo.com.uy\/site\/wp-json\/wp\/v2\/tags?post=24212"}],"curies":[{"name":"wp","href":"https:\/\/api.w.org\/{rel}","templated":true}]}}