{"id":24190,"date":"2020-10-01T08:00:23","date_gmt":"2020-10-01T11:00:23","guid":{"rendered":"http:\/\/lahoradelcampo.com.uy\/site\/?p=24190"},"modified":"2020-10-01T08:00:44","modified_gmt":"2020-10-01T11:00:44","slug":"la-marchita-de-criollos-contara-con-83-binomios","status":"publish","type":"post","link":"https:\/\/lahoradelcampo.com.uy\/site\/la-marchita-de-criollos-contara-con-83-binomios\/","title":{"rendered":"La Marchita de Criollos contar\u00e1 con 83 binomios"},"content":{"rendered":"\n<figure class=\"wp-block-image\"><img data-recalc-dims=\"1\" loading=\"lazy\" decoding=\"async\" width=\"810\" height=\"405\" data-attachment-id=\"2413\" data-permalink=\"https:\/\/lahoradelcampo.com.uy\/site\/imponente-definicion-de-la-marchita-de-criollos\/criollos-marcheros\/\" data-orig-file=\"https:\/\/i0.wp.com\/lahoradelcampo.com.uy\/site\/wp-content\/uploads\/2017\/10\/Criollos-marcheros.jpg?fit=880%2C440&amp;ssl=1\" data-orig-size=\"880,440\" data-comments-opened=\"1\" data-image-meta=\"{&quot;aperture&quot;:&quot;0&quot;,&quot;credit&quot;:&quot;Vicente-Manuel-Tort&quot;,&quot;camera&quot;:&quot;&quot;,&quot;caption&quot;:&quot;&quot;,&quot;created_timestamp&quot;:&quot;0&quot;,&quot;copyright&quot;:&quot;Presidencia de la Republica - Sec.Com.Inst.&quot;,&quot;focal_length&quot;:&quot;0&quot;,&quot;iso&quot;:&quot;0&quot;,&quot;shutter_speed&quot;:&quot;0&quot;,&quot;title&quot;:&quot;&quot;,&quot;orientation&quot;:&quot;1&quot;}\" data-image-title=\"Criollos marcheros\" data-image-description=\"\" data-image-caption=\"\" data-large-file=\"https:\/\/i0.wp.com\/lahoradelcampo.com.uy\/site\/wp-content\/uploads\/2017\/10\/Criollos-marcheros.jpg?fit=810%2C405&amp;ssl=1\" src=\"https:\/\/i0.wp.com\/lahoradelcampo.com.uy\/site\/wp-content\/uploads\/2017\/10\/Criollos-marcheros.jpg?resize=810%2C405\" alt=\"\" class=\"wp-image-2413\" srcset=\"https:\/\/i0.wp.com\/lahoradelcampo.com.uy\/site\/wp-content\/uploads\/2017\/10\/Criollos-marcheros.jpg?w=880&amp;ssl=1 880w, https:\/\/i0.wp.com\/lahoradelcampo.com.uy\/site\/wp-content\/uploads\/2017\/10\/Criollos-marcheros.jpg?resize=300%2C150&amp;ssl=1 300w, https:\/\/i0.wp.com\/lahoradelcampo.com.uy\/site\/wp-content\/uploads\/2017\/10\/Criollos-marcheros.jpg?resize=768%2C384&amp;ssl=1 768w, https:\/\/i0.wp.com\/lahoradelcampo.com.uy\/site\/wp-content\/uploads\/2017\/10\/Criollos-marcheros.jpg?resize=820%2C410&amp;ssl=1 820w\" sizes=\"auto, (max-width: 810px) 100vw, 810px\" \/><\/figure>\n\n\n\n<p>La Agremiaci\u00f3n de Criadores de Caballos Criollos de Salto ha organizado una serie de actividades para la Expo Salto 2020, que comenzaron en la jornada de ayer a la tarde, con la entrega de los chalecos y el ingreso de los binomios que participaran de la \u00abMarchita 2020\u00bb. <br><\/p>\n\n\n\n<p>En este sentido el presidente de la gremial de criadores, Juan Diego Armstrong, dijo que este a\u00f1o participaran 83 ejemplares, donde habr\u00e1 13 en la categor\u00eda marcheritos, 12 en menores hasta 65 kilos y 58 en la categor\u00eda mayores. <br><\/p>\n\n\n\n<p>Armstrong exhort\u00f3 a los participantes y tambi\u00e9n al p\u00fablico que concurra a los eventos organizados por la gremial, que respeten los protocolos sanitarios correspondientes y ya conocidos por todos. Debido a la ubicaci\u00f3n de la pista para la realizaci\u00f3n de las pruebas, la gremial ha determinado que podr\u00e1n acceder a la misma el jinete y un acompa\u00f1ante por cada caballo. El p\u00fablico en general estar\u00e1 en el \u00e1rea de las gradas, del otro lado de la pista. <br><\/p>\n\n\n\n<p>En el caso del recorrido de la marchita, se eliminaron los puestos de apoyo,  donde \u00abse mojaba y apoyaba a los jinetes, para evitar el amontonamiento de personas\u00bb. <br><\/p>\n\n\n\n<p>Armstrong dijo que depende de la actitud de los criadores y el p\u00fablico para que se pueda continuar con la realizaci\u00f3n de otras actividades. <\/p>\n\n\n\n<p style=\"text-align:right\"><strong>Salto, 01 de octubre de 2020<\/strong><\/p>\n","protected":false},"excerpt":{"rendered":"<p>La Agremiaci\u00f3n de Criadores de Caballos Criollos de Salto ha organizado una serie de actividades para la Expo Salto 2020, que comenzaron en la jornada de ayer a la tarde, [&hellip;]<\/p>\n","protected":false},"author":5,"featured_media":2413,"comment_status":"open","ping_status":"open","sticky":false,"template":"","format":"standard","meta":{"_price":"","_stock":"","_tribe_ticket_header":"","_tribe_default_ticket_provider":"","_tribe_ticket_capacity":"0","_ticket_start_date":"","_ticket_end_date":"","_tribe_ticket_show_description":"","_tribe_ticket_show_not_going":false,"_tribe_ticket_use_global_stock":"","_tribe_ticket_global_stock_level":"","_global_stock_mode":"","_global_stock_cap":"","_tribe_rsvp_for_event":"","_tribe_ticket_going_count":"","_tribe_ticket_not_going_count":"","_tribe_tickets_list":"[]","_tribe_ticket_has_attendee_info_fields":false,"h5ap_radio_sources":[],"_jetpack_newsletter_access":"","_jetpack_dont_email_post_to_subs":false,"_jetpack_newsletter_tier_id":0,"_jetpack_memberships_contains_paywalled_content":false,"_jetpack_memberships_contains_paid_content":false,"footnotes":""},"categories":[21,23],"tags":[],"class_list":["post-24190","post","type-post","status-publish","format-standard","has-post-thumbnail","hentry","category-actualidad","category-equinos"],"jetpack_featured_media_url":"https:\/\/i0.wp.com\/lahoradelcampo.com.uy\/site\/wp-content\/uploads\/2017\/10\/Criollos-marcheros.jpg?fit=880%2C440&ssl=1","jetpack_sharing_enabled":true,"jetpack_shortlink":"https:\/\/wp.me\/p99IaT-6ia","jetpack-related-posts":[{"id":55962,"url":"https:\/\/lahoradelcampo.com.uy\/site\/participaran-72-binomios-de-la-54a-marcha-funcional-de-caballos-criollos\/","url_meta":{"origin":24190,"position":0},"title":"Participar\u00e1n 72 binomios de la 54\u00aa Marcha Funcional de Caballos Criollos","author":"La Hora del Campo","date":"22 abril, 2025","format":false,"excerpt":"El pasado viernes 18 de abril ingresaron a la concentraci\u00f3n 72 ejemplares para participar de la 54\u00aa Marcha Funcional de Caballos Criollos en Minas, denominada \"Alejo Giorello\". En este caso las 71 yeguas y 1 padrillo, deber\u00e1n concentrar durante 30 d\u00edas para nivelar las condiciones de alimentaci\u00f3n para que cada\u2026","rel":"","context":"En \u00abActualidad\u00bb","block_context":{"text":"Actualidad","link":"https:\/\/lahoradelcampo.com.uy\/site\/category\/actualidad\/"},"img":{"alt_text":"","src":"https:\/\/i0.wp.com\/lahoradelcampo.com.uy\/site\/wp-content\/uploads\/2025\/04\/Criollos-marchafuncional.jpg?fit=880%2C440&ssl=1&resize=350%2C200","width":350,"height":200,"srcset":"https:\/\/i0.wp.com\/lahoradelcampo.com.uy\/site\/wp-content\/uploads\/2025\/04\/Criollos-marchafuncional.jpg?fit=880%2C440&ssl=1&resize=350%2C200 1x, https:\/\/i0.wp.com\/lahoradelcampo.com.uy\/site\/wp-content\/uploads\/2025\/04\/Criollos-marchafuncional.jpg?fit=880%2C440&ssl=1&resize=525%2C300 1.5x, https:\/\/i0.wp.com\/lahoradelcampo.com.uy\/site\/wp-content\/uploads\/2025\/04\/Criollos-marchafuncional.jpg?fit=880%2C440&ssl=1&resize=700%2C400 2x"},"classes":[]},{"id":34673,"url":"https:\/\/lahoradelcampo.com.uy\/site\/criollos-con-una-nutrida-agenda-en-la-expo-salto-2021\/","url_meta":{"origin":24190,"position":1},"title":"Criollos con una nutrida agenda en la Expo Salto 2021","author":"La Hora del Campo","date":"27 septiembre, 2021","format":false,"excerpt":"La directiva de la Agremiaci\u00f3n de Criadores de Caballos Criollos de Salto, encabezada por Juan Diego Armstrong, trabaj\u00f3 fuertemente en este \u00faltimo tiempo, realizando varias actividades, entre las cuales estuvo la realizaci\u00f3n de la clasificatoria al Freno de Oro. Al mismo tiempo inicio todo el trabajo para lograr la concreci\u00f3n\u2026","rel":"","context":"En \u00abActualidad\u00bb","block_context":{"text":"Actualidad","link":"https:\/\/lahoradelcampo.com.uy\/site\/category\/actualidad\/"},"img":{"alt_text":"","src":"https:\/\/i0.wp.com\/lahoradelcampo.com.uy\/site\/wp-content\/uploads\/2018\/05\/Criollos.jpg?fit=880%2C440&ssl=1&resize=350%2C200","width":350,"height":200,"srcset":"https:\/\/i0.wp.com\/lahoradelcampo.com.uy\/site\/wp-content\/uploads\/2018\/05\/Criollos.jpg?fit=880%2C440&ssl=1&resize=350%2C200 1x, https:\/\/i0.wp.com\/lahoradelcampo.com.uy\/site\/wp-content\/uploads\/2018\/05\/Criollos.jpg?fit=880%2C440&ssl=1&resize=525%2C300 1.5x, https:\/\/i0.wp.com\/lahoradelcampo.com.uy\/site\/wp-content\/uploads\/2018\/05\/Criollos.jpg?fit=880%2C440&ssl=1&resize=700%2C400 2x"},"classes":[]},{"id":56014,"url":"https:\/\/lahoradelcampo.com.uy\/site\/las-cabanas-saltenas-siguen-marcando-el-ritmo-del-campeonato-de-marchitas\/","url_meta":{"origin":24190,"position":2},"title":"Las caba\u00f1as salte\u00f1as siguen marcando el ritmo del campeonato de marchitas","author":"La Hora del Campo","date":"28 abril, 2025","format":false,"excerpt":"La Sociedad de Criadores de Caballos Criollos del Uruguay y la Agremiaci\u00f3n de Criadores de Caballos Criollos de Salto concluyeron este fin de semana una intensa jornada de tres d\u00edas de actividad con la culminaci\u00f3n de la segunda etapa del Campeonato nacional de Marchitas y el desarrollo de la primera\u2026","rel":"","context":"En \u00abActualidad\u00bb","block_context":{"text":"Actualidad","link":"https:\/\/lahoradelcampo.com.uy\/site\/category\/actualidad\/"},"img":{"alt_text":"","src":"https:\/\/i0.wp.com\/lahoradelcampo.com.uy\/site\/wp-content\/uploads\/2025\/04\/caballlos-criollos.jpg?fit=880%2C440&ssl=1&resize=350%2C200","width":350,"height":200,"srcset":"https:\/\/i0.wp.com\/lahoradelcampo.com.uy\/site\/wp-content\/uploads\/2025\/04\/caballlos-criollos.jpg?fit=880%2C440&ssl=1&resize=350%2C200 1x, https:\/\/i0.wp.com\/lahoradelcampo.com.uy\/site\/wp-content\/uploads\/2025\/04\/caballlos-criollos.jpg?fit=880%2C440&ssl=1&resize=525%2C300 1.5x, https:\/\/i0.wp.com\/lahoradelcampo.com.uy\/site\/wp-content\/uploads\/2025\/04\/caballlos-criollos.jpg?fit=880%2C440&ssl=1&resize=700%2C400 2x"},"classes":[]},{"id":22330,"url":"https:\/\/lahoradelcampo.com.uy\/site\/es-un-honor-para-salto-haber-tenido-la-clasificatoria-al-freno-de-oro\/","url_meta":{"origin":24190,"position":3},"title":"Es \u00abun honor\u00bb para Salto haber tenido la clasificatoria al Freno de Oro","author":"La Hora del Campo","date":"3 agosto, 2020","format":false,"excerpt":"La Agremiaci\u00f3n de Criadores de Caballos Criollos de Salto ha trabajado intensamente en el armado y coordinaci\u00f3n del evento, preparaci\u00f3n de las instalaciones, la pista y los protocolos a cumplir para lograr la realizaci\u00f3n de la Clasificatoria del Freno de Oro en las mejores condiciones. Juan Diego Armstrong, presidente la\u2026","rel":"","context":"En \u00abActualidad\u00bb","block_context":{"text":"Actualidad","link":"https:\/\/lahoradelcampo.com.uy\/site\/category\/actualidad\/"},"img":{"alt_text":"","src":"https:\/\/i0.wp.com\/lahoradelcampo.com.uy\/site\/wp-content\/uploads\/2020\/08\/juandiegoweb.jpg?fit=880%2C440&ssl=1&resize=350%2C200","width":350,"height":200,"srcset":"https:\/\/i0.wp.com\/lahoradelcampo.com.uy\/site\/wp-content\/uploads\/2020\/08\/juandiegoweb.jpg?fit=880%2C440&ssl=1&resize=350%2C200 1x, https:\/\/i0.wp.com\/lahoradelcampo.com.uy\/site\/wp-content\/uploads\/2020\/08\/juandiegoweb.jpg?fit=880%2C440&ssl=1&resize=525%2C300 1.5x, https:\/\/i0.wp.com\/lahoradelcampo.com.uy\/site\/wp-content\/uploads\/2020\/08\/juandiegoweb.jpg?fit=880%2C440&ssl=1&resize=700%2C400 2x"},"classes":[]},{"id":2411,"url":"https:\/\/lahoradelcampo.com.uy\/site\/imponente-definicion-de-la-marchita-de-criollos\/","url_meta":{"origin":24190,"position":4},"title":"Imponente definici\u00f3n de la Marchita de Criollos","author":"La Hora del Campo","date":"9 octubre, 2017","format":false,"excerpt":"Este domingo finaliz\u00f3 la \"Marchita\" organizada por la Agremiaci\u00f3n de Criadores de Caballos Criollos del Norte, en el marco de la Expo Salto 2017.\u00a0\u00a0La misma cont\u00f3 con una importante participaci\u00f3n en las tres categor\u00edas (marcheritos, menores hasta 65 kg y mayores hasta 90 kg). La final de los marcheritos que\u2026","rel":"","context":"En \u00abActualidad\u00bb","block_context":{"text":"Actualidad","link":"https:\/\/lahoradelcampo.com.uy\/site\/category\/actualidad\/"},"img":{"alt_text":"","src":"https:\/\/i0.wp.com\/lahoradelcampo.com.uy\/site\/wp-content\/uploads\/2017\/10\/Criollos-marcheros.jpg?fit=880%2C440&ssl=1&resize=350%2C200","width":350,"height":200,"srcset":"https:\/\/i0.wp.com\/lahoradelcampo.com.uy\/site\/wp-content\/uploads\/2017\/10\/Criollos-marcheros.jpg?fit=880%2C440&ssl=1&resize=350%2C200 1x, https:\/\/i0.wp.com\/lahoradelcampo.com.uy\/site\/wp-content\/uploads\/2017\/10\/Criollos-marcheros.jpg?fit=880%2C440&ssl=1&resize=525%2C300 1.5x, https:\/\/i0.wp.com\/lahoradelcampo.com.uy\/site\/wp-content\/uploads\/2017\/10\/Criollos-marcheros.jpg?fit=880%2C440&ssl=1&resize=700%2C400 2x"},"classes":[]},{"id":22006,"url":"https:\/\/lahoradelcampo.com.uy\/site\/criollistas-reactivan-sus-actividades-con-el-freno-de-oro\/","url_meta":{"origin":24190,"position":5},"title":"El 31 de julio comienza la Credenciadora del Freno de Oro","author":"La Hora del Campo","date":"21 julio, 2020","format":false,"excerpt":"La pasada semana anunciamos el retorno a la actividad de la Sociedad de Criadores de Caballos Criollos del Uruguay, con la realizaci\u00f3n de la Clasificatoria para el Freno de Oro, que tradicionalmente se realiza en el marco de la Expo Oto\u00f1o en el Prado y que por los cuidados por\u2026","rel":"","context":"En \u00abActualidad\u00bb","block_context":{"text":"Actualidad","link":"https:\/\/lahoradelcampo.com.uy\/site\/category\/actualidad\/"},"img":{"alt_text":"","src":"https:\/\/i0.wp.com\/lahoradelcampo.com.uy\/site\/wp-content\/uploads\/2020\/07\/frenoweb.jpg?fit=880%2C440&ssl=1&resize=350%2C200","width":350,"height":200,"srcset":"https:\/\/i0.wp.com\/lahoradelcampo.com.uy\/site\/wp-content\/uploads\/2020\/07\/frenoweb.jpg?fit=880%2C440&ssl=1&resize=350%2C200 1x, https:\/\/i0.wp.com\/lahoradelcampo.com.uy\/site\/wp-content\/uploads\/2020\/07\/frenoweb.jpg?fit=880%2C440&ssl=1&resize=525%2C300 1.5x, https:\/\/i0.wp.com\/lahoradelcampo.com.uy\/site\/wp-content\/uploads\/2020\/07\/frenoweb.jpg?fit=880%2C440&ssl=1&resize=700%2C400 2x"},"classes":[]}],"jetpack_likes_enabled":true,"_links":{"self":[{"href":"https:\/\/lahoradelcampo.com.uy\/site\/wp-json\/wp\/v2\/posts\/24190","targetHints":{"allow":["GET"]}}],"collection":[{"href":"https:\/\/lahoradelcampo.com.uy\/site\/wp-json\/wp\/v2\/posts"}],"about":[{"href":"https:\/\/lahoradelcampo.com.uy\/site\/wp-json\/wp\/v2\/types\/post"}],"author":[{"embeddable":true,"href":"https:\/\/lahoradelcampo.com.uy\/site\/wp-json\/wp\/v2\/users\/5"}],"replies":[{"embeddable":true,"href":"https:\/\/lahoradelcampo.com.uy\/site\/wp-json\/wp\/v2\/comments?post=24190"}],"version-history":[{"count":1,"href":"https:\/\/lahoradelcampo.com.uy\/site\/wp-json\/wp\/v2\/posts\/24190\/revisions"}],"predecessor-version":[{"id":24192,"href":"https:\/\/lahoradelcampo.com.uy\/site\/wp-json\/wp\/v2\/posts\/24190\/revisions\/24192"}],"wp:featuredmedia":[{"embeddable":true,"href":"https:\/\/lahoradelcampo.com.uy\/site\/wp-json\/wp\/v2\/media\/2413"}],"wp:attachment":[{"href":"https:\/\/lahoradelcampo.com.uy\/site\/wp-json\/wp\/v2\/media?parent=24190"}],"wp:term":[{"taxonomy":"category","embeddable":true,"href":"https:\/\/lahoradelcampo.com.uy\/site\/wp-json\/wp\/v2\/categories?post=24190"},{"taxonomy":"post_tag","embeddable":true,"href":"https:\/\/lahoradelcampo.com.uy\/site\/wp-json\/wp\/v2\/tags?post=24190"}],"curies":[{"name":"wp","href":"https:\/\/api.w.org\/{rel}","templated":true}]}}