{"id":24184,"date":"2020-10-01T07:46:18","date_gmt":"2020-10-01T10:46:18","guid":{"rendered":"http:\/\/lahoradelcampo.com.uy\/site\/?p=24184"},"modified":"2020-10-01T07:46:32","modified_gmt":"2020-10-01T10:46:32","slug":"hoy-comienza-la-expo-salto-2020-con-una-mayor-participacion-de-reproductores","status":"publish","type":"post","link":"https:\/\/lahoradelcampo.com.uy\/site\/hoy-comienza-la-expo-salto-2020-con-una-mayor-participacion-de-reproductores\/","title":{"rendered":"Hoy comienza la Expo Salto 2020, con una mayor participaci\u00f3n de reproductores"},"content":{"rendered":"\n<figure class=\"wp-block-image\"><img data-recalc-dims=\"1\" loading=\"lazy\" decoding=\"async\" width=\"810\" height=\"405\" data-attachment-id=\"24186\" data-permalink=\"https:\/\/lahoradelcampo.com.uy\/site\/hoy-comienza-la-expo-salto-2020-con-una-mayor-participacion-de-reproductores\/exposaltoweb-2\/\" data-orig-file=\"https:\/\/i0.wp.com\/lahoradelcampo.com.uy\/site\/wp-content\/uploads\/2020\/10\/exposaltoweb.jpg?fit=880%2C440&amp;ssl=1\" data-orig-size=\"880,440\" data-comments-opened=\"1\" data-image-meta=\"{&quot;aperture&quot;:&quot;0&quot;,&quot;credit&quot;:&quot;&quot;,&quot;camera&quot;:&quot;&quot;,&quot;caption&quot;:&quot;&quot;,&quot;created_timestamp&quot;:&quot;0&quot;,&quot;copyright&quot;:&quot;&quot;,&quot;focal_length&quot;:&quot;0&quot;,&quot;iso&quot;:&quot;0&quot;,&quot;shutter_speed&quot;:&quot;0&quot;,&quot;title&quot;:&quot;&quot;,&quot;orientation&quot;:&quot;1&quot;}\" data-image-title=\"exposaltoweb\" data-image-description=\"\" data-image-caption=\"\" data-large-file=\"https:\/\/i0.wp.com\/lahoradelcampo.com.uy\/site\/wp-content\/uploads\/2020\/10\/exposaltoweb.jpg?fit=810%2C405&amp;ssl=1\" src=\"https:\/\/i0.wp.com\/lahoradelcampo.com.uy\/site\/wp-content\/uploads\/2020\/10\/exposaltoweb.jpg?resize=810%2C405\" alt=\"\" class=\"wp-image-24186\" srcset=\"https:\/\/i0.wp.com\/lahoradelcampo.com.uy\/site\/wp-content\/uploads\/2020\/10\/exposaltoweb.jpg?w=880&amp;ssl=1 880w, https:\/\/i0.wp.com\/lahoradelcampo.com.uy\/site\/wp-content\/uploads\/2020\/10\/exposaltoweb.jpg?resize=300%2C150&amp;ssl=1 300w, https:\/\/i0.wp.com\/lahoradelcampo.com.uy\/site\/wp-content\/uploads\/2020\/10\/exposaltoweb.jpg?resize=768%2C384&amp;ssl=1 768w, https:\/\/i0.wp.com\/lahoradelcampo.com.uy\/site\/wp-content\/uploads\/2020\/10\/exposaltoweb.jpg?resize=820%2C410&amp;ssl=1 820w\" sizes=\"auto, (max-width: 810px) 100vw, 810px\" \/><\/figure>\n\n\n\n<p>En la jornada de hoy, a partir de las 16 horas frente al Monumento del Centenario, en el predio de la Asociaci\u00f3n Agropecuaria de Salto, se desarrollar\u00e1 el acto de apertura de la muestra, con la presencia de de autoridades departamentales y nacionales. Previamente a las 8 horas y hasta las 13 se realizar\u00e1 el ingreso de reproductores ovinos a la muestra, en tanto que a las 6:30 horas se larga la \u00abMarchita 2020\u00bb, con un importante n\u00famero de binomios inscritos. <br><\/p>\n\n\n\n<p>Sebasti\u00e1n Gon\u00e7alvez, el director de Exposiciones de la Asociaci\u00f3n Agropecuaria de Salto, dijo existe conformidad en la gremial por el n\u00famero de animales inscritos. En total se presentar\u00e1n 1052 ovinos, 90 bovinos y 20 equinos. \u00abeste a\u00f1o tuvimos una buena inscripci\u00f3n tanto en lanares como vacunos, tenemos 20 toros m\u00e1s que el a\u00f1o pasado\u00bb.  <br><\/p>\n\n\n\n<p>En lo que respecta al programa ganadero de la muestra, El jueves por la tarde se realizar\u00e1 un concurso de corderos pesados al igual que el a\u00f1o pasado, pero esta oportunidad se sumar\u00e1 la etapa del pos morten que ser\u00e1 el viernes. <br><\/p>\n\n\n\n<p>En lo que respecta a las calificaciones, Gon\u00e7alvez dijo que el viernes se realiza la calificaci\u00f3n de los 102 ovinos. En la raza merino y poll merino australiano participan 51 reproductores, con el Dr. Adolfo Casaretto como jurado de la muestra. En Corriedale se presentan 17 ejemplares y en el Poll Dorset 11 ejemplares que ser\u00e1n calificados por Rosario Flores y Ana Araujo de Filliol. <br><\/p>\n\n\n\n<p>La raza Ideal, los jurados ser\u00e1n Antonio y Santiago Arrospide, con un total de 10 reproductores en la pista de calificaciones. En el caso del texel se presentan 9 ejemplares, con Pablo Bizcaizaco como jurado. Cierran la calificaci\u00f3n de los ovinos, 7 ejemplares Hampshire Down, 4 Meril\u00edn y 2 Suffolk, con jurados que ser\u00e1n designados por el SUL. <br><\/p>\n\n\n\n<p>El d\u00eda viernes tambi\u00e9n se realiza el ingreso de vacunos y equinos, tambi\u00e9n de 8 a 13 horas, de manera estricta en el cumplimiento del horario. <br><\/p>\n\n\n\n<p>El s\u00e1bado se realiza la jura con 90 bovinos en las pistas de calificaci\u00f3n. La raza Hereford ser\u00e1 la mayoritaria en la pista con un total de 51 ejemplares, mochos y astados, que ser\u00e1n calificados por el productor y t\u00e9cnico de la gremial, Enrique Bonino. <br><\/p>\n\n\n\n<p>En la raza Aberdeen Angus se presentaran 29 ejemplares, que ser\u00e1n calificados por Juan Baez y Ra\u00fal Ma. Irazabal. Se complementa con 5 normandos calificados por Andr\u00e9s Arbur\u00faas, 2 Braford y 1 Brangus. <br> Los equinos a morfolog\u00eda son 20, de la raza criolla, y se califican el s\u00e1bado a las 15 horas, por parte de Mart\u00edn Sarries. <br><\/p>\n\n\n\n<p>Ventas<br><\/p>\n\n\n\n<p>Las ventas de reproductores ovinos se concreta a las 17 horas del d\u00eda viernes, en tanto que el s\u00e1bado se comercializaran a las 17 los reproductores bovinos y equinos de la muestra, en tanto que a las 19 horas se concretar\u00e1 el cuarto remate de vientres seleccionados organizado por el escritorio Daniel Medina. <\/p>\n\n\n\n<p style=\"text-align:right\"><strong>Salto, 01 de octubre de 2020<\/strong><\/p>\n","protected":false},"excerpt":{"rendered":"<p>En la jornada de hoy, a partir de las 16 horas frente al Monumento del Centenario, en el predio de la Asociaci\u00f3n Agropecuaria de Salto, se desarrollar\u00e1 el acto de [&hellip;]<\/p>\n","protected":false},"author":5,"featured_media":24186,"comment_status":"open","ping_status":"open","sticky":false,"template":"","format":"standard","meta":{"_price":"","_stock":"","_tribe_ticket_header":"","_tribe_default_ticket_provider":"","_tribe_ticket_capacity":"0","_ticket_start_date":"","_ticket_end_date":"","_tribe_ticket_show_description":"","_tribe_ticket_show_not_going":false,"_tribe_ticket_use_global_stock":"","_tribe_ticket_global_stock_level":"","_global_stock_mode":"","_global_stock_cap":"","_tribe_rsvp_for_event":"","_tribe_ticket_going_count":"","_tribe_ticket_not_going_count":"","_tribe_tickets_list":"[]","_tribe_ticket_has_attendee_info_fields":false,"h5ap_radio_sources":[],"_jetpack_newsletter_access":"","_jetpack_dont_email_post_to_subs":false,"_jetpack_newsletter_tier_id":0,"_jetpack_memberships_contains_paywalled_content":false,"_jetpack_memberships_contains_paid_content":false,"footnotes":""},"categories":[21,5],"tags":[],"class_list":["post-24184","post","type-post","status-publish","format-standard","has-post-thumbnail","hentry","category-actualidad","category-ganaderia"],"jetpack_featured_media_url":"https:\/\/i0.wp.com\/lahoradelcampo.com.uy\/site\/wp-content\/uploads\/2020\/10\/exposaltoweb.jpg?fit=880%2C440&ssl=1","jetpack_sharing_enabled":true,"jetpack_shortlink":"https:\/\/wp.me\/p99IaT-6i4","jetpack-related-posts":[{"id":45951,"url":"https:\/\/lahoradelcampo.com.uy\/site\/hoy-comienza-la-expo-salto-con-la-inauguracion-a-las-16-horas\/","url_meta":{"origin":24184,"position":0},"title":"Hoy comienza la Expo Salto, con la inauguraci\u00f3n a las 16 horas","author":"La Hora del Campo","date":"29 septiembre, 2022","format":false,"excerpt":"Hoy da inicio la Expo Salto 2022, con una destacada actividad tanto desde el punto de vista ganadero, como de actividades para toda la familia salte\u00f1a. La muestra se desarrollar\u00e1 desde hoy, jueves 29 de setiembre, hasta el domingo 2 de octubre en el predio de la Asociaci\u00f3n Agropecuaria de\u2026","rel":"","context":"En \u00abActualidad\u00bb","block_context":{"text":"Actualidad","link":"https:\/\/lahoradelcampo.com.uy\/site\/category\/actualidad\/"},"img":{"alt_text":"","src":"https:\/\/i0.wp.com\/lahoradelcampo.com.uy\/site\/wp-content\/uploads\/2017\/10\/Expo-Salto.jpg?fit=880%2C440&ssl=1&resize=350%2C200","width":350,"height":200,"srcset":"https:\/\/i0.wp.com\/lahoradelcampo.com.uy\/site\/wp-content\/uploads\/2017\/10\/Expo-Salto.jpg?fit=880%2C440&ssl=1&resize=350%2C200 1x, https:\/\/i0.wp.com\/lahoradelcampo.com.uy\/site\/wp-content\/uploads\/2017\/10\/Expo-Salto.jpg?fit=880%2C440&ssl=1&resize=525%2C300 1.5x, https:\/\/i0.wp.com\/lahoradelcampo.com.uy\/site\/wp-content\/uploads\/2017\/10\/Expo-Salto.jpg?fit=880%2C440&ssl=1&resize=700%2C400 2x"},"classes":[]},{"id":34845,"url":"https:\/\/lahoradelcampo.com.uy\/site\/hoy-da-inicio-la-expo-del-trabajo-y-la-confianza\/","url_meta":{"origin":24184,"position":1},"title":"Hoy da inicio la \u00abExpo del trabajo y la confianza\u00bb","author":"La Hora del Campo","date":"30 septiembre, 2021","format":false,"excerpt":"En la jornada de hoy da inicio la 113 edici\u00f3n de la Exposici\u00f3n de Ganader\u00eda, Comercio, Industria y Servicios, Expo Salto, en un nuevo a\u00f1o muy especial para la Asociaci\u00f3n Agropecuaria de Salto que celebra sus 120 a\u00f1os de historia y tendr\u00e1 como invitado de honor al Presidente de la\u2026","rel":"","context":"En \u00abActualidad\u00bb","block_context":{"text":"Actualidad","link":"https:\/\/lahoradelcampo.com.uy\/site\/category\/actualidad\/"},"img":{"alt_text":"","src":"https:\/\/i0.wp.com\/lahoradelcampo.com.uy\/site\/wp-content\/uploads\/2020\/10\/exposaltoweb.jpg?fit=880%2C440&ssl=1&resize=350%2C200","width":350,"height":200,"srcset":"https:\/\/i0.wp.com\/lahoradelcampo.com.uy\/site\/wp-content\/uploads\/2020\/10\/exposaltoweb.jpg?fit=880%2C440&ssl=1&resize=350%2C200 1x, https:\/\/i0.wp.com\/lahoradelcampo.com.uy\/site\/wp-content\/uploads\/2020\/10\/exposaltoweb.jpg?fit=880%2C440&ssl=1&resize=525%2C300 1.5x, https:\/\/i0.wp.com\/lahoradelcampo.com.uy\/site\/wp-content\/uploads\/2020\/10\/exposaltoweb.jpg?fit=880%2C440&ssl=1&resize=700%2C400 2x"},"classes":[]},{"id":24128,"url":"https:\/\/lahoradelcampo.com.uy\/site\/goncalvez-este-ano-contamos-con-mas-reproductores-que-el-ano-pasado\/","url_meta":{"origin":24184,"position":2},"title":"Gon\u00e7alvez: Este a\u00f1o contamos con m\u00e1s reproductores que el a\u00f1o pasado","author":"La Hora del Campo","date":"29 septiembre, 2020","format":false,"excerpt":"Sebasti\u00e1n Gon\u00e7alvez, el director de Exposiciones de la Asociaci\u00f3n Agropecuaria de Salto, dijo \"estamos muy conformes este a\u00f1o, tuvimos una buena inscripci\u00f3n tanto en lanares como vacunos, tenemos 20 toros m\u00e1s que el a\u00f1o pasado\". En lo que respecta al programa ganadero de la muestra, la actividad comenzar\u00e1 el jueves\u2026","rel":"","context":"En \u00abActualidad\u00bb","block_context":{"text":"Actualidad","link":"https:\/\/lahoradelcampo.com.uy\/site\/category\/actualidad\/"},"img":{"alt_text":"","src":"https:\/\/i0.wp.com\/lahoradelcampo.com.uy\/site\/wp-content\/uploads\/2017\/09\/Sebastian-Goncalvez.jpg?fit=880%2C440&ssl=1&resize=350%2C200","width":350,"height":200,"srcset":"https:\/\/i0.wp.com\/lahoradelcampo.com.uy\/site\/wp-content\/uploads\/2017\/09\/Sebastian-Goncalvez.jpg?fit=880%2C440&ssl=1&resize=350%2C200 1x, https:\/\/i0.wp.com\/lahoradelcampo.com.uy\/site\/wp-content\/uploads\/2017\/09\/Sebastian-Goncalvez.jpg?fit=880%2C440&ssl=1&resize=525%2C300 1.5x, https:\/\/i0.wp.com\/lahoradelcampo.com.uy\/site\/wp-content\/uploads\/2017\/09\/Sebastian-Goncalvez.jpg?fit=880%2C440&ssl=1&resize=700%2C400 2x"},"classes":[]},{"id":45977,"url":"https:\/\/lahoradelcampo.com.uy\/site\/hoy-comienzan-las-juras-de-ovinos-y-manana-bovinos-en-la-expo-salto\/","url_meta":{"origin":24184,"position":3},"title":"Hoy comienzan las juras de ovinos y ma\u00f1ana bovinos en la Expo Salto","author":"La Hora del Campo","date":"30 septiembre, 2022","format":false,"excerpt":"Hoy viernes est\u00e1 previsto el ingreso de los reproductores vacunos y equinos que concurren a exposici\u00f3n, de 8 a 13 horas. En tanto que a las 9 horas, comenzar\u00e1 la calificaci\u00f3n de ovinos, comenzando por los ejemplares de galp\u00f3n para finalizar con los de campo. Como es tradicional se realizar\u00e1\u2026","rel":"","context":"En \u00abActualidad\u00bb","block_context":{"text":"Actualidad","link":"https:\/\/lahoradelcampo.com.uy\/site\/category\/actualidad\/"},"img":{"alt_text":"","src":"https:\/\/i0.wp.com\/lahoradelcampo.com.uy\/site\/wp-content\/uploads\/2020\/10\/ovinos-exposalto.jpg?fit=880%2C440&ssl=1&resize=350%2C200","width":350,"height":200,"srcset":"https:\/\/i0.wp.com\/lahoradelcampo.com.uy\/site\/wp-content\/uploads\/2020\/10\/ovinos-exposalto.jpg?fit=880%2C440&ssl=1&resize=350%2C200 1x, https:\/\/i0.wp.com\/lahoradelcampo.com.uy\/site\/wp-content\/uploads\/2020\/10\/ovinos-exposalto.jpg?fit=880%2C440&ssl=1&resize=525%2C300 1.5x, https:\/\/i0.wp.com\/lahoradelcampo.com.uy\/site\/wp-content\/uploads\/2020\/10\/ovinos-exposalto.jpg?fit=880%2C440&ssl=1&resize=700%2C400 2x"},"classes":[]},{"id":14741,"url":"https:\/\/lahoradelcampo.com.uy\/site\/hoy-comienza-la-fiesta-del-campo-y-la-ciudad-en-la-agropecuaria-de-salto\/","url_meta":{"origin":24184,"position":4},"title":"Hoy comienza la fiesta del campo y la ciudad en la Agropecuaria de Salto","author":"La Hora del Campo","date":"3 octubre, 2019","format":false,"excerpt":"En un a\u00f1o donde la ganader\u00eda es el rubro que mejor se defiende, con valores destacados a nivel del ganado gordo, con una reposici\u00f3n demandada y un sector criador que debe apostar a tener cada vez m\u00e1s terneros, llega una nueva edici\u00f3n de la Expo Salto 2019, donde se podr\u00e1\u2026","rel":"","context":"En \u00abActualidad\u00bb","block_context":{"text":"Actualidad","link":"https:\/\/lahoradelcampo.com.uy\/site\/category\/actualidad\/"},"img":{"alt_text":"","src":"https:\/\/i0.wp.com\/lahoradelcampo.com.uy\/site\/wp-content\/uploads\/2017\/10\/Expo-Salto-1.jpg?fit=880%2C440&ssl=1&resize=350%2C200","width":350,"height":200,"srcset":"https:\/\/i0.wp.com\/lahoradelcampo.com.uy\/site\/wp-content\/uploads\/2017\/10\/Expo-Salto-1.jpg?fit=880%2C440&ssl=1&resize=350%2C200 1x, https:\/\/i0.wp.com\/lahoradelcampo.com.uy\/site\/wp-content\/uploads\/2017\/10\/Expo-Salto-1.jpg?fit=880%2C440&ssl=1&resize=525%2C300 1.5x, https:\/\/i0.wp.com\/lahoradelcampo.com.uy\/site\/wp-content\/uploads\/2017\/10\/Expo-Salto-1.jpg?fit=880%2C440&ssl=1&resize=700%2C400 2x"},"classes":[]},{"id":24682,"url":"https:\/\/lahoradelcampo.com.uy\/site\/hoy-comienza-la-expo-chiflero-en-artigas\/","url_meta":{"origin":24184,"position":5},"title":"Hoy comienza la Expo Chiflero en Artigas","author":"La Hora del Campo","date":"16 octubre, 2020","format":false,"excerpt":"La 88\u00aa exposici\u00f3n feria ganadera nacional y 57\u00aa internacional de reproductores en el departamento de Artigas, comienza en la jornada de hoy con el ingreso de los ejemplares de las distintas razas, al tiempo que se ha programado una venta especial de la raza Cuarto de Milla, tanto para trabajo\u2026","rel":"","context":"En \u00abActualidad\u00bb","block_context":{"text":"Actualidad","link":"https:\/\/lahoradelcampo.com.uy\/site\/category\/actualidad\/"},"img":{"alt_text":"","src":"https:\/\/i0.wp.com\/lahoradelcampo.com.uy\/site\/wp-content\/uploads\/2020\/10\/expochiflero.jpg?fit=880%2C440&ssl=1&resize=350%2C200","width":350,"height":200,"srcset":"https:\/\/i0.wp.com\/lahoradelcampo.com.uy\/site\/wp-content\/uploads\/2020\/10\/expochiflero.jpg?fit=880%2C440&ssl=1&resize=350%2C200 1x, https:\/\/i0.wp.com\/lahoradelcampo.com.uy\/site\/wp-content\/uploads\/2020\/10\/expochiflero.jpg?fit=880%2C440&ssl=1&resize=525%2C300 1.5x, https:\/\/i0.wp.com\/lahoradelcampo.com.uy\/site\/wp-content\/uploads\/2020\/10\/expochiflero.jpg?fit=880%2C440&ssl=1&resize=700%2C400 2x"},"classes":[]}],"jetpack_likes_enabled":true,"_links":{"self":[{"href":"https:\/\/lahoradelcampo.com.uy\/site\/wp-json\/wp\/v2\/posts\/24184","targetHints":{"allow":["GET"]}}],"collection":[{"href":"https:\/\/lahoradelcampo.com.uy\/site\/wp-json\/wp\/v2\/posts"}],"about":[{"href":"https:\/\/lahoradelcampo.com.uy\/site\/wp-json\/wp\/v2\/types\/post"}],"author":[{"embeddable":true,"href":"https:\/\/lahoradelcampo.com.uy\/site\/wp-json\/wp\/v2\/users\/5"}],"replies":[{"embeddable":true,"href":"https:\/\/lahoradelcampo.com.uy\/site\/wp-json\/wp\/v2\/comments?post=24184"}],"version-history":[{"count":1,"href":"https:\/\/lahoradelcampo.com.uy\/site\/wp-json\/wp\/v2\/posts\/24184\/revisions"}],"predecessor-version":[{"id":24188,"href":"https:\/\/lahoradelcampo.com.uy\/site\/wp-json\/wp\/v2\/posts\/24184\/revisions\/24188"}],"wp:featuredmedia":[{"embeddable":true,"href":"https:\/\/lahoradelcampo.com.uy\/site\/wp-json\/wp\/v2\/media\/24186"}],"wp:attachment":[{"href":"https:\/\/lahoradelcampo.com.uy\/site\/wp-json\/wp\/v2\/media?parent=24184"}],"wp:term":[{"taxonomy":"category","embeddable":true,"href":"https:\/\/lahoradelcampo.com.uy\/site\/wp-json\/wp\/v2\/categories?post=24184"},{"taxonomy":"post_tag","embeddable":true,"href":"https:\/\/lahoradelcampo.com.uy\/site\/wp-json\/wp\/v2\/tags?post=24184"}],"curies":[{"name":"wp","href":"https:\/\/api.w.org\/{rel}","templated":true}]}}