{"id":24160,"date":"2020-09-30T07:50:35","date_gmt":"2020-09-30T10:50:35","guid":{"rendered":"http:\/\/lahoradelcampo.com.uy\/site\/?p=24160"},"modified":"2020-09-30T07:50:46","modified_gmt":"2020-09-30T10:50:46","slug":"cuarto-remate-de-vientres-calificados-en-la-expo-salto","status":"publish","type":"post","link":"https:\/\/lahoradelcampo.com.uy\/site\/cuarto-remate-de-vientres-calificados-en-la-expo-salto\/","title":{"rendered":"Cuarto remate de vientres calificados en la Expo Salto"},"content":{"rendered":"\n<figure class=\"wp-block-image\"><img data-recalc-dims=\"1\" loading=\"lazy\" decoding=\"async\" width=\"810\" height=\"608\" data-attachment-id=\"24162\" data-permalink=\"https:\/\/lahoradelcampo.com.uy\/site\/cuarto-remate-de-vientres-calificados-en-la-expo-salto\/daniel-medina-remate\/\" data-orig-file=\"https:\/\/i0.wp.com\/lahoradelcampo.com.uy\/site\/wp-content\/uploads\/2020\/09\/daniel-medina-remate.jpg?fit=2048%2C1536&amp;ssl=1\" data-orig-size=\"2048,1536\" data-comments-opened=\"1\" data-image-meta=\"{&quot;aperture&quot;:&quot;0&quot;,&quot;credit&quot;:&quot;&quot;,&quot;camera&quot;:&quot;&quot;,&quot;caption&quot;:&quot;&quot;,&quot;created_timestamp&quot;:&quot;0&quot;,&quot;copyright&quot;:&quot;&quot;,&quot;focal_length&quot;:&quot;0&quot;,&quot;iso&quot;:&quot;0&quot;,&quot;shutter_speed&quot;:&quot;0&quot;,&quot;title&quot;:&quot;&quot;,&quot;orientation&quot;:&quot;0&quot;}\" data-image-title=\"daniel medina remate\" data-image-description=\"\" data-image-caption=\"\" data-large-file=\"https:\/\/i0.wp.com\/lahoradelcampo.com.uy\/site\/wp-content\/uploads\/2020\/09\/daniel-medina-remate.jpg?fit=810%2C608&amp;ssl=1\" src=\"https:\/\/i0.wp.com\/lahoradelcampo.com.uy\/site\/wp-content\/uploads\/2020\/09\/daniel-medina-remate.jpg?resize=810%2C608\" alt=\"\" class=\"wp-image-24162\" srcset=\"https:\/\/i0.wp.com\/lahoradelcampo.com.uy\/site\/wp-content\/uploads\/2020\/09\/daniel-medina-remate.jpg?resize=1024%2C768&amp;ssl=1 1024w, https:\/\/i0.wp.com\/lahoradelcampo.com.uy\/site\/wp-content\/uploads\/2020\/09\/daniel-medina-remate.jpg?resize=300%2C225&amp;ssl=1 300w, https:\/\/i0.wp.com\/lahoradelcampo.com.uy\/site\/wp-content\/uploads\/2020\/09\/daniel-medina-remate.jpg?resize=768%2C576&amp;ssl=1 768w, https:\/\/i0.wp.com\/lahoradelcampo.com.uy\/site\/wp-content\/uploads\/2020\/09\/daniel-medina-remate.jpg?resize=360%2C270&amp;ssl=1 360w, https:\/\/i0.wp.com\/lahoradelcampo.com.uy\/site\/wp-content\/uploads\/2020\/09\/daniel-medina-remate.jpg?resize=80%2C60&amp;ssl=1 80w, https:\/\/i0.wp.com\/lahoradelcampo.com.uy\/site\/wp-content\/uploads\/2020\/09\/daniel-medina-remate.jpg?w=2048&amp;ssl=1 2048w, https:\/\/i0.wp.com\/lahoradelcampo.com.uy\/site\/wp-content\/uploads\/2020\/09\/daniel-medina-remate.jpg?w=1620 1620w\" sizes=\"auto, (max-width: 810px) 100vw, 810px\" \/><\/figure>\n\n\n\n<p>El s\u00e1bado 3 de octubre en el marco de la Expo Salto 2020, el escritorio Daniel Medina, realizar\u00e1 el cuarto remate de vientres calificados, sumando este a\u00f1o una oferta de 13 reproductores. Las ventas comenzar\u00e1n a las 19:30 horas. <br><\/p>\n\n\n\n<p>En la conferencia de lanzamiento de la exposici\u00f3n, el consignatario Daniel Medina, dijo que este a\u00f1o se tendr\u00e1 una oferta de \u00abalrededor de 600 vacunos y d\u00f3nde por primera vez estamos con trece toros\u00bb. En la oferta de reproductores entran 6 toros Aberdeen Angus y Red Angus de caba\u00f1a El Terer\u00e9, pedigree y puro por cruza, 3 toros Red Angus de caba\u00f1a La Plazoleta, 3 toros Polled Hereford y 1 toro Normando de caba\u00f1a Santa Elena De Palma Sola.<br><\/p>\n\n\n\n<p>En lo vientres se proponen 130 vacas y vaquillonas pre\u00f1adas mayor\u00eda Hereford pr\u00f3ximas a parir, 40 vacas Aberdeen Angus pre\u00f1adas a parir en oto\u00f1o, 30 piezas de cr\u00eda Hereford, 10 vacas de invernada, 190 vaquillonas de 1 a 2 a\u00f1os Polled Hereford y Caretas, 120 terneras Hereford y Caretas y 70 terneros.<br><\/p>\n\n\n\n<p>En la oferta de reposici\u00f3n, Medina destac\u00f3 un destacado lote de vaquillonas de Carlos y Natalia Parietti de \u00d1u Por\u00e1, un ganado Polled Hereford destacado. Luego vacas Aberdeen Angus de Manuel Santana, entre otros ganados destacados. <br><\/p>\n\n\n\n<p>Las ventas tendr\u00e1n la administraci\u00f3n y financiaci\u00f3n de Scotiabank, con 180 d\u00edas libres para los toros y 90 d\u00edas libres para los vientres. Como es tradicional en las ventas del escritorio artiguense, el martillo estar\u00e1 a cargo de Francisco C\u00e1nepa y contar\u00e1 con la colaboraci\u00f3n de Paco del Valle en Artigas, Gustavo de Paula en Sequeira y Carlos D\u00edaz en Tom\u00e1s Gomensoro. <br><\/p>\n\n\n\n<p>Daniel Medina dijo que \u00abes el momento para comprar por qu\u00e9 el tiempo viene acompa\u00f1ando, los ganados van a estar en Salto y en la vuelta, por lo que achicamos los kil\u00f3metros de los fletes. <\/p>\n\n\n\n<p style=\"text-align:right\"><strong>Salto, 30 de setiembre de 2020<\/strong><\/p>\n","protected":false},"excerpt":{"rendered":"<p>El s\u00e1bado 3 de octubre en el marco de la Expo Salto 2020, el escritorio Daniel Medina, realizar\u00e1 el cuarto remate de vientres calificados, sumando este a\u00f1o una oferta de [&hellip;]<\/p>\n","protected":false},"author":5,"featured_media":24162,"comment_status":"open","ping_status":"open","sticky":false,"template":"","format":"standard","meta":{"_price":"","_stock":"","_tribe_ticket_header":"","_tribe_default_ticket_provider":"","_tribe_ticket_capacity":"0","_ticket_start_date":"","_ticket_end_date":"","_tribe_ticket_show_description":"","_tribe_ticket_show_not_going":false,"_tribe_ticket_use_global_stock":"","_tribe_ticket_global_stock_level":"","_global_stock_mode":"","_global_stock_cap":"","_tribe_rsvp_for_event":"","_tribe_ticket_going_count":"","_tribe_ticket_not_going_count":"","_tribe_tickets_list":"[]","_tribe_ticket_has_attendee_info_fields":false,"h5ap_radio_sources":[],"_jetpack_newsletter_access":"","_jetpack_dont_email_post_to_subs":false,"_jetpack_newsletter_tier_id":0,"_jetpack_memberships_contains_paywalled_content":false,"_jetpack_memberships_contains_paid_content":false,"footnotes":""},"categories":[21,5],"tags":[],"class_list":["post-24160","post","type-post","status-publish","format-standard","has-post-thumbnail","hentry","category-actualidad","category-ganaderia"],"jetpack_featured_media_url":"https:\/\/i0.wp.com\/lahoradelcampo.com.uy\/site\/wp-content\/uploads\/2020\/09\/daniel-medina-remate.jpg?fit=2048%2C1536&ssl=1","jetpack_sharing_enabled":true,"jetpack_shortlink":"https:\/\/wp.me\/p99IaT-6hG","jetpack-related-posts":[{"id":24350,"url":"https:\/\/lahoradelcampo.com.uy\/site\/daniel-medina-coloco-el-100-de-la-oferta-en-el-cuarto-remate-de-vientres-calificados\/","url_meta":{"origin":24160,"position":0},"title":"Daniel Medina coloc\u00f3 el 100% de la oferta  en el cuarto remate de Vientres Calificados","author":"La Hora del Campo","date":"5 octubre, 2020","format":false,"excerpt":"El escritorio Daniel Medina, con el martillo de Francisco C\u00e1nepa, coloc\u00f3 el 100% de la oferta presentada en la pista de la Asociaci\u00f3n Agropecuaria de Salto. En esta oportunidad, adem\u00e1s de la oferta de ganados de reposici\u00f3n, el escritorio tambi\u00e9n propuso la venta de toros de las razas Polled Hereford\u2026","rel":"","context":"En \u00abActualidad\u00bb","block_context":{"text":"Actualidad","link":"https:\/\/lahoradelcampo.com.uy\/site\/category\/actualidad\/"},"img":{"alt_text":"","src":"https:\/\/i0.wp.com\/lahoradelcampo.com.uy\/site\/wp-content\/uploads\/2020\/10\/Daniel-Medina.jpg?fit=880%2C440&ssl=1&resize=350%2C200","width":350,"height":200,"srcset":"https:\/\/i0.wp.com\/lahoradelcampo.com.uy\/site\/wp-content\/uploads\/2020\/10\/Daniel-Medina.jpg?fit=880%2C440&ssl=1&resize=350%2C200 1x, https:\/\/i0.wp.com\/lahoradelcampo.com.uy\/site\/wp-content\/uploads\/2020\/10\/Daniel-Medina.jpg?fit=880%2C440&ssl=1&resize=525%2C300 1.5x, https:\/\/i0.wp.com\/lahoradelcampo.com.uy\/site\/wp-content\/uploads\/2020\/10\/Daniel-Medina.jpg?fit=880%2C440&ssl=1&resize=700%2C400 2x"},"classes":[]},{"id":35829,"url":"https:\/\/lahoradelcampo.com.uy\/site\/hoy-se-vende-el-polled-hereford-y-angus-de-cabana-don-roberto\/","url_meta":{"origin":24160,"position":1},"title":"Hoy se vende el Polled Hereford y Angus de caba\u00f1a Don Roberto","author":"La Hora del Campo","date":"23 octubre, 2021","format":false,"excerpt":"La zafra de reproductores contin\u00faa con sus ventas en todo el pa\u00eds, y en la jornada de hoy se concreta el segundo remate anual de la caba\u00f1a Don Roberto del Dr. Marcelo Texeira Nu\u00f1ez, en el local de la Asociaci\u00f3n Agropecuaria de Salto, a partir de las 17 horas y\u2026","rel":"","context":"En \u00abActualidad\u00bb","block_context":{"text":"Actualidad","link":"https:\/\/lahoradelcampo.com.uy\/site\/category\/actualidad\/"},"img":{"alt_text":"","src":"https:\/\/i0.wp.com\/lahoradelcampo.com.uy\/site\/wp-content\/uploads\/2021\/10\/DonRobertoconferencia.jpg?fit=880%2C440&ssl=1&resize=350%2C200","width":350,"height":200,"srcset":"https:\/\/i0.wp.com\/lahoradelcampo.com.uy\/site\/wp-content\/uploads\/2021\/10\/DonRobertoconferencia.jpg?fit=880%2C440&ssl=1&resize=350%2C200 1x, https:\/\/i0.wp.com\/lahoradelcampo.com.uy\/site\/wp-content\/uploads\/2021\/10\/DonRobertoconferencia.jpg?fit=880%2C440&ssl=1&resize=525%2C300 1.5x, https:\/\/i0.wp.com\/lahoradelcampo.com.uy\/site\/wp-content\/uploads\/2021\/10\/DonRobertoconferencia.jpg?fit=880%2C440&ssl=1&resize=700%2C400 2x"},"classes":[]},{"id":3299,"url":"https:\/\/lahoradelcampo.com.uy\/site\/frigorifico-modelo-coloco-el-100-de-la-oferta-en-artigas\/","url_meta":{"origin":24160,"position":2},"title":"Frigor\u00edfico Modelo coloc\u00f3 el 100% de la oferta en Artigas","author":"La Hora del Campo","date":"28 octubre, 2017","format":false,"excerpt":"En el local Chiflero de la Asociaci\u00f3n Agropecuaria de Artigas, una vez m\u00e1s la caba\u00f1a Frigor\u00edfico Modelo concret\u00f3 su remate \"Angus de Primavera\", junto al escritorio Ruben F. C\u00e1nepa. Tanto en los ganados generales como en los reproductores y vientres de pedigree, el remate fue \u00e1gil y con una interesante\u2026","rel":"","context":"En \u00abActualidad\u00bb","block_context":{"text":"Actualidad","link":"https:\/\/lahoradelcampo.com.uy\/site\/category\/actualidad\/"},"img":{"alt_text":"","src":"https:\/\/i0.wp.com\/lahoradelcampo.com.uy\/site\/wp-content\/uploads\/2017\/10\/ElModelo-1.jpg?fit=880%2C440&ssl=1&resize=350%2C200","width":350,"height":200,"srcset":"https:\/\/i0.wp.com\/lahoradelcampo.com.uy\/site\/wp-content\/uploads\/2017\/10\/ElModelo-1.jpg?fit=880%2C440&ssl=1&resize=350%2C200 1x, https:\/\/i0.wp.com\/lahoradelcampo.com.uy\/site\/wp-content\/uploads\/2017\/10\/ElModelo-1.jpg?fit=880%2C440&ssl=1&resize=525%2C300 1.5x, https:\/\/i0.wp.com\/lahoradelcampo.com.uy\/site\/wp-content\/uploads\/2017\/10\/ElModelo-1.jpg?fit=880%2C440&ssl=1&resize=700%2C400 2x"},"classes":[]},{"id":15077,"url":"https:\/\/lahoradelcampo.com.uy\/site\/festejo-y-ventas-totales-en-el-remate-de-san-rafael\/","url_meta":{"origin":24160,"position":3},"title":"Festejo y ventas totales en el remate de San Rafael","author":"La Hora del Campo","date":"15 octubre, 2019","format":false,"excerpt":"La caba\u00f1a San Rafael de Burutaran y Vasco Pampeano, comercializaron ayer sus reproductores en el predio de la Asociaci\u00f3n Agropecuaria de Salto, en una tarde noche fr\u00eda, luego del cambio de clima y las precipitaciones. En la pista una oferta muy bien presentada y previo a las ventas un repaso\u2026","rel":"","context":"En \u00abActualidad\u00bb","block_context":{"text":"Actualidad","link":"https:\/\/lahoradelcampo.com.uy\/site\/category\/actualidad\/"},"img":{"alt_text":"","src":"https:\/\/i0.wp.com\/lahoradelcampo.com.uy\/site\/wp-content\/uploads\/2019\/10\/San-Rafael.jpg?fit=880%2C440&ssl=1&resize=350%2C200","width":350,"height":200,"srcset":"https:\/\/i0.wp.com\/lahoradelcampo.com.uy\/site\/wp-content\/uploads\/2019\/10\/San-Rafael.jpg?fit=880%2C440&ssl=1&resize=350%2C200 1x, https:\/\/i0.wp.com\/lahoradelcampo.com.uy\/site\/wp-content\/uploads\/2019\/10\/San-Rafael.jpg?fit=880%2C440&ssl=1&resize=525%2C300 1.5x, https:\/\/i0.wp.com\/lahoradelcampo.com.uy\/site\/wp-content\/uploads\/2019\/10\/San-Rafael.jpg?fit=880%2C440&ssl=1&resize=700%2C400 2x"},"classes":[]},{"id":24520,"url":"https:\/\/lahoradelcampo.com.uy\/site\/continua-la-concrecion-de-buenos-negocios-en-la-zafra-de-reproductores\/","url_meta":{"origin":24160,"position":4},"title":"Contin\u00faa la concreci\u00f3n de buenos negocios en la zafra de reproductores","author":"La Hora del Campo","date":"10 octubre, 2020","format":false,"excerpt":"Actualizamos la informaci\u00f3n con los remates que se realizaron en las \u00faltimas jornadas de ventas. El Hereford de Isla Larga El Hereford de Raquel Arrarte en la propia caba\u00f1a coloc\u00f3 45 toros a US$ 3.073 de promedio, con seis toros colocados fuera de pista. El m\u00e1ximo fue de US$ 4.320\u2026","rel":"","context":"En \u00abActualidad\u00bb","block_context":{"text":"Actualidad","link":"https:\/\/lahoradelcampo.com.uy\/site\/category\/actualidad\/"},"img":{"alt_text":"","src":"https:\/\/i0.wp.com\/lahoradelcampo.com.uy\/site\/wp-content\/uploads\/2020\/10\/Torosarchivo.jpg?fit=880%2C440&ssl=1&resize=350%2C200","width":350,"height":200,"srcset":"https:\/\/i0.wp.com\/lahoradelcampo.com.uy\/site\/wp-content\/uploads\/2020\/10\/Torosarchivo.jpg?fit=880%2C440&ssl=1&resize=350%2C200 1x, https:\/\/i0.wp.com\/lahoradelcampo.com.uy\/site\/wp-content\/uploads\/2020\/10\/Torosarchivo.jpg?fit=880%2C440&ssl=1&resize=525%2C300 1.5x, https:\/\/i0.wp.com\/lahoradelcampo.com.uy\/site\/wp-content\/uploads\/2020\/10\/Torosarchivo.jpg?fit=880%2C440&ssl=1&resize=700%2C400 2x"},"classes":[]},{"id":52753,"url":"https:\/\/lahoradelcampo.com.uy\/site\/san-rafael-alcanzo-us-2-801-por-45-toros-aberdeen-angus-polled-hereford-y-brangus\/","url_meta":{"origin":24160,"position":5},"title":"San Rafael alcanz\u00f3 US$ 2.801 por 45 toros Aberdeen Angus, Polled Hereford y Brangus","author":"La Hora del Campo","date":"13 octubre, 2023","format":false,"excerpt":"En la jornada de ayer, con el martillo de Gerardo Zambrano, se realiz\u00f3 la venta anual de caba\u00f1a San Rafael, en el predio de la Asociaci\u00f3n Agropecuaria de Salto, con la comercializaci\u00f3n del 100% de la oferta a diferentes puntos del pa\u00eds. El comienzo de la subasta fue con los\u2026","rel":"","context":"En \u00abActualidad\u00bb","block_context":{"text":"Actualidad","link":"https:\/\/lahoradelcampo.com.uy\/site\/category\/actualidad\/"},"img":{"alt_text":"","src":"https:\/\/i0.wp.com\/lahoradelcampo.com.uy\/site\/wp-content\/uploads\/2023\/10\/SanRafael.jpg?fit=880%2C440&ssl=1&resize=350%2C200","width":350,"height":200,"srcset":"https:\/\/i0.wp.com\/lahoradelcampo.com.uy\/site\/wp-content\/uploads\/2023\/10\/SanRafael.jpg?fit=880%2C440&ssl=1&resize=350%2C200 1x, https:\/\/i0.wp.com\/lahoradelcampo.com.uy\/site\/wp-content\/uploads\/2023\/10\/SanRafael.jpg?fit=880%2C440&ssl=1&resize=525%2C300 1.5x, https:\/\/i0.wp.com\/lahoradelcampo.com.uy\/site\/wp-content\/uploads\/2023\/10\/SanRafael.jpg?fit=880%2C440&ssl=1&resize=700%2C400 2x"},"classes":[]}],"jetpack_likes_enabled":true,"_links":{"self":[{"href":"https:\/\/lahoradelcampo.com.uy\/site\/wp-json\/wp\/v2\/posts\/24160","targetHints":{"allow":["GET"]}}],"collection":[{"href":"https:\/\/lahoradelcampo.com.uy\/site\/wp-json\/wp\/v2\/posts"}],"about":[{"href":"https:\/\/lahoradelcampo.com.uy\/site\/wp-json\/wp\/v2\/types\/post"}],"author":[{"embeddable":true,"href":"https:\/\/lahoradelcampo.com.uy\/site\/wp-json\/wp\/v2\/users\/5"}],"replies":[{"embeddable":true,"href":"https:\/\/lahoradelcampo.com.uy\/site\/wp-json\/wp\/v2\/comments?post=24160"}],"version-history":[{"count":1,"href":"https:\/\/lahoradelcampo.com.uy\/site\/wp-json\/wp\/v2\/posts\/24160\/revisions"}],"predecessor-version":[{"id":24164,"href":"https:\/\/lahoradelcampo.com.uy\/site\/wp-json\/wp\/v2\/posts\/24160\/revisions\/24164"}],"wp:featuredmedia":[{"embeddable":true,"href":"https:\/\/lahoradelcampo.com.uy\/site\/wp-json\/wp\/v2\/media\/24162"}],"wp:attachment":[{"href":"https:\/\/lahoradelcampo.com.uy\/site\/wp-json\/wp\/v2\/media?parent=24160"}],"wp:term":[{"taxonomy":"category","embeddable":true,"href":"https:\/\/lahoradelcampo.com.uy\/site\/wp-json\/wp\/v2\/categories?post=24160"},{"taxonomy":"post_tag","embeddable":true,"href":"https:\/\/lahoradelcampo.com.uy\/site\/wp-json\/wp\/v2\/tags?post=24160"}],"curies":[{"name":"wp","href":"https:\/\/api.w.org\/{rel}","templated":true}]}}