{"id":24154,"date":"2020-09-30T06:59:09","date_gmt":"2020-09-30T09:59:09","guid":{"rendered":"http:\/\/lahoradelcampo.com.uy\/site\/?p=24154"},"modified":"2020-09-30T06:59:23","modified_gmt":"2020-09-30T09:59:23","slug":"hoy-cierra-la-sial-china-en-shangai","status":"publish","type":"post","link":"https:\/\/lahoradelcampo.com.uy\/site\/hoy-cierra-la-sial-china-en-shangai\/","title":{"rendered":"Hoy cierra la SIAL China en Shangai"},"content":{"rendered":"\n<figure class=\"wp-block-image\"><img data-recalc-dims=\"1\" loading=\"lazy\" decoding=\"async\" width=\"810\" height=\"405\" data-attachment-id=\"24156\" data-permalink=\"https:\/\/lahoradelcampo.com.uy\/site\/hoy-cierra-la-sial-china-en-shangai\/inacshangai\/\" data-orig-file=\"https:\/\/i0.wp.com\/lahoradelcampo.com.uy\/site\/wp-content\/uploads\/2020\/09\/INACshangai.jpg?fit=880%2C440&amp;ssl=1\" data-orig-size=\"880,440\" data-comments-opened=\"1\" data-image-meta=\"{&quot;aperture&quot;:&quot;0&quot;,&quot;credit&quot;:&quot;&quot;,&quot;camera&quot;:&quot;&quot;,&quot;caption&quot;:&quot;&quot;,&quot;created_timestamp&quot;:&quot;0&quot;,&quot;copyright&quot;:&quot;&quot;,&quot;focal_length&quot;:&quot;0&quot;,&quot;iso&quot;:&quot;0&quot;,&quot;shutter_speed&quot;:&quot;0&quot;,&quot;title&quot;:&quot;&quot;,&quot;orientation&quot;:&quot;1&quot;}\" data-image-title=\"INACshangai\" data-image-description=\"\" data-image-caption=\"\" data-large-file=\"https:\/\/i0.wp.com\/lahoradelcampo.com.uy\/site\/wp-content\/uploads\/2020\/09\/INACshangai.jpg?fit=810%2C405&amp;ssl=1\" src=\"https:\/\/i0.wp.com\/lahoradelcampo.com.uy\/site\/wp-content\/uploads\/2020\/09\/INACshangai.jpg?resize=810%2C405\" alt=\"\" class=\"wp-image-24156\" srcset=\"https:\/\/i0.wp.com\/lahoradelcampo.com.uy\/site\/wp-content\/uploads\/2020\/09\/INACshangai.jpg?w=880&amp;ssl=1 880w, https:\/\/i0.wp.com\/lahoradelcampo.com.uy\/site\/wp-content\/uploads\/2020\/09\/INACshangai.jpg?resize=300%2C150&amp;ssl=1 300w, https:\/\/i0.wp.com\/lahoradelcampo.com.uy\/site\/wp-content\/uploads\/2020\/09\/INACshangai.jpg?resize=768%2C384&amp;ssl=1 768w, https:\/\/i0.wp.com\/lahoradelcampo.com.uy\/site\/wp-content\/uploads\/2020\/09\/INACshangai.jpg?resize=820%2C410&amp;ssl=1 820w\" sizes=\"auto, (max-width: 810px) 100vw, 810px\" \/><\/figure>\n\n\n\n<p>Uruguay es el \u00fanico pa\u00eds de la regi\u00f3n que participa con un stand institucional en el marco de la Expo SIAL China 2020, que se desarroll\u00f3 en los \u00faltimos tres d\u00edas y finaliza en esta jornada en la ciudad de Shanga\u00ed. En el predio del National Exhibition and Convention Center, el Instituto Nacional de Carnes (INAC) participa con un Stand de 21 m2 , atendido por personal de la Agregadur\u00eda Agr\u00edcola y de la Embajada de Uruguay en China.<br><\/p>\n\n\n\n<p>Con vista a noviembre, se est\u00e1 preparando adem\u00e1s CIIE  2020 (China International Import Expo), que tendr\u00e1 lugar entre el 5 y el 10 de ese mes,  en la ciudad de Shanghai. Para esta Feria, INAC est\u00e1 dise\u00f1ando un stand de 90 m2 y se estima participar\u00e1n 3 plantas co-expositoras.<br><\/p>\n\n\n\n<p><strong>Evento de promoci\u00f3n de carne uruguaya en Shanghai<\/strong><br><\/p>\n\n\n\n<p>INAC realiz\u00f3 en China un tasting seminar de carne uruguaya con la colaboraci\u00f3n de una consultora de comercio de carnes (Meat International Group &#8211; MIG-), destinado a proveedores de cadenas de restaurantes y supermercados chinos.<br><\/p>\n\n\n\n<p>Cerca de 100 invitados, entre importadores del producto uruguayo y cadenas de restaurantes dedicados a las diversas formas de preparaci\u00f3n culinaria en China, participaron de la actividad que se denomin\u00f3 \u00abUruguay Beef Tasting Dinner\u00bb, con el objetivo de fortalecer el conocimiento de la carne uruguaya entre este tipo de p\u00fablico. <br><\/p>\n\n\n\n<p>Estuvo presente el Embajador de ROU en China Fernando Lugris y el C\u00f3nsul General en Shanghai Leonardo Olivera, entre otros diplom\u00e1ticos.<br><\/p>\n\n\n\n<p>En la primera sesi\u00f3n se realiz\u00f3 una conferencia t\u00e9cnica sobre la producci\u00f3n e industria de la carne en Uruguay y luego los invitados pudieron degustar los cortes en diversos platos, que se pudieron disfrutar durante el evento.<\/p>\n\n\n\n<p style=\"text-align:right\"><strong>Salto, 30 de setiembre de 2020<\/strong><\/p>\n","protected":false},"excerpt":{"rendered":"<p>Uruguay es el \u00fanico pa\u00eds de la regi\u00f3n que participa con un stand institucional en el marco de la Expo SIAL China 2020, que se desarroll\u00f3 en los \u00faltimos tres [&hellip;]<\/p>\n","protected":false},"author":5,"featured_media":24156,"comment_status":"open","ping_status":"open","sticky":false,"template":"","format":"standard","meta":{"_price":"","_stock":"","_tribe_ticket_header":"","_tribe_default_ticket_provider":"","_tribe_ticket_capacity":"0","_ticket_start_date":"","_ticket_end_date":"","_tribe_ticket_show_description":"","_tribe_ticket_show_not_going":false,"_tribe_ticket_use_global_stock":"","_tribe_ticket_global_stock_level":"","_global_stock_mode":"","_global_stock_cap":"","_tribe_rsvp_for_event":"","_tribe_ticket_going_count":"","_tribe_ticket_not_going_count":"","_tribe_tickets_list":"[]","_tribe_ticket_has_attendee_info_fields":false,"h5ap_radio_sources":[],"_jetpack_newsletter_access":"","_jetpack_dont_email_post_to_subs":false,"_jetpack_newsletter_tier_id":0,"_jetpack_memberships_contains_paywalled_content":false,"_jetpack_memberships_contains_paid_content":false,"footnotes":""},"categories":[21,5],"tags":[],"class_list":["post-24154","post","type-post","status-publish","format-standard","has-post-thumbnail","hentry","category-actualidad","category-ganaderia"],"jetpack_featured_media_url":"https:\/\/i0.wp.com\/lahoradelcampo.com.uy\/site\/wp-content\/uploads\/2020\/09\/INACshangai.jpg?fit=880%2C440&ssl=1","jetpack_sharing_enabled":true,"jetpack_shortlink":"https:\/\/wp.me\/p99IaT-6hA","jetpack-related-posts":[{"id":36299,"url":"https:\/\/lahoradelcampo.com.uy\/site\/uruguay-esta-presente-con-sus-carnes-en-la-ciie-shangai\/","url_meta":{"origin":24154,"position":0},"title":"Uruguay est\u00e1 presente con sus carnes en la CIIE Shangai","author":"La Hora del Campo","date":"5 noviembre, 2021","format":false,"excerpt":"La China International Import Expo (CIIE), es una feria organizada por el Gobierno Chino (espec\u00edficamente por el Ministerio de Comercio de la Rep\u00fablica Popular China y el Gobierno de la Municipalidad de Shanghai). Esta feria cuenta tambi\u00e9n con las siguientes organizaciones como colaboradores: Organizaci\u00f3n Mundial del Trabajo, el Programa de\u2026","rel":"","context":"En \u00abActualidad\u00bb","block_context":{"text":"Actualidad","link":"https:\/\/lahoradelcampo.com.uy\/site\/category\/actualidad\/"},"img":{"alt_text":"","src":"https:\/\/i0.wp.com\/lahoradelcampo.com.uy\/site\/wp-content\/uploads\/2021\/11\/INAC-CIIE.jpg?fit=880%2C440&ssl=1&resize=350%2C200","width":350,"height":200,"srcset":"https:\/\/i0.wp.com\/lahoradelcampo.com.uy\/site\/wp-content\/uploads\/2021\/11\/INAC-CIIE.jpg?fit=880%2C440&ssl=1&resize=350%2C200 1x, https:\/\/i0.wp.com\/lahoradelcampo.com.uy\/site\/wp-content\/uploads\/2021\/11\/INAC-CIIE.jpg?fit=880%2C440&ssl=1&resize=525%2C300 1.5x, https:\/\/i0.wp.com\/lahoradelcampo.com.uy\/site\/wp-content\/uploads\/2021\/11\/INAC-CIIE.jpg?fit=880%2C440&ssl=1&resize=700%2C400 2x"},"classes":[]},{"id":50475,"url":"https:\/\/lahoradelcampo.com.uy\/site\/exitosa-agenda-desarrollada-por-inac-en-la-expo-sial-shanghai\/","url_meta":{"origin":24154,"position":1},"title":"Exitosa agenda desarrollada por INAC en la Expo Sial Shanghai","author":"La Hora del Campo","date":"20 mayo, 2023","format":false,"excerpt":"La delegaci\u00f3n de Uruguay ha estado llevando a cabo una serie de actividades promocionales en Shanghai como parte de su participaci\u00f3n en la feria Sial China 2023. INAC (Instituto Nacional de Carnes) ha planeado una participaci\u00f3n destacada en el \"La Cuisine\", un show culinario donde la carne es el ingrediente\u2026","rel":"","context":"En \u00abActualidad\u00bb","block_context":{"text":"Actualidad","link":"https:\/\/lahoradelcampo.com.uy\/site\/category\/actualidad\/"},"img":{"alt_text":"","src":"https:\/\/i0.wp.com\/lahoradelcampo.com.uy\/site\/wp-content\/uploads\/2023\/05\/INAC-SialShanghai.jpg?fit=880%2C440&ssl=1&resize=350%2C200","width":350,"height":200,"srcset":"https:\/\/i0.wp.com\/lahoradelcampo.com.uy\/site\/wp-content\/uploads\/2023\/05\/INAC-SialShanghai.jpg?fit=880%2C440&ssl=1&resize=350%2C200 1x, https:\/\/i0.wp.com\/lahoradelcampo.com.uy\/site\/wp-content\/uploads\/2023\/05\/INAC-SialShanghai.jpg?fit=880%2C440&ssl=1&resize=525%2C300 1.5x, https:\/\/i0.wp.com\/lahoradelcampo.com.uy\/site\/wp-content\/uploads\/2023\/05\/INAC-SialShanghai.jpg?fit=880%2C440&ssl=1&resize=700%2C400 2x"},"classes":[]},{"id":10591,"url":"https:\/\/lahoradelcampo.com.uy\/site\/30-empresas-frigorificas-y-brokers-uruguayos-estaran-en-el-sial-china-2019\/","url_meta":{"origin":24154,"position":2},"title":"30 empresas frigor\u00edficas y brokers uruguayos estar\u00e1n en el SIAL China 2019","author":"La Hora del Campo","date":"7 mayo, 2019","format":false,"excerpt":"Del 14 al 16 de mayo se realizar\u00e1 en Shangai la feria Sial China con la participaci\u00f3n de los principales pa\u00edses exportadores de carne hacia el gigante asi\u00e1tico, en un encuentro que marca el momento de los negocios hacia el mercado m\u00e1s importante en la actualidad para las carnes uruguayas.\u2026","rel":"","context":"En \u00abActualidad\u00bb","block_context":{"text":"Actualidad","link":"https:\/\/lahoradelcampo.com.uy\/site\/category\/actualidad\/"},"img":{"alt_text":"","src":"https:\/\/i0.wp.com\/lahoradelcampo.com.uy\/site\/wp-content\/uploads\/2019\/05\/SIAL-China.jpg?fit=880%2C440&ssl=1&resize=350%2C200","width":350,"height":200,"srcset":"https:\/\/i0.wp.com\/lahoradelcampo.com.uy\/site\/wp-content\/uploads\/2019\/05\/SIAL-China.jpg?fit=880%2C440&ssl=1&resize=350%2C200 1x, https:\/\/i0.wp.com\/lahoradelcampo.com.uy\/site\/wp-content\/uploads\/2019\/05\/SIAL-China.jpg?fit=880%2C440&ssl=1&resize=525%2C300 1.5x, https:\/\/i0.wp.com\/lahoradelcampo.com.uy\/site\/wp-content\/uploads\/2019\/05\/SIAL-China.jpg?fit=880%2C440&ssl=1&resize=700%2C400 2x"},"classes":[]},{"id":7029,"url":"https:\/\/lahoradelcampo.com.uy\/site\/25-empresas-participaran-de-sial-china-2018\/","url_meta":{"origin":24154,"position":3},"title":"25 empresas participaran de Sial China 2018","author":"La Hora del Campo","date":"10 mayo, 2018","format":false,"excerpt":"El pr\u00f3ximo 16 de mayo comenzar\u00e1 en Shanghai la feria de alimentos y bebidas: Sial China 2018, en la cual participar\u00e1 nuevamente el Instituto Nacional de Carnes con un stand de 512 metros cuadrados, el cual albergar\u00e1 a 25 empresas uruguayas que estar\u00e1n presentes. Uruguay participa de esta feria desde\u2026","rel":"","context":"En \u00abActualidad\u00bb","block_context":{"text":"Actualidad","link":"https:\/\/lahoradelcampo.com.uy\/site\/category\/actualidad\/"},"img":{"alt_text":"","src":"https:\/\/i0.wp.com\/lahoradelcampo.com.uy\/site\/wp-content\/uploads\/2018\/05\/Inac.jpg?fit=880%2C440&ssl=1&resize=350%2C200","width":350,"height":200,"srcset":"https:\/\/i0.wp.com\/lahoradelcampo.com.uy\/site\/wp-content\/uploads\/2018\/05\/Inac.jpg?fit=880%2C440&ssl=1&resize=350%2C200 1x, https:\/\/i0.wp.com\/lahoradelcampo.com.uy\/site\/wp-content\/uploads\/2018\/05\/Inac.jpg?fit=880%2C440&ssl=1&resize=525%2C300 1.5x, https:\/\/i0.wp.com\/lahoradelcampo.com.uy\/site\/wp-content\/uploads\/2018\/05\/Inac.jpg?fit=880%2C440&ssl=1&resize=700%2C400 2x"},"classes":[]},{"id":50433,"url":"https:\/\/lahoradelcampo.com.uy\/site\/uruguay-invitado-de-honor-en-la-cumbre-mundial-de-la-industria-alimentaria\/","url_meta":{"origin":24154,"position":4},"title":"Uruguay: invitado de honor en la Cumbre Mundial de la Industria Alimentaria","author":"La Hora del Campo","date":"19 mayo, 2023","format":false,"excerpt":"Uruguay ha sido reconocido como pa\u00eds invitado de honor en la Expo Sial China, celebrada en Shangh\u00e1i, en el marco de la Cumbre Mundial de la Industria Alimentaria (SIAL). El ministro Fernando Mattos particip\u00f3 en la inauguraci\u00f3n de este importante evento, representando a Uruguay y aprovechando la ocasi\u00f3n para agradecer\u2026","rel":"","context":"En \u00abActualidad\u00bb","block_context":{"text":"Actualidad","link":"https:\/\/lahoradelcampo.com.uy\/site\/category\/actualidad\/"},"img":{"alt_text":"","src":"https:\/\/i0.wp.com\/lahoradelcampo.com.uy\/site\/wp-content\/uploads\/2023\/05\/Mattos-SialShanghai.jpg?fit=880%2C440&ssl=1&resize=350%2C200","width":350,"height":200,"srcset":"https:\/\/i0.wp.com\/lahoradelcampo.com.uy\/site\/wp-content\/uploads\/2023\/05\/Mattos-SialShanghai.jpg?fit=880%2C440&ssl=1&resize=350%2C200 1x, https:\/\/i0.wp.com\/lahoradelcampo.com.uy\/site\/wp-content\/uploads\/2023\/05\/Mattos-SialShanghai.jpg?fit=880%2C440&ssl=1&resize=525%2C300 1.5x, https:\/\/i0.wp.com\/lahoradelcampo.com.uy\/site\/wp-content\/uploads\/2023\/05\/Mattos-SialShanghai.jpg?fit=880%2C440&ssl=1&resize=700%2C400 2x"},"classes":[]},{"id":44213,"url":"https:\/\/lahoradelcampo.com.uy\/site\/inac-participa-en-expo-hainan-en-china\/","url_meta":{"origin":24154,"position":5},"title":"INAC participa en Expo Hainan en China","author":"La Hora del Campo","date":"27 julio, 2022","format":false,"excerpt":"En la jornada de ayer, dio inicio la segunda edici\u00f3n de Expo Hainan en Haikou, China. Dicha feria se extender\u00e1 hasta el 30 de julio y tiene la particularidad de ser una muestra especializada en el consumo premium de carnes en China. Al igual que en la primera edici\u00f3n, el\u2026","rel":"","context":"En \u00abActualidad\u00bb","block_context":{"text":"Actualidad","link":"https:\/\/lahoradelcampo.com.uy\/site\/category\/actualidad\/"},"img":{"alt_text":"","src":"https:\/\/i0.wp.com\/lahoradelcampo.com.uy\/site\/wp-content\/uploads\/2022\/07\/inac-hanoi.jpg?fit=880%2C440&ssl=1&resize=350%2C200","width":350,"height":200,"srcset":"https:\/\/i0.wp.com\/lahoradelcampo.com.uy\/site\/wp-content\/uploads\/2022\/07\/inac-hanoi.jpg?fit=880%2C440&ssl=1&resize=350%2C200 1x, https:\/\/i0.wp.com\/lahoradelcampo.com.uy\/site\/wp-content\/uploads\/2022\/07\/inac-hanoi.jpg?fit=880%2C440&ssl=1&resize=525%2C300 1.5x, https:\/\/i0.wp.com\/lahoradelcampo.com.uy\/site\/wp-content\/uploads\/2022\/07\/inac-hanoi.jpg?fit=880%2C440&ssl=1&resize=700%2C400 2x"},"classes":[]}],"jetpack_likes_enabled":true,"_links":{"self":[{"href":"https:\/\/lahoradelcampo.com.uy\/site\/wp-json\/wp\/v2\/posts\/24154","targetHints":{"allow":["GET"]}}],"collection":[{"href":"https:\/\/lahoradelcampo.com.uy\/site\/wp-json\/wp\/v2\/posts"}],"about":[{"href":"https:\/\/lahoradelcampo.com.uy\/site\/wp-json\/wp\/v2\/types\/post"}],"author":[{"embeddable":true,"href":"https:\/\/lahoradelcampo.com.uy\/site\/wp-json\/wp\/v2\/users\/5"}],"replies":[{"embeddable":true,"href":"https:\/\/lahoradelcampo.com.uy\/site\/wp-json\/wp\/v2\/comments?post=24154"}],"version-history":[{"count":1,"href":"https:\/\/lahoradelcampo.com.uy\/site\/wp-json\/wp\/v2\/posts\/24154\/revisions"}],"predecessor-version":[{"id":24158,"href":"https:\/\/lahoradelcampo.com.uy\/site\/wp-json\/wp\/v2\/posts\/24154\/revisions\/24158"}],"wp:featuredmedia":[{"embeddable":true,"href":"https:\/\/lahoradelcampo.com.uy\/site\/wp-json\/wp\/v2\/media\/24156"}],"wp:attachment":[{"href":"https:\/\/lahoradelcampo.com.uy\/site\/wp-json\/wp\/v2\/media?parent=24154"}],"wp:term":[{"taxonomy":"category","embeddable":true,"href":"https:\/\/lahoradelcampo.com.uy\/site\/wp-json\/wp\/v2\/categories?post=24154"},{"taxonomy":"post_tag","embeddable":true,"href":"https:\/\/lahoradelcampo.com.uy\/site\/wp-json\/wp\/v2\/tags?post=24154"}],"curies":[{"name":"wp","href":"https:\/\/api.w.org\/{rel}","templated":true}]}}