{"id":24148,"date":"2020-09-30T06:55:46","date_gmt":"2020-09-30T09:55:46","guid":{"rendered":"http:\/\/lahoradelcampo.com.uy\/site\/?p=24148"},"modified":"2020-09-30T06:55:55","modified_gmt":"2020-09-30T09:55:55","slug":"wool-connect-una-conferencia-de-tres-dias-para-conocer-el-futuro-de-la-lana","status":"publish","type":"post","link":"https:\/\/lahoradelcampo.com.uy\/site\/wool-connect-una-conferencia-de-tres-dias-para-conocer-el-futuro-de-la-lana\/","title":{"rendered":"\u00abWool Connect\u00bb una conferencia de tres d\u00edas para conocer el futuro de la lana"},"content":{"rendered":"\n<figure class=\"wp-block-image\"><img data-recalc-dims=\"1\" loading=\"lazy\" decoding=\"async\" width=\"810\" height=\"405\" data-attachment-id=\"24150\" data-permalink=\"https:\/\/lahoradelcampo.com.uy\/site\/wool-connect-una-conferencia-de-tres-dias-para-conocer-el-futuro-de-la-lana\/woolconect\/\" data-orig-file=\"https:\/\/i0.wp.com\/lahoradelcampo.com.uy\/site\/wp-content\/uploads\/2020\/09\/woolconect.jpg?fit=880%2C440&amp;ssl=1\" data-orig-size=\"880,440\" data-comments-opened=\"1\" data-image-meta=\"{&quot;aperture&quot;:&quot;0&quot;,&quot;credit&quot;:&quot;&quot;,&quot;camera&quot;:&quot;&quot;,&quot;caption&quot;:&quot;&quot;,&quot;created_timestamp&quot;:&quot;0&quot;,&quot;copyright&quot;:&quot;&quot;,&quot;focal_length&quot;:&quot;0&quot;,&quot;iso&quot;:&quot;0&quot;,&quot;shutter_speed&quot;:&quot;0&quot;,&quot;title&quot;:&quot;&quot;,&quot;orientation&quot;:&quot;1&quot;}\" data-image-title=\"woolconect\" data-image-description=\"\" data-image-caption=\"\" data-large-file=\"https:\/\/i0.wp.com\/lahoradelcampo.com.uy\/site\/wp-content\/uploads\/2020\/09\/woolconect.jpg?fit=810%2C405&amp;ssl=1\" src=\"https:\/\/i0.wp.com\/lahoradelcampo.com.uy\/site\/wp-content\/uploads\/2020\/09\/woolconect.jpg?resize=810%2C405\" alt=\"\" class=\"wp-image-24150\" srcset=\"https:\/\/i0.wp.com\/lahoradelcampo.com.uy\/site\/wp-content\/uploads\/2020\/09\/woolconect.jpg?w=880&amp;ssl=1 880w, https:\/\/i0.wp.com\/lahoradelcampo.com.uy\/site\/wp-content\/uploads\/2020\/09\/woolconect.jpg?resize=300%2C150&amp;ssl=1 300w, https:\/\/i0.wp.com\/lahoradelcampo.com.uy\/site\/wp-content\/uploads\/2020\/09\/woolconect.jpg?resize=768%2C384&amp;ssl=1 768w, https:\/\/i0.wp.com\/lahoradelcampo.com.uy\/site\/wp-content\/uploads\/2020\/09\/woolconect.jpg?resize=820%2C410&amp;ssl=1 820w\" sizes=\"auto, (max-width: 810px) 100vw, 810px\" \/><\/figure>\n\n\n\n<p>Durante tres d\u00edas, los productores laneros, los diferentes actores de la cadena y el p\u00fablico interesado podr\u00e1n acceder e intercambiar conocimientos y soluciones que aseguren un futuro sostenible para el sector lanero. Wool Connect consistir\u00e1 en sesiones de dos horas cada d\u00eda con expositores provenientes de diferentes empresas y organizaciones relevantes del sector lanero a nivel mundial.<br><\/p>\n\n\n\n<p>El objetivo es generar un canal de informaci\u00f3n directo entre dichos actores y los productores de todo el mundo. Entre varios temas, se presentar\u00e1n aspectos relacionados con bienestar animal, cuidado de los recursos naturales, visi\u00f3n que las empresas minoristas tienen de dichos temas y la oferta de lana que cumpla con ese tipo de demandas.<br><\/p>\n\n\n\n<p>Adem\u00e1s se trataran temas como la transparencia y trazabilidad de la cadena de suministro, desaf\u00edos para el sector lanero y sistemas de certificaci\u00f3n, entre otros.<br><\/p>\n\n\n\n<p>La Conferencia se realizar\u00e1 de manera virtual (v\u00eda Zoom entre las 3:00am y las 5:00 am de Uruguay) durante los d\u00edas 6, 7 y 8 de octubre de 2020.<br> El contenido ser\u00e1 grabado, traducido y subtitulado en espa\u00f1ol para que los inscriptos puedan acceder al mismo, cu\u00e1ndo y desde d\u00f3nde les resulte m\u00e1s c\u00f3modo. Podr\u00e1n realizarse consultas previas a las distintas conferencias.<br><\/p>\n\n\n\n<p>Como uno de los sponsors de dicho evento, el Secretariado Uruguayo de la Lana, le brinda la oportunidad a los interesados en Uruguay de participar de dicho evento, de un descuento del 50% en el valor de la entrada. <br><\/p>\n\n\n\n<p>Las inscripciones se reciben hasta este viernes 2 de octubre y se pueden gestionar a trav\u00e9s de la p\u00e1gina web de la instituci\u00f3n: www.sul.org.uy. Es una oportunidad \u00fanica de conectarse con el futuro de la lana, a un precio muy accesible.<\/p>\n\n\n\n<p style=\"text-align:right\"><strong>Salto, 30 de setiembre de 2020<\/strong><\/p>\n","protected":false},"excerpt":{"rendered":"<p>Durante tres d\u00edas, los productores laneros, los diferentes actores de la cadena y el p\u00fablico interesado podr\u00e1n acceder e intercambiar conocimientos y soluciones que aseguren un futuro sostenible para el [&hellip;]<\/p>\n","protected":false},"author":5,"featured_media":24150,"comment_status":"open","ping_status":"open","sticky":false,"template":"","format":"standard","meta":{"_price":"","_stock":"","_tribe_ticket_header":"","_tribe_default_ticket_provider":"","_tribe_ticket_capacity":"0","_ticket_start_date":"","_ticket_end_date":"","_tribe_ticket_show_description":"","_tribe_ticket_show_not_going":false,"_tribe_ticket_use_global_stock":"","_tribe_ticket_global_stock_level":"","_global_stock_mode":"","_global_stock_cap":"","_tribe_rsvp_for_event":"","_tribe_ticket_going_count":"","_tribe_ticket_not_going_count":"","_tribe_tickets_list":"[]","_tribe_ticket_has_attendee_info_fields":false,"h5ap_radio_sources":[],"_jetpack_newsletter_access":"","_jetpack_dont_email_post_to_subs":false,"_jetpack_newsletter_tier_id":0,"_jetpack_memberships_contains_paywalled_content":false,"_jetpack_memberships_contains_paid_content":false,"footnotes":""},"categories":[21,5],"tags":[],"class_list":["post-24148","post","type-post","status-publish","format-standard","has-post-thumbnail","hentry","category-actualidad","category-ganaderia"],"jetpack_featured_media_url":"https:\/\/i0.wp.com\/lahoradelcampo.com.uy\/site\/wp-content\/uploads\/2020\/09\/woolconect.jpg?fit=880%2C440&ssl=1","jetpack_sharing_enabled":true,"jetpack_shortlink":"https:\/\/wp.me\/p99IaT-6hu","jetpack-related-posts":[{"id":46927,"url":"https:\/\/lahoradelcampo.com.uy\/site\/semana-positiva-para-la-lana-a-nivel-internacional\/","url_meta":{"origin":24148,"position":0},"title":"Semana positiva para la lana a nivel internacional","author":"La Hora del Campo","date":"11 noviembre, 2022","format":false,"excerpt":"La semana inici\u00f3 con subas en el mercado lanero australiano al ser analizado en d\u00f3lares estadounidenses, impulsado por el tipo de cambio, porque el contexto contin\u00faa siendo bajista en la moneda local. Esto llev\u00f3 a que en ambas jornadas de ventas, los productores australianos retiraran un volumen m\u00e1s que importante,\u2026","rel":"","context":"En \u00abActualidad\u00bb","block_context":{"text":"Actualidad","link":"https:\/\/lahoradelcampo.com.uy\/site\/category\/actualidad\/"},"img":{"alt_text":"","src":"https:\/\/i0.wp.com\/lahoradelcampo.com.uy\/site\/wp-content\/uploads\/2019\/06\/Lana-australia-1.jpg?fit=880%2C440&ssl=1&resize=350%2C200","width":350,"height":200,"srcset":"https:\/\/i0.wp.com\/lahoradelcampo.com.uy\/site\/wp-content\/uploads\/2019\/06\/Lana-australia-1.jpg?fit=880%2C440&ssl=1&resize=350%2C200 1x, https:\/\/i0.wp.com\/lahoradelcampo.com.uy\/site\/wp-content\/uploads\/2019\/06\/Lana-australia-1.jpg?fit=880%2C440&ssl=1&resize=525%2C300 1.5x, https:\/\/i0.wp.com\/lahoradelcampo.com.uy\/site\/wp-content\/uploads\/2019\/06\/Lana-australia-1.jpg?fit=880%2C440&ssl=1&resize=700%2C400 2x"},"classes":[]},{"id":24484,"url":"https:\/\/lahoradelcampo.com.uy\/site\/wool-connect-mensaje-positivo-y-deberes-a-futuro\/","url_meta":{"origin":24148,"position":1},"title":"Wool Connect: Mensaje positivo y deberes a futuro","author":"La Hora del Campo","date":"9 octubre, 2020","format":false,"excerpt":"Esta semana se concret\u00f3 la conferencia Wool Connect de Schneider Group, que fue auspiciada por el Secretariado Uruguayo de la Lana (SUL), en la misma se dej\u00f3 un mensaje positivo respecto a la utilizaci\u00f3n de las lanas en la producci\u00f3n de prendas a futuro por parte de las principales firmas\u2026","rel":"","context":"En \u00abActualidad\u00bb","block_context":{"text":"Actualidad","link":"https:\/\/lahoradelcampo.com.uy\/site\/category\/actualidad\/"},"img":{"alt_text":"","src":"https:\/\/i0.wp.com\/lahoradelcampo.com.uy\/site\/wp-content\/uploads\/2018\/04\/Ovinos.jpg?fit=880%2C440&ssl=1&resize=350%2C200","width":350,"height":200,"srcset":"https:\/\/i0.wp.com\/lahoradelcampo.com.uy\/site\/wp-content\/uploads\/2018\/04\/Ovinos.jpg?fit=880%2C440&ssl=1&resize=350%2C200 1x, https:\/\/i0.wp.com\/lahoradelcampo.com.uy\/site\/wp-content\/uploads\/2018\/04\/Ovinos.jpg?fit=880%2C440&ssl=1&resize=525%2C300 1.5x, https:\/\/i0.wp.com\/lahoradelcampo.com.uy\/site\/wp-content\/uploads\/2018\/04\/Ovinos.jpg?fit=880%2C440&ssl=1&resize=700%2C400 2x"},"classes":[]},{"id":53457,"url":"https:\/\/lahoradelcampo.com.uy\/site\/mercado-lanero-interno-con-muchas-consultas-y-pocos-negocios\/","url_meta":{"origin":24148,"position":2},"title":"Mercado lanero interno con muchas consultas y pocos negocios","author":"La Hora del Campo","date":"23 febrero, 2024","format":false,"excerpt":"En plena zafra de reproductores, el mercado lanero tiene negocios espor\u00e1dicos, ante un escenario de mucha consulta por parte de los productores, pero con valores propuestos desde la demanda que no conforman las expectativas, por lo que hay quietud en la concreci\u00f3n de negocios, principalmente en las lanas finas donde\u2026","rel":"","context":"En \u00abActualidad\u00bb","block_context":{"text":"Actualidad","link":"https:\/\/lahoradelcampo.com.uy\/site\/category\/actualidad\/"},"img":{"alt_text":"","src":"https:\/\/i0.wp.com\/lahoradelcampo.com.uy\/site\/wp-content\/uploads\/2023\/02\/Lana-uruguaya.jpg?fit=880%2C440&ssl=1&resize=350%2C200","width":350,"height":200,"srcset":"https:\/\/i0.wp.com\/lahoradelcampo.com.uy\/site\/wp-content\/uploads\/2023\/02\/Lana-uruguaya.jpg?fit=880%2C440&ssl=1&resize=350%2C200 1x, https:\/\/i0.wp.com\/lahoradelcampo.com.uy\/site\/wp-content\/uploads\/2023\/02\/Lana-uruguaya.jpg?fit=880%2C440&ssl=1&resize=525%2C300 1.5x, https:\/\/i0.wp.com\/lahoradelcampo.com.uy\/site\/wp-content\/uploads\/2023\/02\/Lana-uruguaya.jpg?fit=880%2C440&ssl=1&resize=700%2C400 2x"},"classes":[]},{"id":6171,"url":"https:\/\/lahoradelcampo.com.uy\/site\/mercado-lanero-australiano-cerro-a-us-1377-por-kilogramo-base-limpia\/","url_meta":{"origin":24148,"position":3},"title":"Mercado lanero australiano cerr\u00f3 a US$ 13,77 por kilogramo base limpia","author":"La Hora del Campo","date":"23 marzo, 2018","format":false,"excerpt":"El mercado lanero esta semana en Australia, cerr\u00f3 con sabor a poco, luego de recuperar terreno entre las ventas de ayer jueves y cerrar con una baja de dos centavos respecto al cierre semanal anterior, al cotizar a US$ 13,77. El comportamiento fue dispar en los dos d\u00edas de ventas.\u2026","rel":"","context":"En \u00abActualidad\u00bb","block_context":{"text":"Actualidad","link":"https:\/\/lahoradelcampo.com.uy\/site\/category\/actualidad\/"},"img":{"alt_text":"","src":"https:\/\/i0.wp.com\/lahoradelcampo.com.uy\/site\/wp-content\/uploads\/2018\/03\/Lanaa.jpg?fit=880%2C440&ssl=1&resize=350%2C200","width":350,"height":200,"srcset":"https:\/\/i0.wp.com\/lahoradelcampo.com.uy\/site\/wp-content\/uploads\/2018\/03\/Lanaa.jpg?fit=880%2C440&ssl=1&resize=350%2C200 1x, https:\/\/i0.wp.com\/lahoradelcampo.com.uy\/site\/wp-content\/uploads\/2018\/03\/Lanaa.jpg?fit=880%2C440&ssl=1&resize=525%2C300 1.5x, https:\/\/i0.wp.com\/lahoradelcampo.com.uy\/site\/wp-content\/uploads\/2018\/03\/Lanaa.jpg?fit=880%2C440&ssl=1&resize=700%2C400 2x"},"classes":[]},{"id":5309,"url":"https:\/\/lahoradelcampo.com.uy\/site\/esta-semana-se-reactiva-el-mercado-lanero-internacional\/","url_meta":{"origin":24148,"position":4},"title":"Esta semana se reactiva el mercado lanero internacional","author":"La Hora del Campo","date":"8 enero, 2018","format":false,"excerpt":"El cierre del a\u00f1o calendario 2017, y con el la primera parte de la zafra lanera 2017\/2018 ha sido inolvidable para el mercado lanero australiano con el Indicador de Mercados del Este alcanzando un r\u00e9cord hist\u00f3rico tras otro en la moneda australiana y porque no tambi\u00e9n en d\u00f3lares norteamericanos aunque\u2026","rel":"","context":"En \u00abActualidad\u00bb","block_context":{"text":"Actualidad","link":"https:\/\/lahoradelcampo.com.uy\/site\/category\/actualidad\/"},"img":{"alt_text":"","src":"https:\/\/i0.wp.com\/lahoradelcampo.com.uy\/site\/wp-content\/uploads\/2017\/10\/Lanas-2.jpg?fit=880%2C440&ssl=1&resize=350%2C200","width":350,"height":200,"srcset":"https:\/\/i0.wp.com\/lahoradelcampo.com.uy\/site\/wp-content\/uploads\/2017\/10\/Lanas-2.jpg?fit=880%2C440&ssl=1&resize=350%2C200 1x, https:\/\/i0.wp.com\/lahoradelcampo.com.uy\/site\/wp-content\/uploads\/2017\/10\/Lanas-2.jpg?fit=880%2C440&ssl=1&resize=525%2C300 1.5x, https:\/\/i0.wp.com\/lahoradelcampo.com.uy\/site\/wp-content\/uploads\/2017\/10\/Lanas-2.jpg?fit=880%2C440&ssl=1&resize=700%2C400 2x"},"classes":[]},{"id":5785,"url":"https:\/\/lahoradelcampo.com.uy\/site\/mercado-lanero-australiano-cerro-una-semana-positiva-en-australia\/","url_meta":{"origin":24148,"position":5},"title":"Mercado lanero australiano cerr\u00f3 una semana positiva en Australia","author":"La Hora del Campo","date":"9 febrero, 2018","format":false,"excerpt":"Con un tipo de cambio que oper\u00f3 de forma negativa en las referencias del Indicador de Mercados del Este en Australia, la fortaleza de la demanda en la moneda local permiti\u00f3 cerrar en terreno positivo la semana. Seg\u00fan los datos proporcionados por Australian Wool Exchange, el indicador en la moneda\u2026","rel":"","context":"En \u00abActualidad\u00bb","block_context":{"text":"Actualidad","link":"https:\/\/lahoradelcampo.com.uy\/site\/category\/actualidad\/"},"img":{"alt_text":"","src":"https:\/\/i0.wp.com\/lahoradelcampo.com.uy\/site\/wp-content\/uploads\/2018\/02\/web-lana.jpg?fit=880%2C440&ssl=1&resize=350%2C200","width":350,"height":200,"srcset":"https:\/\/i0.wp.com\/lahoradelcampo.com.uy\/site\/wp-content\/uploads\/2018\/02\/web-lana.jpg?fit=880%2C440&ssl=1&resize=350%2C200 1x, https:\/\/i0.wp.com\/lahoradelcampo.com.uy\/site\/wp-content\/uploads\/2018\/02\/web-lana.jpg?fit=880%2C440&ssl=1&resize=525%2C300 1.5x, https:\/\/i0.wp.com\/lahoradelcampo.com.uy\/site\/wp-content\/uploads\/2018\/02\/web-lana.jpg?fit=880%2C440&ssl=1&resize=700%2C400 2x"},"classes":[]}],"jetpack_likes_enabled":true,"_links":{"self":[{"href":"https:\/\/lahoradelcampo.com.uy\/site\/wp-json\/wp\/v2\/posts\/24148","targetHints":{"allow":["GET"]}}],"collection":[{"href":"https:\/\/lahoradelcampo.com.uy\/site\/wp-json\/wp\/v2\/posts"}],"about":[{"href":"https:\/\/lahoradelcampo.com.uy\/site\/wp-json\/wp\/v2\/types\/post"}],"author":[{"embeddable":true,"href":"https:\/\/lahoradelcampo.com.uy\/site\/wp-json\/wp\/v2\/users\/5"}],"replies":[{"embeddable":true,"href":"https:\/\/lahoradelcampo.com.uy\/site\/wp-json\/wp\/v2\/comments?post=24148"}],"version-history":[{"count":1,"href":"https:\/\/lahoradelcampo.com.uy\/site\/wp-json\/wp\/v2\/posts\/24148\/revisions"}],"predecessor-version":[{"id":24152,"href":"https:\/\/lahoradelcampo.com.uy\/site\/wp-json\/wp\/v2\/posts\/24148\/revisions\/24152"}],"wp:featuredmedia":[{"embeddable":true,"href":"https:\/\/lahoradelcampo.com.uy\/site\/wp-json\/wp\/v2\/media\/24150"}],"wp:attachment":[{"href":"https:\/\/lahoradelcampo.com.uy\/site\/wp-json\/wp\/v2\/media?parent=24148"}],"wp:term":[{"taxonomy":"category","embeddable":true,"href":"https:\/\/lahoradelcampo.com.uy\/site\/wp-json\/wp\/v2\/categories?post=24148"},{"taxonomy":"post_tag","embeddable":true,"href":"https:\/\/lahoradelcampo.com.uy\/site\/wp-json\/wp\/v2\/tags?post=24148"}],"curies":[{"name":"wp","href":"https:\/\/api.w.org\/{rel}","templated":true}]}}