{"id":24128,"date":"2020-09-29T07:59:36","date_gmt":"2020-09-29T10:59:36","guid":{"rendered":"http:\/\/lahoradelcampo.com.uy\/site\/?p=24128"},"modified":"2020-09-29T07:59:44","modified_gmt":"2020-09-29T10:59:44","slug":"goncalvez-este-ano-contamos-con-mas-reproductores-que-el-ano-pasado","status":"publish","type":"post","link":"https:\/\/lahoradelcampo.com.uy\/site\/goncalvez-este-ano-contamos-con-mas-reproductores-que-el-ano-pasado\/","title":{"rendered":"Gon\u00e7alvez: Este a\u00f1o contamos con m\u00e1s reproductores que el a\u00f1o pasado"},"content":{"rendered":"\n<figure class=\"wp-block-image\"><img data-recalc-dims=\"1\" loading=\"lazy\" decoding=\"async\" width=\"810\" height=\"405\" data-attachment-id=\"1977\" data-permalink=\"https:\/\/lahoradelcampo.com.uy\/site\/el-jueves-comienza-una-nueva-edicion-de-la-expo-salto\/sebastian-goncalvez\/\" data-orig-file=\"https:\/\/i0.wp.com\/lahoradelcampo.com.uy\/site\/wp-content\/uploads\/2017\/09\/Sebastian-Goncalvez.jpg?fit=880%2C440&amp;ssl=1\" data-orig-size=\"880,440\" data-comments-opened=\"1\" data-image-meta=\"{&quot;aperture&quot;:&quot;0&quot;,&quot;credit&quot;:&quot;Vicente-Manuel-Tort&quot;,&quot;camera&quot;:&quot;&quot;,&quot;caption&quot;:&quot;&quot;,&quot;created_timestamp&quot;:&quot;0&quot;,&quot;copyright&quot;:&quot;Presidencia de la Republica - Sec.Com.Inst.&quot;,&quot;focal_length&quot;:&quot;0&quot;,&quot;iso&quot;:&quot;0&quot;,&quot;shutter_speed&quot;:&quot;0&quot;,&quot;title&quot;:&quot;&quot;,&quot;orientation&quot;:&quot;1&quot;}\" data-image-title=\"Sebastian Goncalvez\" data-image-description=\"\" data-image-caption=\"\" data-large-file=\"https:\/\/i0.wp.com\/lahoradelcampo.com.uy\/site\/wp-content\/uploads\/2017\/09\/Sebastian-Goncalvez.jpg?fit=810%2C405&amp;ssl=1\" src=\"https:\/\/i0.wp.com\/lahoradelcampo.com.uy\/site\/wp-content\/uploads\/2017\/09\/Sebastian-Goncalvez.jpg?resize=810%2C405\" alt=\"\" class=\"wp-image-1977\" srcset=\"https:\/\/i0.wp.com\/lahoradelcampo.com.uy\/site\/wp-content\/uploads\/2017\/09\/Sebastian-Goncalvez.jpg?w=880&amp;ssl=1 880w, https:\/\/i0.wp.com\/lahoradelcampo.com.uy\/site\/wp-content\/uploads\/2017\/09\/Sebastian-Goncalvez.jpg?resize=300%2C150&amp;ssl=1 300w, https:\/\/i0.wp.com\/lahoradelcampo.com.uy\/site\/wp-content\/uploads\/2017\/09\/Sebastian-Goncalvez.jpg?resize=768%2C384&amp;ssl=1 768w, https:\/\/i0.wp.com\/lahoradelcampo.com.uy\/site\/wp-content\/uploads\/2017\/09\/Sebastian-Goncalvez.jpg?resize=820%2C410&amp;ssl=1 820w\" sizes=\"auto, (max-width: 810px) 100vw, 810px\" \/><\/figure>\n\n\n\n<p>Sebasti\u00e1n Gon\u00e7alvez, el director de Exposiciones de la Asociaci\u00f3n Agropecuaria de Salto, dijo \u00abestamos muy conformes este a\u00f1o, tuvimos una buena inscripci\u00f3n tanto en lanares como vacunos, tenemos 20 toros m\u00e1s que el a\u00f1o pasado\u00bb.  <br><\/p>\n\n\n\n<p>En lo que respecta al programa ganadero de la muestra, la actividad comenzar\u00e1 el jueves a las 8 de la ma\u00f1ana con el ingreso de los ovinos que se extender\u00e1 hasta las 13 horas, \u00abvamos a ser estrictos con el horario porque las actividades son variadas\u00bb. El mismo jueves por la tarde se realizar\u00e1 un concurso de corderos pesados al igual que el a\u00f1o pasado, pero este a\u00f1o se sumar\u00e1 el pos morten que ser\u00e1 el viernes. <br><\/p>\n\n\n\n<p>Gon\u00e7alvez dijo que el viernes se realizan las juras de los ovinos y estar\u00e1n \u00abcasi todas las razas, Merino Australiano, Corriedale, Poll Dorset, Ideal, Meril\u00edn, Suffolk, Texel\u00bb. Para los vacunos <br><\/p>\n\n\n\n<p>El d\u00eda viernes tambi\u00e9n se realiza el ingreso de vacunos y equinos, tambi\u00e9n de 8 a 13 horas, de manera estricta en el cumplimiento del horario. El s\u00e1bado se realiza la jura con toros Hereford, Angus, Braford, Normando y Brangus en la pista, ese mismo d\u00eda se realiza la calificaci\u00f3n de los equinos por la tarde y posteriormente la venta de los reproductores de la expo, para finalizar con el remate de vientres seleccionados organizado por el escritorio Daniel Medina. <br><\/p>\n\n\n\n<p>Respecto a los equinos, el director de exposiciones record\u00f3 que el jueves a las 6:30 horas, comienza la \u00abMarchita\u00bb organizada por la Agremiaci\u00f3n de Criadores de Caballos Criollos del Uruguay. Adem\u00e1s la Sociedad de Criadores de Merino Australiano del Uruguay realizar\u00e1 su tradicional esquila y premiaci\u00f3n de los mejores vellones de la muestra, el viernes por la tarde. <\/p>\n\n\n\n<p style=\"text-align:right\"><strong>Salto, 29 de setiembre de 2020<\/strong><\/p>\n","protected":false},"excerpt":{"rendered":"<p>Sebasti\u00e1n Gon\u00e7alvez, el director de Exposiciones de la Asociaci\u00f3n Agropecuaria de Salto, dijo \u00abestamos muy conformes este a\u00f1o, tuvimos una buena inscripci\u00f3n tanto en lanares como vacunos, tenemos 20 toros [&hellip;]<\/p>\n","protected":false},"author":5,"featured_media":1977,"comment_status":"open","ping_status":"open","sticky":false,"template":"","format":"standard","meta":{"_price":"","_stock":"","_tribe_ticket_header":"","_tribe_default_ticket_provider":"","_tribe_ticket_capacity":"0","_ticket_start_date":"","_ticket_end_date":"","_tribe_ticket_show_description":"","_tribe_ticket_show_not_going":false,"_tribe_ticket_use_global_stock":"","_tribe_ticket_global_stock_level":"","_global_stock_mode":"","_global_stock_cap":"","_tribe_rsvp_for_event":"","_tribe_ticket_going_count":"","_tribe_ticket_not_going_count":"","_tribe_tickets_list":"[]","_tribe_ticket_has_attendee_info_fields":false,"h5ap_radio_sources":[],"_jetpack_newsletter_access":"","_jetpack_dont_email_post_to_subs":false,"_jetpack_newsletter_tier_id":0,"_jetpack_memberships_contains_paywalled_content":false,"_jetpack_memberships_contains_paid_content":false,"footnotes":""},"categories":[21,5],"tags":[],"class_list":["post-24128","post","type-post","status-publish","format-standard","has-post-thumbnail","hentry","category-actualidad","category-ganaderia"],"jetpack_featured_media_url":"https:\/\/i0.wp.com\/lahoradelcampo.com.uy\/site\/wp-content\/uploads\/2017\/09\/Sebastian-Goncalvez.jpg?fit=880%2C440&ssl=1","jetpack_sharing_enabled":true,"jetpack_shortlink":"https:\/\/wp.me\/p99IaT-6ha","jetpack-related-posts":[{"id":1975,"url":"https:\/\/lahoradelcampo.com.uy\/site\/el-jueves-comienza-una-nueva-edicion-de-la-expo-salto\/","url_meta":{"origin":24128,"position":0},"title":"El jueves comienza una nueva edici\u00f3n de la Expo Salto","author":"La Hora del Campo","date":"2 octubre, 2017","format":false,"excerpt":"El jueves 5 de octubre, comienza una nueva edici\u00f3n de la Expo Salto 2017, con la presencia de 77 vacunos, 91 ovinos y 16 equinos que pasaran por las pistas de calificaci\u00f3n, adem\u00e1s de la presencia de la muestra comercial e industrial y los espect\u00e1culos art\u00edsticos previstos para esta oportunidad.\u2026","rel":"","context":"En \u00abActualidad\u00bb","block_context":{"text":"Actualidad","link":"https:\/\/lahoradelcampo.com.uy\/site\/category\/actualidad\/"},"img":{"alt_text":"","src":"https:\/\/i0.wp.com\/lahoradelcampo.com.uy\/site\/wp-content\/uploads\/2017\/09\/Sebastian-Goncalvez.jpg?fit=880%2C440&ssl=1&resize=350%2C200","width":350,"height":200,"srcset":"https:\/\/i0.wp.com\/lahoradelcampo.com.uy\/site\/wp-content\/uploads\/2017\/09\/Sebastian-Goncalvez.jpg?fit=880%2C440&ssl=1&resize=350%2C200 1x, https:\/\/i0.wp.com\/lahoradelcampo.com.uy\/site\/wp-content\/uploads\/2017\/09\/Sebastian-Goncalvez.jpg?fit=880%2C440&ssl=1&resize=525%2C300 1.5x, https:\/\/i0.wp.com\/lahoradelcampo.com.uy\/site\/wp-content\/uploads\/2017\/09\/Sebastian-Goncalvez.jpg?fit=880%2C440&ssl=1&resize=700%2C400 2x"},"classes":[]},{"id":24184,"url":"https:\/\/lahoradelcampo.com.uy\/site\/hoy-comienza-la-expo-salto-2020-con-una-mayor-participacion-de-reproductores\/","url_meta":{"origin":24128,"position":1},"title":"Hoy comienza la Expo Salto 2020, con una mayor participaci\u00f3n de reproductores","author":"La Hora del Campo","date":"1 octubre, 2020","format":false,"excerpt":"En la jornada de hoy, a partir de las 16 horas frente al Monumento del Centenario, en el predio de la Asociaci\u00f3n Agropecuaria de Salto, se desarrollar\u00e1 el acto de apertura de la muestra, con la presencia de de autoridades departamentales y nacionales. Previamente a las 8 horas y hasta\u2026","rel":"","context":"En \u00abActualidad\u00bb","block_context":{"text":"Actualidad","link":"https:\/\/lahoradelcampo.com.uy\/site\/category\/actualidad\/"},"img":{"alt_text":"","src":"https:\/\/i0.wp.com\/lahoradelcampo.com.uy\/site\/wp-content\/uploads\/2020\/10\/exposaltoweb.jpg?fit=880%2C440&ssl=1&resize=350%2C200","width":350,"height":200,"srcset":"https:\/\/i0.wp.com\/lahoradelcampo.com.uy\/site\/wp-content\/uploads\/2020\/10\/exposaltoweb.jpg?fit=880%2C440&ssl=1&resize=350%2C200 1x, https:\/\/i0.wp.com\/lahoradelcampo.com.uy\/site\/wp-content\/uploads\/2020\/10\/exposaltoweb.jpg?fit=880%2C440&ssl=1&resize=525%2C300 1.5x, https:\/\/i0.wp.com\/lahoradelcampo.com.uy\/site\/wp-content\/uploads\/2020\/10\/exposaltoweb.jpg?fit=880%2C440&ssl=1&resize=700%2C400 2x"},"classes":[]},{"id":17410,"url":"https:\/\/lahoradelcampo.com.uy\/site\/la-expo-ovina-en-artigas-se-desarrolla-el-viernes-con-170-reproductores\/","url_meta":{"origin":24128,"position":2},"title":"La Expo Ovina en Artigas se desarrolla el viernes con 170 reproductores","author":"La Hora del Campo","date":"13 febrero, 2020","format":false,"excerpt":"Hace varios a\u00f1os la Asociaci\u00f3n Agropecuaria de Artigas, decidi\u00f3 realizar una exposici\u00f3n y venta de ovinos durante el verano, teniendo en cuenta la proximidad con el periodo de servicio. Mauricio Maia, directivo de la instituci\u00f3n dijo que la actividad comenzar\u00e1 temprano, a partir de la hora 8:00 con un jurado\u2026","rel":"","context":"En \u00abActualidad\u00bb","block_context":{"text":"Actualidad","link":"https:\/\/lahoradelcampo.com.uy\/site\/category\/actualidad\/"},"img":{"alt_text":"","src":"https:\/\/i0.wp.com\/lahoradelcampo.com.uy\/site\/wp-content\/uploads\/2019\/10\/Corriedale-expoartigas.jpg?fit=880%2C440&ssl=1&resize=350%2C200","width":350,"height":200,"srcset":"https:\/\/i0.wp.com\/lahoradelcampo.com.uy\/site\/wp-content\/uploads\/2019\/10\/Corriedale-expoartigas.jpg?fit=880%2C440&ssl=1&resize=350%2C200 1x, https:\/\/i0.wp.com\/lahoradelcampo.com.uy\/site\/wp-content\/uploads\/2019\/10\/Corriedale-expoartigas.jpg?fit=880%2C440&ssl=1&resize=525%2C300 1.5x, https:\/\/i0.wp.com\/lahoradelcampo.com.uy\/site\/wp-content\/uploads\/2019\/10\/Corriedale-expoartigas.jpg?fit=880%2C440&ssl=1&resize=700%2C400 2x"},"classes":[]},{"id":14633,"url":"https:\/\/lahoradelcampo.com.uy\/site\/del-3-al-6-de-octubre-se-viene-una-renovada-expo-salto-2019\/","url_meta":{"origin":24128,"position":3},"title":"Del 3 al 6 de octubre se viene  una renovada Expo Salto 2019","author":"La Hora del Campo","date":"30 septiembre, 2019","format":false,"excerpt":"Como es tradicional, en la semana previa al comienzo de la muestra ganadera, comercial e industrial, organizada por la Asociaci\u00f3n Agropecuaria de Salto, se realiz\u00f3 en la noche de ayer el lanzamiento de la actividad. Donde se dieron a conocer los detalles de la misma, en donde se destacan una\u2026","rel":"","context":"En \u00abActualidad\u00bb","block_context":{"text":"Actualidad","link":"https:\/\/lahoradelcampo.com.uy\/site\/category\/actualidad\/"},"img":{"alt_text":"","src":"https:\/\/i0.wp.com\/lahoradelcampo.com.uy\/site\/wp-content\/uploads\/2019\/09\/exposalto.jpg?fit=880%2C440&ssl=1&resize=350%2C200","width":350,"height":200,"srcset":"https:\/\/i0.wp.com\/lahoradelcampo.com.uy\/site\/wp-content\/uploads\/2019\/09\/exposalto.jpg?fit=880%2C440&ssl=1&resize=350%2C200 1x, https:\/\/i0.wp.com\/lahoradelcampo.com.uy\/site\/wp-content\/uploads\/2019\/09\/exposalto.jpg?fit=880%2C440&ssl=1&resize=525%2C300 1.5x, https:\/\/i0.wp.com\/lahoradelcampo.com.uy\/site\/wp-content\/uploads\/2019\/09\/exposalto.jpg?fit=880%2C440&ssl=1&resize=700%2C400 2x"},"classes":[]},{"id":34059,"url":"https:\/\/lahoradelcampo.com.uy\/site\/un-fin-de-semana-con-la-presencia-a-pleno-del-publico\/","url_meta":{"origin":24128,"position":4},"title":"Un fin de semana con la presencia a pleno del p\u00fablico","author":"La Hora del Campo","date":"13 septiembre, 2021","format":false,"excerpt":"En un a\u00f1o donde a\u00fan hay pandemia en el pa\u00eds, pero tenemos en el orden del 70% de la poblaci\u00f3n vacunada contra el Covid-19, la Expo Prado 2021 ha mostrado un nivel de participaci\u00f3n del p\u00fablico pr\u00e1cticamente que de un a\u00f1o normal este domingo, a\u00fan a pesar de respetarse el\u2026","rel":"","context":"En \u00abActualidad\u00bb","block_context":{"text":"Actualidad","link":"https:\/\/lahoradelcampo.com.uy\/site\/category\/actualidad\/"},"img":{"alt_text":"","src":"https:\/\/i0.wp.com\/lahoradelcampo.com.uy\/site\/wp-content\/uploads\/2021\/09\/ARU-Prado.jpg?fit=880%2C440&ssl=1&resize=350%2C200","width":350,"height":200,"srcset":"https:\/\/i0.wp.com\/lahoradelcampo.com.uy\/site\/wp-content\/uploads\/2021\/09\/ARU-Prado.jpg?fit=880%2C440&ssl=1&resize=350%2C200 1x, https:\/\/i0.wp.com\/lahoradelcampo.com.uy\/site\/wp-content\/uploads\/2021\/09\/ARU-Prado.jpg?fit=880%2C440&ssl=1&resize=525%2C300 1.5x, https:\/\/i0.wp.com\/lahoradelcampo.com.uy\/site\/wp-content\/uploads\/2021\/09\/ARU-Prado.jpg?fit=880%2C440&ssl=1&resize=700%2C400 2x"},"classes":[]},{"id":32992,"url":"https:\/\/lahoradelcampo.com.uy\/site\/el-6to-taller-de-diagnosticos-de-gestacion-en-ovinos-tendra-foco-un-ano-mellicero\/","url_meta":{"origin":24128,"position":5},"title":"El 6to taller de diagn\u00f3sticos de gestaci\u00f3n en ovinos tendr\u00e1 foco \u00abun a\u00f1o mellicero\u00bb","author":"La Hora del Campo","date":"12 agosto, 2021","format":false,"excerpt":"El pr\u00f3ximo jueves 19 de agosto, el Instituto Nacional de Investigaci\u00f3n Agropecuaria (INIA) desarrollar\u00e1 el 6to Taller de diagn\u00f3sticos de gestaci\u00f3n en ovinos, que ser\u00e1 transmitido a trav\u00e9s de su canal de Youtube a partir de las 16 horas. Dicho encuentro contar\u00e1 con dos partes bien definidas, la primera ser\u00e1\u2026","rel":"","context":"En \u00abActualidad\u00bb","block_context":{"text":"Actualidad","link":"https:\/\/lahoradelcampo.com.uy\/site\/category\/actualidad\/"},"img":{"alt_text":"","src":"https:\/\/i0.wp.com\/lahoradelcampo.com.uy\/site\/wp-content\/uploads\/2021\/08\/georgget-banchero.jpg?fit=880%2C440&ssl=1&resize=350%2C200","width":350,"height":200,"srcset":"https:\/\/i0.wp.com\/lahoradelcampo.com.uy\/site\/wp-content\/uploads\/2021\/08\/georgget-banchero.jpg?fit=880%2C440&ssl=1&resize=350%2C200 1x, https:\/\/i0.wp.com\/lahoradelcampo.com.uy\/site\/wp-content\/uploads\/2021\/08\/georgget-banchero.jpg?fit=880%2C440&ssl=1&resize=525%2C300 1.5x, https:\/\/i0.wp.com\/lahoradelcampo.com.uy\/site\/wp-content\/uploads\/2021\/08\/georgget-banchero.jpg?fit=880%2C440&ssl=1&resize=700%2C400 2x"},"classes":[]}],"jetpack_likes_enabled":true,"_links":{"self":[{"href":"https:\/\/lahoradelcampo.com.uy\/site\/wp-json\/wp\/v2\/posts\/24128","targetHints":{"allow":["GET"]}}],"collection":[{"href":"https:\/\/lahoradelcampo.com.uy\/site\/wp-json\/wp\/v2\/posts"}],"about":[{"href":"https:\/\/lahoradelcampo.com.uy\/site\/wp-json\/wp\/v2\/types\/post"}],"author":[{"embeddable":true,"href":"https:\/\/lahoradelcampo.com.uy\/site\/wp-json\/wp\/v2\/users\/5"}],"replies":[{"embeddable":true,"href":"https:\/\/lahoradelcampo.com.uy\/site\/wp-json\/wp\/v2\/comments?post=24128"}],"version-history":[{"count":1,"href":"https:\/\/lahoradelcampo.com.uy\/site\/wp-json\/wp\/v2\/posts\/24128\/revisions"}],"predecessor-version":[{"id":24130,"href":"https:\/\/lahoradelcampo.com.uy\/site\/wp-json\/wp\/v2\/posts\/24128\/revisions\/24130"}],"wp:featuredmedia":[{"embeddable":true,"href":"https:\/\/lahoradelcampo.com.uy\/site\/wp-json\/wp\/v2\/media\/1977"}],"wp:attachment":[{"href":"https:\/\/lahoradelcampo.com.uy\/site\/wp-json\/wp\/v2\/media?parent=24128"}],"wp:term":[{"taxonomy":"category","embeddable":true,"href":"https:\/\/lahoradelcampo.com.uy\/site\/wp-json\/wp\/v2\/categories?post=24128"},{"taxonomy":"post_tag","embeddable":true,"href":"https:\/\/lahoradelcampo.com.uy\/site\/wp-json\/wp\/v2\/tags?post=24128"}],"curies":[{"name":"wp","href":"https:\/\/api.w.org\/{rel}","templated":true}]}}