{"id":24122,"date":"2020-09-29T07:47:46","date_gmt":"2020-09-29T10:47:46","guid":{"rendered":"http:\/\/lahoradelcampo.com.uy\/site\/?p=24122"},"modified":"2020-09-29T07:47:52","modified_gmt":"2020-09-29T10:47:52","slug":"este-jueves-1-de-octubre-comienza-la-expo-salto-2020","status":"publish","type":"post","link":"https:\/\/lahoradelcampo.com.uy\/site\/este-jueves-1-de-octubre-comienza-la-expo-salto-2020\/","title":{"rendered":"Este jueves 1 de octubre comienza la Expo Salto 2020"},"content":{"rendered":"\n<figure class=\"wp-block-image\"><img data-recalc-dims=\"1\" loading=\"lazy\" decoding=\"async\" width=\"810\" height=\"405\" data-attachment-id=\"24124\" data-permalink=\"https:\/\/lahoradelcampo.com.uy\/site\/este-jueves-1-de-octubre-comienza-la-expo-salto-2020\/agropecuariasalto\/\" data-orig-file=\"https:\/\/i0.wp.com\/lahoradelcampo.com.uy\/site\/wp-content\/uploads\/2020\/09\/Agropecuariasalto.jpg?fit=880%2C440&amp;ssl=1\" data-orig-size=\"880,440\" data-comments-opened=\"1\" data-image-meta=\"{&quot;aperture&quot;:&quot;0&quot;,&quot;credit&quot;:&quot;&quot;,&quot;camera&quot;:&quot;&quot;,&quot;caption&quot;:&quot;&quot;,&quot;created_timestamp&quot;:&quot;0&quot;,&quot;copyright&quot;:&quot;&quot;,&quot;focal_length&quot;:&quot;0&quot;,&quot;iso&quot;:&quot;0&quot;,&quot;shutter_speed&quot;:&quot;0&quot;,&quot;title&quot;:&quot;&quot;,&quot;orientation&quot;:&quot;1&quot;}\" data-image-title=\"Agropecuariasalto\" data-image-description=\"\" data-image-caption=\"\" data-large-file=\"https:\/\/i0.wp.com\/lahoradelcampo.com.uy\/site\/wp-content\/uploads\/2020\/09\/Agropecuariasalto.jpg?fit=810%2C405&amp;ssl=1\" src=\"https:\/\/i0.wp.com\/lahoradelcampo.com.uy\/site\/wp-content\/uploads\/2020\/09\/Agropecuariasalto.jpg?resize=810%2C405\" alt=\"\" class=\"wp-image-24124\" srcset=\"https:\/\/i0.wp.com\/lahoradelcampo.com.uy\/site\/wp-content\/uploads\/2020\/09\/Agropecuariasalto.jpg?w=880&amp;ssl=1 880w, https:\/\/i0.wp.com\/lahoradelcampo.com.uy\/site\/wp-content\/uploads\/2020\/09\/Agropecuariasalto.jpg?resize=300%2C150&amp;ssl=1 300w, https:\/\/i0.wp.com\/lahoradelcampo.com.uy\/site\/wp-content\/uploads\/2020\/09\/Agropecuariasalto.jpg?resize=768%2C384&amp;ssl=1 768w, https:\/\/i0.wp.com\/lahoradelcampo.com.uy\/site\/wp-content\/uploads\/2020\/09\/Agropecuariasalto.jpg?resize=820%2C410&amp;ssl=1 820w\" sizes=\"auto, (max-width: 810px) 100vw, 810px\" \/><\/figure>\n\n\n\n<p>En  la jornada de ayer se realiz\u00f3, de forma virtual, el lanzamiento de la Expo Salto 2020 que comenzar\u00e1 a partir de este jueves primero y se extender\u00e1 hasta el domingo cuatro de octubre en el predio de la Asociaci\u00f3n Agropecuaria de Salto. <br><\/p>\n\n\n\n<p>La presidente de la gremial, M\u00f3nica Silva, remarc\u00f3 la importancia de lograr la concreci\u00f3n de la exposici\u00f3n en un a\u00f1o tan particular, y record\u00f3 que los animales que se lucen en la expo no se preparan de un d\u00eda para otro sino que se llevan un largo tiempo por lo que resalt\u00f3 la importancia de lograr la realizaci\u00f3n de la muestra. <br><\/p>\n\n\n\n<p>La productora resalt\u00f3 el comportamiento que ha tenido la poblaci\u00f3n y la responsabilidad con la que asumieron tambi\u00e9n los gobernantes est\u00e1 situaci\u00f3n de la pandemia que ha permitido la realizaci\u00f3n de la muestra. Remarc\u00f3 que \u00abtodos tenemos que acostumbrarnos a la nueva normalidad, que tenemos restricciones. Tenemos un protocolo que ha sido aprobado por el Gobierno, que paso por el Ministerio de Salud P\u00fablica, el cual tenemos que cumplir\u00bb. <br><\/p>\n\n\n\n<p>M\u00f3nica Silva remarc\u00f3 \u00abel uso indefectible del tapabocas en todo momento, la entrada va a estar este monitoreada y controlada al ingreso al predio, con el uso del alcohol gel y el control de la temperatura, y despu\u00e9s le pedimos a todos aquellos que nos dan el honor de acompa\u00f1arnos a mantener la distancia correspondiente\u00bb. La integrante de la gremial record\u00f3 que con la concreci\u00f3n de la muestra y si los protocolos se respetan, se lograr\u00e1 ir habilitando otras actividades que generan trabajo y empleo para el departamento. <br><\/p>\n\n\n\n<p>\u00abDebemos destacar que la Expo Salto se hace. El espect\u00e1culo lo van a dar los ovinos, los vacunos, despu\u00e9s vamos a tener distintos eventos como tambi\u00e9n la promoci\u00f3n de las lanas, con Uruguay Wools, vamos a asistir a esquilas, a todo el proceso con la lana, vamos a tener la guarder\u00eda de corderitos para que los ni\u00f1os puedan estar con ellos\u00bb. <br><\/p>\n\n\n\n<p>Carlos Ardaix, el coordinador de la expo, dijo que se contar\u00e1 con un servicio de \u00f3mnibus especial para que la poblaci\u00f3n como es tradicional pueda concurrir como todos los a\u00f1os y dijo que se han determinado un importante n\u00famero de dispensadores de alcohol en gel, en todo el predio, as\u00ed como tambi\u00e9n habr\u00e1 un servicio de seguridad que estar\u00e1 en constante interacci\u00f3n con el p\u00fablico presente para que se respeten las medidas de seguridad solicitadas en el protocolo, que son las que la gente tradicionalmente conoce, distanciamiento social, uso de tapabocas, no compartir art\u00edculos personales como el mate, etc. El contar con el apoyo de la poblaci\u00f3n es muy importante para el desarrollo de la muestra. <br><\/p>\n\n\n\n<p>Por su parte el Intendente de Salto, Alejandro Noboa, dijo que el departamento logra completar \u00abuna gran mesa\u00bb, donde se produce \u00abvinos, aceitunas, morrones, todo lo que compone lo que es la mesa hort\u00edcola, pero tambi\u00e9n tiene carne de cordero, tiene carne de ternero\u00bb, por lo que destac\u00f3 que \u00abes un orgullo\u00bb para la comuna convocar a este evento donde se presenta la producci\u00f3n del departamento.<\/p>\n\n\n\n<p style=\"text-align:right\"><strong>Salto, 29 de setiembre de 2020<\/strong><\/p>\n","protected":false},"excerpt":{"rendered":"<p>En la jornada de ayer se realiz\u00f3, de forma virtual, el lanzamiento de la Expo Salto 2020 que comenzar\u00e1 a partir de este jueves primero y se extender\u00e1 hasta el [&hellip;]<\/p>\n","protected":false},"author":5,"featured_media":24124,"comment_status":"open","ping_status":"open","sticky":false,"template":"","format":"standard","meta":{"_price":"","_stock":"","_tribe_ticket_header":"","_tribe_default_ticket_provider":"","_tribe_ticket_capacity":"0","_ticket_start_date":"","_ticket_end_date":"","_tribe_ticket_show_description":"","_tribe_ticket_show_not_going":false,"_tribe_ticket_use_global_stock":"","_tribe_ticket_global_stock_level":"","_global_stock_mode":"","_global_stock_cap":"","_tribe_rsvp_for_event":"","_tribe_ticket_going_count":"","_tribe_ticket_not_going_count":"","_tribe_tickets_list":"[]","_tribe_ticket_has_attendee_info_fields":false,"h5ap_radio_sources":[],"_jetpack_newsletter_access":"","_jetpack_dont_email_post_to_subs":false,"_jetpack_newsletter_tier_id":0,"_jetpack_memberships_contains_paywalled_content":false,"_jetpack_memberships_contains_paid_content":false,"footnotes":""},"categories":[21,5],"tags":[],"class_list":["post-24122","post","type-post","status-publish","format-standard","has-post-thumbnail","hentry","category-actualidad","category-ganaderia"],"jetpack_featured_media_url":"https:\/\/i0.wp.com\/lahoradelcampo.com.uy\/site\/wp-content\/uploads\/2020\/09\/Agropecuariasalto.jpg?fit=880%2C440&ssl=1","jetpack_sharing_enabled":true,"jetpack_shortlink":"https:\/\/wp.me\/p99IaT-6h4","jetpack-related-posts":[{"id":34673,"url":"https:\/\/lahoradelcampo.com.uy\/site\/criollos-con-una-nutrida-agenda-en-la-expo-salto-2021\/","url_meta":{"origin":24122,"position":0},"title":"Criollos con una nutrida agenda en la Expo Salto 2021","author":"La Hora del Campo","date":"27 septiembre, 2021","format":false,"excerpt":"La directiva de la Agremiaci\u00f3n de Criadores de Caballos Criollos de Salto, encabezada por Juan Diego Armstrong, trabaj\u00f3 fuertemente en este \u00faltimo tiempo, realizando varias actividades, entre las cuales estuvo la realizaci\u00f3n de la clasificatoria al Freno de Oro. Al mismo tiempo inicio todo el trabajo para lograr la concreci\u00f3n\u2026","rel":"","context":"En \u00abActualidad\u00bb","block_context":{"text":"Actualidad","link":"https:\/\/lahoradelcampo.com.uy\/site\/category\/actualidad\/"},"img":{"alt_text":"","src":"https:\/\/i0.wp.com\/lahoradelcampo.com.uy\/site\/wp-content\/uploads\/2018\/05\/Criollos.jpg?fit=880%2C440&ssl=1&resize=350%2C200","width":350,"height":200,"srcset":"https:\/\/i0.wp.com\/lahoradelcampo.com.uy\/site\/wp-content\/uploads\/2018\/05\/Criollos.jpg?fit=880%2C440&ssl=1&resize=350%2C200 1x, https:\/\/i0.wp.com\/lahoradelcampo.com.uy\/site\/wp-content\/uploads\/2018\/05\/Criollos.jpg?fit=880%2C440&ssl=1&resize=525%2C300 1.5x, https:\/\/i0.wp.com\/lahoradelcampo.com.uy\/site\/wp-content\/uploads\/2018\/05\/Criollos.jpg?fit=880%2C440&ssl=1&resize=700%2C400 2x"},"classes":[]},{"id":1975,"url":"https:\/\/lahoradelcampo.com.uy\/site\/el-jueves-comienza-una-nueva-edicion-de-la-expo-salto\/","url_meta":{"origin":24122,"position":1},"title":"El jueves comienza una nueva edici\u00f3n de la Expo Salto","author":"La Hora del Campo","date":"2 octubre, 2017","format":false,"excerpt":"El jueves 5 de octubre, comienza una nueva edici\u00f3n de la Expo Salto 2017, con la presencia de 77 vacunos, 91 ovinos y 16 equinos que pasaran por las pistas de calificaci\u00f3n, adem\u00e1s de la presencia de la muestra comercial e industrial y los espect\u00e1culos art\u00edsticos previstos para esta oportunidad.\u2026","rel":"","context":"En \u00abActualidad\u00bb","block_context":{"text":"Actualidad","link":"https:\/\/lahoradelcampo.com.uy\/site\/category\/actualidad\/"},"img":{"alt_text":"","src":"https:\/\/i0.wp.com\/lahoradelcampo.com.uy\/site\/wp-content\/uploads\/2017\/09\/Sebastian-Goncalvez.jpg?fit=880%2C440&ssl=1&resize=350%2C200","width":350,"height":200,"srcset":"https:\/\/i0.wp.com\/lahoradelcampo.com.uy\/site\/wp-content\/uploads\/2017\/09\/Sebastian-Goncalvez.jpg?fit=880%2C440&ssl=1&resize=350%2C200 1x, https:\/\/i0.wp.com\/lahoradelcampo.com.uy\/site\/wp-content\/uploads\/2017\/09\/Sebastian-Goncalvez.jpg?fit=880%2C440&ssl=1&resize=525%2C300 1.5x, https:\/\/i0.wp.com\/lahoradelcampo.com.uy\/site\/wp-content\/uploads\/2017\/09\/Sebastian-Goncalvez.jpg?fit=880%2C440&ssl=1&resize=700%2C400 2x"},"classes":[]},{"id":56967,"url":"https:\/\/lahoradelcampo.com.uy\/site\/expo-salto-2025-se-prepara-con-amplia-agenda-ganadera-comercial-y-cultural\/","url_meta":{"origin":24122,"position":2},"title":"Expo Salto 2025 se prepara con amplia agenda ganadera, comercial y cultural","author":"La Hora del Campo","date":"30 septiembre, 2025","format":false,"excerpt":"La Asociaci\u00f3n Agropecuaria de Salto lanz\u00f3 oficialmente la 117\u00aa edici\u00f3n de la Expo Salto, que se desarrollar\u00e1 entre el 2 y el 5 de octubre de 2025, con un acto previo el d\u00eda 1\u00ba de octubre, en conjunto con el Centro Comercial e Industrial de Salto. El presidente de la\u2026","rel":"","context":"En \u00abActualidad\u00bb","block_context":{"text":"Actualidad","link":"https:\/\/lahoradelcampo.com.uy\/site\/category\/actualidad\/"},"img":{"alt_text":"","src":"https:\/\/i0.wp.com\/lahoradelcampo.com.uy\/site\/wp-content\/uploads\/2025\/09\/ExpoSalto1.jpg?fit=880%2C440&ssl=1&resize=350%2C200","width":350,"height":200,"srcset":"https:\/\/i0.wp.com\/lahoradelcampo.com.uy\/site\/wp-content\/uploads\/2025\/09\/ExpoSalto1.jpg?fit=880%2C440&ssl=1&resize=350%2C200 1x, https:\/\/i0.wp.com\/lahoradelcampo.com.uy\/site\/wp-content\/uploads\/2025\/09\/ExpoSalto1.jpg?fit=880%2C440&ssl=1&resize=525%2C300 1.5x, https:\/\/i0.wp.com\/lahoradelcampo.com.uy\/site\/wp-content\/uploads\/2025\/09\/ExpoSalto1.jpg?fit=880%2C440&ssl=1&resize=700%2C400 2x"},"classes":[]},{"id":14633,"url":"https:\/\/lahoradelcampo.com.uy\/site\/del-3-al-6-de-octubre-se-viene-una-renovada-expo-salto-2019\/","url_meta":{"origin":24122,"position":3},"title":"Del 3 al 6 de octubre se viene  una renovada Expo Salto 2019","author":"La Hora del Campo","date":"30 septiembre, 2019","format":false,"excerpt":"Como es tradicional, en la semana previa al comienzo de la muestra ganadera, comercial e industrial, organizada por la Asociaci\u00f3n Agropecuaria de Salto, se realiz\u00f3 en la noche de ayer el lanzamiento de la actividad. Donde se dieron a conocer los detalles de la misma, en donde se destacan una\u2026","rel":"","context":"En \u00abActualidad\u00bb","block_context":{"text":"Actualidad","link":"https:\/\/lahoradelcampo.com.uy\/site\/category\/actualidad\/"},"img":{"alt_text":"","src":"https:\/\/i0.wp.com\/lahoradelcampo.com.uy\/site\/wp-content\/uploads\/2019\/09\/exposalto.jpg?fit=880%2C440&ssl=1&resize=350%2C200","width":350,"height":200,"srcset":"https:\/\/i0.wp.com\/lahoradelcampo.com.uy\/site\/wp-content\/uploads\/2019\/09\/exposalto.jpg?fit=880%2C440&ssl=1&resize=350%2C200 1x, https:\/\/i0.wp.com\/lahoradelcampo.com.uy\/site\/wp-content\/uploads\/2019\/09\/exposalto.jpg?fit=880%2C440&ssl=1&resize=525%2C300 1.5x, https:\/\/i0.wp.com\/lahoradelcampo.com.uy\/site\/wp-content\/uploads\/2019\/09\/exposalto.jpg?fit=880%2C440&ssl=1&resize=700%2C400 2x"},"classes":[]},{"id":33571,"url":"https:\/\/lahoradelcampo.com.uy\/site\/la-expo-salto-con-los-espacios-en-exteriores-agotados\/","url_meta":{"origin":24122,"position":4},"title":"La Expo Salto con los espacios en exteriores agotados","author":"La Hora del Campo","date":"31 agosto, 2021","format":false,"excerpt":"La Expo Salto se prepara para una nueva edici\u00f3n desde el 30 de setiembre al 3 de octubre, con una muestra agroindustrial y comercial muy importante como es habitual, pero adem\u00e1s con eventos art\u00edsticos de primer nivel ya confirmados. A un mes de la inauguraci\u00f3n de la muestra, se informa\u2026","rel":"","context":"En \u00abActualidad\u00bb","block_context":{"text":"Actualidad","link":"https:\/\/lahoradelcampo.com.uy\/site\/category\/actualidad\/"},"img":{"alt_text":"","src":"https:\/\/i0.wp.com\/lahoradelcampo.com.uy\/site\/wp-content\/uploads\/2020\/10\/exposaltoweb.jpg?fit=880%2C440&ssl=1&resize=350%2C200","width":350,"height":200,"srcset":"https:\/\/i0.wp.com\/lahoradelcampo.com.uy\/site\/wp-content\/uploads\/2020\/10\/exposaltoweb.jpg?fit=880%2C440&ssl=1&resize=350%2C200 1x, https:\/\/i0.wp.com\/lahoradelcampo.com.uy\/site\/wp-content\/uploads\/2020\/10\/exposaltoweb.jpg?fit=880%2C440&ssl=1&resize=525%2C300 1.5x, https:\/\/i0.wp.com\/lahoradelcampo.com.uy\/site\/wp-content\/uploads\/2020\/10\/exposaltoweb.jpg?fit=880%2C440&ssl=1&resize=700%2C400 2x"},"classes":[]},{"id":34657,"url":"https:\/\/lahoradelcampo.com.uy\/site\/expo-salto-con-la-presencia-del-presidente-de-la-republica\/","url_meta":{"origin":24122,"position":5},"title":"Expo Salto: Con la presencia del Presidente de la Rep\u00fablica","author":"La Hora del Campo","date":"27 septiembre, 2021","format":false,"excerpt":"En este 2021, la Asociaci\u00f3n Agropecuaria de Salto festeja sus ciento veinte a\u00f1os de vida, con una 113 edici\u00f3n de la Exposici\u00f3n de Ganader\u00eda, Comercio, Industria y Servicios, que tendr\u00e1 como destaque principal, la presencia del Presidente de la Rep\u00fablica, Dr. Luis Lacalle Pou, el d\u00eda jueves 30 de setiembre\u2026","rel":"","context":"En \u00abActualidad\u00bb","block_context":{"text":"Actualidad","link":"https:\/\/lahoradelcampo.com.uy\/site\/category\/actualidad\/"},"img":{"alt_text":"","src":"https:\/\/i0.wp.com\/lahoradelcampo.com.uy\/site\/wp-content\/uploads\/2021\/09\/AAS-Lanzamiento.jpg?fit=880%2C440&ssl=1&resize=350%2C200","width":350,"height":200,"srcset":"https:\/\/i0.wp.com\/lahoradelcampo.com.uy\/site\/wp-content\/uploads\/2021\/09\/AAS-Lanzamiento.jpg?fit=880%2C440&ssl=1&resize=350%2C200 1x, https:\/\/i0.wp.com\/lahoradelcampo.com.uy\/site\/wp-content\/uploads\/2021\/09\/AAS-Lanzamiento.jpg?fit=880%2C440&ssl=1&resize=525%2C300 1.5x, https:\/\/i0.wp.com\/lahoradelcampo.com.uy\/site\/wp-content\/uploads\/2021\/09\/AAS-Lanzamiento.jpg?fit=880%2C440&ssl=1&resize=700%2C400 2x"},"classes":[]}],"jetpack_likes_enabled":true,"_links":{"self":[{"href":"https:\/\/lahoradelcampo.com.uy\/site\/wp-json\/wp\/v2\/posts\/24122","targetHints":{"allow":["GET"]}}],"collection":[{"href":"https:\/\/lahoradelcampo.com.uy\/site\/wp-json\/wp\/v2\/posts"}],"about":[{"href":"https:\/\/lahoradelcampo.com.uy\/site\/wp-json\/wp\/v2\/types\/post"}],"author":[{"embeddable":true,"href":"https:\/\/lahoradelcampo.com.uy\/site\/wp-json\/wp\/v2\/users\/5"}],"replies":[{"embeddable":true,"href":"https:\/\/lahoradelcampo.com.uy\/site\/wp-json\/wp\/v2\/comments?post=24122"}],"version-history":[{"count":1,"href":"https:\/\/lahoradelcampo.com.uy\/site\/wp-json\/wp\/v2\/posts\/24122\/revisions"}],"predecessor-version":[{"id":24126,"href":"https:\/\/lahoradelcampo.com.uy\/site\/wp-json\/wp\/v2\/posts\/24122\/revisions\/24126"}],"wp:featuredmedia":[{"embeddable":true,"href":"https:\/\/lahoradelcampo.com.uy\/site\/wp-json\/wp\/v2\/media\/24124"}],"wp:attachment":[{"href":"https:\/\/lahoradelcampo.com.uy\/site\/wp-json\/wp\/v2\/media?parent=24122"}],"wp:term":[{"taxonomy":"category","embeddable":true,"href":"https:\/\/lahoradelcampo.com.uy\/site\/wp-json\/wp\/v2\/categories?post=24122"},{"taxonomy":"post_tag","embeddable":true,"href":"https:\/\/lahoradelcampo.com.uy\/site\/wp-json\/wp\/v2\/tags?post=24122"}],"curies":[{"name":"wp","href":"https:\/\/api.w.org\/{rel}","templated":true}]}}