{"id":24114,"date":"2020-09-29T07:38:45","date_gmt":"2020-09-29T10:38:45","guid":{"rendered":"http:\/\/lahoradelcampo.com.uy\/site\/?p=24114"},"modified":"2020-09-29T07:38:59","modified_gmt":"2020-09-29T10:38:59","slug":"prolacteo-buscara-mejorar-la-insercion-de-la-lecheria-a-nivel-internacional","status":"publish","type":"post","link":"https:\/\/lahoradelcampo.com.uy\/site\/prolacteo-buscara-mejorar-la-insercion-de-la-lecheria-a-nivel-internacional\/","title":{"rendered":"Prol\u00e1cteo buscar\u00e1 mejorar la inserci\u00f3n de la lecher\u00eda a nivel internacional"},"content":{"rendered":"\n<figure class=\"wp-block-image\"><img data-recalc-dims=\"1\" loading=\"lazy\" decoding=\"async\" width=\"810\" height=\"405\" data-attachment-id=\"24116\" data-permalink=\"https:\/\/lahoradelcampo.com.uy\/site\/prolacteo-buscara-mejorar-la-insercion-de-la-lecheria-a-nivel-internacional\/lapido\/\" data-orig-file=\"https:\/\/i0.wp.com\/lahoradelcampo.com.uy\/site\/wp-content\/uploads\/2020\/09\/lapido.jpg?fit=880%2C440&amp;ssl=1\" data-orig-size=\"880,440\" data-comments-opened=\"1\" data-image-meta=\"{&quot;aperture&quot;:&quot;0&quot;,&quot;credit&quot;:&quot;&quot;,&quot;camera&quot;:&quot;&quot;,&quot;caption&quot;:&quot;&quot;,&quot;created_timestamp&quot;:&quot;0&quot;,&quot;copyright&quot;:&quot;&quot;,&quot;focal_length&quot;:&quot;0&quot;,&quot;iso&quot;:&quot;0&quot;,&quot;shutter_speed&quot;:&quot;0&quot;,&quot;title&quot;:&quot;&quot;,&quot;orientation&quot;:&quot;1&quot;}\" data-image-title=\"lapido\" data-image-description=\"\" data-image-caption=\"\" data-large-file=\"https:\/\/i0.wp.com\/lahoradelcampo.com.uy\/site\/wp-content\/uploads\/2020\/09\/lapido.jpg?fit=810%2C405&amp;ssl=1\" src=\"https:\/\/i0.wp.com\/lahoradelcampo.com.uy\/site\/wp-content\/uploads\/2020\/09\/lapido.jpg?resize=810%2C405\" alt=\"\" class=\"wp-image-24116\" srcset=\"https:\/\/i0.wp.com\/lahoradelcampo.com.uy\/site\/wp-content\/uploads\/2020\/09\/lapido.jpg?w=880&amp;ssl=1 880w, https:\/\/i0.wp.com\/lahoradelcampo.com.uy\/site\/wp-content\/uploads\/2020\/09\/lapido.jpg?resize=300%2C150&amp;ssl=1 300w, https:\/\/i0.wp.com\/lahoradelcampo.com.uy\/site\/wp-content\/uploads\/2020\/09\/lapido.jpg?resize=768%2C384&amp;ssl=1 768w, https:\/\/i0.wp.com\/lahoradelcampo.com.uy\/site\/wp-content\/uploads\/2020\/09\/lapido.jpg?resize=820%2C410&amp;ssl=1 820w\" sizes=\"auto, (max-width: 810px) 100vw, 810px\" \/><\/figure>\n\n\n\n<p>En el marco de la Expo Prado 2020, se llev\u00f3 adelante una presentaci\u00f3n del presidente del Instituto Nacional de la Leche (INALE) Ing. Agr. \u00c1lvaro Lapido, sobre \u00abla actualidad y el futuro de la cadena l\u00e1ctea en Uruguay\u00bb que finaliz\u00f3 recordando una frase del contador de Conaprole, Ruben N\u00fa\u00f1ez, que dice \u00abEl pa\u00eds debe ser la Holanda de los puertos, la Italia del turismo, la Nueva Zelanda de la lecher\u00eda y la Australia de la carne. Hac\u00eda ah\u00ed hay que ir. Este es el tema central: c\u00f3mo multiplicar la capacidad de valor que genera el pa\u00eds\u00bb. <br><\/p>\n\n\n\n<p>Lapido remarc\u00f3 que \u00abdestruir un sector l\u00e1cteo es muy f\u00e1cil, reconstruirlo es dif\u00edcil. Y para reconstruirlo hay que hacer una pol\u00edtica de Estado\u00bb, pero aclar\u00f3 que la situaci\u00f3n actual de la lecher\u00eda \u00abno se arregla con una variable, se arregla con una serie de medidas en las que estamos trabajando y que van a ser oportunamente anunciadas y cr\u00e9anme que esto no se hace en dos meses\u00bb. <br><\/p>\n\n\n\n<p>Una de las variables que le consultaron al presidente del Inale, y que forma parte de ese proyecto es la inserci\u00f3n del sector lechero a nivel internacional con un mayor y mejor acceso a los mercados l\u00e1cteos. Al respecto Lapido dijo que la presencia de un representante del Ministerio de Relaciones Exteriores en el consejo directivo del instituto ha permitido crear un grupo de trabajo denominado \u00abProl\u00e1cteo\u00bb. <br><\/p>\n\n\n\n<p>Explic\u00f3 que es un grupo \u00absimilar\u00bb al presentado hace algunas semanas atr\u00e1s para el sector c\u00e1rnico en particular, con el Instituto Nacional de Carnes (INAC). Lapido dijo que ser\u00e1 un espacio donde \u00abvienen las distintas empresas y nos dicen quiero acceder a tal mercado, tengo tales restricciones\u00bb y conjuntamente con el Inale, Relaciones Exteriores y otros integrantes del gobierno se trabajar\u00e1 para abrir dichos mercados \u00aby bajar aranceles que a veces tambi\u00e9n son barreras\u00bb. <br><\/p>\n\n\n\n<p>El presidente del Inale dijo que \u00abProl\u00e1cteo\u00bb forma parte \u00abdel paquete de medidas que se est\u00e1 elaborando\u00bb para el sector en particular. <\/p>\n\n\n\n<p style=\"text-align:right\"><strong>Salto, 29 de setiembre de 2020<\/strong><\/p>\n","protected":false},"excerpt":{"rendered":"<p>En el marco de la Expo Prado 2020, se llev\u00f3 adelante una presentaci\u00f3n del presidente del Instituto Nacional de la Leche (INALE) Ing. Agr. \u00c1lvaro Lapido, sobre \u00abla actualidad y [&hellip;]<\/p>\n","protected":false},"author":5,"featured_media":24116,"comment_status":"open","ping_status":"open","sticky":false,"template":"","format":"standard","meta":{"_price":"","_stock":"","_tribe_ticket_header":"","_tribe_default_ticket_provider":"","_tribe_ticket_capacity":"0","_ticket_start_date":"","_ticket_end_date":"","_tribe_ticket_show_description":"","_tribe_ticket_show_not_going":false,"_tribe_ticket_use_global_stock":"","_tribe_ticket_global_stock_level":"","_global_stock_mode":"","_global_stock_cap":"","_tribe_rsvp_for_event":"","_tribe_ticket_going_count":"","_tribe_ticket_not_going_count":"","_tribe_tickets_list":"[]","_tribe_ticket_has_attendee_info_fields":false,"h5ap_radio_sources":[],"_jetpack_newsletter_access":"","_jetpack_dont_email_post_to_subs":false,"_jetpack_newsletter_tier_id":0,"_jetpack_memberships_contains_paywalled_content":false,"_jetpack_memberships_contains_paid_content":false,"footnotes":""},"categories":[21,11],"tags":[],"class_list":["post-24114","post","type-post","status-publish","format-standard","has-post-thumbnail","hentry","category-actualidad","category-lecheria"],"jetpack_featured_media_url":"https:\/\/i0.wp.com\/lahoradelcampo.com.uy\/site\/wp-content\/uploads\/2020\/09\/lapido.jpg?fit=880%2C440&ssl=1","jetpack_sharing_enabled":true,"jetpack_shortlink":"https:\/\/wp.me\/p99IaT-6gW","jetpack-related-posts":[{"id":32286,"url":"https:\/\/lahoradelcampo.com.uy\/site\/juan-daniel-vago-asumio-la-presidencia-del-inale\/","url_meta":{"origin":24114,"position":0},"title":"Juan Daniel Vago asumi\u00f3  la presidencia  del INALE","author":"La Hora del Campo","date":"22 julio, 2021","format":false,"excerpt":"El Ministro de Ganader\u00eda, Agricultura y Pesca, Fernando Mattos, el Subsecretario, Ignacio Buffa y la Directora General, Fernanda Maldonado, participaron de la asunci\u00f3n, v\u00eda virtual de las nuevas autoridades del Instituto Nacional de la Leche, (INALE). El nuevo cargo se confirm\u00f3 en reuni\u00f3n extraordinaria del Consejo Ejecutivo de INALE, este\u2026","rel":"","context":"En \u00abActualidad\u00bb","block_context":{"text":"Actualidad","link":"https:\/\/lahoradelcampo.com.uy\/site\/category\/actualidad\/"},"img":{"alt_text":"","src":"https:\/\/i0.wp.com\/lahoradelcampo.com.uy\/site\/wp-content\/uploads\/2021\/07\/VAGO-Inale.jpg?fit=880%2C440&ssl=1&resize=350%2C200","width":350,"height":200,"srcset":"https:\/\/i0.wp.com\/lahoradelcampo.com.uy\/site\/wp-content\/uploads\/2021\/07\/VAGO-Inale.jpg?fit=880%2C440&ssl=1&resize=350%2C200 1x, https:\/\/i0.wp.com\/lahoradelcampo.com.uy\/site\/wp-content\/uploads\/2021\/07\/VAGO-Inale.jpg?fit=880%2C440&ssl=1&resize=525%2C300 1.5x, https:\/\/i0.wp.com\/lahoradelcampo.com.uy\/site\/wp-content\/uploads\/2021\/07\/VAGO-Inale.jpg?fit=880%2C440&ssl=1&resize=700%2C400 2x"},"classes":[]},{"id":12231,"url":"https:\/\/lahoradelcampo.com.uy\/site\/colonizacion-destinara-800-hectareas-para-la-lecheria-en-paysandu\/","url_meta":{"origin":24114,"position":1},"title":"Colonizaci\u00f3n destinar\u00e1 800 hect\u00e1reas para la lecher\u00eda en Paysand\u00fa","author":"La Hora del Campo","date":"27 junio, 2019","format":false,"excerpt":"\u201cEn el marco del trabajo entre el Instituto Nacional de Colonizaci\u00f3n y el Instituto Nacional de la Leche (Inale) con la Asociaci\u00f3n Nacional de Productores de Leche, se trabaja para identificar necesidades de intervenci\u00f3n p\u00fablica en el apoyo a la producci\u00f3n familiar\u201d, dijo la presidenta de Colonizaci\u00f3n, Jacqueline G\u00f3mez, en\u2026","rel":"","context":"En \u00abActualidad\u00bb","block_context":{"text":"Actualidad","link":"https:\/\/lahoradelcampo.com.uy\/site\/category\/actualidad\/"},"img":{"alt_text":"","src":"https:\/\/i0.wp.com\/lahoradelcampo.com.uy\/site\/wp-content\/uploads\/2019\/04\/lecheria-brasil.jpg?fit=880%2C440&ssl=1&resize=350%2C200","width":350,"height":200,"srcset":"https:\/\/i0.wp.com\/lahoradelcampo.com.uy\/site\/wp-content\/uploads\/2019\/04\/lecheria-brasil.jpg?fit=880%2C440&ssl=1&resize=350%2C200 1x, https:\/\/i0.wp.com\/lahoradelcampo.com.uy\/site\/wp-content\/uploads\/2019\/04\/lecheria-brasil.jpg?fit=880%2C440&ssl=1&resize=525%2C300 1.5x, https:\/\/i0.wp.com\/lahoradelcampo.com.uy\/site\/wp-content\/uploads\/2019\/04\/lecheria-brasil.jpg?fit=880%2C440&ssl=1&resize=700%2C400 2x"},"classes":[]},{"id":15598,"url":"https:\/\/lahoradelcampo.com.uy\/site\/lecheria-al-ver-las-diferencias-de-escala-nos-damos-cuenta-que-somos-insignificantes\/","url_meta":{"origin":24114,"position":2},"title":"Lecher\u00eda: \u00abAl ver las diferencias de escala nos damos cuenta que somos insignificantes\u00bb","author":"La Hora del Campo","date":"5 noviembre, 2019","format":false,"excerpt":"El Ministro de Ganader\u00eda, Agricultura y Pesca, Ing. Agr. Enzo Benech, se encuentra con una delegaci\u00f3n del ministerio y cuatro empresas l\u00e1cteas, realizando una recorrida por As\u00eda y tras visitar la regi\u00f3n interior de Mongol\u00eda, provincia aut\u00f3noma de China, dijo que \"al ver las diferencias de escala nos damos cuenta\u2026","rel":"","context":"En \u00abActualidad\u00bb","block_context":{"text":"Actualidad","link":"https:\/\/lahoradelcampo.com.uy\/site\/category\/actualidad\/"},"img":{"alt_text":"","src":"https:\/\/i0.wp.com\/lahoradelcampo.com.uy\/site\/wp-content\/uploads\/2019\/11\/Benech-4.jpg?fit=880%2C440&ssl=1&resize=350%2C200","width":350,"height":200,"srcset":"https:\/\/i0.wp.com\/lahoradelcampo.com.uy\/site\/wp-content\/uploads\/2019\/11\/Benech-4.jpg?fit=880%2C440&ssl=1&resize=350%2C200 1x, https:\/\/i0.wp.com\/lahoradelcampo.com.uy\/site\/wp-content\/uploads\/2019\/11\/Benech-4.jpg?fit=880%2C440&ssl=1&resize=525%2C300 1.5x, https:\/\/i0.wp.com\/lahoradelcampo.com.uy\/site\/wp-content\/uploads\/2019\/11\/Benech-4.jpg?fit=880%2C440&ssl=1&resize=700%2C400 2x"},"classes":[]},{"id":2511,"url":"https:\/\/lahoradelcampo.com.uy\/site\/maggi-anuncio-la-suspension-de-las-licencias-de-importacion-de-lacteos-de-uruguay\/","url_meta":{"origin":24114,"position":3},"title":"Brasil suspendi\u00f3 licencias de importaci\u00f3n de l\u00e1cteos de Uruguay","author":"La Hora del Campo","date":"10 octubre, 2017","format":false,"excerpt":"El ministro de Agricultura, Pecuaria y Abastecimiento de Brasil, Blairo Maggi, anunci\u00f3 luego de reunirse en la C\u00e1mara de Diputados con integrantes del Frente Parlamentar del Agronegocio, que se suspenden las licencias de importaci\u00f3n de leche desde Uruguay. La decisi\u00f3n sera revertida cuando nuestro pa\u00eds compruebe que el 100% de\u2026","rel":"","context":"En \u00abActualidad\u00bb","block_context":{"text":"Actualidad","link":"https:\/\/lahoradelcampo.com.uy\/site\/category\/actualidad\/"},"img":{"alt_text":"","src":"https:\/\/i0.wp.com\/lahoradelcampo.com.uy\/site\/wp-content\/uploads\/2017\/10\/Leche-en-polvo.jpg?fit=880%2C440&ssl=1&resize=350%2C200","width":350,"height":200,"srcset":"https:\/\/i0.wp.com\/lahoradelcampo.com.uy\/site\/wp-content\/uploads\/2017\/10\/Leche-en-polvo.jpg?fit=880%2C440&ssl=1&resize=350%2C200 1x, https:\/\/i0.wp.com\/lahoradelcampo.com.uy\/site\/wp-content\/uploads\/2017\/10\/Leche-en-polvo.jpg?fit=880%2C440&ssl=1&resize=525%2C300 1.5x, https:\/\/i0.wp.com\/lahoradelcampo.com.uy\/site\/wp-content\/uploads\/2017\/10\/Leche-en-polvo.jpg?fit=880%2C440&ssl=1&resize=700%2C400 2x"},"classes":[]},{"id":5581,"url":"https:\/\/lahoradelcampo.com.uy\/site\/si-hay-un-ambito-de-dialogo-hay-que-presentarse-y-dialogar\/","url_meta":{"origin":24114,"position":4},"title":"\u00abSi hay un \u00e1mbito de di\u00e1logo, hay que presentarse y dialogar\u00bb","author":"La Hora del Campo","date":"25 enero, 2018","format":false,"excerpt":"En el encuentro en Durazno participaron casi todos los presidentes de las gremiales agropecuarias, qui\u00e9n no concurri\u00f3 fue el presidente de la Asociaci\u00f3n Rural del Uruguay, el Dr. Pablo Zerbino aunque estuvo representado por la mayor\u00eda de la directiva de la gremial. Mario Buzzalino, presidente de la Comisi\u00f3n Nacional de\u2026","rel":"","context":"En \u00abActualidad\u00bb","block_context":{"text":"Actualidad","link":"https:\/\/lahoradelcampo.com.uy\/site\/category\/actualidad\/"},"img":{"alt_text":"","src":"https:\/\/i0.wp.com\/lahoradelcampo.com.uy\/site\/wp-content\/uploads\/2018\/01\/Buzzalino.jpg?fit=880%2C440&ssl=1&resize=350%2C200","width":350,"height":200,"srcset":"https:\/\/i0.wp.com\/lahoradelcampo.com.uy\/site\/wp-content\/uploads\/2018\/01\/Buzzalino.jpg?fit=880%2C440&ssl=1&resize=350%2C200 1x, https:\/\/i0.wp.com\/lahoradelcampo.com.uy\/site\/wp-content\/uploads\/2018\/01\/Buzzalino.jpg?fit=880%2C440&ssl=1&resize=525%2C300 1.5x, https:\/\/i0.wp.com\/lahoradelcampo.com.uy\/site\/wp-content\/uploads\/2018\/01\/Buzzalino.jpg?fit=880%2C440&ssl=1&resize=700%2C400 2x"},"classes":[]},{"id":45095,"url":"https:\/\/lahoradelcampo.com.uy\/site\/mgap-desarrolla-el-proyecto-cuencas-en-lecheria-a-tres-anos\/","url_meta":{"origin":24114,"position":5},"title":"MGAP desarrolla el proyecto \u00abCuencas\u00bb en lecher\u00eda a tres a\u00f1os","author":"La Hora del Campo","date":"30 agosto, 2022","format":false,"excerpt":"Con la participaci\u00f3n del subsecretario del MGAP, Ignacio Buffa se llev\u00f3 adelante el lanzamiento del proyecto: \"Cuencas Lecheras\", este lunes 29 en el Anfiteatro del Instituto de Alta Especializaci\u00f3n de Fray Bentos. La iniciativa se desarrollar\u00e1 conjuntamente entre las intendencias de Salto, Paysand\u00fa, Soriano, Florida, el MGAP, el INALE y\u2026","rel":"","context":"En \u00abActualidad\u00bb","block_context":{"text":"Actualidad","link":"https:\/\/lahoradelcampo.com.uy\/site\/category\/actualidad\/"},"img":{"alt_text":"","src":"https:\/\/i0.wp.com\/lahoradelcampo.com.uy\/site\/wp-content\/uploads\/2022\/08\/MGAP-cuencas.jpg?fit=880%2C440&ssl=1&resize=350%2C200","width":350,"height":200,"srcset":"https:\/\/i0.wp.com\/lahoradelcampo.com.uy\/site\/wp-content\/uploads\/2022\/08\/MGAP-cuencas.jpg?fit=880%2C440&ssl=1&resize=350%2C200 1x, https:\/\/i0.wp.com\/lahoradelcampo.com.uy\/site\/wp-content\/uploads\/2022\/08\/MGAP-cuencas.jpg?fit=880%2C440&ssl=1&resize=525%2C300 1.5x, https:\/\/i0.wp.com\/lahoradelcampo.com.uy\/site\/wp-content\/uploads\/2022\/08\/MGAP-cuencas.jpg?fit=880%2C440&ssl=1&resize=700%2C400 2x"},"classes":[]}],"jetpack_likes_enabled":true,"_links":{"self":[{"href":"https:\/\/lahoradelcampo.com.uy\/site\/wp-json\/wp\/v2\/posts\/24114","targetHints":{"allow":["GET"]}}],"collection":[{"href":"https:\/\/lahoradelcampo.com.uy\/site\/wp-json\/wp\/v2\/posts"}],"about":[{"href":"https:\/\/lahoradelcampo.com.uy\/site\/wp-json\/wp\/v2\/types\/post"}],"author":[{"embeddable":true,"href":"https:\/\/lahoradelcampo.com.uy\/site\/wp-json\/wp\/v2\/users\/5"}],"replies":[{"embeddable":true,"href":"https:\/\/lahoradelcampo.com.uy\/site\/wp-json\/wp\/v2\/comments?post=24114"}],"version-history":[{"count":1,"href":"https:\/\/lahoradelcampo.com.uy\/site\/wp-json\/wp\/v2\/posts\/24114\/revisions"}],"predecessor-version":[{"id":24118,"href":"https:\/\/lahoradelcampo.com.uy\/site\/wp-json\/wp\/v2\/posts\/24114\/revisions\/24118"}],"wp:featuredmedia":[{"embeddable":true,"href":"https:\/\/lahoradelcampo.com.uy\/site\/wp-json\/wp\/v2\/media\/24116"}],"wp:attachment":[{"href":"https:\/\/lahoradelcampo.com.uy\/site\/wp-json\/wp\/v2\/media?parent=24114"}],"wp:term":[{"taxonomy":"category","embeddable":true,"href":"https:\/\/lahoradelcampo.com.uy\/site\/wp-json\/wp\/v2\/categories?post=24114"},{"taxonomy":"post_tag","embeddable":true,"href":"https:\/\/lahoradelcampo.com.uy\/site\/wp-json\/wp\/v2\/tags?post=24114"}],"curies":[{"name":"wp","href":"https:\/\/api.w.org\/{rel}","templated":true}]}}