{"id":24110,"date":"2020-09-29T07:07:09","date_gmt":"2020-09-29T10:07:09","guid":{"rendered":"http:\/\/lahoradelcampo.com.uy\/site\/?p=24110"},"modified":"2020-09-29T07:07:22","modified_gmt":"2020-09-29T10:07:22","slug":"la-demanda-presiona-los-valores-a-la-baja-ante-una-mayor-oferta-del-gordo","status":"publish","type":"post","link":"https:\/\/lahoradelcampo.com.uy\/site\/la-demanda-presiona-los-valores-a-la-baja-ante-una-mayor-oferta-del-gordo\/","title":{"rendered":"La demanda presiona  los valores a la baja ante una mayor oferta del gordo"},"content":{"rendered":"\n<figure class=\"wp-block-image\"><img data-recalc-dims=\"1\" loading=\"lazy\" decoding=\"async\" width=\"810\" height=\"405\" data-attachment-id=\"22562\" data-permalink=\"https:\/\/lahoradelcampo.com.uy\/site\/el-sorgo-forrajero-en-la-recria-y-el-engorde-de-novillos-en-el-verano\/novillossorgo\/\" data-orig-file=\"https:\/\/i0.wp.com\/lahoradelcampo.com.uy\/site\/wp-content\/uploads\/2020\/08\/Novillossorgo.jpg?fit=880%2C440&amp;ssl=1\" data-orig-size=\"880,440\" data-comments-opened=\"1\" data-image-meta=\"{&quot;aperture&quot;:&quot;0&quot;,&quot;credit&quot;:&quot;&quot;,&quot;camera&quot;:&quot;&quot;,&quot;caption&quot;:&quot;&quot;,&quot;created_timestamp&quot;:&quot;0&quot;,&quot;copyright&quot;:&quot;&quot;,&quot;focal_length&quot;:&quot;0&quot;,&quot;iso&quot;:&quot;0&quot;,&quot;shutter_speed&quot;:&quot;0&quot;,&quot;title&quot;:&quot;&quot;,&quot;orientation&quot;:&quot;1&quot;}\" data-image-title=\"Novillossorgo\" data-image-description=\"\" data-image-caption=\"\" data-large-file=\"https:\/\/i0.wp.com\/lahoradelcampo.com.uy\/site\/wp-content\/uploads\/2020\/08\/Novillossorgo.jpg?fit=810%2C405&amp;ssl=1\" src=\"https:\/\/i0.wp.com\/lahoradelcampo.com.uy\/site\/wp-content\/uploads\/2020\/08\/Novillossorgo.jpg?resize=810%2C405\" alt=\"\" class=\"wp-image-22562\" srcset=\"https:\/\/i0.wp.com\/lahoradelcampo.com.uy\/site\/wp-content\/uploads\/2020\/08\/Novillossorgo.jpg?w=880&amp;ssl=1 880w, https:\/\/i0.wp.com\/lahoradelcampo.com.uy\/site\/wp-content\/uploads\/2020\/08\/Novillossorgo.jpg?resize=300%2C150&amp;ssl=1 300w, https:\/\/i0.wp.com\/lahoradelcampo.com.uy\/site\/wp-content\/uploads\/2020\/08\/Novillossorgo.jpg?resize=768%2C384&amp;ssl=1 768w, https:\/\/i0.wp.com\/lahoradelcampo.com.uy\/site\/wp-content\/uploads\/2020\/08\/Novillossorgo.jpg?resize=820%2C410&amp;ssl=1 820w\" sizes=\"auto, (max-width: 810px) 100vw, 810px\" \/><\/figure>\n\n\n\n<p>Durante la \u00faltima semana la faena vacuna en el pa\u00eds se acerc\u00f3 a las 36.896 cabezas, un 6% m\u00e1s que en la semana anterior, pero en lo que va del 2020 se mantiene un 18% por debajo del a\u00f1o pasado. En la composici\u00f3n de la misma se observ\u00f3 un incremento en la oferta de novillos y una categor\u00eda de vacas que luego de tres semanas consecutivas de subas, disminuy\u00f3. <br><\/p>\n\n\n\n<p>Los novillos sumaron 17.135 cabezas, un 19% que la semana pasada, mientras que las vacas cayeron un 5% y se posicionaron en las 15.170 cabezas. Por su parte las vaquillonas sumaron 4.789 cabezas, sin cambio pr\u00e1cticamente respecto a la semana previa. <br><\/p>\n\n\n\n<p>Casi al cierre de setiembre se faenaron 132.666 cabezas, 12% menos que el mismo mes del a\u00f1o pasado. El mayor ajuste se registr\u00f3 en las categor\u00edas de vaquillonas y novillos, mientras que las vacas subieron levemente. <br><\/p>\n\n\n\n<p>Con el aumento de la oferta, la industria presiona a la baja en los valores del mercado del gordo y se ampl\u00eda la disparidad entre las plantas, tanto de precios como de entradas. <br><\/p>\n\n\n\n<p>Por novillos gordos los negocios se concretan en US$ 3,30 en cuarta balanza, m\u00e1s menos. Ya la referencia de los US$ 3,40 es cada vez m\u00e1s dificultoso para alcanzar y si bien se ofrece US$ 3,20 en algunas plantas, los negocios se concretan por encima de esa referencia porque el productor no est\u00e1 dispuesto a convalidar ese nueva baja. <br><\/p>\n\n\n\n<p>La vaca gorda, contin\u00faa teniendo preferencia por parte de la industria con una mayor fluidez en los negocios y frigor\u00edficos que proponen referencias de precios que van desde los US$ 3,00 hasta los US$ 3,15 por vacas excepcionales. Por su parte la vaquillona especial de punta alcanza los US$ 3,35 con una demanda sostenida hacia el mercado interno muy similar a la del novillo gordo. <br><\/p>\n\n\n\n<p>En la planilla semanal de consignatarios tambi\u00e9n se ajustan los precios esta semana con el novillo especial de exportaci\u00f3n en US$ 3,36 y el de abasto en US$ 3,34. Las mejores vacas se ubican en US$ 3,16, mientras que las vaquillonas se mantuvieron en US$ 3,30. El comentario de la reuni\u00f3n fue: \u00abCon aumento de faena, leve ajuste en los valores. Preferencia por vaca y ganado de abasto\u00bb.<br><\/p>\n\n\n\n<p>Ovinos<br><\/p>\n\n\n\n<p>En los ovinos la faena tambi\u00e9n se increment\u00f3, como es tradicional en esta \u00e9poca. alcanzando las 31.991 cabezas, un 44% por encima de la semana previa y un 25% m\u00e1s que la misma semana del a\u00f1o pasado. En el acumulado de 2020, la faena es un 80% superior de acuerdo a los datos del Instituto Nacional de Carnes. <br><\/p>\n\n\n\n<p>La semana pasada los corderos tuvieron una participaci\u00f3n del 63% sobre el total faenado con 20.178 cabezas, en tanto que los capones un 25%, y las ovejas un 7%.<br><\/p>\n\n\n\n<p>En la especie la oferta es moderada, seg\u00fan los consignatarios, con una industria que absorbe todo lo que aparece. El mercado est\u00e1 fluido, din\u00e1mico y con precios firmes, con China como principal comprador para la carne ovina mientras Brasil sigue retra\u00eddo. <br><\/p>\n\n\n\n<p>El cordero liviano subi\u00f3 un centavo a US$ 3,42, el cordero pesado se mantuvo en US$ 3,47, los borregos se mantuvieron en US$ 3,47, los capones subieron dos centavos a US$ 3,08 y las ovejas a US$ 3,03.<\/p>\n\n\n\n<p style=\"text-align:right\"><strong>Salto, 29 de setiembre de 2020<\/strong><\/p>\n","protected":false},"excerpt":{"rendered":"<p>Durante la \u00faltima semana la faena vacuna en el pa\u00eds se acerc\u00f3 a las 36.896 cabezas, un 6% m\u00e1s que en la semana anterior, pero en lo que va del [&hellip;]<\/p>\n","protected":false},"author":5,"featured_media":22562,"comment_status":"open","ping_status":"open","sticky":false,"template":"","format":"standard","meta":{"_price":"","_stock":"","_tribe_ticket_header":"","_tribe_default_ticket_provider":"","_tribe_ticket_capacity":"0","_ticket_start_date":"","_ticket_end_date":"","_tribe_ticket_show_description":"","_tribe_ticket_show_not_going":false,"_tribe_ticket_use_global_stock":"","_tribe_ticket_global_stock_level":"","_global_stock_mode":"","_global_stock_cap":"","_tribe_rsvp_for_event":"","_tribe_ticket_going_count":"","_tribe_ticket_not_going_count":"","_tribe_tickets_list":"[]","_tribe_ticket_has_attendee_info_fields":false,"h5ap_radio_sources":[],"_jetpack_newsletter_access":"","_jetpack_dont_email_post_to_subs":false,"_jetpack_newsletter_tier_id":0,"_jetpack_memberships_contains_paywalled_content":false,"_jetpack_memberships_contains_paid_content":false,"footnotes":""},"categories":[21,5],"tags":[],"class_list":["post-24110","post","type-post","status-publish","format-standard","has-post-thumbnail","hentry","category-actualidad","category-ganaderia"],"jetpack_featured_media_url":"https:\/\/i0.wp.com\/lahoradelcampo.com.uy\/site\/wp-content\/uploads\/2020\/08\/Novillossorgo.jpg?fit=880%2C440&ssl=1","jetpack_sharing_enabled":true,"jetpack_shortlink":"https:\/\/wp.me\/p99IaT-6gS","jetpack-related-posts":[{"id":4839,"url":"https:\/\/lahoradelcampo.com.uy\/site\/la-industria-registro-la-faena-mas-alta-desde-2010\/","url_meta":{"origin":24110,"position":0},"title":"La industria registr\u00f3 la faena m\u00e1s alta desde 2010","author":"La Hora del Campo","date":"12 diciembre, 2017","format":false,"excerpt":"Luego de una semana sin paro en la actividad industrial la faena alcanzo las 56.556 cabezas de vacunos, la m\u00e1s alta desde la tercera semana de diciembre de 2010. Si bien el mayor crecimiento se registr\u00f3 en la categor\u00eda de novillos, al igual que la semana anterior fue la categor\u00eda\u2026","rel":"","context":"En \u00abActualidad\u00bb","block_context":{"text":"Actualidad","link":"https:\/\/lahoradelcampo.com.uy\/site\/category\/actualidad\/"},"img":{"alt_text":"","src":"https:\/\/i0.wp.com\/lahoradelcampo.com.uy\/site\/wp-content\/uploads\/2017\/12\/Faena.jpg?fit=880%2C440&ssl=1&resize=350%2C200","width":350,"height":200,"srcset":"https:\/\/i0.wp.com\/lahoradelcampo.com.uy\/site\/wp-content\/uploads\/2017\/12\/Faena.jpg?fit=880%2C440&ssl=1&resize=350%2C200 1x, https:\/\/i0.wp.com\/lahoradelcampo.com.uy\/site\/wp-content\/uploads\/2017\/12\/Faena.jpg?fit=880%2C440&ssl=1&resize=525%2C300 1.5x, https:\/\/i0.wp.com\/lahoradelcampo.com.uy\/site\/wp-content\/uploads\/2017\/12\/Faena.jpg?fit=880%2C440&ssl=1&resize=700%2C400 2x"},"classes":[]},{"id":41177,"url":"https:\/\/lahoradelcampo.com.uy\/site\/luego-de-la-semana-de-turismo-la-faena-volvio-a-superar-las-50-000-cabezas\/","url_meta":{"origin":24110,"position":1},"title":"Luego de la semana de turismo, la faena volvi\u00f3 a superar las 50.000 cabezas","author":"La Hora del Campo","date":"26 abril, 2022","format":false,"excerpt":"La faena vacuna en la semana del 17 al 23 de abril volvi\u00f3 posicionarse por encima de las 50.000 cabezas, tras dejar atr\u00e1s los bajos vol\u00famenes procesados durante la semana de turismo, debido a la menor actividad por los feriados. De acuerdo a los datos publicados por el Instituto Nacional\u2026","rel":"","context":"En \u00abActualidad\u00bb","block_context":{"text":"Actualidad","link":"https:\/\/lahoradelcampo.com.uy\/site\/category\/actualidad\/"},"img":{"alt_text":"","src":"https:\/\/i0.wp.com\/lahoradelcampo.com.uy\/site\/wp-content\/uploads\/2022\/04\/INAC-Faenavacuna.jpg?fit=880%2C440&ssl=1&resize=350%2C200","width":350,"height":200,"srcset":"https:\/\/i0.wp.com\/lahoradelcampo.com.uy\/site\/wp-content\/uploads\/2022\/04\/INAC-Faenavacuna.jpg?fit=880%2C440&ssl=1&resize=350%2C200 1x, https:\/\/i0.wp.com\/lahoradelcampo.com.uy\/site\/wp-content\/uploads\/2022\/04\/INAC-Faenavacuna.jpg?fit=880%2C440&ssl=1&resize=525%2C300 1.5x, https:\/\/i0.wp.com\/lahoradelcampo.com.uy\/site\/wp-content\/uploads\/2022\/04\/INAC-Faenavacuna.jpg?fit=880%2C440&ssl=1&resize=700%2C400 2x"},"classes":[]},{"id":16056,"url":"https:\/\/lahoradelcampo.com.uy\/site\/faena-vacuna-sigue-creciendo-y-supero-las-46-000-cabezas\/","url_meta":{"origin":24110,"position":2},"title":"Faena vacuna sigue creciendo y super\u00f3 las 46.000 cabezas","author":"La Hora del Campo","date":"27 noviembre, 2019","format":false,"excerpt":"La faena vacuna contin\u00faa creciendo, con los ganados de corral impuls\u00e1ndola ante la escasa de oferta de ganado de campo, que si bien va apareciendo a\u00fan lo hace sin alcanzar los requerimientos de la industria, lo que ha hecho que los precios se sigan manteniendo en el mercado interno. En\u2026","rel":"","context":"En \u00abActualidad\u00bb","block_context":{"text":"Actualidad","link":"https:\/\/lahoradelcampo.com.uy\/site\/category\/actualidad\/"},"img":{"alt_text":"","src":"https:\/\/i0.wp.com\/lahoradelcampo.com.uy\/site\/wp-content\/uploads\/2017\/11\/Faena.jpg?fit=880%2C440&ssl=1&resize=350%2C200","width":350,"height":200,"srcset":"https:\/\/i0.wp.com\/lahoradelcampo.com.uy\/site\/wp-content\/uploads\/2017\/11\/Faena.jpg?fit=880%2C440&ssl=1&resize=350%2C200 1x, https:\/\/i0.wp.com\/lahoradelcampo.com.uy\/site\/wp-content\/uploads\/2017\/11\/Faena.jpg?fit=880%2C440&ssl=1&resize=525%2C300 1.5x, https:\/\/i0.wp.com\/lahoradelcampo.com.uy\/site\/wp-content\/uploads\/2017\/11\/Faena.jpg?fit=880%2C440&ssl=1&resize=700%2C400 2x"},"classes":[]},{"id":36847,"url":"https:\/\/lahoradelcampo.com.uy\/site\/faena-vacuna-se-acerco-nuevamente-a-las-60-000-cabezas-semanales\/","url_meta":{"origin":24110,"position":3},"title":"Faena vacuna se acerc\u00f3 nuevamente a las 60.000 cabezas semanales","author":"La Hora del Campo","date":"23 noviembre, 2021","format":false,"excerpt":"Luego de una semana donde se tuvieron tres d\u00edas de medidas sindicales, donde la faena cay\u00f3 a las 45.346 cabezas, la actividad industrial volvi\u00f3 a crecer fuertemente en la pasada semana cerrada el 20 de noviembre, volviendo a acercarse a las 60.000 cabezas. De acuerdo a los datos del Instituto\u2026","rel":"","context":"En \u00abActualidad\u00bb","block_context":{"text":"Actualidad","link":"https:\/\/lahoradelcampo.com.uy\/site\/category\/actualidad\/"},"img":{"alt_text":"","src":"https:\/\/i0.wp.com\/lahoradelcampo.com.uy\/site\/wp-content\/uploads\/2017\/12\/Faena-1.jpg?fit=880%2C440&ssl=1&resize=350%2C200","width":350,"height":200,"srcset":"https:\/\/i0.wp.com\/lahoradelcampo.com.uy\/site\/wp-content\/uploads\/2017\/12\/Faena-1.jpg?fit=880%2C440&ssl=1&resize=350%2C200 1x, https:\/\/i0.wp.com\/lahoradelcampo.com.uy\/site\/wp-content\/uploads\/2017\/12\/Faena-1.jpg?fit=880%2C440&ssl=1&resize=525%2C300 1.5x, https:\/\/i0.wp.com\/lahoradelcampo.com.uy\/site\/wp-content\/uploads\/2017\/12\/Faena-1.jpg?fit=880%2C440&ssl=1&resize=700%2C400 2x"},"classes":[]},{"id":52965,"url":"https:\/\/lahoradelcampo.com.uy\/site\/record-en-2023-mas-de-54000-vacunos-faenados-en-la-semana\/","url_meta":{"origin":24110,"position":4},"title":"R\u00e9cord en 2023: M\u00e1s de 54,000 vacunos faenados en la semana","author":"La Hora del Campo","date":"31 octubre, 2023","format":false,"excerpt":"La actividad de la industria frigor\u00edfica alcanz\u00f3 un nivel hist\u00f3rico en la \u00faltima semana de octubre, con una faena de 54.497 vacunos, la m\u00e1s alta del a\u00f1o 2023 y la mayor desde mayo de 2022. Este resultado se explica por el aumento de la oferta de novillos de corral y\u2026","rel":"","context":"En \u00abActualidad\u00bb","block_context":{"text":"Actualidad","link":"https:\/\/lahoradelcampo.com.uy\/site\/category\/actualidad\/"},"img":{"alt_text":"","src":"https:\/\/i0.wp.com\/lahoradelcampo.com.uy\/site\/wp-content\/uploads\/2023\/10\/faena-vacuna12.jpg?fit=880%2C440&ssl=1&resize=350%2C200","width":350,"height":200,"srcset":"https:\/\/i0.wp.com\/lahoradelcampo.com.uy\/site\/wp-content\/uploads\/2023\/10\/faena-vacuna12.jpg?fit=880%2C440&ssl=1&resize=350%2C200 1x, https:\/\/i0.wp.com\/lahoradelcampo.com.uy\/site\/wp-content\/uploads\/2023\/10\/faena-vacuna12.jpg?fit=880%2C440&ssl=1&resize=525%2C300 1.5x, https:\/\/i0.wp.com\/lahoradelcampo.com.uy\/site\/wp-content\/uploads\/2023\/10\/faena-vacuna12.jpg?fit=880%2C440&ssl=1&resize=700%2C400 2x"},"classes":[]},{"id":14487,"url":"https:\/\/lahoradelcampo.com.uy\/site\/la-faena-vacuna-cayo-de-las-40-000-cabezas-semanales\/","url_meta":{"origin":24110,"position":5},"title":"La faena vacuna cay\u00f3 de las 40.000 cabezas semanales","author":"La Hora del Campo","date":"24 septiembre, 2019","format":false,"excerpt":"La faena semana ajust\u00f3 esta semana y se posicion\u00f3 en las 39.688 cabezas, levemente por debajo de las 40.000 reses semanales, cortando as\u00ed un per\u00edodo de cinco semanas consecutivas por encima de ese guarismo. Claro est\u00e1 que durante ese per\u00edodo anterior la faena estuvo con una alta participaci\u00f3n de ganados\u2026","rel":"","context":"En \u00abActualidad\u00bb","block_context":{"text":"Actualidad","link":"https:\/\/lahoradelcampo.com.uy\/site\/category\/actualidad\/"},"img":{"alt_text":"","src":"https:\/\/i0.wp.com\/lahoradelcampo.com.uy\/site\/wp-content\/uploads\/2017\/12\/Faena.jpg?fit=880%2C440&ssl=1&resize=350%2C200","width":350,"height":200,"srcset":"https:\/\/i0.wp.com\/lahoradelcampo.com.uy\/site\/wp-content\/uploads\/2017\/12\/Faena.jpg?fit=880%2C440&ssl=1&resize=350%2C200 1x, https:\/\/i0.wp.com\/lahoradelcampo.com.uy\/site\/wp-content\/uploads\/2017\/12\/Faena.jpg?fit=880%2C440&ssl=1&resize=525%2C300 1.5x, https:\/\/i0.wp.com\/lahoradelcampo.com.uy\/site\/wp-content\/uploads\/2017\/12\/Faena.jpg?fit=880%2C440&ssl=1&resize=700%2C400 2x"},"classes":[]}],"jetpack_likes_enabled":true,"_links":{"self":[{"href":"https:\/\/lahoradelcampo.com.uy\/site\/wp-json\/wp\/v2\/posts\/24110","targetHints":{"allow":["GET"]}}],"collection":[{"href":"https:\/\/lahoradelcampo.com.uy\/site\/wp-json\/wp\/v2\/posts"}],"about":[{"href":"https:\/\/lahoradelcampo.com.uy\/site\/wp-json\/wp\/v2\/types\/post"}],"author":[{"embeddable":true,"href":"https:\/\/lahoradelcampo.com.uy\/site\/wp-json\/wp\/v2\/users\/5"}],"replies":[{"embeddable":true,"href":"https:\/\/lahoradelcampo.com.uy\/site\/wp-json\/wp\/v2\/comments?post=24110"}],"version-history":[{"count":1,"href":"https:\/\/lahoradelcampo.com.uy\/site\/wp-json\/wp\/v2\/posts\/24110\/revisions"}],"predecessor-version":[{"id":24112,"href":"https:\/\/lahoradelcampo.com.uy\/site\/wp-json\/wp\/v2\/posts\/24110\/revisions\/24112"}],"wp:featuredmedia":[{"embeddable":true,"href":"https:\/\/lahoradelcampo.com.uy\/site\/wp-json\/wp\/v2\/media\/22562"}],"wp:attachment":[{"href":"https:\/\/lahoradelcampo.com.uy\/site\/wp-json\/wp\/v2\/media?parent=24110"}],"wp:term":[{"taxonomy":"category","embeddable":true,"href":"https:\/\/lahoradelcampo.com.uy\/site\/wp-json\/wp\/v2\/categories?post=24110"},{"taxonomy":"post_tag","embeddable":true,"href":"https:\/\/lahoradelcampo.com.uy\/site\/wp-json\/wp\/v2\/tags?post=24110"}],"curies":[{"name":"wp","href":"https:\/\/api.w.org\/{rel}","templated":true}]}}