{"id":24104,"date":"2020-09-28T09:56:57","date_gmt":"2020-09-28T12:56:57","guid":{"rendered":"http:\/\/lahoradelcampo.com.uy\/site\/?p=24104"},"modified":"2020-09-28T09:57:13","modified_gmt":"2020-09-28T12:57:13","slug":"historica-participacion-de-los-criollos-uruguayos-en-el-freno-de-oro","status":"publish","type":"post","link":"https:\/\/lahoradelcampo.com.uy\/site\/historica-participacion-de-los-criollos-uruguayos-en-el-freno-de-oro\/","title":{"rendered":"Hist\u00f3rica participaci\u00f3n de los criollos uruguayos en el Freno de Oro"},"content":{"rendered":"\n<figure class=\"wp-block-image\"><img data-recalc-dims=\"1\" loading=\"lazy\" decoding=\"async\" width=\"810\" height=\"405\" data-attachment-id=\"22008\" data-permalink=\"https:\/\/lahoradelcampo.com.uy\/site\/criollistas-reactivan-sus-actividades-con-el-freno-de-oro\/frenoweb\/\" data-orig-file=\"https:\/\/i0.wp.com\/lahoradelcampo.com.uy\/site\/wp-content\/uploads\/2020\/07\/frenoweb.jpg?fit=880%2C440&amp;ssl=1\" data-orig-size=\"880,440\" data-comments-opened=\"1\" data-image-meta=\"{&quot;aperture&quot;:&quot;0&quot;,&quot;credit&quot;:&quot;&quot;,&quot;camera&quot;:&quot;&quot;,&quot;caption&quot;:&quot;&quot;,&quot;created_timestamp&quot;:&quot;0&quot;,&quot;copyright&quot;:&quot;&quot;,&quot;focal_length&quot;:&quot;0&quot;,&quot;iso&quot;:&quot;0&quot;,&quot;shutter_speed&quot;:&quot;0&quot;,&quot;title&quot;:&quot;&quot;,&quot;orientation&quot;:&quot;1&quot;}\" data-image-title=\"frenoweb\" data-image-description=\"\" data-image-caption=\"\" data-large-file=\"https:\/\/i0.wp.com\/lahoradelcampo.com.uy\/site\/wp-content\/uploads\/2020\/07\/frenoweb.jpg?fit=810%2C405&amp;ssl=1\" src=\"https:\/\/i0.wp.com\/lahoradelcampo.com.uy\/site\/wp-content\/uploads\/2020\/07\/frenoweb.jpg?resize=810%2C405\" alt=\"\" class=\"wp-image-22008\" srcset=\"https:\/\/i0.wp.com\/lahoradelcampo.com.uy\/site\/wp-content\/uploads\/2020\/07\/frenoweb.jpg?w=880&amp;ssl=1 880w, https:\/\/i0.wp.com\/lahoradelcampo.com.uy\/site\/wp-content\/uploads\/2020\/07\/frenoweb.jpg?resize=300%2C150&amp;ssl=1 300w, https:\/\/i0.wp.com\/lahoradelcampo.com.uy\/site\/wp-content\/uploads\/2020\/07\/frenoweb.jpg?resize=768%2C384&amp;ssl=1 768w, https:\/\/i0.wp.com\/lahoradelcampo.com.uy\/site\/wp-content\/uploads\/2020\/07\/frenoweb.jpg?resize=820%2C410&amp;ssl=1 820w\" sizes=\"auto, (max-width: 810px) 100vw, 810px\" \/><\/figure>\n\n\n\n<p>Este domingo cerr\u00f3 la 39a edici\u00f3n del Freno de Oro en el parque de exposiciones Assis Brasil, en Esteio. En un a\u00f1o muy especial por la situaci\u00f3n generada por la pandemia d\u00f3nde el evento se realiz\u00f3 sin p\u00fablico y transmitido a trav\u00e9s de internet.<br><\/p>\n\n\n\n<p>En una etapa del domingo donde clasificaron las 14 mejores yeguas e igual cantidad de machos, los cuatro ejemplares representantes de Uruguay clasificaron hacia la final, que dej\u00f3 a nuestro pa\u00eds en lo m\u00e1s alto del campeonato de machos y en el podio de las hembras.<br><\/p>\n\n\n\n<p>En machos, Colibr\u00ed Matrero de caba\u00f1a La Pac\u00edfica, comenz\u00f3 con la mejor nota en morfolog\u00eda y mantuvo la puntera durante toda la competencia finalizando con la obtenci\u00f3n del Freno de Oro en la jornada de ayer.<\/p>\n\n\n\n<p>El tostado oscuro obtuvo el Freno de Oro Ficcc en 2018 y el Freno de Bronce en Esteio ese mismo a\u00f1o. Tambi\u00e9n fue el 3er Mejor Macho en la Expo Prado 2016. Colibr\u00ed Matrero es hijo de Del Oeste Acierto y Colibr\u00ed Matrera. Para esta oportunidad el caballo fue preparado y clasific\u00f3 en Brasil con la monta de Gabriel Viola Marty.<br><\/p>\n\n\n\n<p>En hembras los binomios alcanzaron el Freno de Bronce y de Alpaca, pero adem\u00e1s se coloc\u00f3 la otra yegua en el s\u00e9ptimo lugar, obteniendo en las pruebas funcionales las mejores calificaciones de la competencia.<br><\/p>\n\n\n\n<p>Poral Santa Rita, la ganadora en la final realizada en Salto, de caba\u00f1a Don Poro de Campiotti, clasific\u00f3 el s\u00e1bado en el octavo lugar y finaliz\u00f3 el domingo en el s\u00e9ptimo lugar con la monta de Juan Pablo Gonzalez, quien adem\u00e1s clasific\u00f3 a Poral Calandr\u00eda II, en el 14\u00ba lugar el d\u00eda s\u00e1bado luego de una descollante actuaci\u00f3n en las pruebas funcionales y finaliz\u00f3 el domingo con el Freno de Alpaca.<br><\/p>\n\n\n\n<p>El Freno de Bronce fue obtenido por Jaguel Nueve Lunas de Gren Belt, con la monta de Claudio Dos Santos Fagundez.<\/p>\n\n\n\n<p style=\"text-align:right\"><strong>Salto, 28 de setiembre de 2020<\/strong><\/p>\n","protected":false},"excerpt":{"rendered":"<p>Este domingo cerr\u00f3 la 39a edici\u00f3n del Freno de Oro en el parque de exposiciones Assis Brasil, en Esteio. En un a\u00f1o muy especial por la situaci\u00f3n generada por la [&hellip;]<\/p>\n","protected":false},"author":5,"featured_media":22008,"comment_status":"open","ping_status":"open","sticky":false,"template":"","format":"standard","meta":{"_price":"","_stock":"","_tribe_ticket_header":"","_tribe_default_ticket_provider":"","_tribe_ticket_capacity":"0","_ticket_start_date":"","_ticket_end_date":"","_tribe_ticket_show_description":"","_tribe_ticket_show_not_going":false,"_tribe_ticket_use_global_stock":"","_tribe_ticket_global_stock_level":"","_global_stock_mode":"","_global_stock_cap":"","_tribe_rsvp_for_event":"","_tribe_ticket_going_count":"","_tribe_ticket_not_going_count":"","_tribe_tickets_list":"[]","_tribe_ticket_has_attendee_info_fields":false,"h5ap_radio_sources":[],"_jetpack_newsletter_access":"","_jetpack_dont_email_post_to_subs":false,"_jetpack_newsletter_tier_id":0,"_jetpack_memberships_contains_paywalled_content":false,"_jetpack_memberships_contains_paid_content":false,"footnotes":""},"categories":[21,23],"tags":[],"class_list":["post-24104","post","type-post","status-publish","format-standard","has-post-thumbnail","hentry","category-actualidad","category-equinos"],"jetpack_featured_media_url":"https:\/\/i0.wp.com\/lahoradelcampo.com.uy\/site\/wp-content\/uploads\/2020\/07\/frenoweb.jpg?fit=880%2C440&ssl=1","jetpack_sharing_enabled":true,"jetpack_shortlink":"https:\/\/wp.me\/p99IaT-6gM","jetpack-related-posts":[{"id":7115,"url":"https:\/\/lahoradelcampo.com.uy\/site\/el-lunes-comienza-la-expo-ficcc-2018-en-esteio-brasil\/","url_meta":{"origin":24104,"position":0},"title":"El lunes comienza la Expo  FICCC 2018 en Esteio, Brasil","author":"La Hora del Campo","date":"12 mayo, 2018","format":false,"excerpt":"El lunes comienza en el Parque de Exposiciones Assis Brasil, en Esteio, la d\u00e9cima quinta edici\u00f3n de la Expo Ficcc y se extender\u00e1 hasta el 20 de mayo. La muestra es un evento internacional que se realiza cada tres a\u00f1os de forma itinerante en los pa\u00edses integrantes de la Federaci\u00f3n\u2026","rel":"","context":"En \u00abActualidad\u00bb","block_context":{"text":"Actualidad","link":"https:\/\/lahoradelcampo.com.uy\/site\/category\/actualidad\/"},"img":{"alt_text":"","src":"https:\/\/i0.wp.com\/lahoradelcampo.com.uy\/site\/wp-content\/uploads\/2018\/05\/Ficcc.jpg?fit=880%2C440&ssl=1&resize=350%2C200","width":350,"height":200,"srcset":"https:\/\/i0.wp.com\/lahoradelcampo.com.uy\/site\/wp-content\/uploads\/2018\/05\/Ficcc.jpg?fit=880%2C440&ssl=1&resize=350%2C200 1x, https:\/\/i0.wp.com\/lahoradelcampo.com.uy\/site\/wp-content\/uploads\/2018\/05\/Ficcc.jpg?fit=880%2C440&ssl=1&resize=525%2C300 1.5x, https:\/\/i0.wp.com\/lahoradelcampo.com.uy\/site\/wp-content\/uploads\/2018\/05\/Ficcc.jpg?fit=880%2C440&ssl=1&resize=700%2C400 2x"},"classes":[]},{"id":605,"url":"https:\/\/lahoradelcampo.com.uy\/site\/expo-ficcc-2018\/","url_meta":{"origin":24104,"position":1},"title":"Expo FICCC 2018","author":"La Hora del Campo","date":"8 septiembre, 2017","format":false,"excerpt":"La Sociedad de Criadores de Caballos Criollos del Uruguay ya prepara para la pr\u00f3xima exposici\u00f3n de la Federaci\u00f3n Internacional de Criadores de Caballos Criollos, que se desarrollar\u00e1 en Esteio, Brasil, conjuntamente con la Clasificatoria Abierta del Freno de Oro, entre el 14 y 20 de mayo de 2018. PROGRAMA Entrada\u2026","rel":"","context":"En \u00abEquinos\u00bb","block_context":{"text":"Equinos","link":"https:\/\/lahoradelcampo.com.uy\/site\/category\/equinos\/"},"img":{"alt_text":"","src":"https:\/\/i0.wp.com\/lahoradelcampo.com.uy\/site\/wp-content\/uploads\/2017\/09\/caballos-criollos-san-fermin-fermin-cautiva-en-crioulos-de-punta-2.jpg?fit=1024%2C681&ssl=1&resize=350%2C200","width":350,"height":200,"srcset":"https:\/\/i0.wp.com\/lahoradelcampo.com.uy\/site\/wp-content\/uploads\/2017\/09\/caballos-criollos-san-fermin-fermin-cautiva-en-crioulos-de-punta-2.jpg?fit=1024%2C681&ssl=1&resize=350%2C200 1x, https:\/\/i0.wp.com\/lahoradelcampo.com.uy\/site\/wp-content\/uploads\/2017\/09\/caballos-criollos-san-fermin-fermin-cautiva-en-crioulos-de-punta-2.jpg?fit=1024%2C681&ssl=1&resize=525%2C300 1.5x, https:\/\/i0.wp.com\/lahoradelcampo.com.uy\/site\/wp-content\/uploads\/2017\/09\/caballos-criollos-san-fermin-fermin-cautiva-en-crioulos-de-punta-2.jpg?fit=1024%2C681&ssl=1&resize=700%2C400 2x"},"classes":[]},{"id":22378,"url":"https:\/\/lahoradelcampo.com.uy\/site\/gs-butia-de-san-pedro-paso-a-la-historia-como-el-primer-criollo-salteno-clasificado-al-freno-de-oro\/","url_meta":{"origin":24104,"position":2},"title":"GS Buti\u00e1 de San Pedro pas\u00f3 a la historia como el primer criollo salte\u00f1o clasificado al Freno de Oro","author":"La Hora del Campo","date":"4 agosto, 2020","format":false,"excerpt":"El pasado fin de semana se desarroll\u00f3 en el local de la Asociaci\u00f3n Agropecuaria de Salto, la Clasificatoria 2020 para el Freno de Oro en Esteio, Brasil. En esta oportunidad y clasificaron cinco binomios hacia dicho evento, cuatro yeguas, un padrillo y tres jinetes. Dos grandes destaques dej\u00f3 la prueba,\u2026","rel":"","context":"En \u00abActualidad\u00bb","block_context":{"text":"Actualidad","link":"https:\/\/lahoradelcampo.com.uy\/site\/category\/actualidad\/"},"img":{"alt_text":"","src":"https:\/\/i0.wp.com\/lahoradelcampo.com.uy\/site\/wp-content\/uploads\/2020\/08\/padrilloweb.jpg?fit=880%2C440&ssl=1&resize=350%2C200","width":350,"height":200,"srcset":"https:\/\/i0.wp.com\/lahoradelcampo.com.uy\/site\/wp-content\/uploads\/2020\/08\/padrilloweb.jpg?fit=880%2C440&ssl=1&resize=350%2C200 1x, https:\/\/i0.wp.com\/lahoradelcampo.com.uy\/site\/wp-content\/uploads\/2020\/08\/padrilloweb.jpg?fit=880%2C440&ssl=1&resize=525%2C300 1.5x, https:\/\/i0.wp.com\/lahoradelcampo.com.uy\/site\/wp-content\/uploads\/2020\/08\/padrilloweb.jpg?fit=880%2C440&ssl=1&resize=700%2C400 2x"},"classes":[]},{"id":32154,"url":"https:\/\/lahoradelcampo.com.uy\/site\/comenzaron-las-pruebas-de-criollos-de-la-expo-otono-en-salto\/","url_meta":{"origin":24104,"position":3},"title":"Comenzaron las pruebas de Criollos de la Expo Oto\u00f1o en Salto","author":"La Hora del Campo","date":"16 julio, 2021","format":false,"excerpt":"Ayer comenz\u00f3 a desarrollarse la Expo Oto\u00f1o en Salto, con la prueba de Morfolog\u00eda para el Freno de Oro, en tanto que durante la jornada de hoy y hasta el domingo las pruebas continuaran definiendo los principales binomios que clasificaran a la final en la Expointer en Brasil, as\u00ed como\u2026","rel":"","context":"En \u00abActualidad\u00bb","block_context":{"text":"Actualidad","link":"https:\/\/lahoradelcampo.com.uy\/site\/category\/actualidad\/"},"img":{"alt_text":"","src":"https:\/\/i0.wp.com\/lahoradelcampo.com.uy\/site\/wp-content\/uploads\/2019\/10\/expo-criollos.jpg?fit=880%2C440&ssl=1&resize=350%2C200","width":350,"height":200,"srcset":"https:\/\/i0.wp.com\/lahoradelcampo.com.uy\/site\/wp-content\/uploads\/2019\/10\/expo-criollos.jpg?fit=880%2C440&ssl=1&resize=350%2C200 1x, https:\/\/i0.wp.com\/lahoradelcampo.com.uy\/site\/wp-content\/uploads\/2019\/10\/expo-criollos.jpg?fit=880%2C440&ssl=1&resize=525%2C300 1.5x, https:\/\/i0.wp.com\/lahoradelcampo.com.uy\/site\/wp-content\/uploads\/2019\/10\/expo-criollos.jpg?fit=880%2C440&ssl=1&resize=700%2C400 2x"},"classes":[]},{"id":32226,"url":"https:\/\/lahoradelcampo.com.uy\/site\/criollos-definieron-los-clasificados-para-el-freno-de-oro-en-esteio\/","url_meta":{"origin":24104,"position":4},"title":"Criollos definieron los clasificados para el Freno de Oro en Esteio","author":"La Hora del Campo","date":"19 julio, 2021","format":false,"excerpt":"Durante el fin de semana, se realiz\u00f3 la Clasificatoria del Freno de Oro para Esteio, Brasil, y la Copa Volskwagen. Freno de oro FRENO DE ORO URUGUAYO Y CLASIFICADA AL FRENO DE ORO: Irmazita Cala Bassa, con la monta de Juan Pablo Gonz\u00e1lez, expuesta por Nicol\u00e1s O\u2019brien Fernandez. FRENO DE\u2026","rel":"","context":"En \u00abActualidad\u00bb","block_context":{"text":"Actualidad","link":"https:\/\/lahoradelcampo.com.uy\/site\/category\/actualidad\/"},"img":{"alt_text":"","src":"https:\/\/i0.wp.com\/lahoradelcampo.com.uy\/site\/wp-content\/uploads\/2021\/07\/criollos2.jpg?fit=880%2C440&ssl=1&resize=350%2C200","width":350,"height":200,"srcset":"https:\/\/i0.wp.com\/lahoradelcampo.com.uy\/site\/wp-content\/uploads\/2021\/07\/criollos2.jpg?fit=880%2C440&ssl=1&resize=350%2C200 1x, https:\/\/i0.wp.com\/lahoradelcampo.com.uy\/site\/wp-content\/uploads\/2021\/07\/criollos2.jpg?fit=880%2C440&ssl=1&resize=525%2C300 1.5x, https:\/\/i0.wp.com\/lahoradelcampo.com.uy\/site\/wp-content\/uploads\/2021\/07\/criollos2.jpg?fit=880%2C440&ssl=1&resize=700%2C400 2x"},"classes":[]},{"id":27300,"url":"https:\/\/lahoradelcampo.com.uy\/site\/credenciadora-del-freno-de-oro-en-treinta-y-tres\/","url_meta":{"origin":24104,"position":5},"title":"Credenciadora del Freno de Oro en Treinta y Tres","author":"La Hora del Campo","date":"3 febrero, 2021","format":false,"excerpt":"El viernes 5 y hasta el domingo 7 de febrero se desarrolla la primera Credenciadora del Freno de Oro de 2021, en el predio de la Fomento de Treinta y Tres. Al igual que las actividades realizadas el a\u00f1o pasado, este evento se desarrolla con un estricto protocolo coordinado con\u2026","rel":"","context":"En \u00abActualidad\u00bb","block_context":{"text":"Actualidad","link":"https:\/\/lahoradelcampo.com.uy\/site\/category\/actualidad\/"},"img":{"alt_text":"","src":"https:\/\/i0.wp.com\/lahoradelcampo.com.uy\/site\/wp-content\/uploads\/2020\/08\/criolloswebpaleteadas.jpg?fit=880%2C440&ssl=1&resize=350%2C200","width":350,"height":200,"srcset":"https:\/\/i0.wp.com\/lahoradelcampo.com.uy\/site\/wp-content\/uploads\/2020\/08\/criolloswebpaleteadas.jpg?fit=880%2C440&ssl=1&resize=350%2C200 1x, https:\/\/i0.wp.com\/lahoradelcampo.com.uy\/site\/wp-content\/uploads\/2020\/08\/criolloswebpaleteadas.jpg?fit=880%2C440&ssl=1&resize=525%2C300 1.5x, https:\/\/i0.wp.com\/lahoradelcampo.com.uy\/site\/wp-content\/uploads\/2020\/08\/criolloswebpaleteadas.jpg?fit=880%2C440&ssl=1&resize=700%2C400 2x"},"classes":[]}],"jetpack_likes_enabled":true,"_links":{"self":[{"href":"https:\/\/lahoradelcampo.com.uy\/site\/wp-json\/wp\/v2\/posts\/24104","targetHints":{"allow":["GET"]}}],"collection":[{"href":"https:\/\/lahoradelcampo.com.uy\/site\/wp-json\/wp\/v2\/posts"}],"about":[{"href":"https:\/\/lahoradelcampo.com.uy\/site\/wp-json\/wp\/v2\/types\/post"}],"author":[{"embeddable":true,"href":"https:\/\/lahoradelcampo.com.uy\/site\/wp-json\/wp\/v2\/users\/5"}],"replies":[{"embeddable":true,"href":"https:\/\/lahoradelcampo.com.uy\/site\/wp-json\/wp\/v2\/comments?post=24104"}],"version-history":[{"count":1,"href":"https:\/\/lahoradelcampo.com.uy\/site\/wp-json\/wp\/v2\/posts\/24104\/revisions"}],"predecessor-version":[{"id":24106,"href":"https:\/\/lahoradelcampo.com.uy\/site\/wp-json\/wp\/v2\/posts\/24104\/revisions\/24106"}],"wp:featuredmedia":[{"embeddable":true,"href":"https:\/\/lahoradelcampo.com.uy\/site\/wp-json\/wp\/v2\/media\/22008"}],"wp:attachment":[{"href":"https:\/\/lahoradelcampo.com.uy\/site\/wp-json\/wp\/v2\/media?parent=24104"}],"wp:term":[{"taxonomy":"category","embeddable":true,"href":"https:\/\/lahoradelcampo.com.uy\/site\/wp-json\/wp\/v2\/categories?post=24104"},{"taxonomy":"post_tag","embeddable":true,"href":"https:\/\/lahoradelcampo.com.uy\/site\/wp-json\/wp\/v2\/tags?post=24104"}],"curies":[{"name":"wp","href":"https:\/\/api.w.org\/{rel}","templated":true}]}}