{"id":24092,"date":"2020-09-28T09:46:18","date_gmt":"2020-09-28T12:46:18","guid":{"rendered":"http:\/\/lahoradelcampo.com.uy\/site\/?p=24092"},"modified":"2020-09-28T09:46:29","modified_gmt":"2020-09-28T12:46:29","slug":"valdez-cia-coloco-el-100-de-los-vacunos-en-la-pista-de-valentin","status":"publish","type":"post","link":"https:\/\/lahoradelcampo.com.uy\/site\/valdez-cia-coloco-el-100-de-los-vacunos-en-la-pista-de-valentin\/","title":{"rendered":"Valdez &#038; C\u00eda coloc\u00f3 el 100% de los vacunos en la pista de Valent\u00edn"},"content":{"rendered":"\n<figure class=\"wp-block-image\"><img data-recalc-dims=\"1\" loading=\"lazy\" decoding=\"async\" width=\"810\" height=\"405\" data-attachment-id=\"24094\" data-permalink=\"https:\/\/lahoradelcampo.com.uy\/site\/valdez-cia-coloco-el-100-de-los-vacunos-en-la-pista-de-valentin\/valdezvalentina\/\" data-orig-file=\"https:\/\/i0.wp.com\/lahoradelcampo.com.uy\/site\/wp-content\/uploads\/2020\/09\/Valdezvalentina.jpg?fit=880%2C440&amp;ssl=1\" data-orig-size=\"880,440\" data-comments-opened=\"1\" data-image-meta=\"{&quot;aperture&quot;:&quot;0&quot;,&quot;credit&quot;:&quot;&quot;,&quot;camera&quot;:&quot;&quot;,&quot;caption&quot;:&quot;&quot;,&quot;created_timestamp&quot;:&quot;0&quot;,&quot;copyright&quot;:&quot;&quot;,&quot;focal_length&quot;:&quot;0&quot;,&quot;iso&quot;:&quot;0&quot;,&quot;shutter_speed&quot;:&quot;0&quot;,&quot;title&quot;:&quot;&quot;,&quot;orientation&quot;:&quot;1&quot;}\" data-image-title=\"Valdezvalentina\" data-image-description=\"\" data-image-caption=\"\" data-large-file=\"https:\/\/i0.wp.com\/lahoradelcampo.com.uy\/site\/wp-content\/uploads\/2020\/09\/Valdezvalentina.jpg?fit=810%2C405&amp;ssl=1\" src=\"https:\/\/i0.wp.com\/lahoradelcampo.com.uy\/site\/wp-content\/uploads\/2020\/09\/Valdezvalentina.jpg?resize=810%2C405\" alt=\"\" class=\"wp-image-24094\" srcset=\"https:\/\/i0.wp.com\/lahoradelcampo.com.uy\/site\/wp-content\/uploads\/2020\/09\/Valdezvalentina.jpg?w=880&amp;ssl=1 880w, https:\/\/i0.wp.com\/lahoradelcampo.com.uy\/site\/wp-content\/uploads\/2020\/09\/Valdezvalentina.jpg?resize=300%2C150&amp;ssl=1 300w, https:\/\/i0.wp.com\/lahoradelcampo.com.uy\/site\/wp-content\/uploads\/2020\/09\/Valdezvalentina.jpg?resize=768%2C384&amp;ssl=1 768w, https:\/\/i0.wp.com\/lahoradelcampo.com.uy\/site\/wp-content\/uploads\/2020\/09\/Valdezvalentina.jpg?resize=820%2C410&amp;ssl=1 820w\" sizes=\"auto, (max-width: 810px) 100vw, 810px\" \/><\/figure>\n\n\n\n<p>En una tarde calurosa, con muy buen marco de p\u00fablico entorno a la pista del local de la Asociaci\u00f3n Fomento Rural de Valent\u00edn, la firma Jos\u00e9 A. Valdez &amp; C\u00eda, coloc\u00f3 el 100% de la oferta que paso por pista, ya que debido a temas de fuerza mayor impidieron que ingresara a pista la mayor parte de la oferta de ovinos. <br><\/p>\n\n\n\n<p>Andr\u00e9s Dacol, integrante de la firma en Salto, se disculp\u00f3 con los clientes por la ausencia de esta oferta en la pista, debido a temas que fueron ajenos a la empresa. Lo que pas\u00f3 por pista se pag\u00f3 a valores corrientes del mercado. En este sentido las ovejas se pagaron entre 30 y 43 d\u00f3lares, con un promedio de US$ 41, mientras que las piezas de cr\u00eda cotizaron a US$ 30. <br><\/p>\n\n\n\n<p>La oferta vacuna concurri\u00f3 en su totalidad a la pista y en un marco de agilidad y dinamismo se logr\u00f3 vender el 100% de la oferta, a valores \u00abacordes al mercado actual\u00bb. Dacol remarc\u00f3 que \u00abtodo lo que entraba, ya ten\u00eda una oferta r\u00e1pida. Fue remate \u00e1gil\u00bb.  Si bien \u00abse not\u00f3 la falta de agua en la zona\u00bb, el consignatario destac\u00f3 la calidad de los ganados que pasaron por la pista, por lo que \u00abse defendieron solos\u00bb.<br><\/p>\n\n\n\n<p>En este contexto las vacas preparadas y gordas, se pagaron entre US$ 530 y US$ 548, con un promedio de US$ 539. Las de invernar promediaron US$ 428, con ganados que llegaron a pagarse US$ 512. En las vaquillonas el promedio US$ 401 se dio con lotes entre US$ 361 y US$ 480, por su parte las piezas de cr\u00eda un \u00fanico precio de US$ 325. <br><\/p>\n\n\n\n<p>En los machos, los novillos de m\u00e1s de 3 a\u00f1os fluctuaron entre US$ 632 y US$ 590, con un promedio de US$ 616. En los de 2 a 3 a\u00f1os se pag\u00f3 US$ 566 de promedio y los de 1 a 2 a\u00f1os en US$ 432. En las categor\u00edas j\u00f3venes se pagaron los terneros en US$ 238 de promedio, con un m\u00e1ximo de US$ 325 y un m\u00ednimo de US$ 233; por su parte las terneras fluctuaron entre US$ 240 y US$ 315, con un promedio de US$ 277.<br><\/p>\n\n\n\n<p>En las ventas operaron clientes de \u00abTacuaremb\u00f3, de Salto ac\u00e1 en la zona de Valent\u00edn y tambi\u00e9n gente de Fray Bentos, R\u00edo Negro\u00bb. Andr\u00e9s Dacol dijo que \u00abse vendi\u00f3 todo r\u00e1pido, fluido, fue un remate demandado y \u00e1gil\u00bb.<\/p>\n\n\n\n<p style=\"text-align:right\"><strong>Salto, 28 de setiembre de 2020<\/strong><\/p>\n","protected":false},"excerpt":{"rendered":"<p>En una tarde calurosa, con muy buen marco de p\u00fablico entorno a la pista del local de la Asociaci\u00f3n Fomento Rural de Valent\u00edn, la firma Jos\u00e9 A. Valdez &amp; C\u00eda, [&hellip;]<\/p>\n","protected":false},"author":5,"featured_media":24094,"comment_status":"open","ping_status":"open","sticky":false,"template":"","format":"standard","meta":{"_price":"","_stock":"","_tribe_ticket_header":"","_tribe_default_ticket_provider":"","_tribe_ticket_capacity":"0","_ticket_start_date":"","_ticket_end_date":"","_tribe_ticket_show_description":"","_tribe_ticket_show_not_going":false,"_tribe_ticket_use_global_stock":"","_tribe_ticket_global_stock_level":"","_global_stock_mode":"","_global_stock_cap":"","_tribe_rsvp_for_event":"","_tribe_ticket_going_count":"","_tribe_ticket_not_going_count":"","_tribe_tickets_list":"[]","_tribe_ticket_has_attendee_info_fields":false,"h5ap_radio_sources":[],"_jetpack_newsletter_access":"","_jetpack_dont_email_post_to_subs":false,"_jetpack_newsletter_tier_id":0,"_jetpack_memberships_contains_paywalled_content":false,"_jetpack_memberships_contains_paid_content":false,"footnotes":""},"categories":[21,5],"tags":[],"class_list":["post-24092","post","type-post","status-publish","format-standard","has-post-thumbnail","hentry","category-actualidad","category-ganaderia"],"jetpack_featured_media_url":"https:\/\/i0.wp.com\/lahoradelcampo.com.uy\/site\/wp-content\/uploads\/2020\/09\/Valdezvalentina.jpg?fit=880%2C440&ssl=1","jetpack_sharing_enabled":true,"jetpack_shortlink":"https:\/\/wp.me\/p99IaT-6gA","jetpack-related-posts":[{"id":20792,"url":"https:\/\/lahoradelcampo.com.uy\/site\/valdez-cia-coloco-el-100-de-la-oferta-ayer-en-valentin\/","url_meta":{"origin":24092,"position":0},"title":"Valdez &#038; C\u00eda coloc\u00f3 el 100%  de la oferta ayer en Valent\u00edn","author":"La Hora del Campo","date":"11 junio, 2020","format":false,"excerpt":"La firma Jos\u00e9 A. Valdez & C\u00eda, realiz\u00f3 en la jornada de ayer un nuevo remate en el local de la Asociaci\u00f3n Fomento Rural de Valent\u00edn, con colocaci\u00f3n total de lo que paso por la pista, donde mayormente se ofrecieron terneros y terneras en un total en el eje de\u2026","rel":"","context":"En \u00abActualidad\u00bb","block_context":{"text":"Actualidad","link":"https:\/\/lahoradelcampo.com.uy\/site\/category\/actualidad\/"},"img":{"alt_text":"","src":"https:\/\/i0.wp.com\/lahoradelcampo.com.uy\/site\/wp-content\/uploads\/2017\/11\/Valentin.jpg?fit=880%2C440&ssl=1&resize=350%2C200","width":350,"height":200,"srcset":"https:\/\/i0.wp.com\/lahoradelcampo.com.uy\/site\/wp-content\/uploads\/2017\/11\/Valentin.jpg?fit=880%2C440&ssl=1&resize=350%2C200 1x, https:\/\/i0.wp.com\/lahoradelcampo.com.uy\/site\/wp-content\/uploads\/2017\/11\/Valentin.jpg?fit=880%2C440&ssl=1&resize=525%2C300 1.5x, https:\/\/i0.wp.com\/lahoradelcampo.com.uy\/site\/wp-content\/uploads\/2017\/11\/Valentin.jpg?fit=880%2C440&ssl=1&resize=700%2C400 2x"},"classes":[]},{"id":19326,"url":"https:\/\/lahoradelcampo.com.uy\/site\/valdez-coloco-el-100-de-la-oferta-en-la-pista-de-valentin\/","url_meta":{"origin":24092,"position":1},"title":"Valdez coloc\u00f3 el 100% de la  oferta en la pista de Valent\u00edn","author":"La Hora del Campo","date":"30 abril, 2020","format":false,"excerpt":"En la jornada de ayer la firma Jos\u00e9 A. Valdez & C\u00eda. realiz\u00f3 un nuevo remate en el local de la Asociaci\u00f3n Rural de Valent\u00edn, con una oferta que se vio reducida por las dificultades para ingresar a algunos predios por las precipitaciones de los \u00faltimos d\u00edas y por la\u2026","rel":"","context":"En \u00abActualidad\u00bb","block_context":{"text":"Actualidad","link":"https:\/\/lahoradelcampo.com.uy\/site\/category\/actualidad\/"},"img":{"alt_text":"","src":"https:\/\/i0.wp.com\/lahoradelcampo.com.uy\/site\/wp-content\/uploads\/2019\/11\/Valentinaaa.jpg?fit=880%2C440&ssl=1&resize=350%2C200","width":350,"height":200,"srcset":"https:\/\/i0.wp.com\/lahoradelcampo.com.uy\/site\/wp-content\/uploads\/2019\/11\/Valentinaaa.jpg?fit=880%2C440&ssl=1&resize=350%2C200 1x, https:\/\/i0.wp.com\/lahoradelcampo.com.uy\/site\/wp-content\/uploads\/2019\/11\/Valentinaaa.jpg?fit=880%2C440&ssl=1&resize=525%2C300 1.5x, https:\/\/i0.wp.com\/lahoradelcampo.com.uy\/site\/wp-content\/uploads\/2019\/11\/Valentinaaa.jpg?fit=880%2C440&ssl=1&resize=700%2C400 2x"},"classes":[]},{"id":19254,"url":"https:\/\/lahoradelcampo.com.uy\/site\/en-valentin-valdez-cia-remata-hoy-en-la-pista\/","url_meta":{"origin":24092,"position":2},"title":"En Valent\u00edn: Valdez &#038; C\u00eda remata hoy en la pista","author":"La Hora del Campo","date":"29 abril, 2020","format":false,"excerpt":"En la tarde de hoy la firma Jos\u00e9 A. Vald\u00e9z & C\u00eda rematar\u00e1 en el local de la Asociaci\u00f3n Fomento Rural de Valent\u00edn, 260 vacunos, 500 lanares y una yegua criolla de pedigree. La administraci\u00f3n de las ventas es propia con la financiaci\u00f3n del Fideicomiso Un Siglo. Juan Ignacio Pirotto,\u2026","rel":"","context":"En \u00abActualidad\u00bb","block_context":{"text":"Actualidad","link":"https:\/\/lahoradelcampo.com.uy\/site\/category\/actualidad\/"},"img":{"alt_text":"","src":"https:\/\/i0.wp.com\/lahoradelcampo.com.uy\/site\/wp-content\/uploads\/2019\/09\/Valdez.jpg?fit=880%2C440&ssl=1&resize=350%2C200","width":350,"height":200,"srcset":"https:\/\/i0.wp.com\/lahoradelcampo.com.uy\/site\/wp-content\/uploads\/2019\/09\/Valdez.jpg?fit=880%2C440&ssl=1&resize=350%2C200 1x, https:\/\/i0.wp.com\/lahoradelcampo.com.uy\/site\/wp-content\/uploads\/2019\/09\/Valdez.jpg?fit=880%2C440&ssl=1&resize=525%2C300 1.5x, https:\/\/i0.wp.com\/lahoradelcampo.com.uy\/site\/wp-content\/uploads\/2019\/09\/Valdez.jpg?fit=880%2C440&ssl=1&resize=700%2C400 2x"},"classes":[]},{"id":11837,"url":"https:\/\/lahoradelcampo.com.uy\/site\/valdez-cia-coloco-el-100-de-la-oferta-en-valentin\/","url_meta":{"origin":24092,"position":3},"title":"Valdez &#038; C\u00eda coloc\u00f3 el 100%  de la oferta en Valent\u00edn","author":"La Hora del Campo","date":"14 junio, 2019","format":false,"excerpt":"En la tarde ayer se desarroll\u00f3 una nueva venta en el local de la Asociaci\u00f3n Fomento Rural de Valent\u00edn, logrando el escritorio Jos\u00e9 A. Valdez & C\u00eda, la venta total de la oferta presentada en pista, dentro de lo anunciado previamente por parte de los representantes de la firma en\u2026","rel":"","context":"En \u00abActualidad\u00bb","block_context":{"text":"Actualidad","link":"https:\/\/lahoradelcampo.com.uy\/site\/category\/actualidad\/"},"img":{"alt_text":"","src":"https:\/\/i0.wp.com\/lahoradelcampo.com.uy\/site\/wp-content\/uploads\/2019\/06\/Valdez-Valentin.jpg?fit=880%2C440&ssl=1&resize=350%2C200","width":350,"height":200,"srcset":"https:\/\/i0.wp.com\/lahoradelcampo.com.uy\/site\/wp-content\/uploads\/2019\/06\/Valdez-Valentin.jpg?fit=880%2C440&ssl=1&resize=350%2C200 1x, https:\/\/i0.wp.com\/lahoradelcampo.com.uy\/site\/wp-content\/uploads\/2019\/06\/Valdez-Valentin.jpg?fit=880%2C440&ssl=1&resize=525%2C300 1.5x, https:\/\/i0.wp.com\/lahoradelcampo.com.uy\/site\/wp-content\/uploads\/2019\/06\/Valdez-Valentin.jpg?fit=880%2C440&ssl=1&resize=700%2C400 2x"},"classes":[]},{"id":32742,"url":"https:\/\/lahoradelcampo.com.uy\/site\/valdez-vuelve-al-local-valentin-con-210-vacunos-y-100-ovinos\/","url_meta":{"origin":24092,"position":4},"title":"Valdez vuelve  al local Valent\u00edn con 210 vacunos y 100 ovinos","author":"La Hora del Campo","date":"5 agosto, 2021","format":false,"excerpt":"Hoy jueves 5 de agosto, a partir de las 15 horas, el escritorio Valdez & Cia, retorna con los negocios a la pista del local de remates de la Asociaci\u00f3n Fomento Rural de Valent\u00edn. En esta pr\u00f3xima venta con una oferta primaria de 210 vacunos y 100 ovinos. Como es\u2026","rel":"","context":"En \u00abActualidad\u00bb","block_context":{"text":"Actualidad","link":"https:\/\/lahoradelcampo.com.uy\/site\/category\/actualidad\/"},"img":{"alt_text":"","src":"https:\/\/i0.wp.com\/lahoradelcampo.com.uy\/site\/wp-content\/uploads\/2019\/11\/Valentinaaa.jpg?fit=880%2C440&ssl=1&resize=350%2C200","width":350,"height":200,"srcset":"https:\/\/i0.wp.com\/lahoradelcampo.com.uy\/site\/wp-content\/uploads\/2019\/11\/Valentinaaa.jpg?fit=880%2C440&ssl=1&resize=350%2C200 1x, https:\/\/i0.wp.com\/lahoradelcampo.com.uy\/site\/wp-content\/uploads\/2019\/11\/Valentinaaa.jpg?fit=880%2C440&ssl=1&resize=525%2C300 1.5x, https:\/\/i0.wp.com\/lahoradelcampo.com.uy\/site\/wp-content\/uploads\/2019\/11\/Valentinaaa.jpg?fit=880%2C440&ssl=1&resize=700%2C400 2x"},"classes":[]},{"id":34551,"url":"https:\/\/lahoradelcampo.com.uy\/site\/se-coloco-el-total-de-la-oferta-en-valentin\/","url_meta":{"origin":24092,"position":5},"title":"Se coloc\u00f3 el total de  la oferta en Valent\u00edn","author":"La Hora del Campo","date":"22 septiembre, 2021","format":false,"excerpt":"En la tarde de ayer, el escritorio Jos\u00e9 A. Valdez & C\u00eda, Salto, realiz\u00f3 un nuevo remate mensual en el local de la Asociaci\u00f3n Fomento Rural de Valent\u00edn, con una oferta que se vio reducida en los \u00faltimos d\u00edas debido a un problema sanitario. Las ventas comenzaron con una oferta\u2026","rel":"","context":"En \u00abActualidad\u00bb","block_context":{"text":"Actualidad","link":"https:\/\/lahoradelcampo.com.uy\/site\/category\/actualidad\/"},"img":{"alt_text":"","src":"https:\/\/i0.wp.com\/lahoradelcampo.com.uy\/site\/wp-content\/uploads\/2019\/11\/Valentinaaa.jpg?fit=880%2C440&ssl=1&resize=350%2C200","width":350,"height":200,"srcset":"https:\/\/i0.wp.com\/lahoradelcampo.com.uy\/site\/wp-content\/uploads\/2019\/11\/Valentinaaa.jpg?fit=880%2C440&ssl=1&resize=350%2C200 1x, https:\/\/i0.wp.com\/lahoradelcampo.com.uy\/site\/wp-content\/uploads\/2019\/11\/Valentinaaa.jpg?fit=880%2C440&ssl=1&resize=525%2C300 1.5x, https:\/\/i0.wp.com\/lahoradelcampo.com.uy\/site\/wp-content\/uploads\/2019\/11\/Valentinaaa.jpg?fit=880%2C440&ssl=1&resize=700%2C400 2x"},"classes":[]}],"jetpack_likes_enabled":true,"_links":{"self":[{"href":"https:\/\/lahoradelcampo.com.uy\/site\/wp-json\/wp\/v2\/posts\/24092","targetHints":{"allow":["GET"]}}],"collection":[{"href":"https:\/\/lahoradelcampo.com.uy\/site\/wp-json\/wp\/v2\/posts"}],"about":[{"href":"https:\/\/lahoradelcampo.com.uy\/site\/wp-json\/wp\/v2\/types\/post"}],"author":[{"embeddable":true,"href":"https:\/\/lahoradelcampo.com.uy\/site\/wp-json\/wp\/v2\/users\/5"}],"replies":[{"embeddable":true,"href":"https:\/\/lahoradelcampo.com.uy\/site\/wp-json\/wp\/v2\/comments?post=24092"}],"version-history":[{"count":1,"href":"https:\/\/lahoradelcampo.com.uy\/site\/wp-json\/wp\/v2\/posts\/24092\/revisions"}],"predecessor-version":[{"id":24096,"href":"https:\/\/lahoradelcampo.com.uy\/site\/wp-json\/wp\/v2\/posts\/24092\/revisions\/24096"}],"wp:featuredmedia":[{"embeddable":true,"href":"https:\/\/lahoradelcampo.com.uy\/site\/wp-json\/wp\/v2\/media\/24094"}],"wp:attachment":[{"href":"https:\/\/lahoradelcampo.com.uy\/site\/wp-json\/wp\/v2\/media?parent=24092"}],"wp:term":[{"taxonomy":"category","embeddable":true,"href":"https:\/\/lahoradelcampo.com.uy\/site\/wp-json\/wp\/v2\/categories?post=24092"},{"taxonomy":"post_tag","embeddable":true,"href":"https:\/\/lahoradelcampo.com.uy\/site\/wp-json\/wp\/v2\/tags?post=24092"}],"curies":[{"name":"wp","href":"https:\/\/api.w.org\/{rel}","templated":true}]}}