{"id":24062,"date":"2020-09-28T08:59:05","date_gmt":"2020-09-28T11:59:05","guid":{"rendered":"http:\/\/lahoradelcampo.com.uy\/site\/?p=24062"},"modified":"2020-09-28T08:59:19","modified_gmt":"2020-09-28T11:59:19","slug":"gerentes-de-inia-enviaron-carta-al-ministro-por-cambios-en-el-presupuesto","status":"publish","type":"post","link":"https:\/\/lahoradelcampo.com.uy\/site\/gerentes-de-inia-enviaron-carta-al-ministro-por-cambios-en-el-presupuesto\/","title":{"rendered":"Gerentes de INIA enviaron carta al Ministro por cambios en el presupuesto"},"content":{"rendered":"\n<figure class=\"wp-block-image\"><img data-recalc-dims=\"1\" loading=\"lazy\" decoding=\"async\" width=\"810\" height=\"405\" data-attachment-id=\"10891\" data-permalink=\"https:\/\/lahoradelcampo.com.uy\/site\/tecnicos-de-inia-realizan-el-primer-paro-de-la-historia-de-la-institucion\/inia-6\/\" data-orig-file=\"https:\/\/i0.wp.com\/lahoradelcampo.com.uy\/site\/wp-content\/uploads\/2019\/05\/INIA.jpg?fit=880%2C440&amp;ssl=1\" data-orig-size=\"880,440\" data-comments-opened=\"1\" data-image-meta=\"{&quot;aperture&quot;:&quot;0&quot;,&quot;credit&quot;:&quot;&quot;,&quot;camera&quot;:&quot;&quot;,&quot;caption&quot;:&quot;&quot;,&quot;created_timestamp&quot;:&quot;0&quot;,&quot;copyright&quot;:&quot;&quot;,&quot;focal_length&quot;:&quot;0&quot;,&quot;iso&quot;:&quot;0&quot;,&quot;shutter_speed&quot;:&quot;0&quot;,&quot;title&quot;:&quot;&quot;,&quot;orientation&quot;:&quot;1&quot;}\" data-image-title=\"INIA\" data-image-description=\"\" data-image-caption=\"\" data-large-file=\"https:\/\/i0.wp.com\/lahoradelcampo.com.uy\/site\/wp-content\/uploads\/2019\/05\/INIA.jpg?fit=810%2C405&amp;ssl=1\" src=\"https:\/\/i0.wp.com\/lahoradelcampo.com.uy\/site\/wp-content\/uploads\/2019\/05\/INIA.jpg?resize=810%2C405\" alt=\"\" class=\"wp-image-10891\" srcset=\"https:\/\/i0.wp.com\/lahoradelcampo.com.uy\/site\/wp-content\/uploads\/2019\/05\/INIA.jpg?w=880&amp;ssl=1 880w, https:\/\/i0.wp.com\/lahoradelcampo.com.uy\/site\/wp-content\/uploads\/2019\/05\/INIA.jpg?resize=300%2C150&amp;ssl=1 300w, https:\/\/i0.wp.com\/lahoradelcampo.com.uy\/site\/wp-content\/uploads\/2019\/05\/INIA.jpg?resize=768%2C384&amp;ssl=1 768w, https:\/\/i0.wp.com\/lahoradelcampo.com.uy\/site\/wp-content\/uploads\/2019\/05\/INIA.jpg?resize=820%2C410&amp;ssl=1 820w\" sizes=\"auto, (max-width: 810px) 100vw, 810px\" \/><\/figure>\n\n\n\n<p>A continuaci\u00f3n transcribimos la carta abierta enviada al Ministro del MGAP, Carlos Mar\u00eda Uriarte y a las Comisiones de Presupuesto de las C\u00e1maras del Parlamento, expresando su preocupaci\u00f3n por la asignaci\u00f3n propuesta en la Ley de Presupuesto para la instituci\u00f3n:<br><\/p>\n\n\n\n<p>Los abajo firmantes, integrantes del Comit\u00e9 Gerencial Ampliado de INIA, ante la propuesta de asignaci\u00f3n de recursos para el Instituto en el Proyecto de Presupuesto Nacional 2020-2024 manifiestan:<br><\/p>\n\n\n\n<p>Su convicci\u00f3n acerca de la importancia de la inversi\u00f3n p\u00fablica y privada en ciencia y tecnolog\u00eda como clave para el desarrollo nacional en general y del sector agropecuario en particular. Los antecedentes disponibles indican un retorno de la inversi\u00f3n en ciencia y tecnolog\u00eda en el sector agropecuario del orden de 16 a 1.<br><\/p>\n\n\n\n<p>Que esa misma convicci\u00f3n fue la que gener\u00f3 la ley de creaci\u00f3n del INIA, que fue aprobada con el apoyo un\u00e1nime de los partidos pol\u00edticos con representaci\u00f3n parlamentaria.<br><\/p>\n\n\n\n<p>Que en esa ley, que se mantiene plenamente vigente, se establece que el aporte del Poder Ejecutivo al presupuesto de INIA debe ser al menos equivalente al 0,4% de la recaudaci\u00f3n del IMEBA.<br><\/p>\n\n\n\n<p>Que en la actual redacci\u00f3n del proyecto presupuestal se modifica dicha Ley, generando incertidumbres en la asignaci\u00f3n presupuestal y en el funcionamiento del Instituto. <br><\/p>\n\n\n\n<p>Consideramos que cualquier iniciativa de modificaci\u00f3n de la Ley debe estar precedida de una consulta amplia y de un debate profundo. <br><\/p>\n\n\n\n<p>Que el INIA se encuentra hoy en una situaci\u00f3n econ\u00f3mica delicada, con un marcado d\u00e9ficit operativo.<br><\/p>\n\n\n\n<p>Que de aprobarse el Presupuesto tal como est\u00e1 propuesto se afectar\u00eda, de manera fundamental, la capacidad del instituto de contribuir a la generaci\u00f3n del conocimiento y las tecnolog\u00edas necesarios para que el pa\u00eds afronte las problem\u00e1ticas de competitividad y agroambientales que plantea la hora. Se afectar\u00eda tambi\u00e9n el rol de INIA como promotor y vertebrador de diversas redes, alianzas y consorcios con actores p\u00fablicos y privados. Se destaca la afectaci\u00f3n que sufrir\u00edan ante un recorte presupuestario los Campus con UdelaR, el MGAP, el SUL, Plan Agropecuario, INASE y otras instituciones en Treinta y Tres y Tacuaremb\u00f3. <br><\/p>\n\n\n\n<p>Que el INIA se ha hecho cargo de actividades relevantes para la competitividad del sector agropecuario que no son su responsabilidad directa (por ejemplo, evaluaci\u00f3n de cultivares con INASE, plan de saneamiento citr\u00edcola, mantenimiento de banco de cepas de rizobios, plataforma de salud animal, entre otras). La restricci\u00f3n presupuestaria  que surge del proyecto de Ley presentado comprometer\u00eda la continuidad de estas actividades. <br><\/p>\n\n\n\n<p>Que, en ese marco, ha sido una de nuestras prioridades de gesti\u00f3n propender sistem\u00e1ticamente a la racionalizaci\u00f3n del funcionamiento y al logro de los indispensables equilibrios presupuestales del Instituto.<br><\/p>\n\n\n\n<p>Que en el actual contexto de dificultades por el que atraviesa el pa\u00eds, reafirmamos nuestro compromiso de seguir mejorando la eficiencia en el uso de los recursos.<br><\/p>\n\n\n\n<p>Que reconocemos y respaldamos las gestiones que est\u00e1n realizando la Presidencia y la Junta Directiva del Instituto para que se aplique la Ley de creaci\u00f3n de INIA en todos sus t\u00e9rminos.<br><\/p>\n\n\n\n<p>Sin otro particular, saludan atentamente: Jos\u00e9 Paruelo (Gerente de Investigaci\u00f3n) Miguel Sierra (Gerente de Innovaci\u00f3n y Comunicaci\u00f3n) Jorge Urtiaga (Gerente de Operaciones interino) Walter Ayala (Director Regional Treinta y Tres) Dar\u00edo Hirigoyen (Director Regional La Estanzuela) Gustavo Brito (Director Regional Tacuaremb\u00f3) Mariana Espino (Director Regional Salto Grande) Santiago Cayota (Director Regional Las Brujas) <\/p>\n\n\n\n<p style=\"text-align:right\"><strong>Salto, 28 de setiembre de 2020<\/strong><\/p>\n","protected":false},"excerpt":{"rendered":"<p>A continuaci\u00f3n transcribimos la carta abierta enviada al Ministro del MGAP, Carlos Mar\u00eda Uriarte y a las Comisiones de Presupuesto de las C\u00e1maras del Parlamento, expresando su preocupaci\u00f3n por la [&hellip;]<\/p>\n","protected":false},"author":5,"featured_media":10891,"comment_status":"open","ping_status":"open","sticky":false,"template":"","format":"standard","meta":{"_price":"","_stock":"","_tribe_ticket_header":"","_tribe_default_ticket_provider":"","_tribe_ticket_capacity":"0","_ticket_start_date":"","_ticket_end_date":"","_tribe_ticket_show_description":"","_tribe_ticket_show_not_going":false,"_tribe_ticket_use_global_stock":"","_tribe_ticket_global_stock_level":"","_global_stock_mode":"","_global_stock_cap":"","_tribe_rsvp_for_event":"","_tribe_ticket_going_count":"","_tribe_ticket_not_going_count":"","_tribe_tickets_list":"[]","_tribe_ticket_has_attendee_info_fields":false,"h5ap_radio_sources":[],"_jetpack_newsletter_access":"","_jetpack_dont_email_post_to_subs":false,"_jetpack_newsletter_tier_id":0,"_jetpack_memberships_contains_paywalled_content":false,"_jetpack_memberships_contains_paid_content":false,"footnotes":""},"categories":[21,7],"tags":[],"class_list":["post-24062","post","type-post","status-publish","format-standard","has-post-thumbnail","hentry","category-actualidad","category-agricultura"],"jetpack_featured_media_url":"https:\/\/i0.wp.com\/lahoradelcampo.com.uy\/site\/wp-content\/uploads\/2019\/05\/INIA.jpg?fit=880%2C440&ssl=1","jetpack_sharing_enabled":true,"jetpack_shortlink":"https:\/\/wp.me\/p99IaT-6g6","jetpack-related-posts":[{"id":17284,"url":"https:\/\/lahoradelcampo.com.uy\/site\/fr-reclama-aportes-del-adicional-del-imeba-y-la-contraparte-del-poder-ejecutivo-al-inia\/","url_meta":{"origin":24062,"position":0},"title":"FR reclama aportes del adicional del IMEBA y la contraparte del Poder Ejecutivo al INIA","author":"La Hora del Campo","date":"7 febrero, 2020","format":false,"excerpt":"Los institutos que conforman la llamada \"institucionalidad agropecuaria\" como dec\u00eda el ex Ministro de Ganader\u00eda, Tabar\u00e9 Aguerre, cuentan con aportes provenientes del sector privado a trav\u00e9s de impuestos previstos en la ley de creaci\u00f3n de las diferentes instituciones. Por ejemplo un impuesto a las exportaciones c\u00e1rnicas y animales en pie,\u2026","rel":"","context":"En \u00abActualidad\u00bb","block_context":{"text":"Actualidad","link":"https:\/\/lahoradelcampo.com.uy\/site\/category\/actualidad\/"},"img":{"alt_text":"","src":"https:\/\/i0.wp.com\/lahoradelcampo.com.uy\/site\/wp-content\/uploads\/2019\/09\/INIA-stand.jpg?fit=880%2C440&ssl=1&resize=350%2C200","width":350,"height":200,"srcset":"https:\/\/i0.wp.com\/lahoradelcampo.com.uy\/site\/wp-content\/uploads\/2019\/09\/INIA-stand.jpg?fit=880%2C440&ssl=1&resize=350%2C200 1x, https:\/\/i0.wp.com\/lahoradelcampo.com.uy\/site\/wp-content\/uploads\/2019\/09\/INIA-stand.jpg?fit=880%2C440&ssl=1&resize=525%2C300 1.5x, https:\/\/i0.wp.com\/lahoradelcampo.com.uy\/site\/wp-content\/uploads\/2019\/09\/INIA-stand.jpg?fit=880%2C440&ssl=1&resize=700%2C400 2x"},"classes":[]},{"id":56974,"url":"https:\/\/lahoradelcampo.com.uy\/site\/mgap-presento-en-diputados-sus-prioridades-en-el-presupuesto-2025-2029\/","url_meta":{"origin":24062,"position":1},"title":"MGAP present\u00f3 en Diputados sus prioridades en el Presupuesto 25-29","author":"La Hora del Campo","date":"30 septiembre, 2025","format":false,"excerpt":"El ministro Alfredo Fratti, el subsecretario Mat\u00edas Car\u00e1mbula, la Dir. General Cecilia Riera, equipo del MGAP e Institucionalidad p\u00fablica agropecuaria, comparecieron hoy ante la Comisi\u00f3n de Presupuesto de la C\u00e1mara de Representantes. En su exposici\u00f3n de apertura, el ministro Fratti sintetiz\u00f3 las principales l\u00edneas de trabajo, as\u00ed como los objetivos\u2026","rel":"","context":"En \u00abActualidad\u00bb","block_context":{"text":"Actualidad","link":"https:\/\/lahoradelcampo.com.uy\/site\/category\/actualidad\/"},"img":{"alt_text":"","src":"https:\/\/i0.wp.com\/lahoradelcampo.com.uy\/site\/wp-content\/uploads\/2025\/09\/Fratti-diputados.jpg?fit=880%2C440&ssl=1&resize=350%2C200","width":350,"height":200,"srcset":"https:\/\/i0.wp.com\/lahoradelcampo.com.uy\/site\/wp-content\/uploads\/2025\/09\/Fratti-diputados.jpg?fit=880%2C440&ssl=1&resize=350%2C200 1x, https:\/\/i0.wp.com\/lahoradelcampo.com.uy\/site\/wp-content\/uploads\/2025\/09\/Fratti-diputados.jpg?fit=880%2C440&ssl=1&resize=525%2C300 1.5x, https:\/\/i0.wp.com\/lahoradelcampo.com.uy\/site\/wp-content\/uploads\/2025\/09\/Fratti-diputados.jpg?fit=880%2C440&ssl=1&resize=700%2C400 2x"},"classes":[]},{"id":10889,"url":"https:\/\/lahoradelcampo.com.uy\/site\/tecnicos-de-inia-realizan-el-primer-paro-de-la-historia-de-la-institucion\/","url_meta":{"origin":24062,"position":2},"title":"T\u00e9cnicos de INIA realizan el primer paro de la historia de la instituci\u00f3n","author":"La Hora del Campo","date":"20 mayo, 2019","format":false,"excerpt":"Ma\u00f1ana martes 21 de mayo, los t\u00e9cnicos del Instituto Nacional de Investigaci\u00f3n Agropecuaria (INIA) realizan el primer paro de la historia de la instituci\u00f3n, en \u201cdefensa de la \u00e9tica y contra el abuso de poder de su presidente\u201d. Para esa jornada se hab\u00eda organizado una actividad en Pueblo Lavalleja, Salto,\u2026","rel":"","context":"En \u00abActualidad\u00bb","block_context":{"text":"Actualidad","link":"https:\/\/lahoradelcampo.com.uy\/site\/category\/actualidad\/"},"img":{"alt_text":"","src":"https:\/\/i0.wp.com\/lahoradelcampo.com.uy\/site\/wp-content\/uploads\/2019\/05\/INIA.jpg?fit=880%2C440&ssl=1&resize=350%2C200","width":350,"height":200,"srcset":"https:\/\/i0.wp.com\/lahoradelcampo.com.uy\/site\/wp-content\/uploads\/2019\/05\/INIA.jpg?fit=880%2C440&ssl=1&resize=350%2C200 1x, https:\/\/i0.wp.com\/lahoradelcampo.com.uy\/site\/wp-content\/uploads\/2019\/05\/INIA.jpg?fit=880%2C440&ssl=1&resize=525%2C300 1.5x, https:\/\/i0.wp.com\/lahoradelcampo.com.uy\/site\/wp-content\/uploads\/2019\/05\/INIA.jpg?fit=880%2C440&ssl=1&resize=700%2C400 2x"},"classes":[]},{"id":33783,"url":"https:\/\/lahoradelcampo.com.uy\/site\/inia-realizara-charla-con-tres-ministros-en-expo-prado\/","url_meta":{"origin":24062,"position":3},"title":"INIA realizar\u00e1 charla con tres ministros en Expo Prado","author":"La Hora del Campo","date":"7 septiembre, 2021","format":false,"excerpt":"En el marco de la Expo Prado 2021, el Instituto Nacional de Investigaci\u00f3n Agropecuaria (INIA) realizar\u00e1 un actividad denominada \"Uruguay, \u00bfun pa\u00eds diferente? Los desaf\u00edos de la sostenibilidad\". Se trata de una mesa de debate que tendr\u00e1 como expositores al ministro de Medioambiente, Adri\u00e1n Pe\u00f1a, a la Ministra de Econom\u00eda\u2026","rel":"","context":"En \u00abActualidad\u00bb","block_context":{"text":"Actualidad","link":"https:\/\/lahoradelcampo.com.uy\/site\/category\/actualidad\/"},"img":{"alt_text":"","src":"https:\/\/i0.wp.com\/lahoradelcampo.com.uy\/site\/wp-content\/uploads\/2020\/09\/INIA-PRADO.jpg?fit=880%2C440&ssl=1&resize=350%2C200","width":350,"height":200,"srcset":"https:\/\/i0.wp.com\/lahoradelcampo.com.uy\/site\/wp-content\/uploads\/2020\/09\/INIA-PRADO.jpg?fit=880%2C440&ssl=1&resize=350%2C200 1x, https:\/\/i0.wp.com\/lahoradelcampo.com.uy\/site\/wp-content\/uploads\/2020\/09\/INIA-PRADO.jpg?fit=880%2C440&ssl=1&resize=525%2C300 1.5x, https:\/\/i0.wp.com\/lahoradelcampo.com.uy\/site\/wp-content\/uploads\/2020\/09\/INIA-PRADO.jpg?fit=880%2C440&ssl=1&resize=700%2C400 2x"},"classes":[]},{"id":54394,"url":"https:\/\/lahoradelcampo.com.uy\/site\/mgap-entrego-17-camionetas-nuevas-a-los-servicios-ganaderos\/","url_meta":{"origin":24062,"position":4},"title":"MGAP entreg\u00f3 17 camionetas nuevas a los Servicios ganaderos","author":"La Hora del Campo","date":"4 septiembre, 2024","format":false,"excerpt":"El ministro Fernando Mattos, el subsecretario Ignacio Buffa y la directora general Fernanda Maldonado hicieron entrega al director de los Servicios Ganaderos, Diego de Freitas, de 17 de las 90 camionetas que a trav\u00e9s de un convenio con el Instituto Nacional de Carnes pasar\u00e1n a reforzar la flota del MGAP.\u2026","rel":"","context":"En \u00abActualidad\u00bb","block_context":{"text":"Actualidad","link":"https:\/\/lahoradelcampo.com.uy\/site\/category\/actualidad\/"},"img":{"alt_text":"","src":"https:\/\/i0.wp.com\/lahoradelcampo.com.uy\/site\/wp-content\/uploads\/2024\/09\/MGAP-camionetas.jpg?fit=880%2C440&ssl=1&resize=350%2C200","width":350,"height":200,"srcset":"https:\/\/i0.wp.com\/lahoradelcampo.com.uy\/site\/wp-content\/uploads\/2024\/09\/MGAP-camionetas.jpg?fit=880%2C440&ssl=1&resize=350%2C200 1x, https:\/\/i0.wp.com\/lahoradelcampo.com.uy\/site\/wp-content\/uploads\/2024\/09\/MGAP-camionetas.jpg?fit=880%2C440&ssl=1&resize=525%2C300 1.5x, https:\/\/i0.wp.com\/lahoradelcampo.com.uy\/site\/wp-content\/uploads\/2024\/09\/MGAP-camionetas.jpg?fit=880%2C440&ssl=1&resize=700%2C400 2x"},"classes":[]},{"id":50733,"url":"https:\/\/lahoradelcampo.com.uy\/site\/inia-participa-de-la-semana-de-la-ciencia-y-la-tecnologia\/","url_meta":{"origin":24062,"position":5},"title":"INIA participa de la semana de la Ciencia y la Tecnolog\u00eda","author":"La Hora del Campo","date":"25 mayo, 2023","format":false,"excerpt":"El Instituto Nacional de Investigaci\u00f3n Agropecuaria (INIA) participa una vez m\u00e1s en la Semana de la Ciencia y la Tecnolog\u00eda, un evento que se lleva a cabo en todo el pa\u00eds del 22 al 28 de mayo. Con el prop\u00f3sito de acercar el conocimiento cient\u00edfico y tecnol\u00f3gico a la sociedad,\u2026","rel":"","context":"En \u00abActualidad\u00bb","block_context":{"text":"Actualidad","link":"https:\/\/lahoradelcampo.com.uy\/site\/category\/actualidad\/"},"img":{"alt_text":"","src":"https:\/\/i0.wp.com\/lahoradelcampo.com.uy\/site\/wp-content\/uploads\/2023\/05\/INIA-Ciencia.jpg?fit=880%2C440&ssl=1&resize=350%2C200","width":350,"height":200,"srcset":"https:\/\/i0.wp.com\/lahoradelcampo.com.uy\/site\/wp-content\/uploads\/2023\/05\/INIA-Ciencia.jpg?fit=880%2C440&ssl=1&resize=350%2C200 1x, https:\/\/i0.wp.com\/lahoradelcampo.com.uy\/site\/wp-content\/uploads\/2023\/05\/INIA-Ciencia.jpg?fit=880%2C440&ssl=1&resize=525%2C300 1.5x, https:\/\/i0.wp.com\/lahoradelcampo.com.uy\/site\/wp-content\/uploads\/2023\/05\/INIA-Ciencia.jpg?fit=880%2C440&ssl=1&resize=700%2C400 2x"},"classes":[]}],"jetpack_likes_enabled":true,"_links":{"self":[{"href":"https:\/\/lahoradelcampo.com.uy\/site\/wp-json\/wp\/v2\/posts\/24062","targetHints":{"allow":["GET"]}}],"collection":[{"href":"https:\/\/lahoradelcampo.com.uy\/site\/wp-json\/wp\/v2\/posts"}],"about":[{"href":"https:\/\/lahoradelcampo.com.uy\/site\/wp-json\/wp\/v2\/types\/post"}],"author":[{"embeddable":true,"href":"https:\/\/lahoradelcampo.com.uy\/site\/wp-json\/wp\/v2\/users\/5"}],"replies":[{"embeddable":true,"href":"https:\/\/lahoradelcampo.com.uy\/site\/wp-json\/wp\/v2\/comments?post=24062"}],"version-history":[{"count":1,"href":"https:\/\/lahoradelcampo.com.uy\/site\/wp-json\/wp\/v2\/posts\/24062\/revisions"}],"predecessor-version":[{"id":24064,"href":"https:\/\/lahoradelcampo.com.uy\/site\/wp-json\/wp\/v2\/posts\/24062\/revisions\/24064"}],"wp:featuredmedia":[{"embeddable":true,"href":"https:\/\/lahoradelcampo.com.uy\/site\/wp-json\/wp\/v2\/media\/10891"}],"wp:attachment":[{"href":"https:\/\/lahoradelcampo.com.uy\/site\/wp-json\/wp\/v2\/media?parent=24062"}],"wp:term":[{"taxonomy":"category","embeddable":true,"href":"https:\/\/lahoradelcampo.com.uy\/site\/wp-json\/wp\/v2\/categories?post=24062"},{"taxonomy":"post_tag","embeddable":true,"href":"https:\/\/lahoradelcampo.com.uy\/site\/wp-json\/wp\/v2\/tags?post=24062"}],"curies":[{"name":"wp","href":"https:\/\/api.w.org\/{rel}","templated":true}]}}