{"id":24058,"date":"2020-09-28T08:55:29","date_gmt":"2020-09-28T11:55:29","guid":{"rendered":"http:\/\/lahoradelcampo.com.uy\/site\/?p=24058"},"modified":"2020-09-28T08:55:44","modified_gmt":"2020-09-28T11:55:44","slug":"se-preve-una-nueva-caida-en-el-comercio-mundial-del-arroz-esta-zafra","status":"publish","type":"post","link":"https:\/\/lahoradelcampo.com.uy\/site\/se-preve-una-nueva-caida-en-el-comercio-mundial-del-arroz-esta-zafra\/","title":{"rendered":"Se prev\u00e9 una nueva ca\u00edda en el comercio mundial del arroz esta zafra"},"content":{"rendered":"\n<figure class=\"wp-block-image\"><img data-recalc-dims=\"1\" loading=\"lazy\" decoding=\"async\" width=\"810\" height=\"405\" data-attachment-id=\"4421\" data-permalink=\"https:\/\/lahoradelcampo.com.uy\/site\/las-cajas-negras-se-crearon-con-un-fin-recaudatorio\/arroz-2\/\" data-orig-file=\"https:\/\/i0.wp.com\/lahoradelcampo.com.uy\/site\/wp-content\/uploads\/2017\/12\/Arroz.jpg?fit=880%2C440&amp;ssl=1\" data-orig-size=\"880,440\" data-comments-opened=\"1\" data-image-meta=\"{&quot;aperture&quot;:&quot;0&quot;,&quot;credit&quot;:&quot;Vicente-Manuel-Tort&quot;,&quot;camera&quot;:&quot;&quot;,&quot;caption&quot;:&quot;&quot;,&quot;created_timestamp&quot;:&quot;0&quot;,&quot;copyright&quot;:&quot;Presidencia de la Republica - Sec.Com.Inst.&quot;,&quot;focal_length&quot;:&quot;0&quot;,&quot;iso&quot;:&quot;0&quot;,&quot;shutter_speed&quot;:&quot;0&quot;,&quot;title&quot;:&quot;&quot;,&quot;orientation&quot;:&quot;1&quot;}\" data-image-title=\"Arroz\" data-image-description=\"\" data-image-caption=\"\" data-large-file=\"https:\/\/i0.wp.com\/lahoradelcampo.com.uy\/site\/wp-content\/uploads\/2017\/12\/Arroz.jpg?fit=810%2C405&amp;ssl=1\" src=\"https:\/\/i0.wp.com\/lahoradelcampo.com.uy\/site\/wp-content\/uploads\/2017\/12\/Arroz.jpg?resize=810%2C405\" alt=\"\" class=\"wp-image-4421\" srcset=\"https:\/\/i0.wp.com\/lahoradelcampo.com.uy\/site\/wp-content\/uploads\/2017\/12\/Arroz.jpg?w=880&amp;ssl=1 880w, https:\/\/i0.wp.com\/lahoradelcampo.com.uy\/site\/wp-content\/uploads\/2017\/12\/Arroz.jpg?resize=300%2C150&amp;ssl=1 300w, https:\/\/i0.wp.com\/lahoradelcampo.com.uy\/site\/wp-content\/uploads\/2017\/12\/Arroz.jpg?resize=768%2C384&amp;ssl=1 768w, https:\/\/i0.wp.com\/lahoradelcampo.com.uy\/site\/wp-content\/uploads\/2017\/12\/Arroz.jpg?resize=820%2C410&amp;ssl=1 820w\" sizes=\"auto, (max-width: 810px) 100vw, 810px\" \/><\/figure>\n\n\n\n<p>El Consejo Internacional de Cereales dio a conocer en la jornada de ayer su an\u00e1lisis mensual del mercado de granos, donde se prev\u00e9 una nueva ca\u00edda del comercio mundial del arroz, a pesar de los buenos valores y el incremento en las exportaciones de pa\u00edses como India. <br><\/p>\n\n\n\n<p>De acuerdo a los especialistas, el incremento interanual previsto de las exportaciones indias ser\u00e1 insuficiente para contrarrestar la tercera ca\u00edda consecutiva del mercado mundial del arroz en este 2020, debido principalmente a la contracci\u00f3n de las compras por parte de los pa\u00edses africanos. Esa ca\u00edda tambi\u00e9n se explica por la fuerte ca\u00edda en sus ventas de Tailandia. <br><\/p>\n\n\n\n<p>Por otro lado el consumo mundial del cereal, en 2019\/2020, se expandir\u00e1 vinculado a las medidas de seguridad alimentaria relacionadas con COVID-19.<br><\/p>\n\n\n\n<p>Los inventarios se consideran en general estables respecto al a\u00f1o pasado, ya que llos incrementos en los principales exportadores y China compensan las ca\u00eddas en los pa\u00edses importadores. <br><\/p>\n\n\n\n<p>Respaldada por precios firmes y condiciones ampliamente favorables, la producci\u00f3n en 2020\/21 podr\u00eda alcanzar un pico de 504 millones de toneladas, y los stocks podr\u00edan alcanzar nuevos m\u00e1ximos. Se espera que el comercio se recupere un 7% en 2021 gracias a una mayor demanda africana.<br><\/p>\n\n\n\n<p>En Tailandia se prev\u00e9 para la zafra 2020\/21, que su producci\u00f3n repunte debido a los altos precios que animan a los productores a expandir \u00e1rea. Sin embargo la producci\u00f3n estar\u00e1 por debajo de los picos de los \u00faltimos a\u00f1os, ya que la disponibilidad de agua contin\u00faa siendo escasa, debido a la prologada sequ\u00eda que atraviesa el pa\u00eds. <br><\/p>\n\n\n\n<p>Brasil<br><\/p>\n\n\n\n<p>En el estado de R\u00edo Grande del Sur, ha comenzado la siembra del cereal, donde en algunos municipios la escases de agua es una limitante para el \u00e1rea planificada. En la frontera oeste, contra Uruguay y Argentina, se estima que el \u00e1rea de siembra va desde el 2 al 15%, siendo mayor en aquellos lugares donde las \u00faltimas precipitaciones permitieron una recuperaci\u00f3n de las reservas de agua. <br><\/p>\n\n\n\n<p>De acuerdo al Centro de Investigaciones en Econom\u00eda Aplicada de la Universidad de San Pablo (Cepea), la bolsa de 50 kilos de arroz c\u00e1scara en el estado de R\u00edo Grande del Sur cotiza a US$ 19,23. Si bien en la moneda brasile\u00f1a el precio del cereal contin\u00faa subiendo, en d\u00f3lares norteamericanos ha registrado un descenso de 50 centavos en la \u00fatlima semana. <br><\/p>\n\n\n\n<p>Uruguay<br><\/p>\n\n\n\n<p>En el norte ya est\u00e1 definida el \u00e1rea a sembrar y se terminan de realizar los \u00faltimos ajustes en cuando a movimiento de tierras, arreglos de taipas y canales de riego, as\u00ed como tambi\u00e9n la compra de insumos. En algunos casos puntuales, ya los productores est\u00e1n planificando el comienzo de la siembra a partir de la pr\u00f3xima semana. <br><\/p>\n\n\n\n<p>La Asociaci\u00f3n de Cultivadores de Arroz del Uruguay (ACA) inform\u00f3 esta semana a los productores que se fij\u00f3 un nuevo acuerdo con el Banco de Seguros del Estado (BSE) para eventuales p\u00e9rdidas por granizo y viento en el cultivo. Las tasas de cobertura para el arroz son Granizo e Incendio 0,90%, resiembra incluida, para Viento 0,92% en Artigas y Salto o 0,72% en el resto del pa\u00eds.<\/p>\n\n\n\n<p style=\"text-align:right\"><strong>Salto, 28 de setiembre de 2020<\/strong><\/p>\n","protected":false},"excerpt":{"rendered":"<p>El Consejo Internacional de Cereales dio a conocer en la jornada de ayer su an\u00e1lisis mensual del mercado de granos, donde se prev\u00e9 una nueva ca\u00edda del comercio mundial del [&hellip;]<\/p>\n","protected":false},"author":5,"featured_media":4421,"comment_status":"open","ping_status":"open","sticky":false,"template":"","format":"standard","meta":{"_price":"","_stock":"","_tribe_ticket_header":"","_tribe_default_ticket_provider":"","_tribe_ticket_capacity":"0","_ticket_start_date":"","_ticket_end_date":"","_tribe_ticket_show_description":"","_tribe_ticket_show_not_going":false,"_tribe_ticket_use_global_stock":"","_tribe_ticket_global_stock_level":"","_global_stock_mode":"","_global_stock_cap":"","_tribe_rsvp_for_event":"","_tribe_ticket_going_count":"","_tribe_ticket_not_going_count":"","_tribe_tickets_list":"[]","_tribe_ticket_has_attendee_info_fields":false,"h5ap_radio_sources":[],"_jetpack_newsletter_access":"","_jetpack_dont_email_post_to_subs":false,"_jetpack_newsletter_tier_id":0,"_jetpack_memberships_contains_paywalled_content":false,"_jetpack_memberships_contains_paid_content":false,"footnotes":""},"categories":[21,7],"tags":[],"class_list":["post-24058","post","type-post","status-publish","format-standard","has-post-thumbnail","hentry","category-actualidad","category-agricultura"],"jetpack_featured_media_url":"https:\/\/i0.wp.com\/lahoradelcampo.com.uy\/site\/wp-content\/uploads\/2017\/12\/Arroz.jpg?fit=880%2C440&ssl=1","jetpack_sharing_enabled":true,"jetpack_shortlink":"https:\/\/wp.me\/p99IaT-6g2","jetpack-related-posts":[{"id":10939,"url":"https:\/\/lahoradelcampo.com.uy\/site\/leve-caida-en-la-produccion-mundial-del-arroz-en-2019\/","url_meta":{"origin":24058,"position":0},"title":"Leve ca\u00edda en la producci\u00f3n mundial del arroz en 2019","author":"La Hora del Campo","date":"21 mayo, 2019","format":false,"excerpt":"La ca\u00edda en la producci\u00f3n de arroz del Mercosur afectado por el fen\u00f3meno de \u201cEl Ni\u00f1o\u201d y una reducci\u00f3n de \u00e1rea tanto en Argentina como en Uruguay estar\u00eda desequilibrando levemente la balanza a la baja teniendo en cuenta que los grandes pa\u00edses productores en Asia estar\u00edan con una producci\u00f3n estable\u2026","rel":"","context":"En \u00abAgricultura\u00bb","block_context":{"text":"Agricultura","link":"https:\/\/lahoradelcampo.com.uy\/site\/category\/agricultura\/"},"img":{"alt_text":"","src":"https:\/\/i0.wp.com\/lahoradelcampo.com.uy\/site\/wp-content\/uploads\/2019\/05\/arroz-3.jpg?fit=880%2C440&ssl=1&resize=350%2C200","width":350,"height":200,"srcset":"https:\/\/i0.wp.com\/lahoradelcampo.com.uy\/site\/wp-content\/uploads\/2019\/05\/arroz-3.jpg?fit=880%2C440&ssl=1&resize=350%2C200 1x, https:\/\/i0.wp.com\/lahoradelcampo.com.uy\/site\/wp-content\/uploads\/2019\/05\/arroz-3.jpg?fit=880%2C440&ssl=1&resize=525%2C300 1.5x, https:\/\/i0.wp.com\/lahoradelcampo.com.uy\/site\/wp-content\/uploads\/2019\/05\/arroz-3.jpg?fit=880%2C440&ssl=1&resize=700%2C400 2x"},"classes":[]},{"id":55854,"url":"https:\/\/lahoradelcampo.com.uy\/site\/el-arroz-sigue-con-precios-a-la-baja-a-nivel-mundial\/","url_meta":{"origin":24058,"position":1},"title":"El arroz sigue con precios a la baja a nivel mundial","author":"La Hora del Campo","date":"13 abril, 2025","format":false,"excerpt":"En marzo, los precios internacionales del arroz cayeron en promedio un 3% respecto al mes anterior, alcanzando su nivel m\u00e1s bajo desde septiembre de 2022, seg\u00fan los \u00faltimos registros del mercado mundial, informados por el Infoarroz del Cirad de Francia. Esta tendencia descendente, monitoreada en regiones clave como Tailandia, India,\u2026","rel":"","context":"En \u00abInternacionales\u00bb","block_context":{"text":"Internacionales","link":"https:\/\/lahoradelcampo.com.uy\/site\/category\/columnistas\/"},"img":{"alt_text":"","src":"https:\/\/i0.wp.com\/lahoradelcampo.com.uy\/site\/wp-content\/uploads\/2024\/09\/Arroz-plantado.jpg?fit=880%2C440&ssl=1&resize=350%2C200","width":350,"height":200,"srcset":"https:\/\/i0.wp.com\/lahoradelcampo.com.uy\/site\/wp-content\/uploads\/2024\/09\/Arroz-plantado.jpg?fit=880%2C440&ssl=1&resize=350%2C200 1x, https:\/\/i0.wp.com\/lahoradelcampo.com.uy\/site\/wp-content\/uploads\/2024\/09\/Arroz-plantado.jpg?fit=880%2C440&ssl=1&resize=525%2C300 1.5x, https:\/\/i0.wp.com\/lahoradelcampo.com.uy\/site\/wp-content\/uploads\/2024\/09\/Arroz-plantado.jpg?fit=880%2C440&ssl=1&resize=700%2C400 2x"},"classes":[]},{"id":20578,"url":"https:\/\/lahoradelcampo.com.uy\/site\/igc-preve-un-incremento-en-el-consumo-de-arroz\/","url_meta":{"origin":24058,"position":2},"title":"IGC prev\u00e9 un incremento en el consumo de arroz","author":"La Hora del Campo","date":"4 junio, 2020","format":false,"excerpt":"En su informe al cierre del mes de mayo el Consejo Internacional de Granos (IGC, por sus siglas en ingl\u00e9s) estim\u00f3 un crecimiento en el consumo de arroz a nivel mundial, debido principalmente al crecimiento demogr\u00e1fico. De acuerdo a la producci\u00f3n, la cosecha r\u00e9cord de la India contrasta con unas\u2026","rel":"","context":"En \u00abActualidad\u00bb","block_context":{"text":"Actualidad","link":"https:\/\/lahoradelcampo.com.uy\/site\/category\/actualidad\/"},"img":{"alt_text":"","src":"https:\/\/i0.wp.com\/lahoradelcampo.com.uy\/site\/wp-content\/uploads\/2018\/03\/Arroz-web.jpg?fit=880%2C440&ssl=1&resize=350%2C200","width":350,"height":200,"srcset":"https:\/\/i0.wp.com\/lahoradelcampo.com.uy\/site\/wp-content\/uploads\/2018\/03\/Arroz-web.jpg?fit=880%2C440&ssl=1&resize=350%2C200 1x, https:\/\/i0.wp.com\/lahoradelcampo.com.uy\/site\/wp-content\/uploads\/2018\/03\/Arroz-web.jpg?fit=880%2C440&ssl=1&resize=525%2C300 1.5x, https:\/\/i0.wp.com\/lahoradelcampo.com.uy\/site\/wp-content\/uploads\/2018\/03\/Arroz-web.jpg?fit=880%2C440&ssl=1&resize=700%2C400 2x"},"classes":[]},{"id":56446,"url":"https:\/\/lahoradelcampo.com.uy\/site\/caida-en-la-produccion-de-arroz-en-brasil-para-2025-26-segun-el-usda\/","url_meta":{"origin":24058,"position":3},"title":"Ca\u00edda en la producci\u00f3n de arroz en Brasil para 2025\/26 seg\u00fan el USDA","author":"La Hora del Campo","date":"5 agosto, 2025","format":false,"excerpt":"El Departamento de Agricultura de Estados Unidos (USDA) proyecta una producci\u00f3n de 11,324 millones de toneladas de arroz en c\u00e1scara en Brasil para la campa\u00f1a 2025\/26, lo que representa una ca\u00edda frente a los 12,059 millones de toneladas del ciclo anterior. Esto equivale a 7,7 millones de toneladas de arroz\u2026","rel":"","context":"En \u00abActualidad\u00bb","block_context":{"text":"Actualidad","link":"https:\/\/lahoradelcampo.com.uy\/site\/category\/actualidad\/"},"img":{"alt_text":"","src":"https:\/\/i0.wp.com\/lahoradelcampo.com.uy\/site\/wp-content\/uploads\/2018\/04\/Arroz.jpg?fit=880%2C440&ssl=1&resize=350%2C200","width":350,"height":200,"srcset":"https:\/\/i0.wp.com\/lahoradelcampo.com.uy\/site\/wp-content\/uploads\/2018\/04\/Arroz.jpg?fit=880%2C440&ssl=1&resize=350%2C200 1x, https:\/\/i0.wp.com\/lahoradelcampo.com.uy\/site\/wp-content\/uploads\/2018\/04\/Arroz.jpg?fit=880%2C440&ssl=1&resize=525%2C300 1.5x, https:\/\/i0.wp.com\/lahoradelcampo.com.uy\/site\/wp-content\/uploads\/2018\/04\/Arroz.jpg?fit=880%2C440&ssl=1&resize=700%2C400 2x"},"classes":[]},{"id":39307,"url":"https:\/\/lahoradelcampo.com.uy\/site\/el-cic-preve-una-produccion-historica-de-arroz-a-nivel-mundial\/","url_meta":{"origin":24058,"position":4},"title":"El CIC prev\u00e9 una producci\u00f3n hist\u00f3rica de arroz a nivel mundial","author":"La Hora del Campo","date":"22 febrero, 2022","format":false,"excerpt":"El Consejo Internacional de Cereales prev\u00e9 que la producci\u00f3n mundial de arroz 2021-2022 se reduzca en un mill\u00f3n de toneladas respecto a la proyecci\u00f3n del mes pasado, sin embargo el volumen previsto ser\u00eda de 510 millones de toneladas, un r\u00e9cord hist\u00f3rico, debido a cosechas m\u00e1s abundantes tanto en India como\u2026","rel":"","context":"En \u00abActualidad\u00bb","block_context":{"text":"Actualidad","link":"https:\/\/lahoradelcampo.com.uy\/site\/category\/actualidad\/"},"img":{"alt_text":"","src":"https:\/\/i0.wp.com\/lahoradelcampo.com.uy\/site\/wp-content\/uploads\/2021\/11\/Arroz-grano.jpg?fit=880%2C440&ssl=1&resize=350%2C200","width":350,"height":200,"srcset":"https:\/\/i0.wp.com\/lahoradelcampo.com.uy\/site\/wp-content\/uploads\/2021\/11\/Arroz-grano.jpg?fit=880%2C440&ssl=1&resize=350%2C200 1x, https:\/\/i0.wp.com\/lahoradelcampo.com.uy\/site\/wp-content\/uploads\/2021\/11\/Arroz-grano.jpg?fit=880%2C440&ssl=1&resize=525%2C300 1.5x, https:\/\/i0.wp.com\/lahoradelcampo.com.uy\/site\/wp-content\/uploads\/2021\/11\/Arroz-grano.jpg?fit=880%2C440&ssl=1&resize=700%2C400 2x"},"classes":[]},{"id":48141,"url":"https:\/\/lahoradelcampo.com.uy\/site\/produccion-mundial-de-arroz-caera-en-2022-23\/","url_meta":{"origin":24058,"position":5},"title":"Producci\u00f3n mundial de arroz caer\u00e1 en 2022\/23","author":"La Hora del Campo","date":"18 enero, 2023","format":false,"excerpt":"En la pasada semana, el Departamento de Agricultura de los Estados Unidos (USDA, por sus siglas en ingl\u00e9s), dio a conocer sus estimaciones para la producci\u00f3n mundial de los granos, entre ellos el arroz. Puntualmente para el cereal, la estimaci\u00f3n fue ubicada en 502,97 millones de toneladas en la zafra\u2026","rel":"","context":"En \u00abActualidad\u00bb","block_context":{"text":"Actualidad","link":"https:\/\/lahoradelcampo.com.uy\/site\/category\/actualidad\/"},"img":{"alt_text":"","src":"https:\/\/i0.wp.com\/lahoradelcampo.com.uy\/site\/wp-content\/uploads\/2018\/03\/Arroz-web.jpg?fit=880%2C440&ssl=1&resize=350%2C200","width":350,"height":200,"srcset":"https:\/\/i0.wp.com\/lahoradelcampo.com.uy\/site\/wp-content\/uploads\/2018\/03\/Arroz-web.jpg?fit=880%2C440&ssl=1&resize=350%2C200 1x, https:\/\/i0.wp.com\/lahoradelcampo.com.uy\/site\/wp-content\/uploads\/2018\/03\/Arroz-web.jpg?fit=880%2C440&ssl=1&resize=525%2C300 1.5x, https:\/\/i0.wp.com\/lahoradelcampo.com.uy\/site\/wp-content\/uploads\/2018\/03\/Arroz-web.jpg?fit=880%2C440&ssl=1&resize=700%2C400 2x"},"classes":[]}],"jetpack_likes_enabled":true,"_links":{"self":[{"href":"https:\/\/lahoradelcampo.com.uy\/site\/wp-json\/wp\/v2\/posts\/24058","targetHints":{"allow":["GET"]}}],"collection":[{"href":"https:\/\/lahoradelcampo.com.uy\/site\/wp-json\/wp\/v2\/posts"}],"about":[{"href":"https:\/\/lahoradelcampo.com.uy\/site\/wp-json\/wp\/v2\/types\/post"}],"author":[{"embeddable":true,"href":"https:\/\/lahoradelcampo.com.uy\/site\/wp-json\/wp\/v2\/users\/5"}],"replies":[{"embeddable":true,"href":"https:\/\/lahoradelcampo.com.uy\/site\/wp-json\/wp\/v2\/comments?post=24058"}],"version-history":[{"count":1,"href":"https:\/\/lahoradelcampo.com.uy\/site\/wp-json\/wp\/v2\/posts\/24058\/revisions"}],"predecessor-version":[{"id":24060,"href":"https:\/\/lahoradelcampo.com.uy\/site\/wp-json\/wp\/v2\/posts\/24058\/revisions\/24060"}],"wp:featuredmedia":[{"embeddable":true,"href":"https:\/\/lahoradelcampo.com.uy\/site\/wp-json\/wp\/v2\/media\/4421"}],"wp:attachment":[{"href":"https:\/\/lahoradelcampo.com.uy\/site\/wp-json\/wp\/v2\/media?parent=24058"}],"wp:term":[{"taxonomy":"category","embeddable":true,"href":"https:\/\/lahoradelcampo.com.uy\/site\/wp-json\/wp\/v2\/categories?post=24058"},{"taxonomy":"post_tag","embeddable":true,"href":"https:\/\/lahoradelcampo.com.uy\/site\/wp-json\/wp\/v2\/tags?post=24058"}],"curies":[{"name":"wp","href":"https:\/\/api.w.org\/{rel}","templated":true}]}}