{"id":24054,"date":"2020-09-28T08:52:14","date_gmt":"2020-09-28T11:52:14","guid":{"rendered":"http:\/\/lahoradelcampo.com.uy\/site\/?p=24054"},"modified":"2020-09-28T08:52:32","modified_gmt":"2020-09-28T11:52:32","slug":"mas-corderos-con-menos-ovejas","status":"publish","type":"post","link":"https:\/\/lahoradelcampo.com.uy\/site\/mas-corderos-con-menos-ovejas\/","title":{"rendered":"M\u00e1s corderos con menos ovejas"},"content":{"rendered":"\n<figure class=\"wp-block-image\"><img data-recalc-dims=\"1\" loading=\"lazy\" decoding=\"async\" width=\"810\" height=\"405\" data-attachment-id=\"1921\" data-permalink=\"https:\/\/lahoradelcampo.com.uy\/site\/salto-es-el-departamento-con-mayor-cantidad-de-ovinos-en-el-pais\/ovinos\/\" data-orig-file=\"https:\/\/i0.wp.com\/lahoradelcampo.com.uy\/site\/wp-content\/uploads\/2017\/09\/Ovinos.jpg?fit=880%2C440&amp;ssl=1\" data-orig-size=\"880,440\" data-comments-opened=\"1\" data-image-meta=\"{&quot;aperture&quot;:&quot;0&quot;,&quot;credit&quot;:&quot;Vicente-Manuel-Tort&quot;,&quot;camera&quot;:&quot;&quot;,&quot;caption&quot;:&quot;&quot;,&quot;created_timestamp&quot;:&quot;0&quot;,&quot;copyright&quot;:&quot;Presidencia de la Republica - Sec.Com.Inst.&quot;,&quot;focal_length&quot;:&quot;0&quot;,&quot;iso&quot;:&quot;0&quot;,&quot;shutter_speed&quot;:&quot;0&quot;,&quot;title&quot;:&quot;&quot;,&quot;orientation&quot;:&quot;1&quot;}\" data-image-title=\"Ovinos\" data-image-description=\"\" data-image-caption=\"\" data-large-file=\"https:\/\/i0.wp.com\/lahoradelcampo.com.uy\/site\/wp-content\/uploads\/2017\/09\/Ovinos.jpg?fit=810%2C405&amp;ssl=1\" src=\"https:\/\/i0.wp.com\/lahoradelcampo.com.uy\/site\/wp-content\/uploads\/2017\/09\/Ovinos.jpg?resize=810%2C405\" alt=\"\" class=\"wp-image-1921\" srcset=\"https:\/\/i0.wp.com\/lahoradelcampo.com.uy\/site\/wp-content\/uploads\/2017\/09\/Ovinos.jpg?w=880&amp;ssl=1 880w, https:\/\/i0.wp.com\/lahoradelcampo.com.uy\/site\/wp-content\/uploads\/2017\/09\/Ovinos.jpg?resize=300%2C150&amp;ssl=1 300w, https:\/\/i0.wp.com\/lahoradelcampo.com.uy\/site\/wp-content\/uploads\/2017\/09\/Ovinos.jpg?resize=768%2C384&amp;ssl=1 768w, https:\/\/i0.wp.com\/lahoradelcampo.com.uy\/site\/wp-content\/uploads\/2017\/09\/Ovinos.jpg?resize=820%2C410&amp;ssl=1 820w\" sizes=\"auto, (max-width: 810px) 100vw, 810px\" \/><\/figure>\n\n\n\n<p>El Instituto Nacional de Investigaci\u00f3n Agropecuaria (INIA) convoca a la actividad destacada \u00abMisi\u00f3n Prol\u00edfica: M\u00e1s corderos con menos ovejas\u00bb que se realizar\u00e1 el pr\u00f3ximo jueves 1 de octubre de 2020 a partir de la hora 9:00 a trav\u00e9s del canal de Youtube de la instituci\u00f3n. En dicha actividad est\u00e1 previsto la presentaci\u00f3n de resultados de la investigaci\u00f3n y experiencias de productores en la utilizaci\u00f3n de biotipos prol\u00edficos. <br><\/p>\n\n\n\n<p>En el programa est\u00e1 previsto un informe del Ing. Agr. Fabio Montossi sobre el desarrollo de los biotipos prol\u00edficos en el pa\u00eds, mientras que el Ing. Gabriel Ciappesoni presentar\u00e1 los resultados. Adem\u00e1s la Dra. Georgette Banchero presentar\u00e1 los datos reproductivos y el Ing. Marcos Garc\u00eda Pintos del SUL presentar\u00e1 el paquete tecnol\u00f3gico asociado a estos biotipos productivos. <br><\/p>\n\n\n\n<p>En el segundo m\u00f3dulo de la jornada los productores Rafael Gallinal y Amaro Nadal presentaran sus experiencias en la utilizaci\u00f3n del Corriedale Pro y Meril\u00edn Plus respectivamente. Al cierre de la actividad la Ing. Ethel Barrios de INIA presentar\u00e1 los resultados de la investigaci\u00f3n en m\u00f3dulos de producci\u00f3n intensiva. <br><\/p>\n\n\n\n<p>La actividad es coordinada con INIA, el SUL y Central Lanera Uruguaya. Las inscripciones se pueden realizar en la p\u00e1gina web www.inia.uy. La misma es sin costo.<\/p>\n\n\n\n<p style=\"text-align:right\"><strong>Salto, 28 de setiembre de 2020<\/strong><\/p>\n","protected":false},"excerpt":{"rendered":"<p>El Instituto Nacional de Investigaci\u00f3n Agropecuaria (INIA) convoca a la actividad destacada \u00abMisi\u00f3n Prol\u00edfica: M\u00e1s corderos con menos ovejas\u00bb que se realizar\u00e1 el pr\u00f3ximo jueves 1 de octubre de 2020 [&hellip;]<\/p>\n","protected":false},"author":5,"featured_media":1921,"comment_status":"open","ping_status":"open","sticky":false,"template":"","format":"standard","meta":{"_price":"","_stock":"","_tribe_ticket_header":"","_tribe_default_ticket_provider":"","_tribe_ticket_capacity":"0","_ticket_start_date":"","_ticket_end_date":"","_tribe_ticket_show_description":"","_tribe_ticket_show_not_going":false,"_tribe_ticket_use_global_stock":"","_tribe_ticket_global_stock_level":"","_global_stock_mode":"","_global_stock_cap":"","_tribe_rsvp_for_event":"","_tribe_ticket_going_count":"","_tribe_ticket_not_going_count":"","_tribe_tickets_list":"[]","_tribe_ticket_has_attendee_info_fields":false,"h5ap_radio_sources":[],"_jetpack_newsletter_access":"","_jetpack_dont_email_post_to_subs":false,"_jetpack_newsletter_tier_id":0,"_jetpack_memberships_contains_paywalled_content":false,"_jetpack_memberships_contains_paid_content":false,"footnotes":""},"categories":[21,5],"tags":[],"class_list":["post-24054","post","type-post","status-publish","format-standard","has-post-thumbnail","hentry","category-actualidad","category-ganaderia"],"jetpack_featured_media_url":"https:\/\/i0.wp.com\/lahoradelcampo.com.uy\/site\/wp-content\/uploads\/2017\/09\/Ovinos.jpg?fit=880%2C440&ssl=1","jetpack_sharing_enabled":true,"jetpack_shortlink":"https:\/\/wp.me\/p99IaT-6fY","jetpack-related-posts":[{"id":54851,"url":"https:\/\/lahoradelcampo.com.uy\/site\/las-lanas-mas-finas-pueden-implicar-biotipos-menos-resistentes\/","url_meta":{"origin":24054,"position":0},"title":"\u00abLas lanas m\u00e1s finas pueden implicar biotipos menos resistentes\u00bb","author":"La Hora del Campo","date":"11 octubre, 2024","format":false,"excerpt":"Conocidos los datos de la declaraci\u00f3n jurada de Dicose, se observ\u00f3 un nuevo descenso del stock ovino y el mayor volumen de estos contin\u00faa ubic\u00e1ndose en los departamentos de Salto, Artigas y Paysand\u00fa, donde predominan los sistemas laneros basados en las lanas finas y el merino en particular. El presidente\u2026","rel":"","context":"En \u00abActualidad\u00bb","block_context":{"text":"Actualidad","link":"https:\/\/lahoradelcampo.com.uy\/site\/category\/actualidad\/"},"img":{"alt_text":"","src":"https:\/\/i0.wp.com\/lahoradelcampo.com.uy\/site\/wp-content\/uploads\/2017\/10\/Merino-Australiano.jpg?fit=880%2C440&ssl=1&resize=350%2C200","width":350,"height":200,"srcset":"https:\/\/i0.wp.com\/lahoradelcampo.com.uy\/site\/wp-content\/uploads\/2017\/10\/Merino-Australiano.jpg?fit=880%2C440&ssl=1&resize=350%2C200 1x, https:\/\/i0.wp.com\/lahoradelcampo.com.uy\/site\/wp-content\/uploads\/2017\/10\/Merino-Australiano.jpg?fit=880%2C440&ssl=1&resize=525%2C300 1.5x, https:\/\/i0.wp.com\/lahoradelcampo.com.uy\/site\/wp-content\/uploads\/2017\/10\/Merino-Australiano.jpg?fit=880%2C440&ssl=1&resize=700%2C400 2x"},"classes":[]},{"id":4191,"url":"https:\/\/lahoradelcampo.com.uy\/site\/inia-presentara-resultados-en-investigacion-en-citricultura-en-salto\/","url_meta":{"origin":24054,"position":1},"title":"INIA presentar\u00e1 resultados en investigaci\u00f3n en citricultura en Salto","author":"La Hora del Campo","date":"24 noviembre, 2017","format":false,"excerpt":"Los d\u00edas 4 y 5 de diciembre se presentar\u00e1 en INIA Salto Grande los resultados en investigaci\u00f3n y desarrollo en citricultura, el Ing. Fernando Rivas director del programa nacional de investigaci\u00f3n en este rubro dijo que se trata de \"exponer los resultados cient\u00edficos y desarrollo tecnol\u00f3gico que se va generando\u2026","rel":"","context":"En \u00abActualidad\u00bb","block_context":{"text":"Actualidad","link":"https:\/\/lahoradelcampo.com.uy\/site\/category\/actualidad\/"},"img":{"alt_text":"","src":"https:\/\/i0.wp.com\/lahoradelcampo.com.uy\/site\/wp-content\/uploads\/2017\/11\/Rivas.jpg?fit=880%2C440&ssl=1&resize=350%2C200","width":350,"height":200,"srcset":"https:\/\/i0.wp.com\/lahoradelcampo.com.uy\/site\/wp-content\/uploads\/2017\/11\/Rivas.jpg?fit=880%2C440&ssl=1&resize=350%2C200 1x, https:\/\/i0.wp.com\/lahoradelcampo.com.uy\/site\/wp-content\/uploads\/2017\/11\/Rivas.jpg?fit=880%2C440&ssl=1&resize=525%2C300 1.5x, https:\/\/i0.wp.com\/lahoradelcampo.com.uy\/site\/wp-content\/uploads\/2017\/11\/Rivas.jpg?fit=880%2C440&ssl=1&resize=700%2C400 2x"},"classes":[]},{"id":46749,"url":"https:\/\/lahoradelcampo.com.uy\/site\/sul-presentara-en-salto-resultados-sobre-produccion-de-lanas-finas\/","url_meta":{"origin":24054,"position":2},"title":"SUL presentar\u00e1 en Salto resultados sobre producci\u00f3n de lanas finas","author":"La Hora del Campo","date":"3 noviembre, 2022","format":false,"excerpt":"El Centro de Innovaci\u00f3n y Capacitaci\u00f3n Ovina, Ing. Mario Azzarini (CICOMA) del Secretariado Uruguayo de la Lana (SUL) ubicado en Colonia Lavalleja, Salto, realiz\u00f3 una jornada sobre producci\u00f3n de carne ovina con el Corriedale Pro, donde se marc\u00f3 un 140% de se\u00f1alada, que fue la primera parte de la jornada\u2026","rel":"","context":"En \u00abActualidad\u00bb","block_context":{"text":"Actualidad","link":"https:\/\/lahoradelcampo.com.uy\/site\/category\/actualidad\/"},"img":{"alt_text":"","src":"https:\/\/i0.wp.com\/lahoradelcampo.com.uy\/site\/wp-content\/uploads\/2022\/11\/ovinos12.jpg?fit=880%2C440&ssl=1&resize=350%2C200","width":350,"height":200,"srcset":"https:\/\/i0.wp.com\/lahoradelcampo.com.uy\/site\/wp-content\/uploads\/2022\/11\/ovinos12.jpg?fit=880%2C440&ssl=1&resize=350%2C200 1x, https:\/\/i0.wp.com\/lahoradelcampo.com.uy\/site\/wp-content\/uploads\/2022\/11\/ovinos12.jpg?fit=880%2C440&ssl=1&resize=525%2C300 1.5x, https:\/\/i0.wp.com\/lahoradelcampo.com.uy\/site\/wp-content\/uploads\/2022\/11\/ovinos12.jpg?fit=880%2C440&ssl=1&resize=700%2C400 2x"},"classes":[]},{"id":11045,"url":"https:\/\/lahoradelcampo.com.uy\/site\/jornada-sobre-animales-de-guarda-para-la-majada-en-colonia-lavalleja\/","url_meta":{"origin":24054,"position":3},"title":"Jornada sobre animales de guarda para la majada en Colonia Lavalleja","author":"La Hora del Campo","date":"23 mayo, 2019","format":false,"excerpt":"El pr\u00f3ximo lunes 27 de mayo, a las 14:00 horas, se realizar\u00e1 la actividad prevista sobre animales de guarda para la majada, como lo son los perros maremma y las burras. Esta actividad se hab\u00eda previsto en primera instancia para el d\u00eda martes 21 de mayo, pero debido al paro\u2026","rel":"","context":"En \u00abActualidad\u00bb","block_context":{"text":"Actualidad","link":"https:\/\/lahoradelcampo.com.uy\/site\/category\/actualidad\/"},"img":{"alt_text":"","src":"https:\/\/i0.wp.com\/lahoradelcampo.com.uy\/site\/wp-content\/uploads\/2019\/05\/Burras.jpg?fit=880%2C440&ssl=1&resize=350%2C200","width":350,"height":200,"srcset":"https:\/\/i0.wp.com\/lahoradelcampo.com.uy\/site\/wp-content\/uploads\/2019\/05\/Burras.jpg?fit=880%2C440&ssl=1&resize=350%2C200 1x, https:\/\/i0.wp.com\/lahoradelcampo.com.uy\/site\/wp-content\/uploads\/2019\/05\/Burras.jpg?fit=880%2C440&ssl=1&resize=525%2C300 1.5x, https:\/\/i0.wp.com\/lahoradelcampo.com.uy\/site\/wp-content\/uploads\/2019\/05\/Burras.jpg?fit=880%2C440&ssl=1&resize=700%2C400 2x"},"classes":[]},{"id":20752,"url":"https:\/\/lahoradelcampo.com.uy\/site\/sul-anuncio-actividades-virtuales-para-junio\/","url_meta":{"origin":24054,"position":4},"title":"SUL anunci\u00f3 actividades virtuales para junio","author":"La Hora del Campo","date":"10 junio, 2020","format":false,"excerpt":"El Secretariado Uruguayo de la Lana (SUL) dio a conocer una agenda de actividades programadas para este mes de junio, de forma virtual a trav\u00e9s del canal de Youtube de la propia instituci\u00f3n, as\u00ed como tambi\u00e9n en el canal de INIA en lo que respecta a la actividad en conjunto\u2026","rel":"","context":"En \u00abActualidad\u00bb","block_context":{"text":"Actualidad","link":"https:\/\/lahoradelcampo.com.uy\/site\/category\/actualidad\/"},"img":{"alt_text":"","src":"https:\/\/i0.wp.com\/lahoradelcampo.com.uy\/site\/wp-content\/uploads\/2020\/06\/ovinos.jpg?fit=880%2C440&ssl=1&resize=350%2C200","width":350,"height":200,"srcset":"https:\/\/i0.wp.com\/lahoradelcampo.com.uy\/site\/wp-content\/uploads\/2020\/06\/ovinos.jpg?fit=880%2C440&ssl=1&resize=350%2C200 1x, https:\/\/i0.wp.com\/lahoradelcampo.com.uy\/site\/wp-content\/uploads\/2020\/06\/ovinos.jpg?fit=880%2C440&ssl=1&resize=525%2C300 1.5x, https:\/\/i0.wp.com\/lahoradelcampo.com.uy\/site\/wp-content\/uploads\/2020\/06\/ovinos.jpg?fit=880%2C440&ssl=1&resize=700%2C400 2x"},"classes":[]},{"id":32992,"url":"https:\/\/lahoradelcampo.com.uy\/site\/el-6to-taller-de-diagnosticos-de-gestacion-en-ovinos-tendra-foco-un-ano-mellicero\/","url_meta":{"origin":24054,"position":5},"title":"El 6to taller de diagn\u00f3sticos de gestaci\u00f3n en ovinos tendr\u00e1 foco \u00abun a\u00f1o mellicero\u00bb","author":"La Hora del Campo","date":"12 agosto, 2021","format":false,"excerpt":"El pr\u00f3ximo jueves 19 de agosto, el Instituto Nacional de Investigaci\u00f3n Agropecuaria (INIA) desarrollar\u00e1 el 6to Taller de diagn\u00f3sticos de gestaci\u00f3n en ovinos, que ser\u00e1 transmitido a trav\u00e9s de su canal de Youtube a partir de las 16 horas. Dicho encuentro contar\u00e1 con dos partes bien definidas, la primera ser\u00e1\u2026","rel":"","context":"En \u00abActualidad\u00bb","block_context":{"text":"Actualidad","link":"https:\/\/lahoradelcampo.com.uy\/site\/category\/actualidad\/"},"img":{"alt_text":"","src":"https:\/\/i0.wp.com\/lahoradelcampo.com.uy\/site\/wp-content\/uploads\/2021\/08\/georgget-banchero.jpg?fit=880%2C440&ssl=1&resize=350%2C200","width":350,"height":200,"srcset":"https:\/\/i0.wp.com\/lahoradelcampo.com.uy\/site\/wp-content\/uploads\/2021\/08\/georgget-banchero.jpg?fit=880%2C440&ssl=1&resize=350%2C200 1x, https:\/\/i0.wp.com\/lahoradelcampo.com.uy\/site\/wp-content\/uploads\/2021\/08\/georgget-banchero.jpg?fit=880%2C440&ssl=1&resize=525%2C300 1.5x, https:\/\/i0.wp.com\/lahoradelcampo.com.uy\/site\/wp-content\/uploads\/2021\/08\/georgget-banchero.jpg?fit=880%2C440&ssl=1&resize=700%2C400 2x"},"classes":[]}],"jetpack_likes_enabled":true,"_links":{"self":[{"href":"https:\/\/lahoradelcampo.com.uy\/site\/wp-json\/wp\/v2\/posts\/24054","targetHints":{"allow":["GET"]}}],"collection":[{"href":"https:\/\/lahoradelcampo.com.uy\/site\/wp-json\/wp\/v2\/posts"}],"about":[{"href":"https:\/\/lahoradelcampo.com.uy\/site\/wp-json\/wp\/v2\/types\/post"}],"author":[{"embeddable":true,"href":"https:\/\/lahoradelcampo.com.uy\/site\/wp-json\/wp\/v2\/users\/5"}],"replies":[{"embeddable":true,"href":"https:\/\/lahoradelcampo.com.uy\/site\/wp-json\/wp\/v2\/comments?post=24054"}],"version-history":[{"count":1,"href":"https:\/\/lahoradelcampo.com.uy\/site\/wp-json\/wp\/v2\/posts\/24054\/revisions"}],"predecessor-version":[{"id":24056,"href":"https:\/\/lahoradelcampo.com.uy\/site\/wp-json\/wp\/v2\/posts\/24054\/revisions\/24056"}],"wp:featuredmedia":[{"embeddable":true,"href":"https:\/\/lahoradelcampo.com.uy\/site\/wp-json\/wp\/v2\/media\/1921"}],"wp:attachment":[{"href":"https:\/\/lahoradelcampo.com.uy\/site\/wp-json\/wp\/v2\/media?parent=24054"}],"wp:term":[{"taxonomy":"category","embeddable":true,"href":"https:\/\/lahoradelcampo.com.uy\/site\/wp-json\/wp\/v2\/categories?post=24054"},{"taxonomy":"post_tag","embeddable":true,"href":"https:\/\/lahoradelcampo.com.uy\/site\/wp-json\/wp\/v2\/tags?post=24054"}],"curies":[{"name":"wp","href":"https:\/\/api.w.org\/{rel}","templated":true}]}}