{"id":24048,"date":"2020-09-28T08:48:20","date_gmt":"2020-09-28T11:48:20","guid":{"rendered":"http:\/\/lahoradelcampo.com.uy\/site\/?p=24048"},"modified":"2020-09-28T08:48:37","modified_gmt":"2020-09-28T11:48:37","slug":"sul-recurre-a-linea-de-credito-ante-caida-de-las-exportaciones-de-lana","status":"publish","type":"post","link":"https:\/\/lahoradelcampo.com.uy\/site\/sul-recurre-a-linea-de-credito-ante-caida-de-las-exportaciones-de-lana\/","title":{"rendered":"SUL recurre a l\u00ednea de cr\u00e9dito ante ca\u00edda de las exportaciones de lana"},"content":{"rendered":"\n<figure class=\"wp-block-image\"><img data-recalc-dims=\"1\" loading=\"lazy\" decoding=\"async\" width=\"810\" height=\"405\" data-attachment-id=\"24050\" data-permalink=\"https:\/\/lahoradelcampo.com.uy\/site\/sul-recurre-a-linea-de-credito-ante-caida-de-las-exportaciones-de-lana\/volonte-3\/\" data-orig-file=\"https:\/\/i0.wp.com\/lahoradelcampo.com.uy\/site\/wp-content\/uploads\/2020\/09\/Volonte.jpg?fit=880%2C440&amp;ssl=1\" data-orig-size=\"880,440\" data-comments-opened=\"1\" data-image-meta=\"{&quot;aperture&quot;:&quot;0&quot;,&quot;credit&quot;:&quot;&quot;,&quot;camera&quot;:&quot;&quot;,&quot;caption&quot;:&quot;&quot;,&quot;created_timestamp&quot;:&quot;0&quot;,&quot;copyright&quot;:&quot;&quot;,&quot;focal_length&quot;:&quot;0&quot;,&quot;iso&quot;:&quot;0&quot;,&quot;shutter_speed&quot;:&quot;0&quot;,&quot;title&quot;:&quot;&quot;,&quot;orientation&quot;:&quot;1&quot;}\" data-image-title=\"Volonte\" data-image-description=\"\" data-image-caption=\"\" data-large-file=\"https:\/\/i0.wp.com\/lahoradelcampo.com.uy\/site\/wp-content\/uploads\/2020\/09\/Volonte.jpg?fit=810%2C405&amp;ssl=1\" src=\"https:\/\/i0.wp.com\/lahoradelcampo.com.uy\/site\/wp-content\/uploads\/2020\/09\/Volonte.jpg?resize=810%2C405\" alt=\"\" class=\"wp-image-24050\" srcset=\"https:\/\/i0.wp.com\/lahoradelcampo.com.uy\/site\/wp-content\/uploads\/2020\/09\/Volonte.jpg?w=880&amp;ssl=1 880w, https:\/\/i0.wp.com\/lahoradelcampo.com.uy\/site\/wp-content\/uploads\/2020\/09\/Volonte.jpg?resize=300%2C150&amp;ssl=1 300w, https:\/\/i0.wp.com\/lahoradelcampo.com.uy\/site\/wp-content\/uploads\/2020\/09\/Volonte.jpg?resize=768%2C384&amp;ssl=1 768w, https:\/\/i0.wp.com\/lahoradelcampo.com.uy\/site\/wp-content\/uploads\/2020\/09\/Volonte.jpg?resize=820%2C410&amp;ssl=1 820w\" sizes=\"auto, (max-width: 810px) 100vw, 810px\" \/><\/figure>\n\n\n\n<p>Las ventas de lana al exterior han disminuido fuertemente en este \u00faltimo a\u00f1o, teniendo en cuenta el impacto que ha generado la pandemia en el mundo de la moda y principalmente en el mercado lanero. Al igual que las industrias laneras, que atraviesan momentos cr\u00edticos por sus bajas ventas al exterior, el Secretariado Uruguayo de la Lana depende de dichas ventas para financiarse. <br><\/p>\n\n\n\n<p>Frente a esta situaci\u00f3n consultamos al Ing. Agr. Romeo Volont\u00e9, gerente de la instituci\u00f3n, sobre la situaci\u00f3n de la instituci\u00f3n. \u00abEstamos haciendo maravillas, creo que como en toda familia, el SUL est\u00e1 apelando a la reserva que felizmente ten\u00eda el instituto por buenas administraciones y gestiones de a\u00f1os anteriores\u00bb explic\u00f3. <br><\/p>\n\n\n\n<p>Recordemos que en la administraci\u00f3n anterior, se defini\u00f3 la venta de la sede ubicada en la Rambla Baltasar Brum, y la adquisici\u00f3n un nuevo local y la compra del campo en el norte del pa\u00eds. Adem\u00e1s se logr\u00f3 hacer una importante reserva econ\u00f3mica. <br><\/p>\n\n\n\n<p>Volont\u00e9 dijo que a pesar de la situaci\u00f3n econ\u00f3mica, la directiva del SUL envi\u00f3 un mensaje a sus t\u00e9cnicos de \u00abque ahora m\u00e1s que nunca hay que estar al lado del productor\u00bb y se le solicit\u00f3 a los mismos a \u00abredoblar el esfuerzo\u00bb. <br><\/p>\n\n\n\n<p>El profesional dijo que adem\u00e1s de la utilizaci\u00f3n de los recursos propios, se recurri\u00f3 a \u00abalternativas de financiaci\u00f3n que la instituci\u00f3n tiene con el Banco Rep\u00fablica\u00bb. Volont\u00e9 dijo que la instituci\u00f3n financiera \u00abnos ha ayudado, porque se entiende la l\u00f3gica que esa lana va a salir, se va a exportar y se va estar cobrando en alg\u00fan momento\u00bb. <br><\/p>\n\n\n\n<p>Tambi\u00e9n se est\u00e1 trabajando puertas adentro, \u00abhaciendo todos los esfuerzos para ser lo m\u00e1s eficiente posible en los recursos\u00bb. El gerente del SUL explic\u00f3 que la pandemia de alguna manera tambi\u00e9n ha permitido disminuir costos ante la ausencia de actividades presenciales. \u00abLa realidad que hemos podido mantenernos, todav\u00eda tenemos unos meses por delante y esperemos que esto se empiece a destrabar\u00bb.<\/p>\n\n\n\n<p style=\"text-align:right\"><strong>Salto, 28 de setiembre de 2020<\/strong><\/p>\n","protected":false},"excerpt":{"rendered":"<p>Las ventas de lana al exterior han disminuido fuertemente en este \u00faltimo a\u00f1o, teniendo en cuenta el impacto que ha generado la pandemia en el mundo de la moda y [&hellip;]<\/p>\n","protected":false},"author":5,"featured_media":24050,"comment_status":"open","ping_status":"open","sticky":false,"template":"","format":"standard","meta":{"_price":"","_stock":"","_tribe_ticket_header":"","_tribe_default_ticket_provider":"","_tribe_ticket_capacity":"0","_ticket_start_date":"","_ticket_end_date":"","_tribe_ticket_show_description":"","_tribe_ticket_show_not_going":false,"_tribe_ticket_use_global_stock":"","_tribe_ticket_global_stock_level":"","_global_stock_mode":"","_global_stock_cap":"","_tribe_rsvp_for_event":"","_tribe_ticket_going_count":"","_tribe_ticket_not_going_count":"","_tribe_tickets_list":"[]","_tribe_ticket_has_attendee_info_fields":false,"h5ap_radio_sources":[],"_jetpack_newsletter_access":"","_jetpack_dont_email_post_to_subs":false,"_jetpack_newsletter_tier_id":0,"_jetpack_memberships_contains_paywalled_content":false,"_jetpack_memberships_contains_paid_content":false,"footnotes":""},"categories":[21,5],"tags":[],"class_list":["post-24048","post","type-post","status-publish","format-standard","has-post-thumbnail","hentry","category-actualidad","category-ganaderia"],"jetpack_featured_media_url":"https:\/\/i0.wp.com\/lahoradelcampo.com.uy\/site\/wp-content\/uploads\/2020\/09\/Volonte.jpg?fit=880%2C440&ssl=1","jetpack_sharing_enabled":true,"jetpack_shortlink":"https:\/\/wp.me\/p99IaT-6fS","jetpack-related-posts":[{"id":16134,"url":"https:\/\/lahoradelcampo.com.uy\/site\/miguel-sanguinetti-la-lana-esta-trancada-en-su-comercializacion\/","url_meta":{"origin":24048,"position":0},"title":"Miguel Sanguinetti: La lana esta trancada en su comercializaci\u00f3n","author":"La Hora del Campo","date":"29 noviembre, 2019","format":false,"excerpt":"Sobre la situaci\u00f3n del rubro, el presidente del SUL reconoci\u00f3 que en los \u00faltimos tres a cuatro meses \u201cvenimos con una trancadera en la comercializaci\u00f3n de la lana, con precios que se han tenido que ir reacomodando. El productor que ha podido no ha vendido, aunque lamentablemente algunos por problemas\u2026","rel":"","context":"En \u00abActualidad\u00bb","block_context":{"text":"Actualidad","link":"https:\/\/lahoradelcampo.com.uy\/site\/category\/actualidad\/"},"img":{"alt_text":"","src":"https:\/\/i0.wp.com\/lahoradelcampo.com.uy\/site\/wp-content\/uploads\/2019\/11\/Sanguinetti.jpg?fit=880%2C440&ssl=1&resize=350%2C200","width":350,"height":200,"srcset":"https:\/\/i0.wp.com\/lahoradelcampo.com.uy\/site\/wp-content\/uploads\/2019\/11\/Sanguinetti.jpg?fit=880%2C440&ssl=1&resize=350%2C200 1x, https:\/\/i0.wp.com\/lahoradelcampo.com.uy\/site\/wp-content\/uploads\/2019\/11\/Sanguinetti.jpg?fit=880%2C440&ssl=1&resize=525%2C300 1.5x, https:\/\/i0.wp.com\/lahoradelcampo.com.uy\/site\/wp-content\/uploads\/2019\/11\/Sanguinetti.jpg?fit=880%2C440&ssl=1&resize=700%2C400 2x"},"classes":[]},{"id":7205,"url":"https:\/\/lahoradelcampo.com.uy\/site\/ventas-de-lana-crecieron-un-134\/","url_meta":{"origin":24048,"position":1},"title":"Ventas de lana crecieron un 13,4%","author":"La Hora del Campo","date":"16 mayo, 2018","format":false,"excerpt":"La actual zafra lanera se ha caracterizado por una fuerte demanda del mercado internacional, con precios al alza principalmente en las lanas finas, lo que ha llevado a una mejora en la exportaci\u00f3n de este producto en el a\u00f1o m\u00f3vil mayo 2017 a abril de 2018. En total se exportaron\u2026","rel":"","context":"En \u00abActualidad\u00bb","block_context":{"text":"Actualidad","link":"https:\/\/lahoradelcampo.com.uy\/site\/category\/actualidad\/"},"img":{"alt_text":"","src":"https:\/\/i0.wp.com\/lahoradelcampo.com.uy\/site\/wp-content\/uploads\/2018\/05\/Lana-s.jpg?fit=880%2C440&ssl=1&resize=350%2C200","width":350,"height":200,"srcset":"https:\/\/i0.wp.com\/lahoradelcampo.com.uy\/site\/wp-content\/uploads\/2018\/05\/Lana-s.jpg?fit=880%2C440&ssl=1&resize=350%2C200 1x, https:\/\/i0.wp.com\/lahoradelcampo.com.uy\/site\/wp-content\/uploads\/2018\/05\/Lana-s.jpg?fit=880%2C440&ssl=1&resize=525%2C300 1.5x, https:\/\/i0.wp.com\/lahoradelcampo.com.uy\/site\/wp-content\/uploads\/2018\/05\/Lana-s.jpg?fit=880%2C440&ssl=1&resize=700%2C400 2x"},"classes":[]},{"id":17472,"url":"https:\/\/lahoradelcampo.com.uy\/site\/la-asociacion-agropecuaria-de-artigas-homenajeo-al-dr-adolfo-casaretto-del-sul\/","url_meta":{"origin":24048,"position":2},"title":"La Asociaci\u00f3n Agropecuaria de Artigas homenaje\u00f3 al Dr. Adolfo Casaretto del SUL","author":"La Hora del Campo","date":"18 febrero, 2020","format":false,"excerpt":"El Dr. Adolfo Casaretto se retira el pr\u00f3ximo 5 de marzo del Secretariado Uruguayo de la Lana, debido a que ha llegado a una edad en la cual la instituci\u00f3n ha establecido que los t\u00e9cnicos deben retirarse de la misma. Por lo tanto est\u00e1 es una de las \u00faltimas actividades\u2026","rel":"","context":"En \u00abActualidad\u00bb","block_context":{"text":"Actualidad","link":"https:\/\/lahoradelcampo.com.uy\/site\/category\/actualidad\/"},"img":{"alt_text":"","src":"https:\/\/i0.wp.com\/lahoradelcampo.com.uy\/site\/wp-content\/uploads\/2020\/02\/AAACasaretto.jpg?fit=880%2C440&ssl=1&resize=350%2C200","width":350,"height":200,"srcset":"https:\/\/i0.wp.com\/lahoradelcampo.com.uy\/site\/wp-content\/uploads\/2020\/02\/AAACasaretto.jpg?fit=880%2C440&ssl=1&resize=350%2C200 1x, https:\/\/i0.wp.com\/lahoradelcampo.com.uy\/site\/wp-content\/uploads\/2020\/02\/AAACasaretto.jpg?fit=880%2C440&ssl=1&resize=525%2C300 1.5x, https:\/\/i0.wp.com\/lahoradelcampo.com.uy\/site\/wp-content\/uploads\/2020\/02\/AAACasaretto.jpg?fit=880%2C440&ssl=1&resize=700%2C400 2x"},"classes":[]},{"id":16816,"url":"https:\/\/lahoradelcampo.com.uy\/site\/exportaciones-del-rubro-ovino-cayeron-un-16-en-2019\/","url_meta":{"origin":24048,"position":3},"title":"Exportaciones del rubro ovino cayeron un 16% en 2019","author":"La Hora del Campo","date":"10 enero, 2020","format":false,"excerpt":"El aumento de las exportaciones de carne ovina se diluye en la ca\u00edda que han registrado los diferentes productos que conforman el rubro ovino. Principalmente la baja de las ventas al exterior de lana y productos de lana, a las que se suman las bajas en pieles ovinas y animales\u2026","rel":"","context":"En \u00abActualidad\u00bb","block_context":{"text":"Actualidad","link":"https:\/\/lahoradelcampo.com.uy\/site\/category\/actualidad\/"},"img":{"alt_text":"","src":"https:\/\/i0.wp.com\/lahoradelcampo.com.uy\/site\/wp-content\/uploads\/2018\/03\/ovinos.jpg?fit=880%2C440&ssl=1&resize=350%2C200","width":350,"height":200,"srcset":"https:\/\/i0.wp.com\/lahoradelcampo.com.uy\/site\/wp-content\/uploads\/2018\/03\/ovinos.jpg?fit=880%2C440&ssl=1&resize=350%2C200 1x, https:\/\/i0.wp.com\/lahoradelcampo.com.uy\/site\/wp-content\/uploads\/2018\/03\/ovinos.jpg?fit=880%2C440&ssl=1&resize=525%2C300 1.5x, https:\/\/i0.wp.com\/lahoradelcampo.com.uy\/site\/wp-content\/uploads\/2018\/03\/ovinos.jpg?fit=880%2C440&ssl=1&resize=700%2C400 2x"},"classes":[]},{"id":29150,"url":"https:\/\/lahoradelcampo.com.uy\/site\/exportaciones-de-lana-caen-un-52-en-el-ultimo-ano-movil\/","url_meta":{"origin":24048,"position":4},"title":"Exportaciones de lana caen un 52% en el \u00faltimo a\u00f1o m\u00f3vil","author":"La Hora del Campo","date":"12 abril, 2021","format":false,"excerpt":"De acuerdo a la informaci\u00f3n suministrada por el Secretariado Uruguayo de la Lana (SUL) en su informe de exportaciones del rubro ovino, los ingresos por las ventas al exterior de lana y productos de lana descienden un 51,7% entre abril de 2020 y marzo de 2021, respecto a igual per\u00edodo\u2026","rel":"","context":"En \u00abActualidad\u00bb","block_context":{"text":"Actualidad","link":"https:\/\/lahoradelcampo.com.uy\/site\/category\/actualidad\/"},"img":{"alt_text":"","src":"https:\/\/i0.wp.com\/lahoradelcampo.com.uy\/site\/wp-content\/uploads\/2018\/05\/lana-2.jpg?fit=880%2C440&ssl=1&resize=350%2C200","width":350,"height":200,"srcset":"https:\/\/i0.wp.com\/lahoradelcampo.com.uy\/site\/wp-content\/uploads\/2018\/05\/lana-2.jpg?fit=880%2C440&ssl=1&resize=350%2C200 1x, https:\/\/i0.wp.com\/lahoradelcampo.com.uy\/site\/wp-content\/uploads\/2018\/05\/lana-2.jpg?fit=880%2C440&ssl=1&resize=525%2C300 1.5x, https:\/\/i0.wp.com\/lahoradelcampo.com.uy\/site\/wp-content\/uploads\/2018\/05\/lana-2.jpg?fit=880%2C440&ssl=1&resize=700%2C400 2x"},"classes":[]},{"id":48731,"url":"https:\/\/lahoradelcampo.com.uy\/site\/en-enero-disminuyeron-un-20-las-ventas-de-lana-al-exterior\/","url_meta":{"origin":24048,"position":5},"title":"En enero disminuyeron un 20% las ventas de lana al exterior","author":"La Hora del Campo","date":"14 febrero, 2023","format":false,"excerpt":"Con una ca\u00edda del 21% respecto a enero de 2022, las exportaciones de todo el rubro ovino, en enero de 2023, fueron de US$ 19,8. Los principales destinos fueron Italia y China en lanas, y China y Brasil en carnes. Exportaciones de Lana Las lanas exportadas en el primer mes\u2026","rel":"","context":"En \u00abActualidad\u00bb","block_context":{"text":"Actualidad","link":"https:\/\/lahoradelcampo.com.uy\/site\/category\/actualidad\/"},"img":{"alt_text":"","src":"https:\/\/i0.wp.com\/lahoradelcampo.com.uy\/site\/wp-content\/uploads\/2017\/11\/Lanas.jpg?fit=880%2C440&ssl=1&resize=350%2C200","width":350,"height":200,"srcset":"https:\/\/i0.wp.com\/lahoradelcampo.com.uy\/site\/wp-content\/uploads\/2017\/11\/Lanas.jpg?fit=880%2C440&ssl=1&resize=350%2C200 1x, https:\/\/i0.wp.com\/lahoradelcampo.com.uy\/site\/wp-content\/uploads\/2017\/11\/Lanas.jpg?fit=880%2C440&ssl=1&resize=525%2C300 1.5x, https:\/\/i0.wp.com\/lahoradelcampo.com.uy\/site\/wp-content\/uploads\/2017\/11\/Lanas.jpg?fit=880%2C440&ssl=1&resize=700%2C400 2x"},"classes":[]}],"jetpack_likes_enabled":true,"_links":{"self":[{"href":"https:\/\/lahoradelcampo.com.uy\/site\/wp-json\/wp\/v2\/posts\/24048","targetHints":{"allow":["GET"]}}],"collection":[{"href":"https:\/\/lahoradelcampo.com.uy\/site\/wp-json\/wp\/v2\/posts"}],"about":[{"href":"https:\/\/lahoradelcampo.com.uy\/site\/wp-json\/wp\/v2\/types\/post"}],"author":[{"embeddable":true,"href":"https:\/\/lahoradelcampo.com.uy\/site\/wp-json\/wp\/v2\/users\/5"}],"replies":[{"embeddable":true,"href":"https:\/\/lahoradelcampo.com.uy\/site\/wp-json\/wp\/v2\/comments?post=24048"}],"version-history":[{"count":1,"href":"https:\/\/lahoradelcampo.com.uy\/site\/wp-json\/wp\/v2\/posts\/24048\/revisions"}],"predecessor-version":[{"id":24052,"href":"https:\/\/lahoradelcampo.com.uy\/site\/wp-json\/wp\/v2\/posts\/24048\/revisions\/24052"}],"wp:featuredmedia":[{"embeddable":true,"href":"https:\/\/lahoradelcampo.com.uy\/site\/wp-json\/wp\/v2\/media\/24050"}],"wp:attachment":[{"href":"https:\/\/lahoradelcampo.com.uy\/site\/wp-json\/wp\/v2\/media?parent=24048"}],"wp:term":[{"taxonomy":"category","embeddable":true,"href":"https:\/\/lahoradelcampo.com.uy\/site\/wp-json\/wp\/v2\/categories?post=24048"},{"taxonomy":"post_tag","embeddable":true,"href":"https:\/\/lahoradelcampo.com.uy\/site\/wp-json\/wp\/v2\/tags?post=24048"}],"curies":[{"name":"wp","href":"https:\/\/api.w.org\/{rel}","templated":true}]}}