{"id":24018,"date":"2020-09-24T14:29:29","date_gmt":"2020-09-24T17:29:29","guid":{"rendered":"http:\/\/lahoradelcampo.com.uy\/site\/?p=24018"},"modified":"2020-09-24T14:29:44","modified_gmt":"2020-09-24T17:29:44","slug":"menos-reproductores-vendidos-en-el-prado-pero-se-pagaron-mejor-que-en-2019","status":"publish","type":"post","link":"https:\/\/lahoradelcampo.com.uy\/site\/menos-reproductores-vendidos-en-el-prado-pero-se-pagaron-mejor-que-en-2019\/","title":{"rendered":"Menos reproductores vendidos en el Prado, pero se pagaron mejor que en 2019"},"content":{"rendered":"\n<figure class=\"wp-block-image\"><img data-recalc-dims=\"1\" loading=\"lazy\" decoding=\"async\" width=\"810\" height=\"405\" data-attachment-id=\"23854\" data-permalink=\"https:\/\/lahoradelcampo.com.uy\/site\/san-rafael-obtuvo-el-precio-maximo-en-las-ventas-del-angus\/angussanrafael\/\" data-orig-file=\"https:\/\/i0.wp.com\/lahoradelcampo.com.uy\/site\/wp-content\/uploads\/2020\/09\/Angussanrafael.jpg?fit=880%2C440&amp;ssl=1\" data-orig-size=\"880,440\" data-comments-opened=\"1\" data-image-meta=\"{&quot;aperture&quot;:&quot;0&quot;,&quot;credit&quot;:&quot;&quot;,&quot;camera&quot;:&quot;&quot;,&quot;caption&quot;:&quot;&quot;,&quot;created_timestamp&quot;:&quot;0&quot;,&quot;copyright&quot;:&quot;&quot;,&quot;focal_length&quot;:&quot;0&quot;,&quot;iso&quot;:&quot;0&quot;,&quot;shutter_speed&quot;:&quot;0&quot;,&quot;title&quot;:&quot;&quot;,&quot;orientation&quot;:&quot;1&quot;}\" data-image-title=\"Angussanrafael\" data-image-description=\"\" data-image-caption=\"\" data-large-file=\"https:\/\/i0.wp.com\/lahoradelcampo.com.uy\/site\/wp-content\/uploads\/2020\/09\/Angussanrafael.jpg?fit=810%2C405&amp;ssl=1\" src=\"https:\/\/i0.wp.com\/lahoradelcampo.com.uy\/site\/wp-content\/uploads\/2020\/09\/Angussanrafael.jpg?resize=810%2C405\" alt=\"\" class=\"wp-image-23854\" srcset=\"https:\/\/i0.wp.com\/lahoradelcampo.com.uy\/site\/wp-content\/uploads\/2020\/09\/Angussanrafael.jpg?w=880&amp;ssl=1 880w, https:\/\/i0.wp.com\/lahoradelcampo.com.uy\/site\/wp-content\/uploads\/2020\/09\/Angussanrafael.jpg?resize=300%2C150&amp;ssl=1 300w, https:\/\/i0.wp.com\/lahoradelcampo.com.uy\/site\/wp-content\/uploads\/2020\/09\/Angussanrafael.jpg?resize=768%2C384&amp;ssl=1 768w, https:\/\/i0.wp.com\/lahoradelcampo.com.uy\/site\/wp-content\/uploads\/2020\/09\/Angussanrafael.jpg?resize=820%2C410&amp;ssl=1 820w\" sizes=\"auto, (max-width: 810px) 100vw, 810px\" \/><\/figure>\n\n\n\n<p>La Expo Prado sigue siendo el inicio de la zafra de reproductores, pero es un \u00e1mbito donde la comercializaci\u00f3n se limita a pocos reproductores pero con valores destacados debido a su potencial gen\u00e9tico. En este sentido y a diferencia de a\u00f1os anteriores, la pandemia impidi\u00f3 la llegada de compradores de la regi\u00f3n, que en el caso de los ovinos y los remates de elite, es normal ver caba\u00f1eros de Argentina, Brasil y Paraguay pujando en las pistas de ventas por la gen\u00e9tica uruguaya. <br><\/p>\n\n\n\n<p>Este a\u00f1o se se comercializaron 164 reproductores por un importe total de US$ 296.075. Respecto a 2019, hablamos de 28 reproductores menos, pero que se pagaron mejor frente a los 257.306 d\u00f3lares del a\u00f1o pasado. Vale se\u00f1alar que este a\u00f1o no se realizaron algunas de las ventas especiales nocturnas que tienen lugar cada a\u00f1o, como el remate Angus de Elite y el Madres Superiores Hereford. <br><\/p>\n\n\n\n<p>En los vacunos se vendieron 7 toros Polled Hereford con un m\u00e1ximo de U$S 7.700, m\u00ednimo de U$S 3.000 y U$S 4.378 de promedio. Se coloc\u00f3 un toro Hereford a U$S 6.000, y 7 servicios, por su orden, en 250, 100 y 183 d\u00f3lares. <\/p>\n\n\n\n<p>Adem\u00e1s se comercializaron 10 toros Angus (8.200, 2.900 y 4.410) y 4 hembras (2.200, 1.500 y 1.800), en Brangus un toro a 3.000 y 4,5 hembras en 8.400, 1.680 y 3.013: una hembra Charolais en 2.600 y dos toros Normando en 2.500 de valor medio.<br><\/p>\n\n\n\n<p>En Merilin se vendi\u00f3 1 carnero PI en 3.000; 4 carneros PO en 3.600 de m\u00e1ximo, 750 de m\u00ednimo y 1.962 de promedio, una hembra PI en 1.000 y 1 hembra PO en 750 d\u00f3lares. En la pista Corriedale se colocaron 5 carneros en 5.000 de m\u00e1ximo, 1.000 de m\u00ednimo y 2.600 de valor medio; otros 7 carneros PO en 4.000, 900 y 1.600, y una hembra PI en 420. <\/p>\n\n\n\n<p>En Texel un carnero PO se coloc\u00f3 en 2.500, 13 hembras en 600, 240 y 360, y 23,5 hembras de \u00e9lite en 3.360, 660 y 1.200. En Hampshire Down vendieron un carnero PI en 1.000, dos PO en 250 de valor medio y una hembra PO en 1.000. Un carnero Ideal PI se remat\u00f3 en 1.000, un carnero Suffolk PO en 800 y una hembra PI Poll Dorset en 750.<br><\/p>\n\n\n\n<p>Las ventas en suinos fueron en Cerdos H\u00edbridos 5 machos: 605, 350 y 465 y 2 hembras: 620, 510 y 565; en Duroc Jersey 5 machos a 630, 450 y 524; en Landrasse 1 hembra en 450; y en Large White 2 machos lograron 470, 400 y 435 y 2 hembras 570, 480 y 525.<\/p>\n\n\n\n<p style=\"text-align:right\"><strong>Salto, 24 de setiembre de 2020<\/strong><\/p>\n","protected":false},"excerpt":{"rendered":"<p>La Expo Prado sigue siendo el inicio de la zafra de reproductores, pero es un \u00e1mbito donde la comercializaci\u00f3n se limita a pocos reproductores pero con valores destacados debido a [&hellip;]<\/p>\n","protected":false},"author":5,"featured_media":23854,"comment_status":"open","ping_status":"open","sticky":false,"template":"","format":"standard","meta":{"_price":"","_stock":"","_tribe_ticket_header":"","_tribe_default_ticket_provider":"","_tribe_ticket_capacity":"0","_ticket_start_date":"","_ticket_end_date":"","_tribe_ticket_show_description":"","_tribe_ticket_show_not_going":false,"_tribe_ticket_use_global_stock":"","_tribe_ticket_global_stock_level":"","_global_stock_mode":"","_global_stock_cap":"","_tribe_rsvp_for_event":"","_tribe_ticket_going_count":"","_tribe_ticket_not_going_count":"","_tribe_tickets_list":"[]","_tribe_ticket_has_attendee_info_fields":false,"h5ap_radio_sources":[],"_jetpack_newsletter_access":"","_jetpack_dont_email_post_to_subs":false,"_jetpack_newsletter_tier_id":0,"_jetpack_memberships_contains_paywalled_content":false,"_jetpack_memberships_contains_paid_content":false,"footnotes":""},"categories":[21,5],"tags":[],"class_list":["post-24018","post","type-post","status-publish","format-standard","has-post-thumbnail","hentry","category-actualidad","category-ganaderia"],"jetpack_featured_media_url":"https:\/\/i0.wp.com\/lahoradelcampo.com.uy\/site\/wp-content\/uploads\/2020\/09\/Angussanrafael.jpg?fit=880%2C440&ssl=1","jetpack_sharing_enabled":true,"jetpack_shortlink":"https:\/\/wp.me\/p99IaT-6fo","jetpack-related-posts":[{"id":38925,"url":"https:\/\/lahoradelcampo.com.uy\/site\/arranco-la-zafra-de-reproductores-ovinos-en-el-norte\/","url_meta":{"origin":24018,"position":0},"title":"Arranc\u00f3 la zafra de reproductores ovinos en el norte","author":"La Hora del Campo","date":"7 febrero, 2022","format":false,"excerpt":"Comenz\u00f3 la zafra de reproductores con mucha selectividad en las pistas de remate. El viernes se registraron ventas en Artigas y Rivera, donde se comercializaron reproductores ovinos de distintas razas. Rivera En el caso de Rivera, el martillero Gast\u00f3n Araujo, llev\u00f3 adelante las ventas de \"Corriedale de Primera\" donde las\u2026","rel":"","context":"En \u00abActualidad\u00bb","block_context":{"text":"Actualidad","link":"https:\/\/lahoradelcampo.com.uy\/site\/category\/actualidad\/"},"img":{"alt_text":"","src":"https:\/\/i0.wp.com\/lahoradelcampo.com.uy\/site\/wp-content\/uploads\/2022\/02\/paradafari%C3%B1aovinos.jpg?fit=880%2C440&ssl=1&resize=350%2C200","width":350,"height":200,"srcset":"https:\/\/i0.wp.com\/lahoradelcampo.com.uy\/site\/wp-content\/uploads\/2022\/02\/paradafari%C3%B1aovinos.jpg?fit=880%2C440&ssl=1&resize=350%2C200 1x, https:\/\/i0.wp.com\/lahoradelcampo.com.uy\/site\/wp-content\/uploads\/2022\/02\/paradafari%C3%B1aovinos.jpg?fit=880%2C440&ssl=1&resize=525%2C300 1.5x, https:\/\/i0.wp.com\/lahoradelcampo.com.uy\/site\/wp-content\/uploads\/2022\/02\/paradafari%C3%B1aovinos.jpg?fit=880%2C440&ssl=1&resize=700%2C400 2x"},"classes":[]},{"id":14703,"url":"https:\/\/lahoradelcampo.com.uy\/site\/los-primeros-remates-de-la-zafra-de-toros-vienen-con-colocacion-total-en-la-pista\/","url_meta":{"origin":24018,"position":1},"title":"Los primeros remates de la zafra de toros vienen con colocaci\u00f3n total en la pista","author":"La Hora del Campo","date":"1 octubre, 2019","format":false,"excerpt":"El angus de Grumbacher, el hereford de Kiy\u00fa, el brangus de El Coraje, el senepol de El Cerro, lograron colocaci\u00f3n total en la pista durante las primeras subastas de la zafra y valores firmes y al alza respecto al a\u00f1o pasado. El angus de La Competencia de Grumbacher se coloc\u00f3\u2026","rel":"","context":"En \u00abActualidad\u00bb","block_context":{"text":"Actualidad","link":"https:\/\/lahoradelcampo.com.uy\/site\/category\/actualidad\/"},"img":{"alt_text":"","src":"https:\/\/i0.wp.com\/lahoradelcampo.com.uy\/site\/wp-content\/uploads\/2019\/10\/novilleros.jpg?fit=880%2C440&ssl=1&resize=350%2C200","width":350,"height":200,"srcset":"https:\/\/i0.wp.com\/lahoradelcampo.com.uy\/site\/wp-content\/uploads\/2019\/10\/novilleros.jpg?fit=880%2C440&ssl=1&resize=350%2C200 1x, https:\/\/i0.wp.com\/lahoradelcampo.com.uy\/site\/wp-content\/uploads\/2019\/10\/novilleros.jpg?fit=880%2C440&ssl=1&resize=525%2C300 1.5x, https:\/\/i0.wp.com\/lahoradelcampo.com.uy\/site\/wp-content\/uploads\/2019\/10\/novilleros.jpg?fit=880%2C440&ssl=1&resize=700%2C400 2x"},"classes":[]},{"id":14477,"url":"https:\/\/lahoradelcampo.com.uy\/site\/buenas-expectativas-para-la-zafra-de-toros-2019\/","url_meta":{"origin":24018,"position":2},"title":"Buenas expectativas para  la zafra de toros 2019","author":"La Hora del Campo","date":"24 septiembre, 2019","format":false,"excerpt":"El comienzo de la zafra de reproductores con las ventas de la reciente edici\u00f3n de la Expo Prado, fue con valores superiores al a\u00f1o pasado y una agilidad importante. En esta oportunidad se comercializaron 32 reproductores, un 4% menos que el a\u00f1o pasado, y con un promedio de US$ 4.859\u2026","rel":"","context":"En \u00abActualidad\u00bb","block_context":{"text":"Actualidad","link":"https:\/\/lahoradelcampo.com.uy\/site\/category\/actualidad\/"},"img":{"alt_text":"","src":"https:\/\/i0.wp.com\/lahoradelcampo.com.uy\/site\/wp-content\/uploads\/2017\/10\/Remate-Tierra-de-toros.jpg?fit=880%2C440&ssl=1&resize=350%2C200","width":350,"height":200,"srcset":"https:\/\/i0.wp.com\/lahoradelcampo.com.uy\/site\/wp-content\/uploads\/2017\/10\/Remate-Tierra-de-toros.jpg?fit=880%2C440&ssl=1&resize=350%2C200 1x, https:\/\/i0.wp.com\/lahoradelcampo.com.uy\/site\/wp-content\/uploads\/2017\/10\/Remate-Tierra-de-toros.jpg?fit=880%2C440&ssl=1&resize=525%2C300 1.5x, https:\/\/i0.wp.com\/lahoradelcampo.com.uy\/site\/wp-content\/uploads\/2017\/10\/Remate-Tierra-de-toros.jpg?fit=880%2C440&ssl=1&resize=700%2C400 2x"},"classes":[]},{"id":45823,"url":"https:\/\/lahoradelcampo.com.uy\/site\/cuanto-valdran-los-toros-esta-zafra-los-cabaneros-responden\/","url_meta":{"origin":24018,"position":3},"title":"\u00bfCu\u00e1nto valdr\u00e1n los toros esta zafra?  Los caba\u00f1eros responden","author":"La Hora del Campo","date":"26 septiembre, 2022","format":false,"excerpt":"Ya han comenzado a desarrollarse algunos remates de reproductores a nivel pa\u00eds, marcando en los primeros casos, subas de precios frente a la zafra anterior en el eje de un 30%, caso lo ocurrido en las ventas de la Sociedad de Criadores de Hereford en Kiy\u00fa y el remate de\u2026","rel":"","context":"En \u00abActualidad\u00bb","block_context":{"text":"Actualidad","link":"https:\/\/lahoradelcampo.com.uy\/site\/category\/actualidad\/"},"img":{"alt_text":"","src":"https:\/\/i0.wp.com\/lahoradelcampo.com.uy\/site\/wp-content\/uploads\/2020\/10\/zafratoros.jpg?fit=880%2C440&ssl=1&resize=350%2C200","width":350,"height":200,"srcset":"https:\/\/i0.wp.com\/lahoradelcampo.com.uy\/site\/wp-content\/uploads\/2020\/10\/zafratoros.jpg?fit=880%2C440&ssl=1&resize=350%2C200 1x, https:\/\/i0.wp.com\/lahoradelcampo.com.uy\/site\/wp-content\/uploads\/2020\/10\/zafratoros.jpg?fit=880%2C440&ssl=1&resize=525%2C300 1.5x, https:\/\/i0.wp.com\/lahoradelcampo.com.uy\/site\/wp-content\/uploads\/2020\/10\/zafratoros.jpg?fit=880%2C440&ssl=1&resize=700%2C400 2x"},"classes":[]},{"id":52921,"url":"https:\/\/lahoradelcampo.com.uy\/site\/salto-en-octubre-se-llevan-vendidos-439-toros-a-us-3-124-de-promedio\/","url_meta":{"origin":24018,"position":4},"title":"Salto: En octubre se llevan vendidos 439 toros a US$ 3.124 de promedio","author":"La Hora del Campo","date":"26 octubre, 2023","format":false,"excerpt":"La zafra de reproductores se adelant\u00f3 a nivel nacional, sin embargo en el departamento se mantuvo el inicio de la zafra luego de la exposici\u00f3n de Salto. A diferencia del a\u00f1o pasado se adelantaron las fechas y octubre cerr\u00f3 con las ventas en pista de reproductores este mi\u00e9rcoles 25, en\u2026","rel":"","context":"En \u00abActualidad\u00bb","block_context":{"text":"Actualidad","link":"https:\/\/lahoradelcampo.com.uy\/site\/category\/actualidad\/"},"img":{"alt_text":"","src":"https:\/\/i0.wp.com\/lahoradelcampo.com.uy\/site\/wp-content\/uploads\/2018\/05\/toros-hereford.jpg?fit=880%2C440&ssl=1&resize=350%2C200","width":350,"height":200,"srcset":"https:\/\/i0.wp.com\/lahoradelcampo.com.uy\/site\/wp-content\/uploads\/2018\/05\/toros-hereford.jpg?fit=880%2C440&ssl=1&resize=350%2C200 1x, https:\/\/i0.wp.com\/lahoradelcampo.com.uy\/site\/wp-content\/uploads\/2018\/05\/toros-hereford.jpg?fit=880%2C440&ssl=1&resize=525%2C300 1.5x, https:\/\/i0.wp.com\/lahoradelcampo.com.uy\/site\/wp-content\/uploads\/2018\/05\/toros-hereford.jpg?fit=880%2C440&ssl=1&resize=700%2C400 2x"},"classes":[]},{"id":2831,"url":"https:\/\/lahoradelcampo.com.uy\/site\/san-rafael-alcanzo-us-2-894-por-los-angus\/","url_meta":{"origin":24018,"position":5},"title":"San Rafael alcanz\u00f3 U$S 2.894 por los Angus","author":"La Hora del Campo","date":"17 octubre, 2017","format":false,"excerpt":"Caba\u00f1a San Rafael y Vasco Pampeano comercializaron en la jornada de ayer sus reproductores Angus y Polled Hereford, con colocaci\u00f3n parcial de la oferta de toros Hereford de dos a\u00f1os. Las ventas comenzaron con los vientres, coloc\u00e1ndose 5 vacas SA pre\u00f1adas a U$S 936 y 3 vaquillonas SA servidas a\u2026","rel":"","context":"En \u00abActualidad\u00bb","block_context":{"text":"Actualidad","link":"https:\/\/lahoradelcampo.com.uy\/site\/category\/actualidad\/"},"img":{"alt_text":"","src":"https:\/\/i0.wp.com\/lahoradelcampo.com.uy\/site\/wp-content\/uploads\/2017\/10\/San-Rafael.jpg?fit=880%2C440&ssl=1&resize=350%2C200","width":350,"height":200,"srcset":"https:\/\/i0.wp.com\/lahoradelcampo.com.uy\/site\/wp-content\/uploads\/2017\/10\/San-Rafael.jpg?fit=880%2C440&ssl=1&resize=350%2C200 1x, https:\/\/i0.wp.com\/lahoradelcampo.com.uy\/site\/wp-content\/uploads\/2017\/10\/San-Rafael.jpg?fit=880%2C440&ssl=1&resize=525%2C300 1.5x, https:\/\/i0.wp.com\/lahoradelcampo.com.uy\/site\/wp-content\/uploads\/2017\/10\/San-Rafael.jpg?fit=880%2C440&ssl=1&resize=700%2C400 2x"},"classes":[]}],"jetpack_likes_enabled":true,"_links":{"self":[{"href":"https:\/\/lahoradelcampo.com.uy\/site\/wp-json\/wp\/v2\/posts\/24018","targetHints":{"allow":["GET"]}}],"collection":[{"href":"https:\/\/lahoradelcampo.com.uy\/site\/wp-json\/wp\/v2\/posts"}],"about":[{"href":"https:\/\/lahoradelcampo.com.uy\/site\/wp-json\/wp\/v2\/types\/post"}],"author":[{"embeddable":true,"href":"https:\/\/lahoradelcampo.com.uy\/site\/wp-json\/wp\/v2\/users\/5"}],"replies":[{"embeddable":true,"href":"https:\/\/lahoradelcampo.com.uy\/site\/wp-json\/wp\/v2\/comments?post=24018"}],"version-history":[{"count":1,"href":"https:\/\/lahoradelcampo.com.uy\/site\/wp-json\/wp\/v2\/posts\/24018\/revisions"}],"predecessor-version":[{"id":24020,"href":"https:\/\/lahoradelcampo.com.uy\/site\/wp-json\/wp\/v2\/posts\/24018\/revisions\/24020"}],"wp:featuredmedia":[{"embeddable":true,"href":"https:\/\/lahoradelcampo.com.uy\/site\/wp-json\/wp\/v2\/media\/23854"}],"wp:attachment":[{"href":"https:\/\/lahoradelcampo.com.uy\/site\/wp-json\/wp\/v2\/media?parent=24018"}],"wp:term":[{"taxonomy":"category","embeddable":true,"href":"https:\/\/lahoradelcampo.com.uy\/site\/wp-json\/wp\/v2\/categories?post=24018"},{"taxonomy":"post_tag","embeddable":true,"href":"https:\/\/lahoradelcampo.com.uy\/site\/wp-json\/wp\/v2\/tags?post=24018"}],"curies":[{"name":"wp","href":"https:\/\/api.w.org\/{rel}","templated":true}]}}