{"id":24012,"date":"2020-09-24T14:03:03","date_gmt":"2020-09-24T17:03:03","guid":{"rendered":"http:\/\/lahoradelcampo.com.uy\/site\/?p=24012"},"modified":"2020-09-24T14:03:18","modified_gmt":"2020-09-24T17:03:18","slug":"mercado-lanero-con-estimaciones-de-precios-un-50-por-debajo","status":"publish","type":"post","link":"https:\/\/lahoradelcampo.com.uy\/site\/mercado-lanero-con-estimaciones-de-precios-un-50-por-debajo\/","title":{"rendered":"Mercado lanero con estimaciones de precios un 50% por debajo"},"content":{"rendered":"\n<figure class=\"wp-block-image\"><img data-recalc-dims=\"1\" loading=\"lazy\" decoding=\"async\" width=\"810\" height=\"405\" data-attachment-id=\"1687\" data-permalink=\"https:\/\/lahoradelcampo.com.uy\/site\/ime-cerro-estable-luego-de-las-bajas-registradas-las-semanas-previas\/lanas-3\/\" data-orig-file=\"https:\/\/i0.wp.com\/lahoradelcampo.com.uy\/site\/wp-content\/uploads\/2017\/09\/Lanas-1.jpg?fit=880%2C440&amp;ssl=1\" data-orig-size=\"880,440\" data-comments-opened=\"1\" data-image-meta=\"{&quot;aperture&quot;:&quot;0&quot;,&quot;credit&quot;:&quot;Vicente-Manuel-Tort&quot;,&quot;camera&quot;:&quot;&quot;,&quot;caption&quot;:&quot;&quot;,&quot;created_timestamp&quot;:&quot;0&quot;,&quot;copyright&quot;:&quot;Presidencia de la Republica - Sec.Com.Inst.&quot;,&quot;focal_length&quot;:&quot;0&quot;,&quot;iso&quot;:&quot;0&quot;,&quot;shutter_speed&quot;:&quot;0&quot;,&quot;title&quot;:&quot;&quot;,&quot;orientation&quot;:&quot;1&quot;}\" data-image-title=\"Lanas\" data-image-description=\"\" data-image-caption=\"\" data-large-file=\"https:\/\/i0.wp.com\/lahoradelcampo.com.uy\/site\/wp-content\/uploads\/2017\/09\/Lanas-1.jpg?fit=810%2C405&amp;ssl=1\" src=\"https:\/\/i0.wp.com\/lahoradelcampo.com.uy\/site\/wp-content\/uploads\/2017\/09\/Lanas-1.jpg?resize=810%2C405\" alt=\"\" class=\"wp-image-1687\" srcset=\"https:\/\/i0.wp.com\/lahoradelcampo.com.uy\/site\/wp-content\/uploads\/2017\/09\/Lanas-1.jpg?w=880&amp;ssl=1 880w, https:\/\/i0.wp.com\/lahoradelcampo.com.uy\/site\/wp-content\/uploads\/2017\/09\/Lanas-1.jpg?resize=300%2C150&amp;ssl=1 300w, https:\/\/i0.wp.com\/lahoradelcampo.com.uy\/site\/wp-content\/uploads\/2017\/09\/Lanas-1.jpg?resize=768%2C384&amp;ssl=1 768w, https:\/\/i0.wp.com\/lahoradelcampo.com.uy\/site\/wp-content\/uploads\/2017\/09\/Lanas-1.jpg?resize=820%2C410&amp;ssl=1 820w\" sizes=\"auto, (max-width: 810px) 100vw, 810px\" \/><\/figure>\n\n\n\n<p>La zafra lanera a nivel de Uruguay contin\u00faa con las esquilas, a un ritmo hist\u00f3rico, ya que la pre-parto logr\u00f3 concretarse sin atrasos y la cosecha en animales solteros ha comenzado tambi\u00e9n sin inconvenientes clim\u00e1ticos.<br><\/p>\n\n\n\n<p>Las lanas son de buena calidad seg\u00fan los t\u00e9cnicos del SUL y algo m\u00e1s livianas en algunas zonas del pa\u00eds. A nivel de valores, lo que existe son estimaciones de precios un 50% por debajo de un a\u00f1o atr\u00e1s, sin concreci\u00f3n de negocios. <br><\/p>\n\n\n\n<p>La pasada semana indicamos que se manejaba una cifra inferior a los US$ 2,00 por lanas corriedale, lo que hab\u00eda retra\u00eddo al productor de vender, concretamente habl\u00e1bamos de US$ 1,50 por lanas de 28 micras, acondicionadas grifa verde. <br><\/p>\n\n\n\n<p>En las \u00faltimas semanas operadores del norte del pa\u00eds se\u00f1alaron que si bien el mercado no est\u00e1 dispuesto a aceptar estos precios, ya los conoce de crisis anteriores. <br><\/p>\n\n\n\n<p>Por su parte un integrante de la industria nacional, dijo que en la actualidad no existen negocios que puedan marcar referencias de precios claros, sin embargo explic\u00f3 que con un indicador que ha ca\u00eddo un 50% a nivel internacional, lo m\u00e1s l\u00f3gico ser\u00eda pensar en una baja similar de los precios en el mercado interno, por lo tanto dijo que \u00absi hablamos de US$ 8,00 a US$ 9,00 por un merino o de US$ 3,00 a US$ 3,50 por un corriedale el a\u00f1o pasado, hoy tenemos que hablar de US$ 4,00 y de US$ 1,50, pero son estimaciones porque no tenemos negocios concretos\u00bb. <br><\/p>\n\n\n\n<p>El integrante de la industria tambi\u00e9n reconoci\u00f3 que a estos valores el productor no est\u00e1 dispuesto a vender.<\/p>\n\n\n\n<p style=\"text-align:right\"><strong>Salto, 24 de setiembre de 2020 <\/strong><\/p>\n","protected":false},"excerpt":{"rendered":"<p>La zafra lanera a nivel de Uruguay contin\u00faa con las esquilas, a un ritmo hist\u00f3rico, ya que la pre-parto logr\u00f3 concretarse sin atrasos y la cosecha en animales solteros ha [&hellip;]<\/p>\n","protected":false},"author":5,"featured_media":1687,"comment_status":"open","ping_status":"open","sticky":false,"template":"","format":"standard","meta":{"_price":"","_stock":"","_tribe_ticket_header":"","_tribe_default_ticket_provider":"","_tribe_ticket_capacity":"0","_ticket_start_date":"","_ticket_end_date":"","_tribe_ticket_show_description":"","_tribe_ticket_show_not_going":false,"_tribe_ticket_use_global_stock":"","_tribe_ticket_global_stock_level":"","_global_stock_mode":"","_global_stock_cap":"","_tribe_rsvp_for_event":"","_tribe_ticket_going_count":"","_tribe_ticket_not_going_count":"","_tribe_tickets_list":"[]","_tribe_ticket_has_attendee_info_fields":false,"h5ap_radio_sources":[],"_jetpack_newsletter_access":"","_jetpack_dont_email_post_to_subs":false,"_jetpack_newsletter_tier_id":0,"_jetpack_memberships_contains_paywalled_content":false,"_jetpack_memberships_contains_paid_content":false,"footnotes":""},"categories":[21,5],"tags":[],"class_list":["post-24012","post","type-post","status-publish","format-standard","has-post-thumbnail","hentry","category-actualidad","category-ganaderia"],"jetpack_featured_media_url":"https:\/\/i0.wp.com\/lahoradelcampo.com.uy\/site\/wp-content\/uploads\/2017\/09\/Lanas-1.jpg?fit=880%2C440&ssl=1","jetpack_sharing_enabled":true,"jetpack_shortlink":"https:\/\/wp.me\/p99IaT-6fi","jetpack-related-posts":[{"id":28026,"url":"https:\/\/lahoradelcampo.com.uy\/site\/el-ime-cerro-la-semana-en-us-1040-1-por-debajo-de-2020\/","url_meta":{"origin":24012,"position":0},"title":"El IME cerr\u00f3 la semana en US$ 10,40, 1% por debajo de 2020","author":"La Hora del Campo","date":"26 febrero, 2021","format":false,"excerpt":"El Indicador de Mercados del Este (IME) lleg\u00f3 a los US$ 10,40 esta semana, ganando 18 centavos y posicion\u00e1ndose \u00fanicamente un 1% por debajo del cierre del mes de febrero del 2020. El contexto general del mercado registr\u00f3 vaivenes en el tipo de cambio y al mismo tiempo en la\u2026","rel":"","context":"En \u00abActualidad\u00bb","block_context":{"text":"Actualidad","link":"https:\/\/lahoradelcampo.com.uy\/site\/category\/actualidad\/"},"img":{"alt_text":"","src":"https:\/\/i0.wp.com\/lahoradelcampo.com.uy\/site\/wp-content\/uploads\/2021\/01\/Lanaaustralia.jpg?fit=880%2C440&ssl=1&resize=350%2C200","width":350,"height":200,"srcset":"https:\/\/i0.wp.com\/lahoradelcampo.com.uy\/site\/wp-content\/uploads\/2021\/01\/Lanaaustralia.jpg?fit=880%2C440&ssl=1&resize=350%2C200 1x, https:\/\/i0.wp.com\/lahoradelcampo.com.uy\/site\/wp-content\/uploads\/2021\/01\/Lanaaustralia.jpg?fit=880%2C440&ssl=1&resize=525%2C300 1.5x, https:\/\/i0.wp.com\/lahoradelcampo.com.uy\/site\/wp-content\/uploads\/2021\/01\/Lanaaustralia.jpg?fit=880%2C440&ssl=1&resize=700%2C400 2x"},"classes":[]},{"id":19764,"url":"https:\/\/lahoradelcampo.com.uy\/site\/la-exportacion-de-lana-en-sucio-tambien-esta-paralizada\/","url_meta":{"origin":24012,"position":1},"title":"La exportaci\u00f3n de lana en sucio  tambi\u00e9n est\u00e1 paralizada","author":"La Hora del Campo","date":"14 mayo, 2020","format":false,"excerpt":"En las \u00faltimas semanas hablamos de la par\u00e1lisis en la industria lanera con plantas que a\u00fan contin\u00faan sin operativa. En las \u00faltimas horas estuvimos en di\u00e1logo con Djalma Puppo, exportador de lana en sucio, un sector que tambi\u00e9n est\u00e1 paralizado completamente en la actualidad, sin demanda desde el exterior y\u2026","rel":"","context":"En \u00abActualidad\u00bb","block_context":{"text":"Actualidad","link":"https:\/\/lahoradelcampo.com.uy\/site\/category\/actualidad\/"},"img":{"alt_text":"","src":"https:\/\/i0.wp.com\/lahoradelcampo.com.uy\/site\/wp-content\/uploads\/2020\/05\/lana-1.jpg?fit=880%2C440&ssl=1&resize=350%2C200","width":350,"height":200,"srcset":"https:\/\/i0.wp.com\/lahoradelcampo.com.uy\/site\/wp-content\/uploads\/2020\/05\/lana-1.jpg?fit=880%2C440&ssl=1&resize=350%2C200 1x, https:\/\/i0.wp.com\/lahoradelcampo.com.uy\/site\/wp-content\/uploads\/2020\/05\/lana-1.jpg?fit=880%2C440&ssl=1&resize=525%2C300 1.5x, https:\/\/i0.wp.com\/lahoradelcampo.com.uy\/site\/wp-content\/uploads\/2020\/05\/lana-1.jpg?fit=880%2C440&ssl=1&resize=700%2C400 2x"},"classes":[]},{"id":6483,"url":"https:\/\/lahoradelcampo.com.uy\/site\/precios-historicos-hay-que-disfrutarlos-mientras-esten\/","url_meta":{"origin":24012,"position":2},"title":"Precios hist\u00f3ricos: \u00abhay que disfrutarlos mientras est\u00e9n\u00bb","author":"La Hora del Campo","date":"13 abril, 2018","format":false,"excerpt":"En el marco del Congreso Mundial de Merino, que se est\u00e1 realizando hasta el domingo en nuestro pa\u00eds, se realiz\u00f3 un concurso de vellones donde participaron las industrias locales y especialistas australianos en la jura de las lanas presentadas. Entre los integrantes de este jurado se encontr\u00f3 Federico Raquet en\u2026","rel":"","context":"En \u00abActualidad\u00bb","block_context":{"text":"Actualidad","link":"https:\/\/lahoradelcampo.com.uy\/site\/category\/actualidad\/"},"img":{"alt_text":"","src":"https:\/\/i0.wp.com\/lahoradelcampo.com.uy\/site\/wp-content\/uploads\/2018\/04\/Federico-Raquet.jpg?fit=880%2C440&ssl=1&resize=350%2C200","width":350,"height":200,"srcset":"https:\/\/i0.wp.com\/lahoradelcampo.com.uy\/site\/wp-content\/uploads\/2018\/04\/Federico-Raquet.jpg?fit=880%2C440&ssl=1&resize=350%2C200 1x, https:\/\/i0.wp.com\/lahoradelcampo.com.uy\/site\/wp-content\/uploads\/2018\/04\/Federico-Raquet.jpg?fit=880%2C440&ssl=1&resize=525%2C300 1.5x, https:\/\/i0.wp.com\/lahoradelcampo.com.uy\/site\/wp-content\/uploads\/2018\/04\/Federico-Raquet.jpg?fit=880%2C440&ssl=1&resize=700%2C400 2x"},"classes":[]},{"id":30396,"url":"https:\/\/lahoradelcampo.com.uy\/site\/sin-grandes-cambios-y-negocios-en-lanas-finas-a-nivel-interno\/","url_meta":{"origin":24012,"position":3},"title":"Sin grandes cambios y negocios en lanas finas a nivel interno","author":"La Hora del Campo","date":"21 mayo, 2021","format":false,"excerpt":"El mercado lanero interno contin\u00faa, al igual que a nivel internacional, con demanda por lanas finas y distante de los negocios en lanas medias y gruesas. Los \u00faltimos d\u00edas se vio una industria interesada principalmente en lanas por debajo de las 19 micras, con certificaciones (de preferencia ecol\u00f3gica u org\u00e1nica)\u2026","rel":"","context":"En \u00abActualidad\u00bb","block_context":{"text":"Actualidad","link":"https:\/\/lahoradelcampo.com.uy\/site\/category\/actualidad\/"},"img":{"alt_text":"","src":"https:\/\/i0.wp.com\/lahoradelcampo.com.uy\/site\/wp-content\/uploads\/2018\/05\/Lana-s.jpg?fit=880%2C440&ssl=1&resize=350%2C200","width":350,"height":200,"srcset":"https:\/\/i0.wp.com\/lahoradelcampo.com.uy\/site\/wp-content\/uploads\/2018\/05\/Lana-s.jpg?fit=880%2C440&ssl=1&resize=350%2C200 1x, https:\/\/i0.wp.com\/lahoradelcampo.com.uy\/site\/wp-content\/uploads\/2018\/05\/Lana-s.jpg?fit=880%2C440&ssl=1&resize=525%2C300 1.5x, https:\/\/i0.wp.com\/lahoradelcampo.com.uy\/site\/wp-content\/uploads\/2018\/05\/Lana-s.jpg?fit=880%2C440&ssl=1&resize=700%2C400 2x"},"classes":[]},{"id":56442,"url":"https:\/\/lahoradelcampo.com.uy\/site\/mas-volumen-y-mejores-precios-en-el-arranque-de-la-zafra-lanera-25-26\/","url_meta":{"origin":24012,"position":4},"title":"M\u00e1s volumen y mejores precios en el arranque de la zafra lanera 25\/26","author":"La Hora del Campo","date":"4 agosto, 2025","format":false,"excerpt":"En el primer mes de la zafra lanera 2025\/26, se nota un aumento en el volumen de negocios informados respecto al comienzo de la zafra el a\u00f1o pasado. Se han reportado negocios por un total de 325.000 kilos de lana, seg\u00fan la informaci\u00f3n recabada por el Secretariado Uruguayo de la\u2026","rel":"","context":"En \u00abActualidad\u00bb","block_context":{"text":"Actualidad","link":"https:\/\/lahoradelcampo.com.uy\/site\/category\/actualidad\/"},"img":{"alt_text":"","src":"https:\/\/i0.wp.com\/lahoradelcampo.com.uy\/site\/wp-content\/uploads\/2025\/08\/lanasagosto.jpg?fit=880%2C440&ssl=1&resize=350%2C200","width":350,"height":200,"srcset":"https:\/\/i0.wp.com\/lahoradelcampo.com.uy\/site\/wp-content\/uploads\/2025\/08\/lanasagosto.jpg?fit=880%2C440&ssl=1&resize=350%2C200 1x, https:\/\/i0.wp.com\/lahoradelcampo.com.uy\/site\/wp-content\/uploads\/2025\/08\/lanasagosto.jpg?fit=880%2C440&ssl=1&resize=525%2C300 1.5x, https:\/\/i0.wp.com\/lahoradelcampo.com.uy\/site\/wp-content\/uploads\/2025\/08\/lanasagosto.jpg?fit=880%2C440&ssl=1&resize=700%2C400 2x"},"classes":[]},{"id":10841,"url":"https:\/\/lahoradelcampo.com.uy\/site\/el-cierre-de-la-zafra-lanera-se-acerca-con-un-20-sin-vender\/","url_meta":{"origin":24012,"position":5},"title":"El cierre de la zafra lanera se acerca con un 20% sin vender","author":"La Hora del Campo","date":"17 mayo, 2019","format":false,"excerpt":"El mercado lanero uruguayo, al igual que a nivel internacional, se acerca al cierre de la zafra lanera 2018\/19 con expectativas en los productores de mejorar los precios y una demanda cautelosa que observa las ca\u00eddas consecutivas que va teniendo el mercado internacional. En esta situaci\u00f3n la distancia entre lo\u2026","rel":"","context":"En \u00abActualidad\u00bb","block_context":{"text":"Actualidad","link":"https:\/\/lahoradelcampo.com.uy\/site\/category\/actualidad\/"},"img":{"alt_text":"","src":"https:\/\/i0.wp.com\/lahoradelcampo.com.uy\/site\/wp-content\/uploads\/2019\/05\/lanas-interno.jpg?fit=880%2C440&ssl=1&resize=350%2C200","width":350,"height":200,"srcset":"https:\/\/i0.wp.com\/lahoradelcampo.com.uy\/site\/wp-content\/uploads\/2019\/05\/lanas-interno.jpg?fit=880%2C440&ssl=1&resize=350%2C200 1x, https:\/\/i0.wp.com\/lahoradelcampo.com.uy\/site\/wp-content\/uploads\/2019\/05\/lanas-interno.jpg?fit=880%2C440&ssl=1&resize=525%2C300 1.5x, https:\/\/i0.wp.com\/lahoradelcampo.com.uy\/site\/wp-content\/uploads\/2019\/05\/lanas-interno.jpg?fit=880%2C440&ssl=1&resize=700%2C400 2x"},"classes":[]}],"jetpack_likes_enabled":true,"_links":{"self":[{"href":"https:\/\/lahoradelcampo.com.uy\/site\/wp-json\/wp\/v2\/posts\/24012","targetHints":{"allow":["GET"]}}],"collection":[{"href":"https:\/\/lahoradelcampo.com.uy\/site\/wp-json\/wp\/v2\/posts"}],"about":[{"href":"https:\/\/lahoradelcampo.com.uy\/site\/wp-json\/wp\/v2\/types\/post"}],"author":[{"embeddable":true,"href":"https:\/\/lahoradelcampo.com.uy\/site\/wp-json\/wp\/v2\/users\/5"}],"replies":[{"embeddable":true,"href":"https:\/\/lahoradelcampo.com.uy\/site\/wp-json\/wp\/v2\/comments?post=24012"}],"version-history":[{"count":1,"href":"https:\/\/lahoradelcampo.com.uy\/site\/wp-json\/wp\/v2\/posts\/24012\/revisions"}],"predecessor-version":[{"id":24014,"href":"https:\/\/lahoradelcampo.com.uy\/site\/wp-json\/wp\/v2\/posts\/24012\/revisions\/24014"}],"wp:featuredmedia":[{"embeddable":true,"href":"https:\/\/lahoradelcampo.com.uy\/site\/wp-json\/wp\/v2\/media\/1687"}],"wp:attachment":[{"href":"https:\/\/lahoradelcampo.com.uy\/site\/wp-json\/wp\/v2\/media?parent=24012"}],"wp:term":[{"taxonomy":"category","embeddable":true,"href":"https:\/\/lahoradelcampo.com.uy\/site\/wp-json\/wp\/v2\/categories?post=24012"},{"taxonomy":"post_tag","embeddable":true,"href":"https:\/\/lahoradelcampo.com.uy\/site\/wp-json\/wp\/v2\/tags?post=24012"}],"curies":[{"name":"wp","href":"https:\/\/api.w.org\/{rel}","templated":true}]}}