{"id":24008,"date":"2020-09-24T13:56:17","date_gmt":"2020-09-24T16:56:17","guid":{"rendered":"http:\/\/lahoradelcampo.com.uy\/site\/?p=24008"},"modified":"2020-09-24T13:56:34","modified_gmt":"2020-09-24T16:56:34","slug":"tercera-semana-de-subas-consecutivas-en-el-mercado-lanero-australiano","status":"publish","type":"post","link":"https:\/\/lahoradelcampo.com.uy\/site\/tercera-semana-de-subas-consecutivas-en-el-mercado-lanero-australiano\/","title":{"rendered":"Tercera semana de subas consecutivas en el mercado lanero australiano"},"content":{"rendered":"\n<figure class=\"wp-block-image\"><img data-recalc-dims=\"1\" loading=\"lazy\" decoding=\"async\" width=\"810\" height=\"405\" data-attachment-id=\"6173\" data-permalink=\"https:\/\/lahoradelcampo.com.uy\/site\/mercado-lanero-australiano-cerro-a-us-1377-por-kilogramo-base-limpia\/lanaa\/\" data-orig-file=\"https:\/\/i0.wp.com\/lahoradelcampo.com.uy\/site\/wp-content\/uploads\/2018\/03\/Lanaa.jpg?fit=880%2C440&amp;ssl=1\" data-orig-size=\"880,440\" data-comments-opened=\"1\" data-image-meta=\"{&quot;aperture&quot;:&quot;0&quot;,&quot;credit&quot;:&quot;Vicente-Manuel-Tort&quot;,&quot;camera&quot;:&quot;&quot;,&quot;caption&quot;:&quot;&quot;,&quot;created_timestamp&quot;:&quot;0&quot;,&quot;copyright&quot;:&quot;Presidencia de la Republica - Sec.Com.Inst.&quot;,&quot;focal_length&quot;:&quot;0&quot;,&quot;iso&quot;:&quot;0&quot;,&quot;shutter_speed&quot;:&quot;0&quot;,&quot;title&quot;:&quot;&quot;,&quot;orientation&quot;:&quot;1&quot;}\" data-image-title=\"Lanaa\" data-image-description=\"\" data-image-caption=\"\" data-large-file=\"https:\/\/i0.wp.com\/lahoradelcampo.com.uy\/site\/wp-content\/uploads\/2018\/03\/Lanaa.jpg?fit=810%2C405&amp;ssl=1\" src=\"https:\/\/i0.wp.com\/lahoradelcampo.com.uy\/site\/wp-content\/uploads\/2018\/03\/Lanaa.jpg?resize=810%2C405\" alt=\"\" class=\"wp-image-6173\" srcset=\"https:\/\/i0.wp.com\/lahoradelcampo.com.uy\/site\/wp-content\/uploads\/2018\/03\/Lanaa.jpg?w=880&amp;ssl=1 880w, https:\/\/i0.wp.com\/lahoradelcampo.com.uy\/site\/wp-content\/uploads\/2018\/03\/Lanaa.jpg?resize=300%2C150&amp;ssl=1 300w, https:\/\/i0.wp.com\/lahoradelcampo.com.uy\/site\/wp-content\/uploads\/2018\/03\/Lanaa.jpg?resize=768%2C384&amp;ssl=1 768w, https:\/\/i0.wp.com\/lahoradelcampo.com.uy\/site\/wp-content\/uploads\/2018\/03\/Lanaa.jpg?resize=820%2C410&amp;ssl=1 820w\" sizes=\"auto, (max-width: 810px) 100vw, 810px\" \/><\/figure>\n\n\n\n<p>Tercera semana consecutiva al alza en el mercado lanero australiano, con un Indicador de Mercados del Este (IME) que ha recuperado m\u00e1s de un d\u00f3lar desde el piso de los US$ 6,31 y con micronajes que ya se posicionan por encima del cierre de la zafra 2019-2020. <br><\/p>\n\n\n\n<p>En la presente semana la demanda estuvo activa y firme en todos los micronajes, principalmente en las lanas finas y con primas importantes para los lotes de buena calidad. En el caso de las lanas medias la operativa tambi\u00e9n fue positiva, pero con una mayor selectividad en los valores. <br><\/p>\n\n\n\n<p>Al cierre de la semana, las lanas de 18,5 a 16,5 micras y m\u00e1s finas, ya registran valores positivos sobre el cierre de la zafra pasada. En tanto que el resto de los micronajes merino se acercaron m\u00e1s lentamente y a\u00fan se mantienen de forma negativa, al igual que las lanas medias y gruesas, donde las subas vienen en un menor nivel. <br><\/p>\n\n\n\n<p>En este contexto el IME cerr\u00f3 en A$ 10,36 por kilogramo base limpia, subiendo 40 centavos respecto al cierre de ayer y acumul\u00f3 un incremento de 99 centavos sobre el pasado jueves 16 de setiembre. <br><\/p>\n\n\n\n<p>El tipo de cambio, al igual que ayer, no permiti\u00f3 que la suba se pudiera trasladar en su totalidad a d\u00f3lares estadounidenses, pero el indicador termin\u00f3 ganado 20 centavos tras cotizar a US$ 7,39 por kilogramo, cerrando la semana con una suba de 53 centavos sobre el cierre de la pasada semana. <br><\/p>\n\n\n\n<p>De acuerdo a los datos que aport\u00f3 Australian Wool Exchange est\u00e1 semana, el indicador ha recuperado US$ 1,03 desdel el piso de US$ 6,31 del pasado 2 de setiembre, en tanto que si observamos los valores de la misma semana de ventas de la zafra pasada, a\u00fan el indicador est\u00e1 US$ 3,17 por debajo, es decir un 30% menos. <br><\/p>\n\n\n\n<p>Luego que los productores retiraran poco m\u00e1s de un 9% de lo inscrito para esta semana, el mercado propuso una oferta de 23.260 fardos, con una baja del 12,8% respecto a lo ofertado la semana anterior. Ante este volumen, con lanas de buena calidad y un sector comprador bastante activo se logr\u00f3 colocar el 97,3%. <br><\/p>\n\n\n\n<p>Las ventas retornan al mercado lanero australiano el pr\u00f3ximo martes 29 y el mi\u00e9rcoles 30 de setiembre con los tres centros operativos en ambas jornadas. La oferta ser\u00e1 de 33.239 fardos que se distribuir\u00e1n Sidney, Melbourne y Fremantle. De confirmarse esta oferta la pr\u00f3xima semana, se tendr\u00e1 un incremento del 29,6%.<\/p>\n\n\n\n<p style=\"text-align:right\"><strong>Salto, 24 de setiembre de 2020<\/strong><\/p>\n","protected":false},"excerpt":{"rendered":"<p>Tercera semana consecutiva al alza en el mercado lanero australiano, con un Indicador de Mercados del Este (IME) que ha recuperado m\u00e1s de un d\u00f3lar desde el piso de los [&hellip;]<\/p>\n","protected":false},"author":5,"featured_media":6173,"comment_status":"open","ping_status":"open","sticky":false,"template":"","format":"standard","meta":{"_price":"","_stock":"","_tribe_ticket_header":"","_tribe_default_ticket_provider":"","_tribe_ticket_capacity":"0","_ticket_start_date":"","_ticket_end_date":"","_tribe_ticket_show_description":"","_tribe_ticket_show_not_going":false,"_tribe_ticket_use_global_stock":"","_tribe_ticket_global_stock_level":"","_global_stock_mode":"","_global_stock_cap":"","_tribe_rsvp_for_event":"","_tribe_ticket_going_count":"","_tribe_ticket_not_going_count":"","_tribe_tickets_list":"[]","_tribe_ticket_has_attendee_info_fields":false,"h5ap_radio_sources":[],"_jetpack_newsletter_access":"","_jetpack_dont_email_post_to_subs":false,"_jetpack_newsletter_tier_id":0,"_jetpack_memberships_contains_paywalled_content":false,"_jetpack_memberships_contains_paid_content":false,"footnotes":""},"categories":[21,5],"tags":[],"class_list":["post-24008","post","type-post","status-publish","format-standard","has-post-thumbnail","hentry","category-actualidad","category-ganaderia"],"jetpack_featured_media_url":"https:\/\/i0.wp.com\/lahoradelcampo.com.uy\/site\/wp-content\/uploads\/2018\/03\/Lanaa.jpg?fit=880%2C440&ssl=1","jetpack_sharing_enabled":true,"jetpack_shortlink":"https:\/\/wp.me\/p99IaT-6fe","jetpack-related-posts":[{"id":52494,"url":"https:\/\/lahoradelcampo.com.uy\/site\/nueva-semana-positiva-para-el-mercado-lanero-australiano\/","url_meta":{"origin":24008,"position":0},"title":"Nueva semana positiva para el mercado lanero australiano","author":"La Hora del Campo","date":"15 septiembre, 2023","format":false,"excerpt":"Excelente semana para el mercado lanero australiano, con una demanda que empujo al alza los valores de los distintos micronajes, tanto en las lanas finas como medias y gruesas. Si bien la calidad de la oferta es un factor alcista, se observ\u00f3 en ambos d\u00edas de ventas una demanda muy\u2026","rel":"","context":"En \u00abActualidad\u00bb","block_context":{"text":"Actualidad","link":"https:\/\/lahoradelcampo.com.uy\/site\/category\/actualidad\/"},"img":{"alt_text":"","src":"https:\/\/i0.wp.com\/lahoradelcampo.com.uy\/site\/wp-content\/uploads\/2019\/04\/Lanas-Australia.jpg?fit=880%2C440&ssl=1&resize=350%2C200","width":350,"height":200,"srcset":"https:\/\/i0.wp.com\/lahoradelcampo.com.uy\/site\/wp-content\/uploads\/2019\/04\/Lanas-Australia.jpg?fit=880%2C440&ssl=1&resize=350%2C200 1x, https:\/\/i0.wp.com\/lahoradelcampo.com.uy\/site\/wp-content\/uploads\/2019\/04\/Lanas-Australia.jpg?fit=880%2C440&ssl=1&resize=525%2C300 1.5x, https:\/\/i0.wp.com\/lahoradelcampo.com.uy\/site\/wp-content\/uploads\/2019\/04\/Lanas-Australia.jpg?fit=880%2C440&ssl=1&resize=700%2C400 2x"},"classes":[]},{"id":2991,"url":"https:\/\/lahoradelcampo.com.uy\/site\/ime-sumo-su-tercera-semana-consecutiva-al-alza\/","url_meta":{"origin":24008,"position":1},"title":"IME sum\u00f3 su tercera semana consecutiva al alza","author":"La Hora del Campo","date":"19 octubre, 2017","format":false,"excerpt":"El mercado lanero australiano cerr\u00f3 su tercera semana consecutiva al alza, con un Indicador de Mercados del Este alcanzando los U$S 12,31 al cierre de la operativa de este jueves, increment\u00e1ndose en la semana U$S 0,07 por kilogramo base limpia. Desde el pasado 28 de setiembre donde se alcanz\u00f3 el\u2026","rel":"","context":"En \u00abGanader\u00eda\u00bb","block_context":{"text":"Ganader\u00eda","link":"https:\/\/lahoradelcampo.com.uy\/site\/category\/ganaderia\/"},"img":{"alt_text":"","src":"https:\/\/i0.wp.com\/lahoradelcampo.com.uy\/site\/wp-content\/uploads\/2017\/10\/Lanas-australia-1.jpg?fit=880%2C440&ssl=1&resize=350%2C200","width":350,"height":200,"srcset":"https:\/\/i0.wp.com\/lahoradelcampo.com.uy\/site\/wp-content\/uploads\/2017\/10\/Lanas-australia-1.jpg?fit=880%2C440&ssl=1&resize=350%2C200 1x, https:\/\/i0.wp.com\/lahoradelcampo.com.uy\/site\/wp-content\/uploads\/2017\/10\/Lanas-australia-1.jpg?fit=880%2C440&ssl=1&resize=525%2C300 1.5x, https:\/\/i0.wp.com\/lahoradelcampo.com.uy\/site\/wp-content\/uploads\/2017\/10\/Lanas-australia-1.jpg?fit=880%2C440&ssl=1&resize=700%2C400 2x"},"classes":[]},{"id":3821,"url":"https:\/\/lahoradelcampo.com.uy\/site\/nuevo-maximo-para-la-zafra-en-el-mercado-lanero-australiano\/","url_meta":{"origin":24008,"position":2},"title":"Nuevo m\u00e1ximo para la zafra en el mercado lanero australiano","author":"La Hora del Campo","date":"9 noviembre, 2017","format":false,"excerpt":"El mercado lanero australiano registr\u00f3 una de las subas m\u00e1s importantes de la actual zafra y al mismo tiempo llev\u00f3 al Indicador de Mercados del Este a un m\u00e1ximo de hace 6 a\u00f1os atr\u00e1s. Dicho indicador cerr\u00f3 la semana en U$S 12,93 por kilogramo base limpia, increment\u00e1ndose 41 centavos respecto\u2026","rel":"","context":"En \u00abActualidad\u00bb","block_context":{"text":"Actualidad","link":"https:\/\/lahoradelcampo.com.uy\/site\/category\/actualidad\/"},"img":{"alt_text":"","src":"https:\/\/i0.wp.com\/lahoradelcampo.com.uy\/site\/wp-content\/uploads\/2017\/11\/lanas.jpg?fit=880%2C440&ssl=1&resize=350%2C200","width":350,"height":200,"srcset":"https:\/\/i0.wp.com\/lahoradelcampo.com.uy\/site\/wp-content\/uploads\/2017\/11\/lanas.jpg?fit=880%2C440&ssl=1&resize=350%2C200 1x, https:\/\/i0.wp.com\/lahoradelcampo.com.uy\/site\/wp-content\/uploads\/2017\/11\/lanas.jpg?fit=880%2C440&ssl=1&resize=525%2C300 1.5x, https:\/\/i0.wp.com\/lahoradelcampo.com.uy\/site\/wp-content\/uploads\/2017\/11\/lanas.jpg?fit=880%2C440&ssl=1&resize=700%2C400 2x"},"classes":[]},{"id":53371,"url":"https:\/\/lahoradelcampo.com.uy\/site\/retorno-del-mercado-lanero-australiano-con-altibajos\/","url_meta":{"origin":24008,"position":3},"title":"Retorno del mercado lanero australiano con altibajos","author":"La Hora del Campo","date":"15 enero, 2024","format":false,"excerpt":"Luego de un destacado cierre de la primera mitad de la zafra lanera 2023-2024, el retorno a la actividad tras el receso tradicional de final de a\u00f1o fue con altibajos dependiendo del an\u00e1lisis tanto en la moneda local, como en d\u00f3lares estadounidenses o en los distintos micronajes. Con tres jornadas\u2026","rel":"","context":"En \u00abActualidad\u00bb","block_context":{"text":"Actualidad","link":"https:\/\/lahoradelcampo.com.uy\/site\/category\/actualidad\/"},"img":{"alt_text":"","src":"https:\/\/i0.wp.com\/lahoradelcampo.com.uy\/site\/wp-content\/uploads\/2023\/02\/Lana-Australia4.jpg?fit=880%2C440&ssl=1&resize=350%2C200","width":350,"height":200,"srcset":"https:\/\/i0.wp.com\/lahoradelcampo.com.uy\/site\/wp-content\/uploads\/2023\/02\/Lana-Australia4.jpg?fit=880%2C440&ssl=1&resize=350%2C200 1x, https:\/\/i0.wp.com\/lahoradelcampo.com.uy\/site\/wp-content\/uploads\/2023\/02\/Lana-Australia4.jpg?fit=880%2C440&ssl=1&resize=525%2C300 1.5x, https:\/\/i0.wp.com\/lahoradelcampo.com.uy\/site\/wp-content\/uploads\/2023\/02\/Lana-Australia4.jpg?fit=880%2C440&ssl=1&resize=700%2C400 2x"},"classes":[]},{"id":27064,"url":"https:\/\/lahoradelcampo.com.uy\/site\/con-firme-demanda-por-lanas-finas-el-ime-sigue-subiendo-en-australia\/","url_meta":{"origin":24008,"position":4},"title":"Con firme demanda por lanas finas el IME sigue subiendo en Australia","author":"La Hora del Campo","date":"22 enero, 2021","format":false,"excerpt":"Tres d\u00edas de ventas tuvo la semana 30 de la presente zafra lanera 2020\/21, en el mercado lanero australiano, con una demanda que fue de menos a m\u00e1s y logr\u00f3 un incremento de 27 centavos de d\u00f3lares norteamericanos en el Indicador de Mercados del Este (IME). La demanda se posicion\u00f3\u2026","rel":"","context":"En \u00abActualidad\u00bb","block_context":{"text":"Actualidad","link":"https:\/\/lahoradelcampo.com.uy\/site\/category\/actualidad\/"},"img":{"alt_text":"","src":"https:\/\/i0.wp.com\/lahoradelcampo.com.uy\/site\/wp-content\/uploads\/2019\/05\/lanas-australia-a.jpg?fit=880%2C440&ssl=1&resize=350%2C200","width":350,"height":200,"srcset":"https:\/\/i0.wp.com\/lahoradelcampo.com.uy\/site\/wp-content\/uploads\/2019\/05\/lanas-australia-a.jpg?fit=880%2C440&ssl=1&resize=350%2C200 1x, https:\/\/i0.wp.com\/lahoradelcampo.com.uy\/site\/wp-content\/uploads\/2019\/05\/lanas-australia-a.jpg?fit=880%2C440&ssl=1&resize=525%2C300 1.5x, https:\/\/i0.wp.com\/lahoradelcampo.com.uy\/site\/wp-content\/uploads\/2019\/05\/lanas-australia-a.jpg?fit=880%2C440&ssl=1&resize=700%2C400 2x"},"classes":[]},{"id":6593,"url":"https:\/\/lahoradelcampo.com.uy\/site\/australia-confirmo-el-cambio-de-tendencia-al-alza-de-la-pasada-semana\/","url_meta":{"origin":24008,"position":5},"title":"Australia confirm\u00f3 el cambio de  tendencia al alza de la pasada semana","author":"La Hora del Campo","date":"20 abril, 2018","format":false,"excerpt":"La pasada semana el mercado lanero australiano insin\u00fao una leve mejora en los precios de la fibra que no permit\u00eda establecer un cambio en la tendencia, sin embargo en los dos remates registrados durante mi\u00e9rcoles y jueves se observ\u00f3 un fuerte incremento impulsado b\u00e1sicamente por la demanda y con muy\u2026","rel":"","context":"En \u00abActualidad\u00bb","block_context":{"text":"Actualidad","link":"https:\/\/lahoradelcampo.com.uy\/site\/category\/actualidad\/"},"img":{"alt_text":"","src":"https:\/\/i0.wp.com\/lahoradelcampo.com.uy\/site\/wp-content\/uploads\/2017\/11\/Lana.jpg?fit=880%2C440&ssl=1&resize=350%2C200","width":350,"height":200,"srcset":"https:\/\/i0.wp.com\/lahoradelcampo.com.uy\/site\/wp-content\/uploads\/2017\/11\/Lana.jpg?fit=880%2C440&ssl=1&resize=350%2C200 1x, https:\/\/i0.wp.com\/lahoradelcampo.com.uy\/site\/wp-content\/uploads\/2017\/11\/Lana.jpg?fit=880%2C440&ssl=1&resize=525%2C300 1.5x, https:\/\/i0.wp.com\/lahoradelcampo.com.uy\/site\/wp-content\/uploads\/2017\/11\/Lana.jpg?fit=880%2C440&ssl=1&resize=700%2C400 2x"},"classes":[]}],"jetpack_likes_enabled":true,"_links":{"self":[{"href":"https:\/\/lahoradelcampo.com.uy\/site\/wp-json\/wp\/v2\/posts\/24008","targetHints":{"allow":["GET"]}}],"collection":[{"href":"https:\/\/lahoradelcampo.com.uy\/site\/wp-json\/wp\/v2\/posts"}],"about":[{"href":"https:\/\/lahoradelcampo.com.uy\/site\/wp-json\/wp\/v2\/types\/post"}],"author":[{"embeddable":true,"href":"https:\/\/lahoradelcampo.com.uy\/site\/wp-json\/wp\/v2\/users\/5"}],"replies":[{"embeddable":true,"href":"https:\/\/lahoradelcampo.com.uy\/site\/wp-json\/wp\/v2\/comments?post=24008"}],"version-history":[{"count":1,"href":"https:\/\/lahoradelcampo.com.uy\/site\/wp-json\/wp\/v2\/posts\/24008\/revisions"}],"predecessor-version":[{"id":24010,"href":"https:\/\/lahoradelcampo.com.uy\/site\/wp-json\/wp\/v2\/posts\/24008\/revisions\/24010"}],"wp:featuredmedia":[{"embeddable":true,"href":"https:\/\/lahoradelcampo.com.uy\/site\/wp-json\/wp\/v2\/media\/6173"}],"wp:attachment":[{"href":"https:\/\/lahoradelcampo.com.uy\/site\/wp-json\/wp\/v2\/media?parent=24008"}],"wp:term":[{"taxonomy":"category","embeddable":true,"href":"https:\/\/lahoradelcampo.com.uy\/site\/wp-json\/wp\/v2\/categories?post=24008"},{"taxonomy":"post_tag","embeddable":true,"href":"https:\/\/lahoradelcampo.com.uy\/site\/wp-json\/wp\/v2\/tags?post=24008"}],"curies":[{"name":"wp","href":"https:\/\/api.w.org\/{rel}","templated":true}]}}