{"id":23990,"date":"2020-09-23T13:26:37","date_gmt":"2020-09-23T16:26:37","guid":{"rendered":"http:\/\/lahoradelcampo.com.uy\/site\/?p=23990"},"modified":"2020-09-23T13:47:51","modified_gmt":"2020-09-23T16:47:51","slug":"salto-horticola-e-inia-convocan-a-la-jornada-sobre-manejo-en-cultivos-protegidos","status":"publish","type":"post","link":"https:\/\/lahoradelcampo.com.uy\/site\/salto-horticola-e-inia-convocan-a-la-jornada-sobre-manejo-en-cultivos-protegidos\/","title":{"rendered":"Salto Hort\u00edcola e INIA convocan a la jornada sobre manejo en cultivos protegidos"},"content":{"rendered":"\n<figure class=\"wp-block-image\"><img data-recalc-dims=\"1\" loading=\"lazy\" decoding=\"async\" width=\"810\" height=\"405\" data-attachment-id=\"23992\" data-permalink=\"https:\/\/lahoradelcampo.com.uy\/site\/salto-horticola-e-inia-convocan-a-la-jornada-sobre-manejo-en-cultivos-protegidos\/saltohorticola-3\/\" data-orig-file=\"https:\/\/i0.wp.com\/lahoradelcampo.com.uy\/site\/wp-content\/uploads\/2020\/09\/saltohorticola.jpg?fit=880%2C440&amp;ssl=1\" data-orig-size=\"880,440\" data-comments-opened=\"1\" data-image-meta=\"{&quot;aperture&quot;:&quot;0&quot;,&quot;credit&quot;:&quot;&quot;,&quot;camera&quot;:&quot;&quot;,&quot;caption&quot;:&quot;&quot;,&quot;created_timestamp&quot;:&quot;0&quot;,&quot;copyright&quot;:&quot;&quot;,&quot;focal_length&quot;:&quot;0&quot;,&quot;iso&quot;:&quot;0&quot;,&quot;shutter_speed&quot;:&quot;0&quot;,&quot;title&quot;:&quot;&quot;,&quot;orientation&quot;:&quot;1&quot;}\" data-image-title=\"saltohorticola\" data-image-description=\"\" data-image-caption=\"\" data-large-file=\"https:\/\/i0.wp.com\/lahoradelcampo.com.uy\/site\/wp-content\/uploads\/2020\/09\/saltohorticola.jpg?fit=810%2C405&amp;ssl=1\" src=\"https:\/\/i0.wp.com\/lahoradelcampo.com.uy\/site\/wp-content\/uploads\/2020\/09\/saltohorticola.jpg?resize=810%2C405\" alt=\"\" class=\"wp-image-23992\" srcset=\"https:\/\/i0.wp.com\/lahoradelcampo.com.uy\/site\/wp-content\/uploads\/2020\/09\/saltohorticola.jpg?w=880&amp;ssl=1 880w, https:\/\/i0.wp.com\/lahoradelcampo.com.uy\/site\/wp-content\/uploads\/2020\/09\/saltohorticola.jpg?resize=300%2C150&amp;ssl=1 300w, https:\/\/i0.wp.com\/lahoradelcampo.com.uy\/site\/wp-content\/uploads\/2020\/09\/saltohorticola.jpg?resize=768%2C384&amp;ssl=1 768w, https:\/\/i0.wp.com\/lahoradelcampo.com.uy\/site\/wp-content\/uploads\/2020\/09\/saltohorticola.jpg?resize=820%2C410&amp;ssl=1 820w\" sizes=\"auto, (max-width: 810px) 100vw, 810px\" \/><\/figure>\n\n\n\n<p>El Instituto Nacional de Investigaci\u00f3n Agropecuaria (INIA) realizar\u00e1 el pr\u00f3ximo 30 de setiembre una jornada destacada donde se presentaran contribuciones para el manejo integrado de plagas y enfermedades en cultivos protegidos. La actividad se desarrollar\u00e1 de forma virtual a trav\u00e9s del canal de Youtube de INIA a partir de las 18 horas. <br><\/p>\n\n\n\n<p>El representante de los productores en la Junta Nacional de la Granja (JUNAGRA) e integrante de Salto Hort\u00edcola, Italo Tenca, dijo que se presentar\u00e1n resultados de la investigaci\u00f3n de INIA Salto Grande, en \u00abun trabajo espec\u00edfico para el territorio, que no es un tema menor, tenemos temas que son de la regi\u00f3n, que son preocupaci\u00f3n de Salto. En base a eso se ha hecho un trabajo muy importante\u00bb dijo el productor. <br><\/p>\n\n\n\n<p>Tenca destac\u00f3 la importancia de que los productores se inscriban a trav\u00e9s de la p\u00e1gina web de INIA, \u00abpara nosotros es muy importante que los productores se inscriban, con tiempo. Hay mucha gente registrada, hay t\u00e9cnicos, pero nosotros como Salto Hort\u00edcola a lo que apuntamos es a los productores, que muchos productores se inscriban en esta actividad, estamos convencidos que esto va a ser muy bueno para el sector\u00bb. <br><\/p>\n\n\n\n<p>Por su parte el Ing. Agr. Jos\u00e9 Buenahora, t\u00e9cnico de INIA, record\u00f3 al importancia del \u00ab\u00e1rea hort\u00edcola\u00bb para el departamento y principalmente \u00ablos cultivos protegidos\u00bb que explic\u00f3 \u00abocupan un interesante sitial\u00bb. De acuerdo al t\u00e9cnico se ha generado conjuntamente con la Facultad de Agronom\u00eda, diferentes trabajos de investigaci\u00f3n en el control de plangas y enfermedades. <br><\/p>\n\n\n\n<p>\u00abEl control de plagas y enfermedades sobre estos cultivos que tradicionalmente ocupan un rengl\u00f3n importante\u00bb en la producci\u00f3n salte\u00f1a, explic\u00f3 Buenahora. Si bien reconoci\u00f3 que en el \u00ab\u00e1mbito productivo en general contin\u00faan existiendo algunas dificultades\u00bb indic\u00f3 que se tienen \u00abmuchos a\u00f1os de investigaciones que se han centrado en distintos aspectos\u00bb que se presentaran en dicha jornada. En este sentido se presentaran trabajos sobre la peste negra en pimiento y avances en el control biol\u00f3gico de las principales plagas de tomate y pimiento. <br><\/p>\n\n\n\n<p>Las inscripciones se pueden realizar en la p\u00e1gina web de INIA, www.inia.uy, \u00abes importante que ingresen y se inscriban\u00bb dijo Buenahora. <br><\/p>\n\n\n\n<p>Central Hort\u00edcola<br><\/p>\n\n\n\n<p>En el marco de la conferencia, integrantes de Salto Hort\u00edcola, destacaron un nuevo paso hacia la construcci\u00f3n de la Central Hort\u00edcola. En este sentido indicaron que la Intendencia de Salto realiz\u00f3 un pago 9.600.000 de pesos a la empresa Blardoni &amp; C\u00eda, de acuerdo a lo establecido en el contrato como adelanto financiero para el inicio de las obras. <br><\/p>\n\n\n\n<p>Dicho pago se concret\u00f3 en una \u00fanica partida por parte de la directora general de Hacienda, contadora Mar\u00eda Ana Weston, a la contadora Sof\u00eda Barboza, en representaci\u00f3n de la empresa encargada de la obra.<\/p>\n\n\n\n<p style=\"text-align:right\"><strong>Salto, 23 de setiembre de 2020<\/strong><\/p>\n","protected":false},"excerpt":{"rendered":"<p>El Instituto Nacional de Investigaci\u00f3n Agropecuaria (INIA) realizar\u00e1 el pr\u00f3ximo 30 de setiembre una jornada destacada donde se presentaran contribuciones para el manejo integrado de plagas y enfermedades en cultivos [&hellip;]<\/p>\n","protected":false},"author":5,"featured_media":23992,"comment_status":"open","ping_status":"open","sticky":false,"template":"","format":"standard","meta":{"_price":"","_stock":"","_tribe_ticket_header":"","_tribe_default_ticket_provider":"","_tribe_ticket_capacity":"0","_ticket_start_date":"","_ticket_end_date":"","_tribe_ticket_show_description":"","_tribe_ticket_show_not_going":false,"_tribe_ticket_use_global_stock":"","_tribe_ticket_global_stock_level":"","_global_stock_mode":"","_global_stock_cap":"","_tribe_rsvp_for_event":"","_tribe_ticket_going_count":"","_tribe_ticket_not_going_count":"","_tribe_tickets_list":"[]","_tribe_ticket_has_attendee_info_fields":false,"h5ap_radio_sources":[],"_jetpack_newsletter_access":"","_jetpack_dont_email_post_to_subs":false,"_jetpack_newsletter_tier_id":0,"_jetpack_memberships_contains_paywalled_content":false,"_jetpack_memberships_contains_paid_content":false,"footnotes":""},"categories":[21,9],"tags":[],"class_list":["post-23990","post","type-post","status-publish","format-standard","has-post-thumbnail","hentry","category-actualidad","category-granja"],"jetpack_featured_media_url":"https:\/\/i0.wp.com\/lahoradelcampo.com.uy\/site\/wp-content\/uploads\/2020\/09\/saltohorticola.jpg?fit=880%2C440&ssl=1","jetpack_sharing_enabled":true,"jetpack_shortlink":"https:\/\/wp.me\/p99IaT-6eW","jetpack-related-posts":[{"id":3263,"url":"https:\/\/lahoradelcampo.com.uy\/site\/inia-presentara-tecnologias-para-la-produccion-de-tomates\/","url_meta":{"origin":23990,"position":0},"title":"INIA presentar\u00e1 tecnolog\u00edas para la producci\u00f3n de tomates","author":"La Hora del Campo","date":"28 octubre, 2017","format":false,"excerpt":"El jueves 9 de noviembre, a partir de las 8:00 horas, se realizar\u00e1 en la estaci\u00f3n experimental Salto Grande del Instituto Nacional de Investigaci\u00f3n Agropecuaria, la jornada de divulgaci\u00f3n \"Avances en tecnolog\u00edas para la producci\u00f3n de tomate en invernadero\", donde se presentar\u00e1n nuevas variedades y alternativas para el control qu\u00edmico\u2026","rel":"","context":"En \u00abActualidad\u00bb","block_context":{"text":"Actualidad","link":"https:\/\/lahoradelcampo.com.uy\/site\/category\/actualidad\/"},"img":{"alt_text":"","src":"https:\/\/i0.wp.com\/lahoradelcampo.com.uy\/site\/wp-content\/uploads\/2017\/10\/INIA-tomate.jpg?fit=880%2C440&ssl=1&resize=350%2C200","width":350,"height":200,"srcset":"https:\/\/i0.wp.com\/lahoradelcampo.com.uy\/site\/wp-content\/uploads\/2017\/10\/INIA-tomate.jpg?fit=880%2C440&ssl=1&resize=350%2C200 1x, https:\/\/i0.wp.com\/lahoradelcampo.com.uy\/site\/wp-content\/uploads\/2017\/10\/INIA-tomate.jpg?fit=880%2C440&ssl=1&resize=525%2C300 1.5x, https:\/\/i0.wp.com\/lahoradelcampo.com.uy\/site\/wp-content\/uploads\/2017\/10\/INIA-tomate.jpg?fit=880%2C440&ssl=1&resize=700%2C400 2x"},"classes":[]},{"id":2003,"url":"https:\/\/lahoradelcampo.com.uy\/site\/inia-presentara-resultados-del-manejo-de-tomate-y-morron-bajo-cubierta\/","url_meta":{"origin":23990,"position":1},"title":"Inia presentar\u00e1 resultados del manejo  de tomate y morr\u00f3n bajo cubierta","author":"La Hora del Campo","date":"2 octubre, 2017","format":false,"excerpt":"El Programa Nacional de Investigaci\u00f3n en Producci\u00f3n Hort\u00edcola y las Direcciones Regionales de INIA Las Brujas e INIA Salto Grande realizara una jornada de divulgaci\u00f3n de resultados sobre manejo sanitario en tomate y morr\u00f3n bajo cubierta. La actividad tendr\u00e1 lugar el jueves 12 de octubre de 8:30 a 13:00 horas\u2026","rel":"","context":"En \u00abGranja\u00bb","block_context":{"text":"Granja","link":"https:\/\/lahoradelcampo.com.uy\/site\/category\/granja\/"},"img":{"alt_text":"","src":"https:\/\/i0.wp.com\/lahoradelcampo.com.uy\/site\/wp-content\/uploads\/2017\/09\/Tomate.jpg?fit=880%2C440&ssl=1&resize=350%2C200","width":350,"height":200,"srcset":"https:\/\/i0.wp.com\/lahoradelcampo.com.uy\/site\/wp-content\/uploads\/2017\/09\/Tomate.jpg?fit=880%2C440&ssl=1&resize=350%2C200 1x, https:\/\/i0.wp.com\/lahoradelcampo.com.uy\/site\/wp-content\/uploads\/2017\/09\/Tomate.jpg?fit=880%2C440&ssl=1&resize=525%2C300 1.5x, https:\/\/i0.wp.com\/lahoradelcampo.com.uy\/site\/wp-content\/uploads\/2017\/09\/Tomate.jpg?fit=880%2C440&ssl=1&resize=700%2C400 2x"},"classes":[]},{"id":49996,"url":"https:\/\/lahoradelcampo.com.uy\/site\/inia-realizo-actividad-sobre-fertirriego-en-la-colonia-gestido\/","url_meta":{"origin":23990,"position":2},"title":"INIA realiz\u00f3 actividad sobre Fertirriego en la Colonia Gestido","author":"La Hora del Campo","date":"16 abril, 2023","format":false,"excerpt":"INIA Salto Grande organiz\u00f3 una actividad sobre \"Fertirriego en Cultivos Hort\u00edcolas: Manejo del agua y nutrientes basado en herramientas de monitoreo a campo\". El evento se llev\u00f3 a cabo en el predio de la Familia Gallino, en la Colonia Gestido, departamento de Salto, Uruguay. Durante la actividad, se discuti\u00f3 la\u2026","rel":"","context":"En \u00abActualidad\u00bb","block_context":{"text":"Actualidad","link":"https:\/\/lahoradelcampo.com.uy\/site\/category\/actualidad\/"},"img":{"alt_text":"","src":"https:\/\/i0.wp.com\/lahoradelcampo.com.uy\/site\/wp-content\/uploads\/2023\/04\/INIA-fertirriego.jpg?fit=880%2C440&ssl=1&resize=350%2C200","width":350,"height":200,"srcset":"https:\/\/i0.wp.com\/lahoradelcampo.com.uy\/site\/wp-content\/uploads\/2023\/04\/INIA-fertirriego.jpg?fit=880%2C440&ssl=1&resize=350%2C200 1x, https:\/\/i0.wp.com\/lahoradelcampo.com.uy\/site\/wp-content\/uploads\/2023\/04\/INIA-fertirriego.jpg?fit=880%2C440&ssl=1&resize=525%2C300 1.5x, https:\/\/i0.wp.com\/lahoradelcampo.com.uy\/site\/wp-content\/uploads\/2023\/04\/INIA-fertirriego.jpg?fit=880%2C440&ssl=1&resize=700%2C400 2x"},"classes":[]},{"id":4191,"url":"https:\/\/lahoradelcampo.com.uy\/site\/inia-presentara-resultados-en-investigacion-en-citricultura-en-salto\/","url_meta":{"origin":23990,"position":3},"title":"INIA presentar\u00e1 resultados en investigaci\u00f3n en citricultura en Salto","author":"La Hora del Campo","date":"24 noviembre, 2017","format":false,"excerpt":"Los d\u00edas 4 y 5 de diciembre se presentar\u00e1 en INIA Salto Grande los resultados en investigaci\u00f3n y desarrollo en citricultura, el Ing. Fernando Rivas director del programa nacional de investigaci\u00f3n en este rubro dijo que se trata de \"exponer los resultados cient\u00edficos y desarrollo tecnol\u00f3gico que se va generando\u2026","rel":"","context":"En \u00abActualidad\u00bb","block_context":{"text":"Actualidad","link":"https:\/\/lahoradelcampo.com.uy\/site\/category\/actualidad\/"},"img":{"alt_text":"","src":"https:\/\/i0.wp.com\/lahoradelcampo.com.uy\/site\/wp-content\/uploads\/2017\/11\/Rivas.jpg?fit=880%2C440&ssl=1&resize=350%2C200","width":350,"height":200,"srcset":"https:\/\/i0.wp.com\/lahoradelcampo.com.uy\/site\/wp-content\/uploads\/2017\/11\/Rivas.jpg?fit=880%2C440&ssl=1&resize=350%2C200 1x, https:\/\/i0.wp.com\/lahoradelcampo.com.uy\/site\/wp-content\/uploads\/2017\/11\/Rivas.jpg?fit=880%2C440&ssl=1&resize=525%2C300 1.5x, https:\/\/i0.wp.com\/lahoradelcampo.com.uy\/site\/wp-content\/uploads\/2017\/11\/Rivas.jpg?fit=880%2C440&ssl=1&resize=700%2C400 2x"},"classes":[]},{"id":49544,"url":"https:\/\/lahoradelcampo.com.uy\/site\/fucrea-organiza-la-3era-jornada-nacional-de-cultivos-de-invierno\/","url_meta":{"origin":23990,"position":4},"title":"Fucrea organiza la 3era. Jornada Nacional de Cultivos de Invierno","author":"La Hora del Campo","date":"29 marzo, 2023","format":false,"excerpt":"La tercera jornada nacional de cultivos de invierno se llevar\u00e1 a cabo los d\u00edas 11 y 12 de abril de 2023, en el marco de los 30 a\u00f1os de la Mesa Nacional de la Cebada. El evento se transmitir\u00e1 por Youtube CREA Uruguay y las inscripciones ya est\u00e1n abiertas en\u2026","rel":"","context":"En \u00abActualidad\u00bb","block_context":{"text":"Actualidad","link":"https:\/\/lahoradelcampo.com.uy\/site\/category\/actualidad\/"},"img":{"alt_text":"","src":"https:\/\/i0.wp.com\/lahoradelcampo.com.uy\/site\/wp-content\/uploads\/2017\/12\/Trigo.jpg?fit=880%2C440&ssl=1&resize=350%2C200","width":350,"height":200,"srcset":"https:\/\/i0.wp.com\/lahoradelcampo.com.uy\/site\/wp-content\/uploads\/2017\/12\/Trigo.jpg?fit=880%2C440&ssl=1&resize=350%2C200 1x, https:\/\/i0.wp.com\/lahoradelcampo.com.uy\/site\/wp-content\/uploads\/2017\/12\/Trigo.jpg?fit=880%2C440&ssl=1&resize=525%2C300 1.5x, https:\/\/i0.wp.com\/lahoradelcampo.com.uy\/site\/wp-content\/uploads\/2017\/12\/Trigo.jpg?fit=880%2C440&ssl=1&resize=700%2C400 2x"},"classes":[]},{"id":52268,"url":"https:\/\/lahoradelcampo.com.uy\/site\/hoy-en-inia-salto-grande-jornada-de-capacitacion-sobre-el-hlb\/","url_meta":{"origin":23990,"position":5},"title":"Hoy en INIA Salto Grande, jornada de capacitaci\u00f3n sobre el HLB","author":"La Hora del Campo","date":"22 agosto, 2023","format":false,"excerpt":"El Instituto Nacional de Investigaci\u00f3n Agropecuaria (INIA) Salto Grande, realiza en la jornada de hoy, desde la hora 9:00, una actividad de capacitaci\u00f3n sobre el \"Manejo integrado de Diaphorina citri, vector del HLB, en quintas citr\u00edcolas\". La Ing. Agr. Mariana Espino, directora de INIA Salto Grande, dijo que la oportunidad\u2026","rel":"","context":"En \u00abGranja\u00bb","block_context":{"text":"Granja","link":"https:\/\/lahoradelcampo.com.uy\/site\/category\/granja\/"},"img":{"alt_text":"","src":"https:\/\/i0.wp.com\/lahoradelcampo.com.uy\/site\/wp-content\/uploads\/2023\/08\/Mariana-Espino.jpg?fit=880%2C440&ssl=1&resize=350%2C200","width":350,"height":200,"srcset":"https:\/\/i0.wp.com\/lahoradelcampo.com.uy\/site\/wp-content\/uploads\/2023\/08\/Mariana-Espino.jpg?fit=880%2C440&ssl=1&resize=350%2C200 1x, https:\/\/i0.wp.com\/lahoradelcampo.com.uy\/site\/wp-content\/uploads\/2023\/08\/Mariana-Espino.jpg?fit=880%2C440&ssl=1&resize=525%2C300 1.5x, https:\/\/i0.wp.com\/lahoradelcampo.com.uy\/site\/wp-content\/uploads\/2023\/08\/Mariana-Espino.jpg?fit=880%2C440&ssl=1&resize=700%2C400 2x"},"classes":[]}],"jetpack_likes_enabled":true,"_links":{"self":[{"href":"https:\/\/lahoradelcampo.com.uy\/site\/wp-json\/wp\/v2\/posts\/23990","targetHints":{"allow":["GET"]}}],"collection":[{"href":"https:\/\/lahoradelcampo.com.uy\/site\/wp-json\/wp\/v2\/posts"}],"about":[{"href":"https:\/\/lahoradelcampo.com.uy\/site\/wp-json\/wp\/v2\/types\/post"}],"author":[{"embeddable":true,"href":"https:\/\/lahoradelcampo.com.uy\/site\/wp-json\/wp\/v2\/users\/5"}],"replies":[{"embeddable":true,"href":"https:\/\/lahoradelcampo.com.uy\/site\/wp-json\/wp\/v2\/comments?post=23990"}],"version-history":[{"count":1,"href":"https:\/\/lahoradelcampo.com.uy\/site\/wp-json\/wp\/v2\/posts\/23990\/revisions"}],"predecessor-version":[{"id":23994,"href":"https:\/\/lahoradelcampo.com.uy\/site\/wp-json\/wp\/v2\/posts\/23990\/revisions\/23994"}],"wp:featuredmedia":[{"embeddable":true,"href":"https:\/\/lahoradelcampo.com.uy\/site\/wp-json\/wp\/v2\/media\/23992"}],"wp:attachment":[{"href":"https:\/\/lahoradelcampo.com.uy\/site\/wp-json\/wp\/v2\/media?parent=23990"}],"wp:term":[{"taxonomy":"category","embeddable":true,"href":"https:\/\/lahoradelcampo.com.uy\/site\/wp-json\/wp\/v2\/categories?post=23990"},{"taxonomy":"post_tag","embeddable":true,"href":"https:\/\/lahoradelcampo.com.uy\/site\/wp-json\/wp\/v2\/tags?post=23990"}],"curies":[{"name":"wp","href":"https:\/\/api.w.org\/{rel}","templated":true}]}}