{"id":15756,"date":"2019-11-11T18:20:47","date_gmt":"2019-11-11T21:20:47","guid":{"rendered":"http:\/\/lahoradelcampo.com.uy\/site\/?p=15756"},"modified":"2019-11-11T18:20:57","modified_gmt":"2019-11-11T21:20:57","slug":"la-cuota-481-depende-de-una-firma","status":"publish","type":"post","link":"https:\/\/lahoradelcampo.com.uy\/site\/la-cuota-481-depende-de-una-firma\/","title":{"rendered":"La cuota 481 depende de una firma"},"content":{"rendered":"\n<figure class=\"wp-block-image\"><img data-recalc-dims=\"1\" loading=\"lazy\" decoding=\"async\" width=\"810\" height=\"405\" data-attachment-id=\"3141\" data-permalink=\"https:\/\/lahoradelcampo.com.uy\/site\/estados-unidos-exige-cupo-exclusivo-de-la-cuota-481\/cuota-481\/\" data-orig-file=\"https:\/\/i0.wp.com\/lahoradelcampo.com.uy\/site\/wp-content\/uploads\/2017\/10\/Cuota-481.jpg?fit=880%2C440&amp;ssl=1\" data-orig-size=\"880,440\" data-comments-opened=\"1\" data-image-meta=\"{&quot;aperture&quot;:&quot;0&quot;,&quot;credit&quot;:&quot;Vicente-Manuel-Tort&quot;,&quot;camera&quot;:&quot;&quot;,&quot;caption&quot;:&quot;&quot;,&quot;created_timestamp&quot;:&quot;0&quot;,&quot;copyright&quot;:&quot;Presidencia de la Republica - Sec.Com.Inst.&quot;,&quot;focal_length&quot;:&quot;0&quot;,&quot;iso&quot;:&quot;0&quot;,&quot;shutter_speed&quot;:&quot;0&quot;,&quot;title&quot;:&quot;&quot;,&quot;orientation&quot;:&quot;1&quot;}\" data-image-title=\"Cuota 481\" data-image-description=\"\" data-image-caption=\"\" data-large-file=\"https:\/\/i0.wp.com\/lahoradelcampo.com.uy\/site\/wp-content\/uploads\/2017\/10\/Cuota-481.jpg?fit=810%2C405&amp;ssl=1\" src=\"https:\/\/i0.wp.com\/lahoradelcampo.com.uy\/site\/wp-content\/uploads\/2017\/10\/Cuota-481.jpg?resize=810%2C405\" alt=\"\" class=\"wp-image-3141\" srcset=\"https:\/\/i0.wp.com\/lahoradelcampo.com.uy\/site\/wp-content\/uploads\/2017\/10\/Cuota-481.jpg?w=880&amp;ssl=1 880w, https:\/\/i0.wp.com\/lahoradelcampo.com.uy\/site\/wp-content\/uploads\/2017\/10\/Cuota-481.jpg?resize=300%2C150&amp;ssl=1 300w, https:\/\/i0.wp.com\/lahoradelcampo.com.uy\/site\/wp-content\/uploads\/2017\/10\/Cuota-481.jpg?resize=768%2C384&amp;ssl=1 768w, https:\/\/i0.wp.com\/lahoradelcampo.com.uy\/site\/wp-content\/uploads\/2017\/10\/Cuota-481.jpg?resize=820%2C410&amp;ssl=1 820w\" sizes=\"auto, (max-width: 810px) 100vw, 810px\" \/><\/figure>\n\n\n\n<p>Estados Unidos y la Uni\u00f3n Europea a\u00fan no han firmado el memor\u00e1ndum de entendimiento para el cambio en la Cuota 481, lo cual habilitar\u00eda inmediatamente el cupo preferencial a la carne estadounidense. <br><\/p>\n\n\n\n<p>Falta solamente una etapa, ya que el poder ejecutivo norteamericano ya ha confirmado el mismo y resta a\u00fan la aprobaci\u00f3n del parlamento europeo. <br><\/p>\n\n\n\n<p>La cuota 481 es un cupo de carne de alta calidad de 45.000 toneladas que fuera creado para compensar a Estados Unidos por el bloqueo que manten\u00eda la Uni\u00f3n Europea, debido a los casos de vaca loca registrados. <br><\/p>\n\n\n\n<p>Sin embargo una vez habilitado, Uruguay entre otros pa\u00edses se presentaron ante la Organizaci\u00f3n Mundial del Comercio y logr\u00f3 ser incluido en la misma. En la actualidad este cupo que se distribuye trimestralmente permite el acceso sin aranceles a Argentina, Australia, Canad\u00e1, Nueva Zelanda, Estados Unidos y Uruguay. <br><\/p>\n\n\n\n<p>El memor\u00e1ndum acordado entre Estados Unidos y la Uni\u00f3n Europea establece que norteam\u00e9rica podr\u00e1 acceder con un cupo preferencial, llevando a que el volumen trimestral actual de 11.250 toneladas pase a ser de 6.625 toneladas para los restantes pa\u00edses en 2020 y de 2.500 toneladas en 2026.<br><\/p>\n\n\n\n<p>Decisi\u00f3n que claramente dejar\u00e1 a Uruguay, el principal proveedor de la cuota en la actualidad,  con un sistema de engorde a corral con limitaciones para colocar su carne en el exterior. <br><\/p>\n\n\n\n<p>En el momento los corrales est\u00e1n completos, preparando animales que ser\u00e1n faenados antes de cerrar el a\u00f1o y que se exportara su carne dentro del primer trimestre del a\u00f1o pr\u00f3ximo, siempre y cuando el Parlamento Europeo no apruebe el memor\u00e1ndum antes del 31 de diciembre. <br><\/p>\n\n\n\n<p>De ser as\u00ed, la industria uruguaya que ya firm\u00f3 sus acuerdos con los corrales deber\u00e1 encontrar r\u00e1pidamente salidas alternativas para colocar la carne. <\/p>\n","protected":false},"excerpt":{"rendered":"<p>Estados Unidos y la Uni\u00f3n Europea a\u00fan no han firmado el memor\u00e1ndum de entendimiento para el cambio en la Cuota 481, lo cual habilitar\u00eda inmediatamente el cupo preferencial a la [&hellip;]<\/p>\n","protected":false},"author":5,"featured_media":3141,"comment_status":"open","ping_status":"open","sticky":false,"template":"","format":"standard","meta":{"_price":"","_stock":"","_tribe_ticket_header":"","_tribe_default_ticket_provider":"","_tribe_ticket_capacity":"0","_ticket_start_date":"","_ticket_end_date":"","_tribe_ticket_show_description":"","_tribe_ticket_show_not_going":false,"_tribe_ticket_use_global_stock":"","_tribe_ticket_global_stock_level":"","_global_stock_mode":"","_global_stock_cap":"","_tribe_rsvp_for_event":"","_tribe_ticket_going_count":"","_tribe_ticket_not_going_count":"","_tribe_tickets_list":"[]","_tribe_ticket_has_attendee_info_fields":false,"h5ap_radio_sources":[],"_jetpack_newsletter_access":"","_jetpack_dont_email_post_to_subs":false,"_jetpack_newsletter_tier_id":0,"_jetpack_memberships_contains_paywalled_content":false,"_jetpack_memberships_contains_paid_content":false,"footnotes":""},"categories":[21,5],"tags":[],"class_list":["post-15756","post","type-post","status-publish","format-standard","has-post-thumbnail","hentry","category-actualidad","category-ganaderia"],"jetpack_featured_media_url":"https:\/\/i0.wp.com\/lahoradelcampo.com.uy\/site\/wp-content\/uploads\/2017\/10\/Cuota-481.jpg?fit=880%2C440&ssl=1","jetpack_sharing_enabled":true,"jetpack_shortlink":"https:\/\/wp.me\/p99IaT-468","jetpack-related-posts":[{"id":3139,"url":"https:\/\/lahoradelcampo.com.uy\/site\/estados-unidos-exige-cupo-exclusivo-de-la-cuota-481\/","url_meta":{"origin":15756,"position":0},"title":"Estados Unidos exige \u00abcupo exclusivo\u00bb de la Cuota 481","author":"La Hora del Campo","date":"25 octubre, 2017","format":false,"excerpt":"La Federaci\u00f3n de\u00a0Exportadores de Carne\u00a0de Estados Unidos (USMEF por sus siglas en ingl\u00e9s) le est\u00e1 reclamando a la Uni\u00f3n Europea (UE) una r\u00e1pida soluci\u00f3n al esquema de funcionamiento actual de la cuota 481, y que le otorgue un cupo de relevancia para uso exclusivo. La UE le ofreci\u00f3 un cupo\u2026","rel":"","context":"En \u00abGanader\u00eda\u00bb","block_context":{"text":"Ganader\u00eda","link":"https:\/\/lahoradelcampo.com.uy\/site\/category\/ganaderia\/"},"img":{"alt_text":"","src":"https:\/\/i0.wp.com\/lahoradelcampo.com.uy\/site\/wp-content\/uploads\/2017\/10\/Cuota-481.jpg?fit=880%2C440&ssl=1&resize=350%2C200","width":350,"height":200,"srcset":"https:\/\/i0.wp.com\/lahoradelcampo.com.uy\/site\/wp-content\/uploads\/2017\/10\/Cuota-481.jpg?fit=880%2C440&ssl=1&resize=350%2C200 1x, https:\/\/i0.wp.com\/lahoradelcampo.com.uy\/site\/wp-content\/uploads\/2017\/10\/Cuota-481.jpg?fit=880%2C440&ssl=1&resize=525%2C300 1.5x, https:\/\/i0.wp.com\/lahoradelcampo.com.uy\/site\/wp-content\/uploads\/2017\/10\/Cuota-481.jpg?fit=880%2C440&ssl=1&resize=700%2C400 2x"},"classes":[]},{"id":11905,"url":"https:\/\/lahoradelcampo.com.uy\/site\/ue-y-estados-unidos-confirmaron-acuerdo-por-la-cuota-481\/","url_meta":{"origin":15756,"position":1},"title":"UE y Estados Unidos confirmaron acuerdo por la Cuota 481","author":"La Hora del Campo ADMIN","date":"18 junio, 2019","format":false,"excerpt":"La Comisi\u00f3n Europea calific\u00f3 como exitosas las negociaciones para rever el funcionamiento de la cuota existente para importar carne de vacuno de Estados Unidos libre de hormonas con destino al mercado comunitario. El comisario de Agricultura de la Uni\u00f3n Europea, Phil Hogan, afirm\u00f3 que, \"con el resultado exitoso de las\u2026","rel":"","context":"En \u00abActualidad\u00bb","block_context":{"text":"Actualidad","link":"https:\/\/lahoradelcampo.com.uy\/site\/category\/actualidad\/"},"img":{"alt_text":"","src":"https:\/\/i0.wp.com\/lahoradelcampo.com.uy\/site\/wp-content\/uploads\/2019\/05\/Faena-1.jpg?fit=880%2C440&ssl=1&resize=350%2C200","width":350,"height":200,"srcset":"https:\/\/i0.wp.com\/lahoradelcampo.com.uy\/site\/wp-content\/uploads\/2019\/05\/Faena-1.jpg?fit=880%2C440&ssl=1&resize=350%2C200 1x, https:\/\/i0.wp.com\/lahoradelcampo.com.uy\/site\/wp-content\/uploads\/2019\/05\/Faena-1.jpg?fit=880%2C440&ssl=1&resize=525%2C300 1.5x, https:\/\/i0.wp.com\/lahoradelcampo.com.uy\/site\/wp-content\/uploads\/2019\/05\/Faena-1.jpg?fit=880%2C440&ssl=1&resize=700%2C400 2x"},"classes":[]},{"id":14735,"url":"https:\/\/lahoradelcampo.com.uy\/site\/a-partir-del-1-de-enero-comienza-a-regir-el-nuevo-cupo-de-la-cuota-481\/","url_meta":{"origin":15756,"position":2},"title":"A partir del 1 de enero comienza a regir el nuevo cupo de la cuota 481","author":"La Hora del Campo","date":"2 octubre, 2019","format":false,"excerpt":"Los cambios en la cuota 481 que se esperaban para el segundo semestre de 2020, aparentemente comenzar\u00e1 regir desde el 1 de enero, de acuerdo a un borrador de la Uni\u00f3n Europea que se di\u00f3 a conocer en la jornada de ayer. El Ing. Agr. Rafael Tard\u00e1guila, director de Tard\u00e1guila\u2026","rel":"","context":"En \u00abActualidad\u00bb","block_context":{"text":"Actualidad","link":"https:\/\/lahoradelcampo.com.uy\/site\/category\/actualidad\/"},"img":{"alt_text":"","src":"https:\/\/i0.wp.com\/lahoradelcampo.com.uy\/site\/wp-content\/uploads\/2019\/05\/feedlot-usa.jpg?fit=880%2C440&ssl=1&resize=350%2C200","width":350,"height":200,"srcset":"https:\/\/i0.wp.com\/lahoradelcampo.com.uy\/site\/wp-content\/uploads\/2019\/05\/feedlot-usa.jpg?fit=880%2C440&ssl=1&resize=350%2C200 1x, https:\/\/i0.wp.com\/lahoradelcampo.com.uy\/site\/wp-content\/uploads\/2019\/05\/feedlot-usa.jpg?fit=880%2C440&ssl=1&resize=525%2C300 1.5x, https:\/\/i0.wp.com\/lahoradelcampo.com.uy\/site\/wp-content\/uploads\/2019\/05\/feedlot-usa.jpg?fit=880%2C440&ssl=1&resize=700%2C400 2x"},"classes":[]},{"id":9671,"url":"https:\/\/lahoradelcampo.com.uy\/site\/cambios-en-la-cuota-481-le-pondran-incertidumbre-y-estres-a-la-cadena-comercial\/","url_meta":{"origin":15756,"position":3},"title":"Cambios en la cuota 481 le pondr\u00e1n incertidumbre y estr\u00e9s a la cadena comercial","author":"La Hora del Campo","date":"8 abril, 2019","format":false,"excerpt":"Un acuerdo Estados Unidos y la Uni\u00f3n Europea estar\u00eda pr\u00e1cticamente acordado, lo que estar\u00eda determinando un cupo definido y fijo dentro la misma para los estadounidenses y posteriormente lo restante se distribuir\u00e1 con los restantes participantes de la misma, acortando las posibilidades de negocios desde Uruguay en ese cupo para\u2026","rel":"","context":"En \u00abActualidad\u00bb","block_context":{"text":"Actualidad","link":"https:\/\/lahoradelcampo.com.uy\/site\/category\/actualidad\/"},"img":{"alt_text":"","src":"https:\/\/i0.wp.com\/lahoradelcampo.com.uy\/site\/wp-content\/uploads\/2019\/04\/Stanham.jpg?fit=880%2C440&ssl=1&resize=350%2C200","width":350,"height":200,"srcset":"https:\/\/i0.wp.com\/lahoradelcampo.com.uy\/site\/wp-content\/uploads\/2019\/04\/Stanham.jpg?fit=880%2C440&ssl=1&resize=350%2C200 1x, https:\/\/i0.wp.com\/lahoradelcampo.com.uy\/site\/wp-content\/uploads\/2019\/04\/Stanham.jpg?fit=880%2C440&ssl=1&resize=525%2C300 1.5x, https:\/\/i0.wp.com\/lahoradelcampo.com.uy\/site\/wp-content\/uploads\/2019\/04\/Stanham.jpg?fit=880%2C440&ssl=1&resize=700%2C400 2x"},"classes":[]},{"id":26476,"url":"https:\/\/lahoradelcampo.com.uy\/site\/uruguay-perdera-2-000-toneladas-de-la-cuota-481\/","url_meta":{"origin":15756,"position":4},"title":"Uruguay perder\u00e1 2.000 toneladas de la cuota 481","author":"La Hora del Campo","date":"30 diciembre, 2020","format":false,"excerpt":"El acuerdo comercial entre la Uni\u00f3n Europea y Estados Unidos, realizado a finales de 2019, contin\u00faa su curso hacia una porci\u00f3n exclusiva de la cuota 481 de uso \u00fanicamente estadounidense. Esta porci\u00f3n debe crecer escalonadamente todos los a\u00f1os. El cupo total es de 45.000 toneladas peso embarque para la cuota\u2026","rel":"","context":"En \u00abActualidad\u00bb","block_context":{"text":"Actualidad","link":"https:\/\/lahoradelcampo.com.uy\/site\/category\/actualidad\/"},"img":{"alt_text":"","src":"https:\/\/i0.wp.com\/lahoradelcampo.com.uy\/site\/wp-content\/uploads\/2017\/10\/Cuota-481.jpg?fit=880%2C440&ssl=1&resize=350%2C200","width":350,"height":200,"srcset":"https:\/\/i0.wp.com\/lahoradelcampo.com.uy\/site\/wp-content\/uploads\/2017\/10\/Cuota-481.jpg?fit=880%2C440&ssl=1&resize=350%2C200 1x, https:\/\/i0.wp.com\/lahoradelcampo.com.uy\/site\/wp-content\/uploads\/2017\/10\/Cuota-481.jpg?fit=880%2C440&ssl=1&resize=525%2C300 1.5x, https:\/\/i0.wp.com\/lahoradelcampo.com.uy\/site\/wp-content\/uploads\/2017\/10\/Cuota-481.jpg?fit=880%2C440&ssl=1&resize=700%2C400 2x"},"classes":[]},{"id":45041,"url":"https:\/\/lahoradelcampo.com.uy\/site\/el-32-de-las-exportaciones-de-carne-a-europa-son-a-traves-de-la-cuota-481\/","url_meta":{"origin":15756,"position":5},"title":"El 32% de las exportaciones de carne a Europa son a trav\u00e9s de la Cuota 481","author":"La Hora del Campo","date":"29 agosto, 2022","format":false,"excerpt":"Las exportaciones de carne vacuna a la Uni\u00f3n Europea, se realizan a trav\u00e9s de tres cuotas con beneficios arancelarios y tambi\u00e9n haciendo frente al arancel total del mercado. Estos cupos son la Cuota Hilton que es el 17% de las exportaciones, la Cuota 481 que suma el 32% y la\u2026","rel":"","context":"En \u00abActualidad\u00bb","block_context":{"text":"Actualidad","link":"https:\/\/lahoradelcampo.com.uy\/site\/category\/actualidad\/"},"img":{"alt_text":"","src":"https:\/\/i0.wp.com\/lahoradelcampo.com.uy\/site\/wp-content\/uploads\/2019\/04\/Carne-vacuna.jpg?fit=880%2C440&ssl=1&resize=350%2C200","width":350,"height":200,"srcset":"https:\/\/i0.wp.com\/lahoradelcampo.com.uy\/site\/wp-content\/uploads\/2019\/04\/Carne-vacuna.jpg?fit=880%2C440&ssl=1&resize=350%2C200 1x, https:\/\/i0.wp.com\/lahoradelcampo.com.uy\/site\/wp-content\/uploads\/2019\/04\/Carne-vacuna.jpg?fit=880%2C440&ssl=1&resize=525%2C300 1.5x, https:\/\/i0.wp.com\/lahoradelcampo.com.uy\/site\/wp-content\/uploads\/2019\/04\/Carne-vacuna.jpg?fit=880%2C440&ssl=1&resize=700%2C400 2x"},"classes":[]}],"jetpack_likes_enabled":true,"_links":{"self":[{"href":"https:\/\/lahoradelcampo.com.uy\/site\/wp-json\/wp\/v2\/posts\/15756","targetHints":{"allow":["GET"]}}],"collection":[{"href":"https:\/\/lahoradelcampo.com.uy\/site\/wp-json\/wp\/v2\/posts"}],"about":[{"href":"https:\/\/lahoradelcampo.com.uy\/site\/wp-json\/wp\/v2\/types\/post"}],"author":[{"embeddable":true,"href":"https:\/\/lahoradelcampo.com.uy\/site\/wp-json\/wp\/v2\/users\/5"}],"replies":[{"embeddable":true,"href":"https:\/\/lahoradelcampo.com.uy\/site\/wp-json\/wp\/v2\/comments?post=15756"}],"version-history":[{"count":1,"href":"https:\/\/lahoradelcampo.com.uy\/site\/wp-json\/wp\/v2\/posts\/15756\/revisions"}],"predecessor-version":[{"id":15758,"href":"https:\/\/lahoradelcampo.com.uy\/site\/wp-json\/wp\/v2\/posts\/15756\/revisions\/15758"}],"wp:featuredmedia":[{"embeddable":true,"href":"https:\/\/lahoradelcampo.com.uy\/site\/wp-json\/wp\/v2\/media\/3141"}],"wp:attachment":[{"href":"https:\/\/lahoradelcampo.com.uy\/site\/wp-json\/wp\/v2\/media?parent=15756"}],"wp:term":[{"taxonomy":"category","embeddable":true,"href":"https:\/\/lahoradelcampo.com.uy\/site\/wp-json\/wp\/v2\/categories?post=15756"},{"taxonomy":"post_tag","embeddable":true,"href":"https:\/\/lahoradelcampo.com.uy\/site\/wp-json\/wp\/v2\/tags?post=15756"}],"curies":[{"name":"wp","href":"https:\/\/api.w.org\/{rel}","templated":true}]}}