{"id":15752,"date":"2019-11-11T18:18:23","date_gmt":"2019-11-11T21:18:23","guid":{"rendered":"http:\/\/lahoradelcampo.com.uy\/site\/?p=15752"},"modified":"2019-11-11T18:18:32","modified_gmt":"2019-11-11T21:18:32","slug":"compartimentos-superaron-largamente-las-proyecciones-en-2019","status":"publish","type":"post","link":"https:\/\/lahoradelcampo.com.uy\/site\/compartimentos-superaron-largamente-las-proyecciones-en-2019\/","title":{"rendered":"Compartimentos superaron largamente las proyecciones en 2019"},"content":{"rendered":"\n<figure class=\"wp-block-image\"><img data-recalc-dims=\"1\" loading=\"lazy\" decoding=\"async\" width=\"810\" height=\"405\" data-attachment-id=\"3833\" data-permalink=\"https:\/\/lahoradelcampo.com.uy\/site\/nuevo-maximo-para-la-zafra-en-el-mercado-lanero-australiano\/ovinos-3\/\" data-orig-file=\"https:\/\/i0.wp.com\/lahoradelcampo.com.uy\/site\/wp-content\/uploads\/2017\/11\/Ovinos.jpg?fit=880%2C440&amp;ssl=1\" data-orig-size=\"880,440\" data-comments-opened=\"1\" data-image-meta=\"{&quot;aperture&quot;:&quot;0&quot;,&quot;credit&quot;:&quot;Vicente-Manuel-Tort&quot;,&quot;camera&quot;:&quot;&quot;,&quot;caption&quot;:&quot;&quot;,&quot;created_timestamp&quot;:&quot;0&quot;,&quot;copyright&quot;:&quot;Presidencia de la Republica - Sec.Com.Inst.&quot;,&quot;focal_length&quot;:&quot;0&quot;,&quot;iso&quot;:&quot;0&quot;,&quot;shutter_speed&quot;:&quot;0&quot;,&quot;title&quot;:&quot;&quot;,&quot;orientation&quot;:&quot;1&quot;}\" data-image-title=\"Ovinos\" data-image-description=\"\" data-image-caption=\"\" data-large-file=\"https:\/\/i0.wp.com\/lahoradelcampo.com.uy\/site\/wp-content\/uploads\/2017\/11\/Ovinos.jpg?fit=810%2C405&amp;ssl=1\" src=\"https:\/\/i0.wp.com\/lahoradelcampo.com.uy\/site\/wp-content\/uploads\/2017\/11\/Ovinos.jpg?resize=810%2C405\" alt=\"\" class=\"wp-image-3833\" srcset=\"https:\/\/i0.wp.com\/lahoradelcampo.com.uy\/site\/wp-content\/uploads\/2017\/11\/Ovinos.jpg?w=880&amp;ssl=1 880w, https:\/\/i0.wp.com\/lahoradelcampo.com.uy\/site\/wp-content\/uploads\/2017\/11\/Ovinos.jpg?resize=300%2C150&amp;ssl=1 300w, https:\/\/i0.wp.com\/lahoradelcampo.com.uy\/site\/wp-content\/uploads\/2017\/11\/Ovinos.jpg?resize=768%2C384&amp;ssl=1 768w, https:\/\/i0.wp.com\/lahoradelcampo.com.uy\/site\/wp-content\/uploads\/2017\/11\/Ovinos.jpg?resize=820%2C410&amp;ssl=1 820w\" sizes=\"auto, (max-width: 810px) 100vw, 810px\" \/><\/figure>\n\n\n\n<p>La figura del compartimento de bioseguridad para el ovino, que permite hasta el momento el ingreso \u00fanicamente al mercado estadounidense con hueso ha venido generando mayor inter\u00e9s por parte de los productores, al tiempo que se fueron dando a conocer sobreprecios que proyectan un rubro a\u00fan m\u00e1s rentable. <br><\/p>\n\n\n\n<p>Aqu\u00ed en el norte del pa\u00eds han comenzado a operar algunos emprendimientos privados en este sentido, generando adem\u00e1s de la oportunidad para el productor que lo impulsa, tambi\u00e9n para los peque\u00f1os productores que encuentran una demanda adicional en el mercado. <br><\/p>\n\n\n\n<p>De acuerdo a las proyecciones del MGAP, para este a\u00f1o 2019 se tendr\u00eda cerca de 12.000 corderos, sin embargo al analizar las cifras actuales, ese n\u00famero qued\u00f3 atr\u00e1s ya que se lleva exportado cerca de 17.000 corderos y ahora las expectativas es superar los 20.000 ovinos este a\u00f1o. <br><\/p>\n\n\n\n<p>Actualmente el sobreprecio por corderos del sistema es de 25% sobre el valor de ACG para el cordero pesado que se posiciona en US$ 4,04, por lo cual en este sistema el valor final quedar\u00eda en US$ 5,05. Claro que existe una serie de requisitos para alcanzar el precio m\u00e1ximo, como por ejemplo los kilos de carcasa, tal cual ocurre en la venta tradicional hacia la industria con animales de campo. <\/p>\n","protected":false},"excerpt":{"rendered":"<p>La figura del compartimento de bioseguridad para el ovino, que permite hasta el momento el ingreso \u00fanicamente al mercado estadounidense con hueso ha venido generando mayor inter\u00e9s por parte de [&hellip;]<\/p>\n","protected":false},"author":5,"featured_media":3833,"comment_status":"open","ping_status":"open","sticky":false,"template":"","format":"standard","meta":{"_price":"","_stock":"","_tribe_ticket_header":"","_tribe_default_ticket_provider":"","_tribe_ticket_capacity":"0","_ticket_start_date":"","_ticket_end_date":"","_tribe_ticket_show_description":"","_tribe_ticket_show_not_going":false,"_tribe_ticket_use_global_stock":"","_tribe_ticket_global_stock_level":"","_global_stock_mode":"","_global_stock_cap":"","_tribe_rsvp_for_event":"","_tribe_ticket_going_count":"","_tribe_ticket_not_going_count":"","_tribe_tickets_list":"[]","_tribe_ticket_has_attendee_info_fields":false,"h5ap_radio_sources":[],"_jetpack_newsletter_access":"","_jetpack_dont_email_post_to_subs":false,"_jetpack_newsletter_tier_id":0,"_jetpack_memberships_contains_paywalled_content":false,"_jetpack_memberships_contains_paid_content":false,"footnotes":""},"categories":[21,5],"tags":[],"class_list":["post-15752","post","type-post","status-publish","format-standard","has-post-thumbnail","hentry","category-actualidad","category-ganaderia"],"jetpack_featured_media_url":"https:\/\/i0.wp.com\/lahoradelcampo.com.uy\/site\/wp-content\/uploads\/2017\/11\/Ovinos.jpg?fit=880%2C440&ssl=1","jetpack_sharing_enabled":true,"jetpack_shortlink":"https:\/\/wp.me\/p99IaT-464","jetpack-related-posts":[{"id":55020,"url":"https:\/\/lahoradelcampo.com.uy\/site\/tercera-semana-de-bajas-consecutivas-en-el-indicador-de-mercados-del-este\/","url_meta":{"origin":15752,"position":0},"title":"Tercera semana de bajas consecutivas en el Indicador de Mercados del Este","author":"La Hora del Campo","date":"1 noviembre, 2024","format":false,"excerpt":"A pesar de las proyecciones de una recuperaci\u00f3n del mercado lanero australiano, en base a la devaluaci\u00f3n del d\u00f3lar australiano (AUD) frente a su par estadounidense (USD), la semana termin\u00f3 con un nuevo descenso en el Indicador de Mercados del Este, continuando una tendencia de p\u00e9rdidas por tercera semana consecutiva.\u2026","rel":"","context":"En \u00abActualidad\u00bb","block_context":{"text":"Actualidad","link":"https:\/\/lahoradelcampo.com.uy\/site\/category\/actualidad\/"},"img":{"alt_text":"","src":"https:\/\/i0.wp.com\/lahoradelcampo.com.uy\/site\/wp-content\/uploads\/2023\/02\/Lana-Australia4.jpg?fit=880%2C440&ssl=1&resize=350%2C200","width":350,"height":200,"srcset":"https:\/\/i0.wp.com\/lahoradelcampo.com.uy\/site\/wp-content\/uploads\/2023\/02\/Lana-Australia4.jpg?fit=880%2C440&ssl=1&resize=350%2C200 1x, https:\/\/i0.wp.com\/lahoradelcampo.com.uy\/site\/wp-content\/uploads\/2023\/02\/Lana-Australia4.jpg?fit=880%2C440&ssl=1&resize=525%2C300 1.5x, https:\/\/i0.wp.com\/lahoradelcampo.com.uy\/site\/wp-content\/uploads\/2023\/02\/Lana-Australia4.jpg?fit=880%2C440&ssl=1&resize=700%2C400 2x"},"classes":[]},{"id":23010,"url":"https:\/\/lahoradelcampo.com.uy\/site\/un-tercio-de-los-tamberos-estan-con-dificultades\/","url_meta":{"origin":15752,"position":1},"title":"Un tercio de los tamberos  est\u00e1n con dificultades","author":"La Hora del Campo","date":"27 agosto, 2020","format":false,"excerpt":"El Instituto Nacional de la Leche (INALE) realiz\u00f3 un an\u00e1lisis del posible comportamiento de los mercados, tanto interno como externo, para el sector en el marco de la crisis sanitaria a nivel mundial, donde se establecieron tres escenarios posibles. Dicho an\u00e1lisis se realiz\u00f3 en base a la informaci\u00f3n estad\u00edstica desde\u2026","rel":"","context":"En \u00abActualidad\u00bb","block_context":{"text":"Actualidad","link":"https:\/\/lahoradelcampo.com.uy\/site\/category\/actualidad\/"},"img":{"alt_text":"","src":"https:\/\/i0.wp.com\/lahoradelcampo.com.uy\/site\/wp-content\/uploads\/2020\/08\/Artagaveytia.jpg?fit=880%2C440&ssl=1&resize=350%2C200","width":350,"height":200,"srcset":"https:\/\/i0.wp.com\/lahoradelcampo.com.uy\/site\/wp-content\/uploads\/2020\/08\/Artagaveytia.jpg?fit=880%2C440&ssl=1&resize=350%2C200 1x, https:\/\/i0.wp.com\/lahoradelcampo.com.uy\/site\/wp-content\/uploads\/2020\/08\/Artagaveytia.jpg?fit=880%2C440&ssl=1&resize=525%2C300 1.5x, https:\/\/i0.wp.com\/lahoradelcampo.com.uy\/site\/wp-content\/uploads\/2020\/08\/Artagaveytia.jpg?fit=880%2C440&ssl=1&resize=700%2C400 2x"},"classes":[]},{"id":16142,"url":"https:\/\/lahoradelcampo.com.uy\/site\/el-ime-esta-en-valores-similares-a-los-de-noviembre-de-2016\/","url_meta":{"origin":15752,"position":2},"title":"El IME est\u00e1 en valores similares  a los de noviembre de 2016","author":"La Hora del Campo","date":"29 noviembre, 2019","format":false,"excerpt":"El Indicador de Mercados del Este (IME) en Australia continua ajustando semana a semana a la baja, con un comportamiento algo err\u00e1tico en algunos casos entre ventas dentro de una misma semana. En el caso de este mi\u00e9rcoles y jueves, el mercado se comport\u00f3 bajista, con una demanda presionando en\u2026","rel":"","context":"En \u00abActualidad\u00bb","block_context":{"text":"Actualidad","link":"https:\/\/lahoradelcampo.com.uy\/site\/category\/actualidad\/"},"img":{"alt_text":"","src":"https:\/\/i0.wp.com\/lahoradelcampo.com.uy\/site\/wp-content\/uploads\/2017\/11\/lanas.jpg?fit=880%2C440&ssl=1&resize=350%2C200","width":350,"height":200,"srcset":"https:\/\/i0.wp.com\/lahoradelcampo.com.uy\/site\/wp-content\/uploads\/2017\/11\/lanas.jpg?fit=880%2C440&ssl=1&resize=350%2C200 1x, https:\/\/i0.wp.com\/lahoradelcampo.com.uy\/site\/wp-content\/uploads\/2017\/11\/lanas.jpg?fit=880%2C440&ssl=1&resize=525%2C300 1.5x, https:\/\/i0.wp.com\/lahoradelcampo.com.uy\/site\/wp-content\/uploads\/2017\/11\/lanas.jpg?fit=880%2C440&ssl=1&resize=700%2C400 2x"},"classes":[]},{"id":51802,"url":"https:\/\/lahoradelcampo.com.uy\/site\/la-importancia-del-indice-del-plato-de-comida-en-la-produccion-ganadera\/","url_meta":{"origin":15752,"position":3},"title":"La importancia del \u00cdndice del Plato de Comida en la producci\u00f3n ganadera","author":"La Hora del Campo","date":"12 julio, 2023","format":false,"excerpt":"En el Instituto Plan Agropecuario (IPA) se ha impulsado una herramienta denominada \u00cdndice del Plato de Comida, que permite calcular el porcentaje de disponibilidad de alimento para el ganado en base a la altura del pasto y los requerimientos de las distintas categor\u00edas de vacunos. El Ing. Agr. Emilio Duarte,\u2026","rel":"","context":"En \u00abActualidad\u00bb","block_context":{"text":"Actualidad","link":"https:\/\/lahoradelcampo.com.uy\/site\/category\/actualidad\/"},"img":{"alt_text":"","src":"https:\/\/i0.wp.com\/lahoradelcampo.com.uy\/site\/wp-content\/uploads\/2023\/07\/IPA-Emilioduarte.jpg?fit=880%2C440&ssl=1&resize=350%2C200","width":350,"height":200,"srcset":"https:\/\/i0.wp.com\/lahoradelcampo.com.uy\/site\/wp-content\/uploads\/2023\/07\/IPA-Emilioduarte.jpg?fit=880%2C440&ssl=1&resize=350%2C200 1x, https:\/\/i0.wp.com\/lahoradelcampo.com.uy\/site\/wp-content\/uploads\/2023\/07\/IPA-Emilioduarte.jpg?fit=880%2C440&ssl=1&resize=525%2C300 1.5x, https:\/\/i0.wp.com\/lahoradelcampo.com.uy\/site\/wp-content\/uploads\/2023\/07\/IPA-Emilioduarte.jpg?fit=880%2C440&ssl=1&resize=700%2C400 2x"},"classes":[]},{"id":40161,"url":"https:\/\/lahoradelcampo.com.uy\/site\/a-la-espera-de-china-lanas-medias-continuan-con-un-mercado-deprimido\/","url_meta":{"origin":15752,"position":4},"title":"A la espera de China, lanas medias contin\u00faan con un mercado deprimido","author":"La Hora del Campo","date":"23 marzo, 2022","format":false,"excerpt":"El mercado para las lanas medias y gruesas acumula m\u00e1s de dos zafras en Uruguay, con poca demanda y bajos precios generando altos stocks en mano de los productores. Si bien se han comenzado a ver negocios pr\u00e1cticamente desde el comienzo de este a\u00f1o 2022, los mismos no han sido\u2026","rel":"","context":"En \u00abActualidad\u00bb","block_context":{"text":"Actualidad","link":"https:\/\/lahoradelcampo.com.uy\/site\/category\/actualidad\/"},"img":{"alt_text":"","src":"https:\/\/i0.wp.com\/lahoradelcampo.com.uy\/site\/wp-content\/uploads\/2019\/05\/lanas-interno.jpg?fit=880%2C440&ssl=1&resize=350%2C200","width":350,"height":200,"srcset":"https:\/\/i0.wp.com\/lahoradelcampo.com.uy\/site\/wp-content\/uploads\/2019\/05\/lanas-interno.jpg?fit=880%2C440&ssl=1&resize=350%2C200 1x, https:\/\/i0.wp.com\/lahoradelcampo.com.uy\/site\/wp-content\/uploads\/2019\/05\/lanas-interno.jpg?fit=880%2C440&ssl=1&resize=525%2C300 1.5x, https:\/\/i0.wp.com\/lahoradelcampo.com.uy\/site\/wp-content\/uploads\/2019\/05\/lanas-interno.jpg?fit=880%2C440&ssl=1&resize=700%2C400 2x"},"classes":[]},{"id":18770,"url":"https:\/\/lahoradelcampo.com.uy\/site\/mercado-lanero-australiano-cambio-la-tendencia-y-cerro-al-alza-esta-semana\/","url_meta":{"origin":15752,"position":5},"title":"Mercado lanero australiano cambi\u00f3 la tendencia y cerr\u00f3 al alza esta semana","author":"La Hora del Campo","date":"9 abril, 2020","format":false,"excerpt":"Luego de registrar cuatro remates consecutivos a la baja, que ha llevado al Indicador de Mercados del Este (IME) por debajo de los US$ 8,00, esta semana el mercado lanero australiano cerr\u00f3 en terreno positivo recuperando ocho centavos en la suma de los dos d\u00edas de ventas. Este quiebre en\u2026","rel":"","context":"En \u00abActualidad\u00bb","block_context":{"text":"Actualidad","link":"https:\/\/lahoradelcampo.com.uy\/site\/category\/actualidad\/"},"img":{"alt_text":"","src":"https:\/\/i0.wp.com\/lahoradelcampo.com.uy\/site\/wp-content\/uploads\/2017\/09\/Lanas-a.jpg?fit=880%2C440&ssl=1&resize=350%2C200","width":350,"height":200,"srcset":"https:\/\/i0.wp.com\/lahoradelcampo.com.uy\/site\/wp-content\/uploads\/2017\/09\/Lanas-a.jpg?fit=880%2C440&ssl=1&resize=350%2C200 1x, https:\/\/i0.wp.com\/lahoradelcampo.com.uy\/site\/wp-content\/uploads\/2017\/09\/Lanas-a.jpg?fit=880%2C440&ssl=1&resize=525%2C300 1.5x, https:\/\/i0.wp.com\/lahoradelcampo.com.uy\/site\/wp-content\/uploads\/2017\/09\/Lanas-a.jpg?fit=880%2C440&ssl=1&resize=700%2C400 2x"},"classes":[]}],"jetpack_likes_enabled":true,"_links":{"self":[{"href":"https:\/\/lahoradelcampo.com.uy\/site\/wp-json\/wp\/v2\/posts\/15752","targetHints":{"allow":["GET"]}}],"collection":[{"href":"https:\/\/lahoradelcampo.com.uy\/site\/wp-json\/wp\/v2\/posts"}],"about":[{"href":"https:\/\/lahoradelcampo.com.uy\/site\/wp-json\/wp\/v2\/types\/post"}],"author":[{"embeddable":true,"href":"https:\/\/lahoradelcampo.com.uy\/site\/wp-json\/wp\/v2\/users\/5"}],"replies":[{"embeddable":true,"href":"https:\/\/lahoradelcampo.com.uy\/site\/wp-json\/wp\/v2\/comments?post=15752"}],"version-history":[{"count":1,"href":"https:\/\/lahoradelcampo.com.uy\/site\/wp-json\/wp\/v2\/posts\/15752\/revisions"}],"predecessor-version":[{"id":15754,"href":"https:\/\/lahoradelcampo.com.uy\/site\/wp-json\/wp\/v2\/posts\/15752\/revisions\/15754"}],"wp:featuredmedia":[{"embeddable":true,"href":"https:\/\/lahoradelcampo.com.uy\/site\/wp-json\/wp\/v2\/media\/3833"}],"wp:attachment":[{"href":"https:\/\/lahoradelcampo.com.uy\/site\/wp-json\/wp\/v2\/media?parent=15752"}],"wp:term":[{"taxonomy":"category","embeddable":true,"href":"https:\/\/lahoradelcampo.com.uy\/site\/wp-json\/wp\/v2\/categories?post=15752"},{"taxonomy":"post_tag","embeddable":true,"href":"https:\/\/lahoradelcampo.com.uy\/site\/wp-json\/wp\/v2\/tags?post=15752"}],"curies":[{"name":"wp","href":"https:\/\/api.w.org\/{rel}","templated":true}]}}