{"id":15748,"date":"2019-11-11T18:09:09","date_gmt":"2019-11-11T21:09:09","guid":{"rendered":"http:\/\/lahoradelcampo.com.uy\/site\/?p=15748"},"modified":"2019-11-11T18:09:22","modified_gmt":"2019-11-11T21:09:22","slug":"crece-la-demanda-por-mandarinas-desde-china","status":"publish","type":"post","link":"https:\/\/lahoradelcampo.com.uy\/site\/crece-la-demanda-por-mandarinas-desde-china\/","title":{"rendered":"Crece la demanda por mandarinas desde China"},"content":{"rendered":"\n<figure class=\"wp-block-image\"><img data-recalc-dims=\"1\" loading=\"lazy\" decoding=\"async\" width=\"810\" height=\"405\" data-attachment-id=\"6515\" data-permalink=\"https:\/\/lahoradelcampo.com.uy\/site\/peruanos-compraron-500-hectareas-de-mandarinas-en-salto\/mandarinas\/\" data-orig-file=\"https:\/\/i0.wp.com\/lahoradelcampo.com.uy\/site\/wp-content\/uploads\/2018\/04\/mandarinas.jpg?fit=880%2C440&amp;ssl=1\" data-orig-size=\"880,440\" data-comments-opened=\"1\" data-image-meta=\"{&quot;aperture&quot;:&quot;0&quot;,&quot;credit&quot;:&quot;&quot;,&quot;camera&quot;:&quot;&quot;,&quot;caption&quot;:&quot;&quot;,&quot;created_timestamp&quot;:&quot;0&quot;,&quot;copyright&quot;:&quot;&quot;,&quot;focal_length&quot;:&quot;0&quot;,&quot;iso&quot;:&quot;0&quot;,&quot;shutter_speed&quot;:&quot;0&quot;,&quot;title&quot;:&quot;&quot;,&quot;orientation&quot;:&quot;1&quot;}\" data-image-title=\"mandarinas\" data-image-description=\"\" data-image-caption=\"\" data-large-file=\"https:\/\/i0.wp.com\/lahoradelcampo.com.uy\/site\/wp-content\/uploads\/2018\/04\/mandarinas.jpg?fit=810%2C405&amp;ssl=1\" src=\"https:\/\/i0.wp.com\/lahoradelcampo.com.uy\/site\/wp-content\/uploads\/2018\/04\/mandarinas.jpg?resize=810%2C405\" alt=\"\" class=\"wp-image-6515\" srcset=\"https:\/\/i0.wp.com\/lahoradelcampo.com.uy\/site\/wp-content\/uploads\/2018\/04\/mandarinas.jpg?w=880&amp;ssl=1 880w, https:\/\/i0.wp.com\/lahoradelcampo.com.uy\/site\/wp-content\/uploads\/2018\/04\/mandarinas.jpg?resize=300%2C150&amp;ssl=1 300w, https:\/\/i0.wp.com\/lahoradelcampo.com.uy\/site\/wp-content\/uploads\/2018\/04\/mandarinas.jpg?resize=768%2C384&amp;ssl=1 768w, https:\/\/i0.wp.com\/lahoradelcampo.com.uy\/site\/wp-content\/uploads\/2018\/04\/mandarinas.jpg?resize=820%2C410&amp;ssl=1 820w\" sizes=\"auto, (max-width: 810px) 100vw, 810px\" \/><\/figure>\n\n\n\n<p>Crece en China \u201cla aceptaci\u00f3n de mandarinas uruguayas producidas a partir de la reconversi\u00f3n varietal\u201d que impuls\u00f3 el Plan Estrat\u00e9gico para la citricultura en 2010 y que \u201ctienen un valor diferencial que se paga mejor\u201d, dijo el director de Servicios Agr\u00edcolas (DGSA) del Ministerio de Ganader\u00eda, Agricultura y Pesca (MGAP), Federico Montes.<br><\/p>\n\n\n\n<p>El jerarca inform\u00f3 que se trata de mandarinas de la variedad Afourer, \u201cde muy buen sabor, de buen viaje, de buen pelado y sin semillas\u201d, y record\u00f3 que en China \u201cexiste una cultura muy arraigada de consumo de esta fruta, que se compran de a pocas unidades y son my valoradas por los consumidores chinos\u201d.<br><\/p>\n\n\n\n<p>Cabe acotar que el origen de la fruta c\u00edtrica se dio en el pa\u00eds asi\u00e1tico y que ese mercado se reabri\u00f3 para Uruguay en 2017 mediante la firma de un nuevo protocolo fitosanitario. Ese primer a\u00f1o, Uruguay apost\u00f3 a la colocaci\u00f3n de naranjas Valencia, pero ya en 2019 predominan los env\u00edos de mandarinas.<br><\/p>\n\n\n\n<p>Las exportaciones de fruta c\u00edtrica a China en 2019, al 28 de octubre pasado, totalizaron 224,61 toneladas, seg\u00fan cifras de la DGSA. Ese volumen se compone de 120,26 toneladas de mandarinas Afourer; 74,45 toneladas de mandarinas Nova; y 29,90 toneladas de naranjas de la variedad Navel.<br><\/p>\n","protected":false},"excerpt":{"rendered":"<p>Crece en China \u201cla aceptaci\u00f3n de mandarinas uruguayas producidas a partir de la reconversi\u00f3n varietal\u201d que impuls\u00f3 el Plan Estrat\u00e9gico para la citricultura en 2010 y que \u201ctienen un valor [&hellip;]<\/p>\n","protected":false},"author":5,"featured_media":6515,"comment_status":"open","ping_status":"open","sticky":false,"template":"","format":"standard","meta":{"_price":"","_stock":"","_tribe_ticket_header":"","_tribe_default_ticket_provider":"","_tribe_ticket_capacity":"0","_ticket_start_date":"","_ticket_end_date":"","_tribe_ticket_show_description":"","_tribe_ticket_show_not_going":false,"_tribe_ticket_use_global_stock":"","_tribe_ticket_global_stock_level":"","_global_stock_mode":"","_global_stock_cap":"","_tribe_rsvp_for_event":"","_tribe_ticket_going_count":"","_tribe_ticket_not_going_count":"","_tribe_tickets_list":"[]","_tribe_ticket_has_attendee_info_fields":false,"h5ap_radio_sources":[],"_jetpack_newsletter_access":"","_jetpack_dont_email_post_to_subs":false,"_jetpack_newsletter_tier_id":0,"_jetpack_memberships_contains_paywalled_content":false,"_jetpack_memberships_contains_paid_content":false,"footnotes":""},"categories":[21,9],"tags":[],"class_list":["post-15748","post","type-post","status-publish","format-standard","has-post-thumbnail","hentry","category-actualidad","category-granja"],"jetpack_featured_media_url":"https:\/\/i0.wp.com\/lahoradelcampo.com.uy\/site\/wp-content\/uploads\/2018\/04\/mandarinas.jpg?fit=880%2C440&ssl=1","jetpack_sharing_enabled":true,"jetpack_shortlink":"https:\/\/wp.me\/p99IaT-460","jetpack-related-posts":[{"id":37227,"url":"https:\/\/lahoradelcampo.com.uy\/site\/la-produccion-citricola-2021-crece-un-38-respecto-a-la-zafra-pasada\/","url_meta":{"origin":15748,"position":0},"title":"La producci\u00f3n citr\u00edcola 2021 crece un 38% respecto a la zafra pasada","author":"La Hora del Campo","date":"6 diciembre, 2021","format":false,"excerpt":"La Encuesta Citr\u00edcola \u201cPrimavera 2021\u201d se llev\u00f3 a cabo durante los meses de octubre y noviembre de 2021. El principal objetivo de la encuesta es obtener estimaciones de producci\u00f3n de las cuatro especies de c\u00edtricos m\u00e1s importantes que se producen en el pa\u00eds: naranja, mandarina, lim\u00f3n y pomelo. La producci\u00f3n\u2026","rel":"","context":"En \u00abActualidad\u00bb","block_context":{"text":"Actualidad","link":"https:\/\/lahoradelcampo.com.uy\/site\/category\/actualidad\/"},"img":{"alt_text":"","src":"https:\/\/i0.wp.com\/lahoradelcampo.com.uy\/site\/wp-content\/uploads\/2017\/11\/citrus.jpg?fit=880%2C440&ssl=1&resize=350%2C200","width":350,"height":200,"srcset":"https:\/\/i0.wp.com\/lahoradelcampo.com.uy\/site\/wp-content\/uploads\/2017\/11\/citrus.jpg?fit=880%2C440&ssl=1&resize=350%2C200 1x, https:\/\/i0.wp.com\/lahoradelcampo.com.uy\/site\/wp-content\/uploads\/2017\/11\/citrus.jpg?fit=880%2C440&ssl=1&resize=525%2C300 1.5x, https:\/\/i0.wp.com\/lahoradelcampo.com.uy\/site\/wp-content\/uploads\/2017\/11\/citrus.jpg?fit=880%2C440&ssl=1&resize=700%2C400 2x"},"classes":[]},{"id":56025,"url":"https:\/\/lahoradelcampo.com.uy\/site\/mayor-volumen-de-mandarinas-en-el-mercado-y-baja-general-de-precios\/","url_meta":{"origin":15748,"position":1},"title":"Mayor volumen de mandarinas en el mercado y baja general de precios","author":"La Hora del Campo","date":"28 abril, 2025","format":false,"excerpt":"La oferta de mandarinas se ampli\u00f3 esta semana con el ingreso de mayores vol\u00famenes de la variedad Clementina, que se suma a las partidas ya presentes del grupo Satsuma. Esta ampliaci\u00f3n en la oferta gener\u00f3 un descenso general en los precios, aunque ambas variedades presentan una buena calidad organol\u00e9ptica, en\u2026","rel":"","context":"En \u00abActualidad\u00bb","block_context":{"text":"Actualidad","link":"https:\/\/lahoradelcampo.com.uy\/site\/category\/actualidad\/"},"img":{"alt_text":"","src":"https:\/\/i0.wp.com\/lahoradelcampo.com.uy\/site\/wp-content\/uploads\/2025\/04\/Mandarinas5.jpg?fit=880%2C440&ssl=1&resize=350%2C200","width":350,"height":200,"srcset":"https:\/\/i0.wp.com\/lahoradelcampo.com.uy\/site\/wp-content\/uploads\/2025\/04\/Mandarinas5.jpg?fit=880%2C440&ssl=1&resize=350%2C200 1x, https:\/\/i0.wp.com\/lahoradelcampo.com.uy\/site\/wp-content\/uploads\/2025\/04\/Mandarinas5.jpg?fit=880%2C440&ssl=1&resize=525%2C300 1.5x, https:\/\/i0.wp.com\/lahoradelcampo.com.uy\/site\/wp-content\/uploads\/2025\/04\/Mandarinas5.jpg?fit=880%2C440&ssl=1&resize=700%2C400 2x"},"classes":[]},{"id":56222,"url":"https:\/\/lahoradelcampo.com.uy\/site\/consumidores-prefieren-las-mandarinas-sin-semillas-y-con-mas-sabor\/","url_meta":{"origin":15748,"position":2},"title":"Consumidores prefieren las mandarinas sin semillas y con m\u00e1s sabor","author":"La Hora del Campo","date":"1 julio, 2025","format":false,"excerpt":"Con una mirada estrat\u00e9gica de largo plazo, la empresa internacional Genesys Fresh, parte del grupo AM Fresh, consolida su alianza con el Instituto Nacional de Investigaci\u00f3n Agropecuaria (INIA) en Uruguay para el desarrollo de nuevas variedades de c\u00edtricos. En su reciente visita al pa\u00eds, el director de Genesys Fresh, David\u2026","rel":"","context":"En \u00abActualidad\u00bb","block_context":{"text":"Actualidad","link":"https:\/\/lahoradelcampo.com.uy\/site\/category\/actualidad\/"},"img":{"alt_text":"","src":"https:\/\/i0.wp.com\/lahoradelcampo.com.uy\/site\/wp-content\/uploads\/2025\/06\/davidAlbal.jpg?fit=880%2C440&ssl=1&resize=350%2C200","width":350,"height":200,"srcset":"https:\/\/i0.wp.com\/lahoradelcampo.com.uy\/site\/wp-content\/uploads\/2025\/06\/davidAlbal.jpg?fit=880%2C440&ssl=1&resize=350%2C200 1x, https:\/\/i0.wp.com\/lahoradelcampo.com.uy\/site\/wp-content\/uploads\/2025\/06\/davidAlbal.jpg?fit=880%2C440&ssl=1&resize=525%2C300 1.5x, https:\/\/i0.wp.com\/lahoradelcampo.com.uy\/site\/wp-content\/uploads\/2025\/06\/davidAlbal.jpg?fit=880%2C440&ssl=1&resize=700%2C400 2x"},"classes":[]},{"id":54068,"url":"https:\/\/lahoradelcampo.com.uy\/site\/oferta-de-citricos-continua-siendo-abundante-pero-las-heladas-afectaron-la-produccion\/","url_meta":{"origin":15748,"position":3},"title":"Oferta de c\u00edtricos contin\u00faa siendo abundante pero las heladas afectaron la producci\u00f3n","author":"La Hora del Campo","date":"27 julio, 2024","format":false,"excerpt":"Las frutas c\u00edtricas encabezan la lista de consumo inteligente de la Unidad Agroalimentaria Metropolitana (UAM) debido a que son frutas de estaci\u00f3n y adem\u00e1s presentan un valor accesible, para que los consumidores puedan consumirlas. Pero esta situaci\u00f3n puede cambiar en el corto plazo, debido a que la secuencia de heladas\u2026","rel":"","context":"En \u00abActualidad\u00bb","block_context":{"text":"Actualidad","link":"https:\/\/lahoradelcampo.com.uy\/site\/category\/actualidad\/"},"img":{"alt_text":"","src":"https:\/\/i0.wp.com\/lahoradelcampo.com.uy\/site\/wp-content\/uploads\/2024\/07\/UAM-naranjas.jpg?fit=880%2C440&ssl=1&resize=350%2C200","width":350,"height":200,"srcset":"https:\/\/i0.wp.com\/lahoradelcampo.com.uy\/site\/wp-content\/uploads\/2024\/07\/UAM-naranjas.jpg?fit=880%2C440&ssl=1&resize=350%2C200 1x, https:\/\/i0.wp.com\/lahoradelcampo.com.uy\/site\/wp-content\/uploads\/2024\/07\/UAM-naranjas.jpg?fit=880%2C440&ssl=1&resize=525%2C300 1.5x, https:\/\/i0.wp.com\/lahoradelcampo.com.uy\/site\/wp-content\/uploads\/2024\/07\/UAM-naranjas.jpg?fit=880%2C440&ssl=1&resize=700%2C400 2x"},"classes":[]},{"id":6511,"url":"https:\/\/lahoradelcampo.com.uy\/site\/peruanos-compraron-500-hectareas-de-mandarinas-en-salto\/","url_meta":{"origin":15748,"position":4},"title":"Peruanos compraron 500 hect\u00e1reas de mandarinas en Salto","author":"La Hora del Campo","date":"18 abril, 2018","format":false,"excerpt":"La empresa peruana Camposol adquiri\u00f3 500 hect\u00e1reas destinadas a la producci\u00f3n de mandarinas en Salto, que pertenec\u00edan a Citr\u00edcola Salte\u00f1a S.A., seg\u00fan el comunicado oficial emitido por parte de la firma extranjera. De acuerdo con la informaci\u00f3n proporcionada, la inversi\u00f3n incluye adem\u00e1s 500 hect\u00e1reas que seran destinadas al desarroll\u00f3 de\u2026","rel":"","context":"En \u00abActualidad\u00bb","block_context":{"text":"Actualidad","link":"https:\/\/lahoradelcampo.com.uy\/site\/category\/actualidad\/"},"img":{"alt_text":"","src":"https:\/\/i0.wp.com\/lahoradelcampo.com.uy\/site\/wp-content\/uploads\/2018\/04\/mandarinas.jpg?fit=880%2C440&ssl=1&resize=350%2C200","width":350,"height":200,"srcset":"https:\/\/i0.wp.com\/lahoradelcampo.com.uy\/site\/wp-content\/uploads\/2018\/04\/mandarinas.jpg?fit=880%2C440&ssl=1&resize=350%2C200 1x, https:\/\/i0.wp.com\/lahoradelcampo.com.uy\/site\/wp-content\/uploads\/2018\/04\/mandarinas.jpg?fit=880%2C440&ssl=1&resize=525%2C300 1.5x, https:\/\/i0.wp.com\/lahoradelcampo.com.uy\/site\/wp-content\/uploads\/2018\/04\/mandarinas.jpg?fit=880%2C440&ssl=1&resize=700%2C400 2x"},"classes":[]},{"id":49658,"url":"https:\/\/lahoradelcampo.com.uy\/site\/uam-la-oferta-de-mandarinas-aumenta\/","url_meta":{"origin":15748,"position":5},"title":"UAM: la oferta de mandarinas aumenta","author":"La Hora del Campo","date":"3 abril, 2023","format":false,"excerpt":"La Unidad Agroalimentaria Metropolitana (UAM) reporta un aumento en la oferta de mandarinas en la \u00faltima semana, lo que ha afectado sus cotizaciones y su capacidad de colocaci\u00f3n. Oferta En la \u00faltima semana, la cantidad de mandarinas ingresadas a la UAM aument\u00f3 en un 27% en comparaci\u00f3n con la semana\u2026","rel":"","context":"En \u00abActualidad\u00bb","block_context":{"text":"Actualidad","link":"https:\/\/lahoradelcampo.com.uy\/site\/category\/actualidad\/"},"img":{"alt_text":"","src":"https:\/\/i0.wp.com\/lahoradelcampo.com.uy\/site\/wp-content\/uploads\/2017\/09\/Mandarina.jpg?fit=880%2C440&ssl=1&resize=350%2C200","width":350,"height":200,"srcset":"https:\/\/i0.wp.com\/lahoradelcampo.com.uy\/site\/wp-content\/uploads\/2017\/09\/Mandarina.jpg?fit=880%2C440&ssl=1&resize=350%2C200 1x, https:\/\/i0.wp.com\/lahoradelcampo.com.uy\/site\/wp-content\/uploads\/2017\/09\/Mandarina.jpg?fit=880%2C440&ssl=1&resize=525%2C300 1.5x, https:\/\/i0.wp.com\/lahoradelcampo.com.uy\/site\/wp-content\/uploads\/2017\/09\/Mandarina.jpg?fit=880%2C440&ssl=1&resize=700%2C400 2x"},"classes":[]}],"jetpack_likes_enabled":true,"_links":{"self":[{"href":"https:\/\/lahoradelcampo.com.uy\/site\/wp-json\/wp\/v2\/posts\/15748","targetHints":{"allow":["GET"]}}],"collection":[{"href":"https:\/\/lahoradelcampo.com.uy\/site\/wp-json\/wp\/v2\/posts"}],"about":[{"href":"https:\/\/lahoradelcampo.com.uy\/site\/wp-json\/wp\/v2\/types\/post"}],"author":[{"embeddable":true,"href":"https:\/\/lahoradelcampo.com.uy\/site\/wp-json\/wp\/v2\/users\/5"}],"replies":[{"embeddable":true,"href":"https:\/\/lahoradelcampo.com.uy\/site\/wp-json\/wp\/v2\/comments?post=15748"}],"version-history":[{"count":1,"href":"https:\/\/lahoradelcampo.com.uy\/site\/wp-json\/wp\/v2\/posts\/15748\/revisions"}],"predecessor-version":[{"id":15750,"href":"https:\/\/lahoradelcampo.com.uy\/site\/wp-json\/wp\/v2\/posts\/15748\/revisions\/15750"}],"wp:featuredmedia":[{"embeddable":true,"href":"https:\/\/lahoradelcampo.com.uy\/site\/wp-json\/wp\/v2\/media\/6515"}],"wp:attachment":[{"href":"https:\/\/lahoradelcampo.com.uy\/site\/wp-json\/wp\/v2\/media?parent=15748"}],"wp:term":[{"taxonomy":"category","embeddable":true,"href":"https:\/\/lahoradelcampo.com.uy\/site\/wp-json\/wp\/v2\/categories?post=15748"},{"taxonomy":"post_tag","embeddable":true,"href":"https:\/\/lahoradelcampo.com.uy\/site\/wp-json\/wp\/v2\/tags?post=15748"}],"curies":[{"name":"wp","href":"https:\/\/api.w.org\/{rel}","templated":true}]}}